{"id":9691,"date":"2016-10-07T20:37:01","date_gmt":"2016-10-07T18:37:01","guid":{"rendered":"http:\/\/felix.ares.fm\/?p=9691"},"modified":"2016-10-07T20:40:45","modified_gmt":"2016-10-07T18:40:45","slug":"chiringuito-ibanez-fuengirola","status":"publish","type":"post","link":"https:\/\/felix.ares.fm\/?p=9691","title":{"rendered":"Chiringuito Ib\u00e1\u00f1ez (Fuengirola)"},"content":{"rendered":"<h6>S\u00e1bado 16 de julio de 2016<\/h6>\n<p>Tras unas semanas en las que no hemos podido actualizar el blog pues est\u00e1bamos en el Pa\u00eds Vasco, continuamos con nuestra exploraci\u00f3n de lugares para tomar unas tapas que nos gustan. Hoy nos toca habar de un chiringuito de playa donde hay buenas raciones y buena atenci\u00f3n, con un precio que nosotros consideramos razonable.<\/p>\n<h6>CHIRINGUITO IB\u00c1\u00d1EZ<\/h6>\n<p>Se trata de un local, con una gran terraza, en la playa de Los Boliches, en Fuengirola. M\u00e1s abajo daremos la ubicaci\u00f3n exacta. Como todos los autollamados \u00abchiringuitos\u00bb tiene una gran terraza muy pr\u00f3xima al mar, sombrillas, etc.<\/p>\n<p>&nbsp;<\/p>\n<figure id=\"attachment_9695\" aria-describedby=\"caption-attachment-9695\" style=\"width: 640px\" class=\"wp-caption aligncenter\"><a href=\"http:\/\/felix.ares.fm\/?attachment_id=9695\" rel=\"attachment wp-att-9695\"><img loading=\"lazy\" decoding=\"async\" class=\"size-full wp-image-9695\" src=\"http:\/\/felix.ares.fm\/wp-content\/uploads\/2016\/10\/IMG_8516.jpg\" alt=\"Restaurante Ib\u00e1\u00f1ez\" width=\"640\" height=\"480\" srcset=\"https:\/\/felix.ares.fm\/wp-content\/uploads\/2016\/10\/IMG_8516.jpg 640w, https:\/\/felix.ares.fm\/wp-content\/uploads\/2016\/10\/IMG_8516-300x225.jpg 300w\" sizes=\"auto, (max-width: 640px) 100vw, 640px\" \/><\/a><figcaption id=\"caption-attachment-9695\" class=\"wp-caption-text\">Restaurante Ib\u00e1\u00f1ez.<\/figcaption><\/figure>\n<figure id=\"attachment_9694\" aria-describedby=\"caption-attachment-9694\" style=\"width: 640px\" class=\"wp-caption aligncenter\"><a href=\"http:\/\/felix.ares.fm\/?attachment_id=9694\" rel=\"attachment wp-att-9694\"><img loading=\"lazy\" decoding=\"async\" class=\"size-full wp-image-9694\" src=\"http:\/\/felix.ares.fm\/wp-content\/uploads\/2016\/10\/IMG_8517_sc.jpg\" alt=\"Chiringuito Ib\u00e1\u00f1ez en la playa de Los Boliches. \" width=\"640\" height=\"480\" srcset=\"https:\/\/felix.ares.fm\/wp-content\/uploads\/2016\/10\/IMG_8517_sc.jpg 640w, https:\/\/felix.ares.fm\/wp-content\/uploads\/2016\/10\/IMG_8517_sc-300x225.jpg 300w\" sizes=\"auto, (max-width: 640px) 100vw, 640px\" \/><\/a><figcaption id=\"caption-attachment-9694\" class=\"wp-caption-text\">Chiringuito Ib\u00e1\u00f1ez en la playa de Los Boliches. Observen la Luna.<\/figcaption><\/figure>\n<figure id=\"attachment_9696\" aria-describedby=\"caption-attachment-9696\" style=\"width: 640px\" class=\"wp-caption aligncenter\"><a href=\"http:\/\/felix.ares.fm\/?attachment_id=9696\" rel=\"attachment wp-att-9696\"><img loading=\"lazy\" decoding=\"async\" class=\"size-full wp-image-9696\" src=\"http:\/\/felix.ares.fm\/wp-content\/uploads\/2016\/10\/IMG_8518.jpg\" alt=\"El interior del establecimiento. F\u00edjense en el anuncio de la izquierda: unos espetos de sardinas que tienen una pinta estupenda. \" width=\"640\" height=\"480\" srcset=\"https:\/\/felix.ares.fm\/wp-content\/uploads\/2016\/10\/IMG_8518.jpg 640w, https:\/\/felix.ares.fm\/wp-content\/uploads\/2016\/10\/IMG_8518-300x225.jpg 300w\" sizes=\"auto, (max-width: 640px) 100vw, 640px\" \/><\/a><figcaption id=\"caption-attachment-9696\" class=\"wp-caption-text\">El interior del establecimiento. F\u00edjense en el anuncio de la izquierda: unos espetos de sardinas que tienen una pinta estupenda.<\/figcaption><\/figure>\n<figure id=\"attachment_9698\" aria-describedby=\"caption-attachment-9698\" style=\"width: 640px\" class=\"wp-caption aligncenter\"><a href=\"http:\/\/felix.ares.fm\/?attachment_id=9698\" rel=\"attachment wp-att-9698\"><img loading=\"lazy\" decoding=\"async\" class=\"size-full wp-image-9698\" src=\"http:\/\/felix.ares.fm\/wp-content\/uploads\/2016\/10\/IMG_8522_sc.jpg\" alt=\"Pedimos las bebidas. \" width=\"640\" height=\"480\" srcset=\"https:\/\/felix.ares.fm\/wp-content\/uploads\/2016\/10\/IMG_8522_sc.jpg 640w, https:\/\/felix.ares.fm\/wp-content\/uploads\/2016\/10\/IMG_8522_sc-300x225.jpg 300w\" sizes=\"auto, (max-width: 640px) 100vw, 640px\" \/><\/a><figcaption id=\"caption-attachment-9698\" class=\"wp-caption-text\">Pedimos las bebidas.<\/figcaption><\/figure>\n<p>Como pueden ver pedimos una pinta de cerveza, un refresco\u00a0de te\u00a0y una botella de vino. Decir si es barato o caro es muy subjetivo. Nosotros se\u00f1alamos simplemente que la pinta de cerveza nos cost\u00f3 3\u20ac; la bebida de t\u00e9 1,90\u20ac y la botella de vino tinto Altarius 12\u20ac. Hablemos un poco m\u00e1s del vino. El precio de los vinos es tan enormemente variable que, en principio, no sabemos si 12\u20ac est\u00e1 bien o mal. Ve\u00e1moslo m\u00e1s de cerca:<\/p>\n<figure id=\"attachment_9699\" aria-describedby=\"caption-attachment-9699\" style=\"width: 640px\" class=\"wp-caption aligncenter\"><a href=\"http:\/\/felix.ares.fm\/?attachment_id=9699\" rel=\"attachment wp-att-9699\"><img loading=\"lazy\" decoding=\"async\" class=\"size-full wp-image-9699\" src=\"http:\/\/felix.ares.fm\/wp-content\/uploads\/2016\/10\/IMG_8523.jpg\" alt=\"Altarius. Rioja. Crianza de 2010.\" width=\"640\" height=\"480\" srcset=\"https:\/\/felix.ares.fm\/wp-content\/uploads\/2016\/10\/IMG_8523.jpg 640w, https:\/\/felix.ares.fm\/wp-content\/uploads\/2016\/10\/IMG_8523-300x225.jpg 300w\" sizes=\"auto, (max-width: 640px) 100vw, 640px\" \/><\/a><figcaption id=\"caption-attachment-9699\" class=\"wp-caption-text\">Altarius. Rioja. Crianza de 2010.<\/figcaption><\/figure>\n<figure id=\"attachment_9701\" aria-describedby=\"caption-attachment-9701\" style=\"width: 609px\" class=\"wp-caption aligncenter\"><a href=\"http:\/\/felix.ares.fm\/?attachment_id=9701\" rel=\"attachment wp-att-9701\"><img loading=\"lazy\" decoding=\"async\" class=\"size-full wp-image-9701\" src=\"http:\/\/felix.ares.fm\/wp-content\/uploads\/2016\/10\/IMG_8524_rrr.jpg\" alt=\"Altarius. Rioja. Tempranillo. Crianza.\" width=\"609\" height=\"455\" srcset=\"https:\/\/felix.ares.fm\/wp-content\/uploads\/2016\/10\/IMG_8524_rrr.jpg 609w, https:\/\/felix.ares.fm\/wp-content\/uploads\/2016\/10\/IMG_8524_rrr-300x224.jpg 300w\" sizes=\"auto, (max-width: 609px) 100vw, 609px\" \/><\/a><figcaption id=\"caption-attachment-9701\" class=\"wp-caption-text\">Altarius. Rioja. Tempranillo. Crianza.<\/figcaption><\/figure>\n<p>Para comer pedimos un espeto de sardinas, 5,50\u20ac; un caz\u00f3n en adobo, 7,85\u20ac yv unas almejas al ajillo 8,90\u20ac.<\/p>\n<figure id=\"attachment_9703\" aria-describedby=\"caption-attachment-9703\" style=\"width: 640px\" class=\"wp-caption aligncenter\"><a href=\"http:\/\/felix.ares.fm\/?attachment_id=9703\" rel=\"attachment wp-att-9703\"><img loading=\"lazy\" decoding=\"async\" class=\"size-full wp-image-9703\" src=\"http:\/\/felix.ares.fm\/wp-content\/uploads\/2016\/10\/IMG_8527.jpg\" alt=\"Almejas al ajillo.\" width=\"640\" height=\"480\" srcset=\"https:\/\/felix.ares.fm\/wp-content\/uploads\/2016\/10\/IMG_8527.jpg 640w, https:\/\/felix.ares.fm\/wp-content\/uploads\/2016\/10\/IMG_8527-300x225.jpg 300w\" sizes=\"auto, (max-width: 640px) 100vw, 640px\" \/><\/a><figcaption id=\"caption-attachment-9703\" class=\"wp-caption-text\">Almejas al ajillo.<\/figcaption><\/figure>\n<figure id=\"attachment_9704\" aria-describedby=\"caption-attachment-9704\" style=\"width: 640px\" class=\"wp-caption aligncenter\"><a href=\"http:\/\/felix.ares.fm\/?attachment_id=9704\" rel=\"attachment wp-att-9704\"><img loading=\"lazy\" decoding=\"async\" class=\"size-full wp-image-9704\" src=\"http:\/\/felix.ares.fm\/wp-content\/uploads\/2016\/10\/IMG_8529.jpg\" alt=\"Caz\u00f3n en adobo.\" width=\"640\" height=\"480\" srcset=\"https:\/\/felix.ares.fm\/wp-content\/uploads\/2016\/10\/IMG_8529.jpg 640w, https:\/\/felix.ares.fm\/wp-content\/uploads\/2016\/10\/IMG_8529-300x225.jpg 300w\" sizes=\"auto, (max-width: 640px) 100vw, 640px\" \/><\/a><figcaption id=\"caption-attachment-9704\" class=\"wp-caption-text\">Caz\u00f3n en adobo.<\/figcaption><\/figure>\n<h6>FESTIVIDAD DEL CARMEN<\/h6>\n<p>Hoy es un d\u00eda muy especial en el barrio de Los Boliches. Se celebra la festividad del Carmen. Hay muchos actos interesantes. Estando en el chiringuito Ib\u00e1\u00f1ez, tuvimos la oportunidad de poder ver los estupendos fuegos artificiales.<\/p>\n<p>Era de noche y la Luna a pocos d\u00edas de estar completamente llena se dejaba ver entre las palmeras.<\/p>\n<figure id=\"attachment_9705\" aria-describedby=\"caption-attachment-9705\" style=\"width: 640px\" class=\"wp-caption aligncenter\"><a href=\"http:\/\/felix.ares.fm\/?attachment_id=9705\" rel=\"attachment wp-att-9705\"><img loading=\"lazy\" decoding=\"async\" class=\"size-full wp-image-9705\" src=\"http:\/\/felix.ares.fm\/wp-content\/uploads\/2016\/10\/IMG_8525.jpg\" alt=\"La luna entre las palmeras. \" width=\"640\" height=\"480\" srcset=\"https:\/\/felix.ares.fm\/wp-content\/uploads\/2016\/10\/IMG_8525.jpg 640w, https:\/\/felix.ares.fm\/wp-content\/uploads\/2016\/10\/IMG_8525-300x225.jpg 300w\" sizes=\"auto, (max-width: 640px) 100vw, 640px\" \/><\/a><figcaption id=\"caption-attachment-9705\" class=\"wp-caption-text\">La luna entre las palmeras.<\/figcaption><\/figure>\n<p>Aproximadamente a las once de la noche comienzan los fuegos artificiales. Los cohetes suben hacia lo alto y explosionan en una palmera de luz.<\/p>\n<p><a href=\"http:\/\/felix.ares.fm\/?attachment_id=9706\" rel=\"attachment wp-att-9706\"><img loading=\"lazy\" decoding=\"async\" class=\"aligncenter size-full wp-image-9706\" src=\"http:\/\/felix.ares.fm\/wp-content\/uploads\/2016\/10\/IMG_8535_texto.jpg\" alt=\"IMG_8535_texto\" width=\"640\" height=\"480\" srcset=\"https:\/\/felix.ares.fm\/wp-content\/uploads\/2016\/10\/IMG_8535_texto.jpg 640w, https:\/\/felix.ares.fm\/wp-content\/uploads\/2016\/10\/IMG_8535_texto-300x225.jpg 300w\" sizes=\"auto, (max-width: 640px) 100vw, 640px\" \/><\/a><\/p>\n<p><a href=\"http:\/\/felix.ares.fm\/?attachment_id=9707\" rel=\"attachment wp-att-9707\"><img loading=\"lazy\" decoding=\"async\" class=\"aligncenter size-full wp-image-9707\" src=\"http:\/\/felix.ares.fm\/wp-content\/uploads\/2016\/10\/dream_3eda15f335.jpg\" alt=\"dream_3eda15f335\" width=\"640\" height=\"480\" srcset=\"https:\/\/felix.ares.fm\/wp-content\/uploads\/2016\/10\/dream_3eda15f335.jpg 640w, https:\/\/felix.ares.fm\/wp-content\/uploads\/2016\/10\/dream_3eda15f335-300x225.jpg 300w\" sizes=\"auto, (max-width: 640px) 100vw, 640px\" \/><\/a><\/p>\n<figure id=\"attachment_9708\" aria-describedby=\"caption-attachment-9708\" style=\"width: 640px\" class=\"wp-caption aligncenter\"><a href=\"http:\/\/felix.ares.fm\/?attachment_id=9708\" rel=\"attachment wp-att-9708\"><img loading=\"lazy\" decoding=\"async\" class=\"size-full wp-image-9708\" src=\"http:\/\/felix.ares.fm\/wp-content\/uploads\/2016\/10\/IMG_8544.jpg\" alt=\"Estallidos de luz.\" width=\"640\" height=\"480\" srcset=\"https:\/\/felix.ares.fm\/wp-content\/uploads\/2016\/10\/IMG_8544.jpg 640w, https:\/\/felix.ares.fm\/wp-content\/uploads\/2016\/10\/IMG_8544-300x225.jpg 300w\" sizes=\"auto, (max-width: 640px) 100vw, 640px\" \/><\/a><figcaption id=\"caption-attachment-9708\" class=\"wp-caption-text\">Estallidos de luz.<\/figcaption><\/figure>\n<p><a href=\"http:\/\/felix.ares.fm\/?attachment_id=9709\" rel=\"attachment wp-att-9709\"><img loading=\"lazy\" decoding=\"async\" class=\"aligncenter size-full wp-image-9709\" src=\"http:\/\/felix.ares.fm\/wp-content\/uploads\/2016\/10\/IMG_8546.jpg\" alt=\"IMG_8546\" width=\"640\" height=\"480\" srcset=\"https:\/\/felix.ares.fm\/wp-content\/uploads\/2016\/10\/IMG_8546.jpg 640w, https:\/\/felix.ares.fm\/wp-content\/uploads\/2016\/10\/IMG_8546-300x225.jpg 300w\" sizes=\"auto, (max-width: 640px) 100vw, 640px\" \/><\/a><\/p>\n<p>Los trazos de luz suben hacia la noche como los espermatozoides buscando el \u00f3vulo.<\/p>\n<p><a href=\"http:\/\/felix.ares.fm\/?attachment_id=9710\" rel=\"attachment wp-att-9710\"><img loading=\"lazy\" decoding=\"async\" class=\"aligncenter size-full wp-image-9710\" src=\"http:\/\/felix.ares.fm\/wp-content\/uploads\/2016\/10\/IMG_8550-sin_postes.jpg\" alt=\"IMG_8550-sin_postes\" width=\"640\" height=\"480\" srcset=\"https:\/\/felix.ares.fm\/wp-content\/uploads\/2016\/10\/IMG_8550-sin_postes.jpg 640w, https:\/\/felix.ares.fm\/wp-content\/uploads\/2016\/10\/IMG_8550-sin_postes-300x225.jpg 300w\" sizes=\"auto, (max-width: 640px) 100vw, 640px\" \/><\/a><\/p>\n<p><a href=\"http:\/\/felix.ares.fm\/?attachment_id=9711\" rel=\"attachment wp-att-9711\"><img loading=\"lazy\" decoding=\"async\" class=\"aligncenter size-full wp-image-9711\" src=\"http:\/\/felix.ares.fm\/wp-content\/uploads\/2016\/10\/IMG_8554_sin_poste.jpg\" alt=\"IMG_8554_sin_poste\" width=\"640\" height=\"480\" srcset=\"https:\/\/felix.ares.fm\/wp-content\/uploads\/2016\/10\/IMG_8554_sin_poste.jpg 640w, https:\/\/felix.ares.fm\/wp-content\/uploads\/2016\/10\/IMG_8554_sin_poste-300x225.jpg 300w\" sizes=\"auto, (max-width: 640px) 100vw, 640px\" \/><\/a><\/p>\n<p><a href=\"http:\/\/felix.ares.fm\/?attachment_id=9712\" rel=\"attachment wp-att-9712\"><img loading=\"lazy\" decoding=\"async\" class=\"aligncenter size-full wp-image-9712\" src=\"http:\/\/felix.ares.fm\/wp-content\/uploads\/2016\/10\/IMG_8555.jpg\" alt=\"IMG_8555\" width=\"640\" height=\"480\" srcset=\"https:\/\/felix.ares.fm\/wp-content\/uploads\/2016\/10\/IMG_8555.jpg 640w, https:\/\/felix.ares.fm\/wp-content\/uploads\/2016\/10\/IMG_8555-300x225.jpg 300w\" sizes=\"auto, (max-width: 640px) 100vw, 640px\" \/><\/a><\/p>\n<figure id=\"attachment_9713\" aria-describedby=\"caption-attachment-9713\" style=\"width: 640px\" class=\"wp-caption aligncenter\"><a href=\"http:\/\/felix.ares.fm\/?attachment_id=9713\" rel=\"attachment wp-att-9713\"><img loading=\"lazy\" decoding=\"async\" class=\"size-full wp-image-9713\" src=\"http:\/\/felix.ares.fm\/wp-content\/uploads\/2016\/10\/IMG_8561.jpg\" alt=\"Palmeras de luz.\" width=\"640\" height=\"480\" srcset=\"https:\/\/felix.ares.fm\/wp-content\/uploads\/2016\/10\/IMG_8561.jpg 640w, https:\/\/felix.ares.fm\/wp-content\/uploads\/2016\/10\/IMG_8561-300x225.jpg 300w\" sizes=\"auto, (max-width: 640px) 100vw, 640px\" \/><\/a><figcaption id=\"caption-attachment-9713\" class=\"wp-caption-text\">Palmeras de luz.<\/figcaption><\/figure>\n<p><a href=\"http:\/\/felix.ares.fm\/?attachment_id=9714\" rel=\"attachment wp-att-9714\"><img loading=\"lazy\" decoding=\"async\" class=\"aligncenter size-full wp-image-9714\" src=\"http:\/\/felix.ares.fm\/wp-content\/uploads\/2016\/10\/IMG_8564.jpg\" alt=\"IMG_8564\" width=\"640\" height=\"480\" srcset=\"https:\/\/felix.ares.fm\/wp-content\/uploads\/2016\/10\/IMG_8564.jpg 640w, https:\/\/felix.ares.fm\/wp-content\/uploads\/2016\/10\/IMG_8564-300x225.jpg 300w\" sizes=\"auto, (max-width: 640px) 100vw, 640px\" \/><\/a><\/p>\n<figure id=\"attachment_9715\" aria-describedby=\"caption-attachment-9715\" style=\"width: 640px\" class=\"wp-caption aligncenter\"><a href=\"http:\/\/felix.ares.fm\/?attachment_id=9715\" rel=\"attachment wp-att-9715\"><img loading=\"lazy\" decoding=\"async\" class=\"size-full wp-image-9715\" src=\"http:\/\/felix.ares.fm\/wp-content\/uploads\/2016\/10\/IMG_8569.jpg\" alt=\"\u00bfUn diente de le\u00f3n?\" width=\"640\" height=\"480\" srcset=\"https:\/\/felix.ares.fm\/wp-content\/uploads\/2016\/10\/IMG_8569.jpg 640w, https:\/\/felix.ares.fm\/wp-content\/uploads\/2016\/10\/IMG_8569-300x225.jpg 300w\" sizes=\"auto, (max-width: 640px) 100vw, 640px\" \/><\/a><figcaption id=\"caption-attachment-9715\" class=\"wp-caption-text\">\u00bfUn diente de le\u00f3n?<\/figcaption><\/figure>\n<h5>Simplemente luces:<\/h5>\n<p><a href=\"http:\/\/felix.ares.fm\/?attachment_id=9716\" rel=\"attachment wp-att-9716\"><img loading=\"lazy\" decoding=\"async\" class=\"aligncenter size-full wp-image-9716\" src=\"http:\/\/felix.ares.fm\/wp-content\/uploads\/2016\/10\/IMG_8576.jpg\" alt=\"IMG_8576\" width=\"640\" height=\"480\" srcset=\"https:\/\/felix.ares.fm\/wp-content\/uploads\/2016\/10\/IMG_8576.jpg 640w, https:\/\/felix.ares.fm\/wp-content\/uploads\/2016\/10\/IMG_8576-300x225.jpg 300w\" sizes=\"auto, (max-width: 640px) 100vw, 640px\" \/><\/a> <a href=\"http:\/\/felix.ares.fm\/?attachment_id=9717\" rel=\"attachment wp-att-9717\"><img loading=\"lazy\" decoding=\"async\" class=\"aligncenter size-full wp-image-9717\" src=\"http:\/\/felix.ares.fm\/wp-content\/uploads\/2016\/10\/IMG_8578.jpg\" alt=\"IMG_8578\" width=\"640\" height=\"480\" srcset=\"https:\/\/felix.ares.fm\/wp-content\/uploads\/2016\/10\/IMG_8578.jpg 640w, https:\/\/felix.ares.fm\/wp-content\/uploads\/2016\/10\/IMG_8578-300x225.jpg 300w\" sizes=\"auto, (max-width: 640px) 100vw, 640px\" \/><\/a> <a href=\"http:\/\/felix.ares.fm\/?attachment_id=9718\" rel=\"attachment wp-att-9718\"><img loading=\"lazy\" decoding=\"async\" class=\"aligncenter size-full wp-image-9718\" src=\"http:\/\/felix.ares.fm\/wp-content\/uploads\/2016\/10\/IMG_8579.jpg\" alt=\"IMG_8579\" width=\"640\" height=\"480\" srcset=\"https:\/\/felix.ares.fm\/wp-content\/uploads\/2016\/10\/IMG_8579.jpg 640w, https:\/\/felix.ares.fm\/wp-content\/uploads\/2016\/10\/IMG_8579-300x225.jpg 300w\" sizes=\"auto, (max-width: 640px) 100vw, 640px\" \/><\/a><\/p>\n<h6>UBICACI\u00d3N<\/h6>\n<p>Como han podido ver por las fotos est\u00e1 en un lugar muy bueno para ver los fuegos artificiales del d\u00eda del Carmen.<\/p>\n<p>Playa de Los Boliches<\/p>\n<p>Paseo Mar\u00edtimo Rey de Espa\u00f1a 89<\/p>\n<p>Tel\u00e9fono para reservas: 952 592 682<\/p>\n<h6>WIFI<\/h6>\n<p>Lamentablemente el local <strong>no dispone de Wifi gratuito<\/strong> para los clientes.<\/p>\n<h6>ATENCI\u00d3N<\/h6>\n<p>Era un d\u00eda dif\u00edcil. Mucha gente debido a las fiestas y a los fuegos. No obstante, en todo momento fuimos bien atendidos y en un plazo de tiempo bueno. Siempre profesionalidad y buen trato.<\/p>\n<p style=\"text-align: center;\">+*+<\/p>\n<div class=\"inline\">\n<p><strong>Nota fotos y texto<\/strong>. Salvo las fotos que tienen un agradecimiento espec\u00edfico, como por ejemplo Wikipedia, son nuestras y las licenciamos con<\/p>\n<p><a href=\"http:\/\/creativecommons.org\/licenses\/by\/3.0\/deed.es_ES\" rel=\"license\"><img decoding=\"async\" src=\"http:\/\/i.creativecommons.org\/l\/by\/3.0\/88x31.png\" alt=\"Licencia de Creative Commons\" \/><\/a><br \/>\n<a href=\"viajes.ares.fm\" rel=\"cc:attributionURL\">F\u00e9lix Ares y Maricarmen Garmendia<\/a>\u00a0is licensed under a\u00a0<a href=\"http:\/\/creativecommons.org\/licenses\/by\/3.0\/deed.es_ES\" rel=\"license\">Creative Commons Reconocimiento 3.0 Unported License<\/a>.<br \/>\nCreado a partir de la obra en\u00a0<a href=\"viajes.ares.fm\" rel=\"dct:source\">felix.ares.fm<\/a>.<\/p>\n<p>Contacto con nosotros; el motivo de que no sea una imagen clara es para evitar que los robots la descubran y nos inunden el buz\u00f3n de basura.<\/p>\n<p><a href=\"http:\/\/felix.ares.fm\/?attachment_id=7476\" rel=\"attachment wp-att-7476\"><img loading=\"lazy\" decoding=\"async\" class=\"aligncenter size-full wp-image-7476\" src=\"http:\/\/felix.ares.fm\/wp-content\/uploads\/2016\/02\/tapas.ares_.fm_.2.jpg\" alt=\"tapas.ares.fm.2\" width=\"703\" height=\"499\" srcset=\"https:\/\/felix.ares.fm\/wp-content\/uploads\/2016\/02\/tapas.ares_.fm_.2.jpg 703w, https:\/\/felix.ares.fm\/wp-content\/uploads\/2016\/02\/tapas.ares_.fm_.2-300x213.jpg 300w\" sizes=\"auto, (max-width: 703px) 100vw, 703px\" \/><\/a>[contact_bank form_id=1 show_title=true show_desc=false]<\/p>\n<p>Si quieren que les avisemos por e-mail de las actualizaciones de esta p\u00e1gina, h\u00e1ganos llegar su direcci\u00f3n de e-mail.<\/p>\n<\/div>\n","protected":false},"excerpt":{"rendered":"<p>S\u00e1bado 16 de julio de 2016 Tras unas semanas en las que no hemos podido actualizar el blog pues est\u00e1bamos en el Pa\u00eds Vasco, continuamos con nuestra exploraci\u00f3n de lugares para tomar unas tapas que nos gustan. Hoy nos toca habar de un chiringuito de playa donde hay buenas raciones y buena atenci\u00f3n, con un &hellip; <a href=\"https:\/\/felix.ares.fm\/?p=9691\" class=\"more-link\">Seguir leyendo <span class=\"screen-reader-text\">Chiringuito Ib\u00e1\u00f1ez (Fuengirola)<\/span> <span class=\"meta-nav\">&rarr;<\/span><\/a><\/p>\n","protected":false},"author":1,"featured_media":0,"comment_status":"closed","ping_status":"open","sticky":false,"template":"","format":"standard","meta":{"footnotes":""},"categories":[833,797,832],"tags":[],"class_list":["post-9691","post","type-post","status-publish","format-standard","hentry","category-fuegos-artificiales","category-fuengirola","category-ibanez-chiringuito"],"_links":{"self":[{"href":"https:\/\/felix.ares.fm\/index.php?rest_route=\/wp\/v2\/posts\/9691","targetHints":{"allow":["GET"]}}],"collection":[{"href":"https:\/\/felix.ares.fm\/index.php?rest_route=\/wp\/v2\/posts"}],"about":[{"href":"https:\/\/felix.ares.fm\/index.php?rest_route=\/wp\/v2\/types\/post"}],"author":[{"embeddable":true,"href":"https:\/\/felix.ares.fm\/index.php?rest_route=\/wp\/v2\/users\/1"}],"replies":[{"embeddable":true,"href":"https:\/\/felix.ares.fm\/index.php?rest_route=%2Fwp%2Fv2%2Fcomments&post=9691"}],"version-history":[{"count":0,"href":"https:\/\/felix.ares.fm\/index.php?rest_route=\/wp\/v2\/posts\/9691\/revisions"}],"wp:attachment":[{"href":"https:\/\/felix.ares.fm\/index.php?rest_route=%2Fwp%2Fv2%2Fmedia&parent=9691"}],"wp:term":[{"taxonomy":"category","embeddable":true,"href":"https:\/\/felix.ares.fm\/index.php?rest_route=%2Fwp%2Fv2%2Fcategories&post=9691"},{"taxonomy":"post_tag","embeddable":true,"href":"https:\/\/felix.ares.fm\/index.php?rest_route=%2Fwp%2Fv2%2Ftags&post=9691"}],"curies":[{"name":"wp","href":"https:\/\/api.w.org\/{rel}","templated":true}]}}