{"id":9669,"date":"2016-09-21T12:16:07","date_gmt":"2016-09-21T10:16:07","guid":{"rendered":"http:\/\/felix.ares.fm\/?p=9669"},"modified":"2016-09-21T12:19:06","modified_gmt":"2016-09-21T10:19:06","slug":"asociacion-de-jubilados-y-menu-del-proximo-miercoles-21-de-septiembre-2016","status":"publish","type":"post","link":"https:\/\/felix.ares.fm\/?p=9669","title":{"rendered":"Asociaci\u00f3n de Jubilados y&#8230; Men\u00fa del pr\u00f3ximo mi\u00e9rcoles (21 de septiembre 2016)"},"content":{"rendered":"<h4>Todos los mi\u00e9rcoles la <a href=\"http:\/\/www.paginasamarillas.es\/f\/fuengirola\/asociacion-de-jubilados-y-pensionistas-de-fuengirola_201362985_000000001.html\">Asociaci\u00f3n de Jubilados y Pensionistas de Fuengirola<\/a>\u00a0celebra una comida de confraternizaci\u00f3n que se celebra en el bar\/restaurante del <a href=\"http:\/\/www.paginasamarillas.es\/f\/fuengirola\/hogar-social-de-fuengirola_015611296_000000004.html\">Hogar del Jubilado<\/a> de la calle Blanca Paloma.<\/h4>\n<h6>Para el pr\u00f3ximo mi\u00e9rcoles 21 de septiembre el men\u00fa es el siguiente:<\/h6>\n<h6>1\u00b0plato:<\/h6>\n<h6 style=\"padding-left: 30px;\">-alubias estofadas<br \/>\n-ensaladilla rusa<br \/>\n-revuelto de chorizo<br \/>\n-ensalada hogar<\/h6>\n<h6>2\u00b0plato:<\/h6>\n<h6 style=\"padding-left: 30px;\">-pollo a la cerveza<br \/>\n-pescado seg\u00fan mercado<br \/>\n-tortilla de at\u00fan<\/h6>\n<h6><span style=\"line-height: 1.3;\">Pan +bebida+postre incluidos<\/span><\/h6>\n<h6>-precio especial jubilados 6&#8217;30 \u20ac<\/h6>\n<h6>Reserva tlf<span style=\"color: #0000ff;\"> 662484307<\/span> Sra ana<\/h6>\n<p>Si usted hace fotos de la comida, me gustar\u00eda tener alguna para publicarla en este blog.<\/p>\n","protected":false},"excerpt":{"rendered":"<p>Todos los mi\u00e9rcoles la Asociaci\u00f3n de Jubilados y Pensionistas de Fuengirola\u00a0celebra una comida de confraternizaci\u00f3n que se celebra en el bar\/restaurante del Hogar del Jubilado de la calle Blanca Paloma. Para el pr\u00f3ximo mi\u00e9rcoles 21 de septiembre el men\u00fa es el siguiente: 1\u00b0plato: -alubias estofadas -ensaladilla rusa -revuelto de chorizo -ensalada hogar 2\u00b0plato: -pollo a &hellip; <a href=\"https:\/\/felix.ares.fm\/?p=9669\" class=\"more-link\">Seguir leyendo <span class=\"screen-reader-text\">Asociaci\u00f3n de Jubilados y&#8230; Men\u00fa del pr\u00f3ximo mi\u00e9rcoles (21 de septiembre 2016)<\/span> <span class=\"meta-nav\">&rarr;<\/span><\/a><\/p>\n","protected":false},"author":1,"featured_media":0,"comment_status":"closed","ping_status":"open","sticky":false,"template":"","format":"standard","meta":{"footnotes":""},"categories":[564,815],"tags":[],"class_list":["post-9669","post","type-post","status-publish","format-standard","hentry","category-asociacion-de-jubilados-y-pensionistas-de-fuengirola","category-menus-de-los-miercoles"],"_links":{"self":[{"href":"https:\/\/felix.ares.fm\/index.php?rest_route=\/wp\/v2\/posts\/9669","targetHints":{"allow":["GET"]}}],"collection":[{"href":"https:\/\/felix.ares.fm\/index.php?rest_route=\/wp\/v2\/posts"}],"about":[{"href":"https:\/\/felix.ares.fm\/index.php?rest_route=\/wp\/v2\/types\/post"}],"author":[{"embeddable":true,"href":"https:\/\/felix.ares.fm\/index.php?rest_route=\/wp\/v2\/users\/1"}],"replies":[{"embeddable":true,"href":"https:\/\/felix.ares.fm\/index.php?rest_route=%2Fwp%2Fv2%2Fcomments&post=9669"}],"version-history":[{"count":0,"href":"https:\/\/felix.ares.fm\/index.php?rest_route=\/wp\/v2\/posts\/9669\/revisions"}],"wp:attachment":[{"href":"https:\/\/felix.ares.fm\/index.php?rest_route=%2Fwp%2Fv2%2Fmedia&parent=9669"}],"wp:term":[{"taxonomy":"category","embeddable":true,"href":"https:\/\/felix.ares.fm\/index.php?rest_route=%2Fwp%2Fv2%2Fcategories&post=9669"},{"taxonomy":"post_tag","embeddable":true,"href":"https:\/\/felix.ares.fm\/index.php?rest_route=%2Fwp%2Fv2%2Ftags&post=9669"}],"curies":[{"name":"wp","href":"https:\/\/api.w.org\/{rel}","templated":true}]}}