{"id":9335,"date":"2016-08-29T21:53:47","date_gmt":"2016-08-29T19:53:47","guid":{"rendered":"http:\/\/felix.ares.fm\/?p=9335"},"modified":"2016-08-29T21:54:49","modified_gmt":"2016-08-29T19:54:49","slug":"il-bel-paese-comida-italiana-revisado","status":"publish","type":"post","link":"https:\/\/felix.ares.fm\/?p=9335","title":{"rendered":"Il Bel Paese, comida italiana. REVISADO"},"content":{"rendered":"<h4>Lunes 6 de junio de 2016<\/h4>\n<p>No es la primera vez que hablamos de este restaurante. ya lo hicimos en la entrada (<a href=\"http:\/\/felix.ares.fm\/?p=7015\">http:\/\/felix.ares.fm\/?p=7015<\/a>) cuyo principio reproducimos abajo.<\/p>\n<blockquote class=\"wp-embedded-content\" data-secret=\"xPii50HhME\"><p><a href=\"https:\/\/felix.ares.fm\/?p=7015\">Il Bel Paese, excelente comida italiana<\/a><\/p><\/blockquote>\n<p><iframe loading=\"lazy\" class=\"wp-embedded-content\" sandbox=\"allow-scripts\" security=\"restricted\" style=\"position: absolute; clip: rect(1px, 1px, 1px, 1px);\" title=\"\u00abIl Bel Paese, excelente comida italiana\u00bb \u2014 De tapas y otras cosas por Fuengirola\" src=\"https:\/\/felix.ares.fm\/?p=7015&#038;embed=true#?secret=Sxhs8Kpbgm#?secret=xPii50HhME\" data-secret=\"xPii50HhME\" width=\"600\" height=\"338\" frameborder=\"0\" marginwidth=\"0\" marginheight=\"0\" scrolling=\"no\"><\/iframe><\/p>\n<p>Realmente no hay nada nuevo que decir, simplemente que sigue abierto y que tanto la comida como el personal siguen siendo similares. Cocina italiana buena, camareros muy atentos.<\/p>\n<p><a href=\"http:\/\/felix.ares.fm\/?attachment_id=9340\" rel=\"attachment wp-att-9340\"><img loading=\"lazy\" decoding=\"async\" class=\"aligncenter size-full wp-image-9340\" src=\"http:\/\/felix.ares.fm\/wp-content\/uploads\/2016\/08\/IMG_8067_bb.jpg\" alt=\"IMG_8067_bb\" width=\"640\" height=\"480\" srcset=\"https:\/\/felix.ares.fm\/wp-content\/uploads\/2016\/08\/IMG_8067_bb.jpg 640w, https:\/\/felix.ares.fm\/wp-content\/uploads\/2016\/08\/IMG_8067_bb-300x225.jpg 300w\" sizes=\"auto, (max-width: 640px) 100vw, 640px\" \/><\/a><\/p>\n<figure id=\"attachment_9341\" aria-describedby=\"caption-attachment-9341\" style=\"width: 360px\" class=\"wp-caption aligncenter\"><a href=\"http:\/\/felix.ares.fm\/?attachment_id=9341\" rel=\"attachment wp-att-9341\"><img loading=\"lazy\" decoding=\"async\" class=\"size-full wp-image-9341\" src=\"http:\/\/felix.ares.fm\/wp-content\/uploads\/2016\/08\/IMG_8068_enf.jpg\" alt=\"Una pizarra con las tapas del d\u00eda. ya ven que hay bastantes cosas donde elegir. \" width=\"360\" height=\"480\" srcset=\"https:\/\/felix.ares.fm\/wp-content\/uploads\/2016\/08\/IMG_8068_enf.jpg 360w, https:\/\/felix.ares.fm\/wp-content\/uploads\/2016\/08\/IMG_8068_enf-225x300.jpg 225w\" sizes=\"auto, (max-width: 360px) 100vw, 360px\" \/><\/a><figcaption id=\"caption-attachment-9341\" class=\"wp-caption-text\">Una pizarra con las tapas del d\u00eda. ya ven que hay bastantes cosas donde elegir.<\/figcaption><\/figure>\n<figure id=\"attachment_9342\" aria-describedby=\"caption-attachment-9342\" style=\"width: 640px\" class=\"wp-caption aligncenter\"><a href=\"http:\/\/felix.ares.fm\/?attachment_id=9342\" rel=\"attachment wp-att-9342\"><img loading=\"lazy\" decoding=\"async\" class=\"size-full wp-image-9342\" src=\"http:\/\/felix.ares.fm\/wp-content\/uploads\/2016\/08\/IMG_8069_bb.jpg\" alt=\"Un vino blanco siciliano, acompa\u00f1ado de unas aceitunas.\" width=\"640\" height=\"480\" srcset=\"https:\/\/felix.ares.fm\/wp-content\/uploads\/2016\/08\/IMG_8069_bb.jpg 640w, https:\/\/felix.ares.fm\/wp-content\/uploads\/2016\/08\/IMG_8069_bb-300x225.jpg 300w\" sizes=\"auto, (max-width: 640px) 100vw, 640px\" \/><\/a><figcaption id=\"caption-attachment-9342\" class=\"wp-caption-text\">Un vino blanco siciliano, acompa\u00f1ado de unas aceitunas.<\/figcaption><\/figure>\n<p>Nos ha hecho gracia que el reflejo en el vino recuerdo al nuevo logo de Windows.<\/p>\n<p><a href=\"http:\/\/felix.ares.fm\/?attachment_id=9343\" rel=\"attachment wp-att-9343\"><img loading=\"lazy\" decoding=\"async\" class=\"aligncenter size-full wp-image-9343\" src=\"http:\/\/felix.ares.fm\/wp-content\/uploads\/2016\/08\/IMG_8069_bb_windows_en_copa_de_vino_blanco.jpg\" alt=\"IMG_8069_bb_windows_en_copa_de_vino_blanco\" width=\"640\" height=\"475\" srcset=\"https:\/\/felix.ares.fm\/wp-content\/uploads\/2016\/08\/IMG_8069_bb_windows_en_copa_de_vino_blanco.jpg 640w, https:\/\/felix.ares.fm\/wp-content\/uploads\/2016\/08\/IMG_8069_bb_windows_en_copa_de_vino_blanco-300x223.jpg 300w\" sizes=\"auto, (max-width: 640px) 100vw, 640px\" \/><\/a><\/p>\n<figure id=\"attachment_9344\" aria-describedby=\"caption-attachment-9344\" style=\"width: 640px\" class=\"wp-caption aligncenter\"><a href=\"http:\/\/felix.ares.fm\/?attachment_id=9344\" rel=\"attachment wp-att-9344\"><img loading=\"lazy\" decoding=\"async\" class=\"size-full wp-image-9344\" src=\"http:\/\/felix.ares.fm\/wp-content\/uploads\/2016\/08\/IMG_8070_bb.jpg\" alt=\"Detalle aceitunas.\" width=\"640\" height=\"480\" srcset=\"https:\/\/felix.ares.fm\/wp-content\/uploads\/2016\/08\/IMG_8070_bb.jpg 640w, https:\/\/felix.ares.fm\/wp-content\/uploads\/2016\/08\/IMG_8070_bb-300x225.jpg 300w\" sizes=\"auto, (max-width: 640px) 100vw, 640px\" \/><\/a><figcaption id=\"caption-attachment-9344\" class=\"wp-caption-text\">Detalle aceitunas.<\/figcaption><\/figure>\n<figure id=\"attachment_9345\" aria-describedby=\"caption-attachment-9345\" style=\"width: 640px\" class=\"wp-caption aligncenter\"><a href=\"http:\/\/felix.ares.fm\/?attachment_id=9345\" rel=\"attachment wp-att-9345\"><img loading=\"lazy\" decoding=\"async\" class=\"size-full wp-image-9345\" src=\"http:\/\/felix.ares.fm\/wp-content\/uploads\/2016\/08\/IMG_8071.jpg\" alt=\"Un vino tinto italiano.\" width=\"640\" height=\"480\" srcset=\"https:\/\/felix.ares.fm\/wp-content\/uploads\/2016\/08\/IMG_8071.jpg 640w, https:\/\/felix.ares.fm\/wp-content\/uploads\/2016\/08\/IMG_8071-300x225.jpg 300w\" sizes=\"auto, (max-width: 640px) 100vw, 640px\" \/><\/a><figcaption id=\"caption-attachment-9345\" class=\"wp-caption-text\">Un vino tinto italiano.<\/figcaption><\/figure>\n<figure id=\"attachment_9346\" aria-describedby=\"caption-attachment-9346\" style=\"width: 640px\" class=\"wp-caption aligncenter\"><a href=\"http:\/\/felix.ares.fm\/?attachment_id=9346\" rel=\"attachment wp-att-9346\"><img loading=\"lazy\" decoding=\"async\" class=\"size-full wp-image-9346\" src=\"http:\/\/felix.ares.fm\/wp-content\/uploads\/2016\/08\/IMG_8072_rr_curv.jpg\" alt=\"Dos tapas\" width=\"640\" height=\"380\" srcset=\"https:\/\/felix.ares.fm\/wp-content\/uploads\/2016\/08\/IMG_8072_rr_curv.jpg 640w, https:\/\/felix.ares.fm\/wp-content\/uploads\/2016\/08\/IMG_8072_rr_curv-300x178.jpg 300w\" sizes=\"auto, (max-width: 640px) 100vw, 640px\" \/><\/a><figcaption id=\"caption-attachment-9346\" class=\"wp-caption-text\">Dos tapas<\/figcaption><\/figure>\n<p style=\"text-align: center;\">+ * +<\/p>\n<p><strong>Nota fotos y texto<\/strong>. Salvo las fotos que tienen un agradecimiento espec\u00edfico, como por ejemplo Wikipedia, son nuestras y las licenciamos con<\/p>\n<p><a href=\"http:\/\/creativecommons.org\/licenses\/by\/3.0\/deed.es_ES\" rel=\"license\"><img decoding=\"async\" src=\"http:\/\/i.creativecommons.org\/l\/by\/3.0\/88x31.png\" alt=\"Licencia de Creative Commons\" \/><\/a><br \/>\n<a href=\"viajes.ares.fm\" rel=\"cc:attributionURL\">F\u00e9lix Ares y Maricarmen Garmendia<\/a>\u00a0is licensed under a\u00a0<a href=\"http:\/\/creativecommons.org\/licenses\/by\/3.0\/deed.es_ES\" rel=\"license\">Creative Commons Reconocimiento 3.0 Unported License<\/a>.<br \/>\nCreado a partir de la obra en\u00a0<a href=\"viajes.ares.fm\" rel=\"dct:source\">felix.ares.fm<\/a>.<\/p>\n<p>Contacto con nosotros; el motivo de que no sea una imagen clara es para evitar que los robots la descubran y nos inunden el buz\u00f3n de basura.<\/p>\n<p><a href=\"http:\/\/felix.ares.fm\/?attachment_id=7476\" rel=\"attachment wp-att-7476\"><img loading=\"lazy\" decoding=\"async\" class=\"aligncenter size-full wp-image-7476\" src=\"http:\/\/felix.ares.fm\/wp-content\/uploads\/2016\/02\/tapas.ares_.fm_.2.jpg\" alt=\"tapas.ares.fm.2\" width=\"703\" height=\"499\" srcset=\"https:\/\/felix.ares.fm\/wp-content\/uploads\/2016\/02\/tapas.ares_.fm_.2.jpg 703w, https:\/\/felix.ares.fm\/wp-content\/uploads\/2016\/02\/tapas.ares_.fm_.2-300x213.jpg 300w\" sizes=\"auto, (max-width: 703px) 100vw, 703px\" \/><\/a>[contact_bank form_id=1 show_title=true show_desc=false]<\/p>\n<p>Si quieren que les avisemos por e-mail de las actualizaciones de esta p\u00e1gina, h\u00e1ganos llegar su direcci\u00f3n de e-mail.t<\/p>\n","protected":false},"excerpt":{"rendered":"<p>Lunes 6 de junio de 2016 No es la primera vez que hablamos de este restaurante. ya lo hicimos en la entrada (http:\/\/felix.ares.fm\/?p=7015) cuyo principio reproducimos abajo. Il Bel Paese, excelente comida italiana Realmente no hay nada nuevo que decir, simplemente que sigue abierto y que tanto la comida como el personal siguen siendo similares. &hellip; <a href=\"https:\/\/felix.ares.fm\/?p=9335\" class=\"more-link\">Seguir leyendo <span class=\"screen-reader-text\">Il Bel Paese, comida italiana. REVISADO<\/span> <span class=\"meta-nav\">&rarr;<\/span><\/a><\/p>\n","protected":false},"author":1,"featured_media":0,"comment_status":"closed","ping_status":"open","sticky":false,"template":"","format":"standard","meta":{"footnotes":""},"categories":[808,807,11,221,316],"tags":[],"class_list":["post-9335","post","type-post","status-publish","format-standard","hentry","category-comida-italiana","category-il-bel-paese","category-tapas","category-taperia","category-wifi-2"],"_links":{"self":[{"href":"https:\/\/felix.ares.fm\/index.php?rest_route=\/wp\/v2\/posts\/9335","targetHints":{"allow":["GET"]}}],"collection":[{"href":"https:\/\/felix.ares.fm\/index.php?rest_route=\/wp\/v2\/posts"}],"about":[{"href":"https:\/\/felix.ares.fm\/index.php?rest_route=\/wp\/v2\/types\/post"}],"author":[{"embeddable":true,"href":"https:\/\/felix.ares.fm\/index.php?rest_route=\/wp\/v2\/users\/1"}],"replies":[{"embeddable":true,"href":"https:\/\/felix.ares.fm\/index.php?rest_route=%2Fwp%2Fv2%2Fcomments&post=9335"}],"version-history":[{"count":0,"href":"https:\/\/felix.ares.fm\/index.php?rest_route=\/wp\/v2\/posts\/9335\/revisions"}],"wp:attachment":[{"href":"https:\/\/felix.ares.fm\/index.php?rest_route=%2Fwp%2Fv2%2Fmedia&parent=9335"}],"wp:term":[{"taxonomy":"category","embeddable":true,"href":"https:\/\/felix.ares.fm\/index.php?rest_route=%2Fwp%2Fv2%2Fcategories&post=9335"},{"taxonomy":"post_tag","embeddable":true,"href":"https:\/\/felix.ares.fm\/index.php?rest_route=%2Fwp%2Fv2%2Ftags&post=9335"}],"curies":[{"name":"wp","href":"https:\/\/api.w.org\/{rel}","templated":true}]}}