{"id":9269,"date":"2016-08-26T18:16:56","date_gmt":"2016-08-26T16:16:56","guid":{"rendered":"http:\/\/felix.ares.fm\/?p=9269"},"modified":"2016-09-05T19:30:10","modified_gmt":"2016-09-05T17:30:10","slug":"asociacion-de-jubilados-noticias-un-dia-de-senderismo-por-el-caminito-del-rey","status":"publish","type":"post","link":"https:\/\/felix.ares.fm\/?p=9269","title":{"rendered":"Asociaci\u00f3n de jubilados. Noticias. Un d\u00eda de senderismo por el Caminito del Rey"},"content":{"rendered":"<h4><span style=\"color: #ff00ff;\">ACTUALIZACI\u00d3N 5 DE SEPTIEMBRE DE 2016:<\/span><\/h4>\n<h4><span style=\"color: #ff00ff;\">El viaje se ha completado. YA NO HAY PLAZAS.<\/span><\/h4>\n<p style=\"text-align: center;\">+*+<\/p>\n<p>Nos llega un comunicado de la Junta Directiva de la <a href=\"http:\/\/www.paginasamarillas.es\/f\/fuengirola\/asociacion-de-jubilados-y-pensionistas-de-fuengirola_201362985_000000001.html\">Asociaci\u00f3n de Jubilados y Pensionistas de Fuengirola<\/a> en la que se informa de un d\u00eda de senderismo por el Caminito del Rey.<\/p>\n<p>D\u00eda 28 de octubre de 2016<\/p>\n<p>Reservas en la asociaci\u00f3n. Tel\u00e9fono: 658 98 77 92.<\/p>\n<p>M\u00e1s informaci\u00f3n en Viajes Muher: 667 22 01 95<\/p>\n<p>El anuncio es este:<\/p>\n<figure id=\"attachment_9271\" aria-describedby=\"caption-attachment-9271\" style=\"width: 1131px\" class=\"wp-caption aligncenter\"><a href=\"http:\/\/felix.ares.fm\/?attachment_id=9271\" rel=\"attachment wp-att-9271\"><img loading=\"lazy\" decoding=\"async\" class=\"size-full wp-image-9271\" src=\"http:\/\/felix.ares.fm\/wp-content\/uploads\/2016\/08\/160826_caminito_del_rey.jpg\" alt=\"Caminito del Rey\" width=\"1131\" height=\"1600\" srcset=\"https:\/\/felix.ares.fm\/wp-content\/uploads\/2016\/08\/160826_caminito_del_rey.jpg 1131w, https:\/\/felix.ares.fm\/wp-content\/uploads\/2016\/08\/160826_caminito_del_rey-212x300.jpg 212w, https:\/\/felix.ares.fm\/wp-content\/uploads\/2016\/08\/160826_caminito_del_rey-768x1086.jpg 768w, https:\/\/felix.ares.fm\/wp-content\/uploads\/2016\/08\/160826_caminito_del_rey-724x1024.jpg 724w\" sizes=\"auto, (max-width: 1131px) 100vw, 1131px\" \/><\/a><figcaption id=\"caption-attachment-9271\" class=\"wp-caption-text\">Caminito del Rey<\/figcaption><\/figure>\n<h6>A continuaci\u00f3n repetimos lo de arriba pero con letra un poco m\u00e1s grande, por aquello de que ya muchos de nosotros no ven como un joven de veinte a\u00f1os:<\/h6>\n<h5>El Caminito del Rey es sin duda uno de los lugares m\u00e1s espectaculares de M\u00e1laga. Un espacio natural situado en la comarca del Guadalhorce que toma su nombre de una visita que en 1921 realiz\u00f3 el entonces monarca del pa\u00eds, Alfonso XIII.<\/h5>\n<h6>AGENDA:<\/h6>\n<h6>Recogida del grupo a las 08:30hr.<\/h6>\n<h6><span style=\"text-decoration: underline;\">Salida<\/span> hacia Ardales para realizar Ia <a href=\"http:\/\/www.caminitodelrey.info\/es\/5178\/preguntas-frecuentes\">ruta de El Caminito del Rey<\/a> que es una senda a\u00e9rea construida en las paredes del Desfiladero de los Gaitanes. La distancia entre la entrada por Ia caseta de control y la salida es de 2,9 km, repartidos entre 1,5 km de pasarelas y 1,4 km de sendero o pista forestal. Pero a estas distancias hay que sumar 2,7 km de senda desde la entrada norte y 2,1 km desde la entrada sur hasta las casetas de control. Todo ello hace que el tiempo estimado para realizar el recorrido completo (tramo de la puerta de una pasarela a la otra, m\u00e1s los senderos o pistas forestales para\u00a0llegar\/salir de la zona) sea entre 3 y 4 horas. Los visitantes deben tener en cuenta que para llegar a los accesos de las pasarelas &#8211; por cualquiera de las dos entradas \u2014 debe recorrer una distancia considerable as\u00ed como las pendientes de las mismas.<\/h6>\n<h6><span style=\"text-decoration: underline;\">Almuerzo<\/span>.<\/h6>\n<h6>Despu\u00e9s del almuerzo visitaremos <a href=\"https:\/\/es.wikipedia.org\/wiki\/Bobastro\">Bobastro<\/a> que es un antiguo poblado, donde se supone que <a href=\"https:\/\/es.wikipedia.org\/wiki\/Omar_ibn_Hafs%C3%BAn\">Omar Ben Hafs\u00fan<\/a> estableci\u00f3 la capital de sus dominios, en 880, al sublevarse contra el emir de C\u00f3rdoba. Existe otra teor\u00eda que sit\u00faa a Bobastro en la ciudad de Ronda. Destacan las construcciones excavadas en la roca, incluyendo una iglesia rupestre moz\u00e1rabe y castillo.<\/h6>\n<h6><span style=\"text-decoration: underline;\">Regreso<\/span> al punto de origen.<span style=\"text-decoration: underline;\"> Fin de nuestros servicios.<\/span><\/h6>\n<h6>FIN DE LA AGENDA<\/h6>\n<h6><span style=\"color: #ff00ff;\">El viaje Incluye:<\/span><\/h6>\n<h6><span style=\"color: #ff00ff;\">Traslado desde el punto de origen en Autocar<\/span><br \/>\n<span style=\"color: #ff00ff;\">Entrada Incluida<\/span><br \/>\n<span style=\"color: #ff00ff;\">1 Almuerzo y 1 Desayuno<\/span><br \/>\n<span style=\"color: #ff00ff;\">Coordinador de grupo. <\/span><br \/>\n<span style=\"color: #ff00ff;\">Seguro de asistencia en viaje.<\/span><\/h6>\n<h6><span style=\"color: #ff00ff;\">Reservas Asoc: 658997792 &#8211; Informaci\u00f3n Viaies Muher, M\u00aaJos\u00e9: 6672201 95<\/span><br \/>\n<span style=\"color: #ff00ff;\">ORGANIZADO POR VIAJES MUHER, 5.L: CIF 93020634 &#8211; AN- 292064-2<\/span><\/h6>\n<h6><span style=\"color: #ff00ff;\">Ingresar en Banco de Santander C c.: 0049 0948 99 2410001509 Indicando Nombre y Apellidos, Fuengirola.<\/span><\/h6>\n","protected":false},"excerpt":{"rendered":"<p>ACTUALIZACI\u00d3N 5 DE SEPTIEMBRE DE 2016: El viaje se ha completado. YA NO HAY PLAZAS. +*+ Nos llega un comunicado de la Junta Directiva de la Asociaci\u00f3n de Jubilados y Pensionistas de Fuengirola en la que se informa de un d\u00eda de senderismo por el Caminito del Rey. D\u00eda 28 de octubre de 2016 Reservas &hellip; <a href=\"https:\/\/felix.ares.fm\/?p=9269\" class=\"more-link\">Seguir leyendo <span class=\"screen-reader-text\">Asociaci\u00f3n de jubilados. Noticias. Un d\u00eda de senderismo por el Caminito del Rey<\/span> <span class=\"meta-nav\">&rarr;<\/span><\/a><\/p>\n","protected":false},"author":1,"featured_media":0,"comment_status":"closed","ping_status":"open","sticky":false,"template":"","format":"standard","meta":{"footnotes":""},"categories":[564,796],"tags":[],"class_list":["post-9269","post","type-post","status-publish","format-standard","hentry","category-asociacion-de-jubilados-y-pensionistas-de-fuengirola","category-comunicado"],"_links":{"self":[{"href":"https:\/\/felix.ares.fm\/index.php?rest_route=\/wp\/v2\/posts\/9269","targetHints":{"allow":["GET"]}}],"collection":[{"href":"https:\/\/felix.ares.fm\/index.php?rest_route=\/wp\/v2\/posts"}],"about":[{"href":"https:\/\/felix.ares.fm\/index.php?rest_route=\/wp\/v2\/types\/post"}],"author":[{"embeddable":true,"href":"https:\/\/felix.ares.fm\/index.php?rest_route=\/wp\/v2\/users\/1"}],"replies":[{"embeddable":true,"href":"https:\/\/felix.ares.fm\/index.php?rest_route=%2Fwp%2Fv2%2Fcomments&post=9269"}],"version-history":[{"count":0,"href":"https:\/\/felix.ares.fm\/index.php?rest_route=\/wp\/v2\/posts\/9269\/revisions"}],"wp:attachment":[{"href":"https:\/\/felix.ares.fm\/index.php?rest_route=%2Fwp%2Fv2%2Fmedia&parent=9269"}],"wp:term":[{"taxonomy":"category","embeddable":true,"href":"https:\/\/felix.ares.fm\/index.php?rest_route=%2Fwp%2Fv2%2Fcategories&post=9269"},{"taxonomy":"post_tag","embeddable":true,"href":"https:\/\/felix.ares.fm\/index.php?rest_route=%2Fwp%2Fv2%2Ftags&post=9269"}],"curies":[{"name":"wp","href":"https:\/\/api.w.org\/{rel}","templated":true}]}}