{"id":9265,"date":"2016-08-26T13:39:29","date_gmt":"2016-08-26T11:39:29","guid":{"rendered":"http:\/\/felix.ares.fm\/?p=9265"},"modified":"2016-09-05T19:31:12","modified_gmt":"2016-09-05T17:31:12","slug":"asociacion-jubilados-noticias-viaje-6-dias-a-cantabria-y-pais-vasco","status":"publish","type":"post","link":"https:\/\/felix.ares.fm\/?p=9265","title":{"rendered":"Asociaci\u00f3n jubilados. Noticias. Viaje 6 d\u00edas a Cantabr\u00eda y Pa\u00eds Vasco"},"content":{"rendered":"<h4><span style=\"color: #ff00ff;\">ACTUALIZACI\u00d3N 5 DE SEPTIEMBRE DE 2016:<\/span><\/h4>\n<h4><span style=\"color: #ff00ff;\">El viaje se ha completado. YA NO HAY PLAZAS.<\/span><\/h4>\n<p style=\"text-align: center;\">+*+<\/p>\n<p>Nos llega un comunicado de la Junta Directiva de la <a href=\"http:\/\/www.paginasamarillas.es\/f\/fuengirola\/asociacion-de-jubilados-y-pensionistas-de-fuengirola_201362985_000000001.html\">Asociaci\u00f3n de Jubilados y Pensionistas de Fuengirola<\/a> en la se dice:<\/p>\n<p>\u00ab<strong>A partir del d\u00eda 1 de Septiembre<\/strong>,se abre el plazo de inscripci\u00f3n a todos los socios interesados a este viaje.<\/p>\n<div id=\"yui_3_16_0_ym19_1_1472202345489_8255\">Previo pago en la cuenta de la agencia.<\/div>\n<div id=\"yui_3_16_0_ym19_1_1472202345489_8398\">La Junta.\u00bb<\/div>\n<div><\/div>\n<div>\n<figure id=\"attachment_9266\" aria-describedby=\"caption-attachment-9266\" style=\"width: 1754px\" class=\"wp-caption aligncenter\"><a href=\"http:\/\/felix.ares.fm\/?attachment_id=9266\" rel=\"attachment wp-att-9266\"><img loading=\"lazy\" decoding=\"async\" class=\"size-full wp-image-9266\" src=\"http:\/\/felix.ares.fm\/wp-content\/uploads\/2016\/08\/6-DIAS-CANTABRIA-Y-PA\u00cdS-VASCO-FUENGIROLA-23.jpg\" alt=\"Seis d\u00edas en Cantabria y el Pa\u00eds Vasco \" width=\"1754\" height=\"2480\" srcset=\"https:\/\/felix.ares.fm\/wp-content\/uploads\/2016\/08\/6-DIAS-CANTABRIA-Y-PA\u00cdS-VASCO-FUENGIROLA-23.jpg 1754w, https:\/\/felix.ares.fm\/wp-content\/uploads\/2016\/08\/6-DIAS-CANTABRIA-Y-PA\u00cdS-VASCO-FUENGIROLA-23-212x300.jpg 212w, https:\/\/felix.ares.fm\/wp-content\/uploads\/2016\/08\/6-DIAS-CANTABRIA-Y-PA\u00cdS-VASCO-FUENGIROLA-23-768x1086.jpg 768w, https:\/\/felix.ares.fm\/wp-content\/uploads\/2016\/08\/6-DIAS-CANTABRIA-Y-PA\u00cdS-VASCO-FUENGIROLA-23-724x1024.jpg 724w\" sizes=\"auto, (max-width: 1754px) 100vw, 1754px\" \/><\/a><figcaption id=\"caption-attachment-9266\" class=\"wp-caption-text\">Seis d\u00edas en Cantabria y el Pa\u00eds Vasco<\/figcaption><\/figure>\n<h6>REPETIMOS EL TEXTO CENTRAL DEL ANUNCIO CON LETRA UN POCO M\u00c1S GRANDE<\/h6>\n<h6>AGENDA<\/h6>\n<h6>D\u00eda 1.- MALAGA &#8211; MADRID &#8211; CANTABRIA: Recogida del grupo a las\u00a006:15 horas de la ma\u00f1ana. Llegada estaci\u00f3n Maria Zambrano para\u00a0coger el Ave hasta Madrid. Tiempo libre para desayunar y salida en\u00a0Autob\u00fas hacia Cantabria, almuerzo en ruta. Despu\u00e9s nos dirigiremos\u00a0al hotel, llegada al y entrega de habitaciones. Cena y alojamiento.<\/h6>\n<h6>D\u00eda 2.- BILBAO &#8211; SANTANDER: Desayuno en hotel. Visitaremos\u00a0Bilbao, su Catedral g\u00f3tica de Santiago, s. XIV, con su claustro y portal\u00a0renacentista. Museo Guggenheim (opcional). Pasearemos por el\u00a0casco antiguo y tiempo libre. Almuerzo en hotel. Por la tarde visita\u00a0Santander. Una de las ciudades m\u00e1s bellas de Europa. Palacio Real de\u00a0la Magdalena, seguiremos \u00a0hasta la Catedral de Nuestra Se\u00f1ora de la\u00a0Asunci\u00f3n. Tiempo libre. Regreso al hotel. Cena y alojamiento.<\/h6>\n<h6><strong>D\u00eda 3.- SAN SEBASTI\u00c1N: Desayuno en hotel. Salida hacia San Sebasti\u00e1n. El paseo de la Concha nos llevara al puerto donostiarra con sus\u00a0t\u00edpicos barcos pesqueros desde donde divisaremos m\u00e1s de cerca el\u00a0Monte Urgull y su Sagrado Coraz\u00f3n. Desde la muralla y puerta de mar\u00a0nos introduciremos en Parte Vieja donostiarra cargada de Historia y\u00a0aromas de gastronom\u00eda con sus t\u00edpicos pintxos. Tiempo libre. Almuerzo en restaurante. Regreso al hotel, cena y alojamiento.<\/strong><\/h6>\n<p><a href=\"http:\/\/felix.ares.fm\/?attachment_id=9281\" rel=\"attachment wp-att-9281\"><img loading=\"lazy\" decoding=\"async\" class=\"aligncenter size-full wp-image-9281\" src=\"http:\/\/felix.ares.fm\/wp-content\/uploads\/2016\/08\/DSC01586_etiqueta.jpg\" alt=\"DSC01586_etiqueta\" width=\"640\" height=\"141\" srcset=\"https:\/\/felix.ares.fm\/wp-content\/uploads\/2016\/08\/DSC01586_etiqueta.jpg 640w, https:\/\/felix.ares.fm\/wp-content\/uploads\/2016\/08\/DSC01586_etiqueta-300x66.jpg 300w\" sizes=\"auto, (max-width: 640px) 100vw, 640px\" \/><\/a><\/p>\n<h6>D\u00eda 4.- SANTO\u00d1A &#8211; CASTRO URDIALES: Desayuno en hotel. Visitarmos. Santo\u00f1a. podremos coger un barco hasta Santo\u00f1a (opcional).\u00a0Esta \u00faltima muy conocida por sus exquisitas anchoas. Almuerzo en\u00a0hotel. Por la tarde Visita Castro Urdiales, tiene origen medieval. Fue\u00a0declarado Conjunto Hist\u00f3rico Art\u00edstico en el a\u00f1o 1978 debido a su\u00a0rico patrimonio que est\u00e1 formado por diversos monumentos entre\u00a0los que destaca La Iglesia de Santa Mar\u00eda de la Asunci\u00f3n de estilo\u00a0g\u00f3tico. Cena y alojamiento.<\/h6>\n<h6>D\u00eda 5.- VITORIA: Desayuno en hotel. Visitaremos uno de los pocos\u00a0lugares que tienen como Vitoria-Gasteiz nombre y apellido. El\u00a0nombre \u00abNueva Victoria\u00bb se lo da el rey Sancho VI de Navarra que\u00a0funda la ciudad en 1181. Por entonces era una villa amurallada que\u00a0representaba una avanzada defensiva del reino de Navarra.\u00a0Almuerzo. Tarde libre. Cena en el hotel y alojamiento.<\/h6>\n<h6>D\u00eda 6.- CANTABRIA &#8211; PUNTO DE ORIGEN: Desayuno en el hotel,\u00a0maletas en el autob\u00fas y salida hacia punto de origen. Almuerzo ruta.\u00a0Despu\u00e9s del almuerzo. Tiempo libre hasta que cojamos el AVE con\u00a0direcci\u00f3n M\u00e1laga, donde nos espera el bus para llevarnos al lugar de\u00a0origen.<\/h6>\n<h6>FIN DE NUESTROS SERVICIOS<\/h6>\n<h6>FIN AGENDA<\/h6>\n<h6><span style=\"color: #ff00ff;\">Salida: 3-10-2016. Hora: 06:15 a.m.<\/span><\/h6>\n<h6><span style=\"color: #ff00ff;\">*Precio 375\u20ac<\/span><\/h6>\n<h6><span style=\"color: #ff00ff;\">*Suplemento habitaci\u00f3n Individual 100\u20ac<\/span><\/h6>\n<h6><span style=\"color: #ff00ff;\">EL PRECIO INCLUYE:<\/span><\/h6>\n<h6><span style=\"color: #ff00ff;\">&#8211; Hotel 3* en Isla (Cantabria)<\/span><br \/>\n<span style=\"color: #ff00ff;\">&#8211; Autocar con aire acondicionado y video.<\/span><br \/>\n<span style=\"color: #ff00ff;\">&#8211; AVE. M\u00e1laga-Madrid-Madrid-M\u00e1laga<\/span><br \/>\n<span style=\"color: #ff00ff;\">&#8211; Regimen de Pensi\u00f3n Completa, (Agua y vino).<\/span><br \/>\n<span style=\"color: #ff00ff;\">&#8211; Coordinador de Grupo.<\/span><br \/>\n<span style=\"color: #ff00ff;\">&#8211; 3 almuerzos en ruta. (1 en sidrer\u00eda t\u00edpica).<\/span><br \/>\n<span style=\"color: #ff00ff;\">\u00a0&#8211; Seguro de asistencia en Viaje.<\/span><br \/>\n<span style=\"color: #ff00ff;\">&#8211; Excursiones detalladas.<\/span><\/h6>\n<h6><span style=\"color: #ff00ff;\">EL PRECIO NO INCLUYE:<\/span><\/h6>\n<h6><span style=\"color: #ff00ff;\">Extras en hotel y entradas a monumentos, museos, gu\u00edas o\ufb01ciales etc.\u201d<\/span><\/h6>\n<h6><span style=\"color: #ff00ff;\">ORGANIZADO POR VIAJES MUHER, S.L.: CIF 8-93020634 &#8211; AN- 292064-2<\/span><br \/>\n<span style=\"color: #ff00ff;\">Ingresar en Banco de Santander C.C.: 0049-0948-99-2410001509\u00a0Indicando: Nombre y Apellidos. Fuengirola.<\/span><\/h6>\n<h6><span style=\"color: #ff00ff;\">Asociaci\u00f3n de Jubilados y Pensionista de Fuengirola.<\/span><br \/>\n<span style=\"color: #ff00ff;\">Reservas: Asoc; 658 99 77 92 &#8211; Informaci\u00f3n: Viajes Muher; M\u00aaJos\u00e9; 667 22 01 95<\/span><\/h6>\n<p>&nbsp;<\/p>\n<\/div>\n","protected":false},"excerpt":{"rendered":"<p>ACTUALIZACI\u00d3N 5 DE SEPTIEMBRE DE 2016: El viaje se ha completado. YA NO HAY PLAZAS. +*+ Nos llega un comunicado de la Junta Directiva de la Asociaci\u00f3n de Jubilados y Pensionistas de Fuengirola en la se dice: \u00abA partir del d\u00eda 1 de Septiembre,se abre el plazo de inscripci\u00f3n a todos los socios interesados a &hellip; <a href=\"https:\/\/felix.ares.fm\/?p=9265\" class=\"more-link\">Seguir leyendo <span class=\"screen-reader-text\">Asociaci\u00f3n jubilados. Noticias. Viaje 6 d\u00edas a Cantabr\u00eda y Pa\u00eds Vasco<\/span> <span class=\"meta-nav\">&rarr;<\/span><\/a><\/p>\n","protected":false},"author":1,"featured_media":0,"comment_status":"closed","ping_status":"open","sticky":false,"template":"","format":"standard","meta":{"footnotes":""},"categories":[564,796],"tags":[],"class_list":["post-9265","post","type-post","status-publish","format-standard","hentry","category-asociacion-de-jubilados-y-pensionistas-de-fuengirola","category-comunicado"],"_links":{"self":[{"href":"https:\/\/felix.ares.fm\/index.php?rest_route=\/wp\/v2\/posts\/9265","targetHints":{"allow":["GET"]}}],"collection":[{"href":"https:\/\/felix.ares.fm\/index.php?rest_route=\/wp\/v2\/posts"}],"about":[{"href":"https:\/\/felix.ares.fm\/index.php?rest_route=\/wp\/v2\/types\/post"}],"author":[{"embeddable":true,"href":"https:\/\/felix.ares.fm\/index.php?rest_route=\/wp\/v2\/users\/1"}],"replies":[{"embeddable":true,"href":"https:\/\/felix.ares.fm\/index.php?rest_route=%2Fwp%2Fv2%2Fcomments&post=9265"}],"version-history":[{"count":0,"href":"https:\/\/felix.ares.fm\/index.php?rest_route=\/wp\/v2\/posts\/9265\/revisions"}],"wp:attachment":[{"href":"https:\/\/felix.ares.fm\/index.php?rest_route=%2Fwp%2Fv2%2Fmedia&parent=9265"}],"wp:term":[{"taxonomy":"category","embeddable":true,"href":"https:\/\/felix.ares.fm\/index.php?rest_route=%2Fwp%2Fv2%2Fcategories&post=9265"},{"taxonomy":"post_tag","embeddable":true,"href":"https:\/\/felix.ares.fm\/index.php?rest_route=%2Fwp%2Fv2%2Ftags&post=9265"}],"curies":[{"name":"wp","href":"https:\/\/api.w.org\/{rel}","templated":true}]}}