{"id":9175,"date":"2016-08-21T10:51:56","date_gmt":"2016-08-21T08:51:56","guid":{"rendered":"http:\/\/felix.ares.fm\/?p=9175"},"modified":"2016-08-21T10:53:07","modified_gmt":"2016-08-21T08:53:07","slug":"parada-tecnica-en-area-paraiso-moraleda-de-zafayona-granada","status":"publish","type":"post","link":"https:\/\/felix.ares.fm\/?p=9175","title":{"rendered":"Parada t\u00e9cnica en \u00e1rea Para\u00edso (Moraleda de Zafayona-Granada)"},"content":{"rendered":"<h4>S\u00e1bado 4 de junio de 2016<\/h4>\n<p>Continuamos viaje.<\/p>\n<figure id=\"attachment_9176\" aria-describedby=\"caption-attachment-9176\" style=\"width: 666px\" class=\"wp-caption aligncenter\"><a href=\"http:\/\/felix.ares.fm\/?attachment_id=9176\" rel=\"attachment wp-att-9176\"><img loading=\"lazy\" decoding=\"async\" class=\"size-full wp-image-9176\" src=\"http:\/\/felix.ares.fm\/wp-content\/uploads\/2016\/08\/de_santa_elena_a_hotel_paraiso.jpg\" alt=\"Desde Santa Elena a \u00e1rea Paraiso\" width=\"666\" height=\"747\" srcset=\"https:\/\/felix.ares.fm\/wp-content\/uploads\/2016\/08\/de_santa_elena_a_hotel_paraiso.jpg 666w, https:\/\/felix.ares.fm\/wp-content\/uploads\/2016\/08\/de_santa_elena_a_hotel_paraiso-267x300.jpg 267w\" sizes=\"auto, (max-width: 666px) 100vw, 666px\" \/><\/a><figcaption id=\"caption-attachment-9176\" class=\"wp-caption-text\">Desde Santa Elena a \u00e1rea Paraiso<\/figcaption><\/figure>\n<p>Simplemente paramos para tomar una bebida y una tapita. Pero nos encontramos con un curioso anuncio. F\u00edjense: \u00abTarifa Plana\u00bb.<\/p>\n<figure id=\"attachment_9177\" aria-describedby=\"caption-attachment-9177\" style=\"width: 640px\" class=\"wp-caption aligncenter\"><a href=\"http:\/\/felix.ares.fm\/?attachment_id=9177\" rel=\"attachment wp-att-9177\"><img loading=\"lazy\" decoding=\"async\" class=\"size-full wp-image-9177\" src=\"http:\/\/felix.ares.fm\/wp-content\/uploads\/2016\/08\/IMG_7881_bb.jpg\" alt=\"Hotel Bar Restaurante Para\u00edso\" width=\"640\" height=\"480\" srcset=\"https:\/\/felix.ares.fm\/wp-content\/uploads\/2016\/08\/IMG_7881_bb.jpg 640w, https:\/\/felix.ares.fm\/wp-content\/uploads\/2016\/08\/IMG_7881_bb-300x225.jpg 300w\" sizes=\"auto, (max-width: 640px) 100vw, 640px\" \/><\/a><figcaption id=\"caption-attachment-9177\" class=\"wp-caption-text\">Hotel Bar Restaurante Para\u00edso<\/figcaption><\/figure>\n<figure id=\"attachment_9178\" aria-describedby=\"caption-attachment-9178\" style=\"width: 640px\" class=\"wp-caption aligncenter\"><a href=\"http:\/\/felix.ares.fm\/?attachment_id=9178\" rel=\"attachment wp-att-9178\"><img loading=\"lazy\" decoding=\"async\" class=\"size-full wp-image-9178\" src=\"http:\/\/felix.ares.fm\/wp-content\/uploads\/2016\/08\/IMG_7882_trazo.jpg\" alt=\"Ah\u00ed pone &quot;Carta Tarifa Plana&quot;\" width=\"640\" height=\"480\" srcset=\"https:\/\/felix.ares.fm\/wp-content\/uploads\/2016\/08\/IMG_7882_trazo.jpg 640w, https:\/\/felix.ares.fm\/wp-content\/uploads\/2016\/08\/IMG_7882_trazo-300x225.jpg 300w\" sizes=\"auto, (max-width: 640px) 100vw, 640px\" \/><\/a><figcaption id=\"caption-attachment-9178\" class=\"wp-caption-text\">Ah\u00ed pone \u00abCarta Tarifa Plana\u00bb<\/figcaption><\/figure>\n<p>La entrar vemos una carta donde se ven muchos productos con las letras TP (Tarifa Plana).<\/p>\n<figure id=\"attachment_9179\" aria-describedby=\"caption-attachment-9179\" style=\"width: 480px\" class=\"wp-caption aligncenter\"><a href=\"http:\/\/felix.ares.fm\/?attachment_id=9179\" rel=\"attachment wp-att-9179\"><img loading=\"lazy\" decoding=\"async\" class=\"wp-image-9179 size-full\" src=\"http:\/\/felix.ares.fm\/wp-content\/uploads\/2016\/08\/IMG_7884_curv.jpg\" alt=\"IMG_7884_curv\" width=\"480\" height=\"640\" srcset=\"https:\/\/felix.ares.fm\/wp-content\/uploads\/2016\/08\/IMG_7884_curv.jpg 480w, https:\/\/felix.ares.fm\/wp-content\/uploads\/2016\/08\/IMG_7884_curv-225x300.jpg 225w\" sizes=\"auto, (max-width: 480px) 100vw, 480px\" \/><\/a><figcaption id=\"caption-attachment-9179\" class=\"wp-caption-text\">Tarifa plana 12,95\u20ac<\/figcaption><\/figure>\n<p>Preguntamos a ver qu\u00e9 quer\u00eda decir aquello y nos dijeron que usted puede elegir cualquier primero, despu\u00e9s un segundo y despu\u00e9s un postre m\u00e1s una bebida, que le cobrar\u00e1n 12,95\u20ac, incluyendo ya el iva.<\/p>\n<p>Por dentro el local est\u00e1 bien.<\/p>\n<figure id=\"attachment_9180\" aria-describedby=\"caption-attachment-9180\" style=\"width: 640px\" class=\"wp-caption aligncenter\"><a href=\"http:\/\/felix.ares.fm\/?attachment_id=9180\" rel=\"attachment wp-att-9180\"><img loading=\"lazy\" decoding=\"async\" class=\"size-full wp-image-9180\" src=\"http:\/\/felix.ares.fm\/wp-content\/uploads\/2016\/08\/IMG_7885_bb.jpg\" alt=\"Aspecto del local\" width=\"640\" height=\"480\" srcset=\"https:\/\/felix.ares.fm\/wp-content\/uploads\/2016\/08\/IMG_7885_bb.jpg 640w, https:\/\/felix.ares.fm\/wp-content\/uploads\/2016\/08\/IMG_7885_bb-300x225.jpg 300w\" sizes=\"auto, (max-width: 640px) 100vw, 640px\" \/><\/a><figcaption id=\"caption-attachment-9180\" class=\"wp-caption-text\">Aspecto del local<\/figcaption><\/figure>\n<figure id=\"attachment_9181\" aria-describedby=\"caption-attachment-9181\" style=\"width: 640px\" class=\"wp-caption aligncenter\"><a href=\"http:\/\/felix.ares.fm\/?attachment_id=9181\" rel=\"attachment wp-att-9181\"><img loading=\"lazy\" decoding=\"async\" class=\"size-full wp-image-9181\" src=\"http:\/\/felix.ares.fm\/wp-content\/uploads\/2016\/08\/IMG_7887_bb.jpg\" alt=\"Tambi\u00e9n tienen tienda\" width=\"640\" height=\"480\" srcset=\"https:\/\/felix.ares.fm\/wp-content\/uploads\/2016\/08\/IMG_7887_bb.jpg 640w, https:\/\/felix.ares.fm\/wp-content\/uploads\/2016\/08\/IMG_7887_bb-300x225.jpg 300w\" sizes=\"auto, (max-width: 640px) 100vw, 640px\" \/><\/a><figcaption id=\"caption-attachment-9181\" class=\"wp-caption-text\">Tambi\u00e9n tienen tienda<\/figcaption><\/figure>\n<p>&nbsp;<\/p>\n<figure id=\"attachment_9183\" aria-describedby=\"caption-attachment-9183\" style=\"width: 640px\" class=\"wp-caption aligncenter\"><a href=\"http:\/\/felix.ares.fm\/?attachment_id=9183\" rel=\"attachment wp-att-9183\"><img loading=\"lazy\" decoding=\"async\" class=\"size-full wp-image-9183\" src=\"http:\/\/felix.ares.fm\/wp-content\/uploads\/2016\/08\/IMG_7901.jpg\" alt=\"Y un bonito patio con fuente.\" width=\"640\" height=\"480\" srcset=\"https:\/\/felix.ares.fm\/wp-content\/uploads\/2016\/08\/IMG_7901.jpg 640w, https:\/\/felix.ares.fm\/wp-content\/uploads\/2016\/08\/IMG_7901-300x225.jpg 300w\" sizes=\"auto, (max-width: 640px) 100vw, 640px\" \/><\/a><figcaption id=\"caption-attachment-9183\" class=\"wp-caption-text\">Y un bonito patio con fuente.<\/figcaption><\/figure>\n<p>No \u00edbamos con intenci\u00f3n de comer, pero nos encontramos<strong> algo sorprendente: una carnes ex\u00f3ticas<\/strong>.<\/p>\n<figure id=\"attachment_9184\" aria-describedby=\"caption-attachment-9184\" style=\"width: 480px\" class=\"wp-caption aligncenter\"><a href=\"http:\/\/felix.ares.fm\/?attachment_id=9184\" rel=\"attachment wp-att-9184\"><img loading=\"lazy\" decoding=\"async\" class=\"size-full wp-image-9184\" src=\"http:\/\/felix.ares.fm\/wp-content\/uploads\/2016\/08\/IMG_7896-e1471768479262.jpg\" alt=\"Hamburguesas del mundo.\" width=\"480\" height=\"640\" srcset=\"https:\/\/felix.ares.fm\/wp-content\/uploads\/2016\/08\/IMG_7896-e1471768479262.jpg 480w, https:\/\/felix.ares.fm\/wp-content\/uploads\/2016\/08\/IMG_7896-e1471768479262-225x300.jpg 225w\" sizes=\"auto, (max-width: 480px) 100vw, 480px\" \/><\/a><figcaption id=\"caption-attachment-9184\" class=\"wp-caption-text\">Hamburguesas del mundo.<\/figcaption><\/figure>\n<figure id=\"attachment_9185\" aria-describedby=\"caption-attachment-9185\" style=\"width: 640px\" class=\"wp-caption aligncenter\"><a href=\"http:\/\/felix.ares.fm\/?attachment_id=9185\" rel=\"attachment wp-att-9185\"><img loading=\"lazy\" decoding=\"async\" class=\"size-full wp-image-9185\" src=\"http:\/\/felix.ares.fm\/wp-content\/uploads\/2016\/08\/IMG_7897.jpg\" alt=\"Pruebe las mejores carnes del mundo.\" width=\"640\" height=\"480\" srcset=\"https:\/\/felix.ares.fm\/wp-content\/uploads\/2016\/08\/IMG_7897.jpg 640w, https:\/\/felix.ares.fm\/wp-content\/uploads\/2016\/08\/IMG_7897-300x225.jpg 300w\" sizes=\"auto, (max-width: 640px) 100vw, 640px\" \/><\/a><figcaption id=\"caption-attachment-9185\" class=\"wp-caption-text\">Pruebe las mejores carnes del mundo. Buey Kobe y novillo americano.<\/figcaption><\/figure>\n<figure id=\"attachment_9186\" aria-describedby=\"caption-attachment-9186\" style=\"width: 640px\" class=\"wp-caption aligncenter\"><a href=\"http:\/\/felix.ares.fm\/?attachment_id=9186\" rel=\"attachment wp-att-9186\"><img loading=\"lazy\" decoding=\"async\" class=\"size-full wp-image-9186\" src=\"http:\/\/felix.ares.fm\/wp-content\/uploads\/2016\/08\/IMG_7898.jpg\" alt=\"Charollais Gold, Ib\u00e9rica\" width=\"640\" height=\"480\" srcset=\"https:\/\/felix.ares.fm\/wp-content\/uploads\/2016\/08\/IMG_7898.jpg 640w, https:\/\/felix.ares.fm\/wp-content\/uploads\/2016\/08\/IMG_7898-300x225.jpg 300w\" sizes=\"auto, (max-width: 640px) 100vw, 640px\" \/><\/a><figcaption id=\"caption-attachment-9186\" class=\"wp-caption-text\">Charollais Gold, Ib\u00e9rica (con carne de cerdo ib\u00e9rico).<\/figcaption><\/figure>\n<figure id=\"attachment_9188\" aria-describedby=\"caption-attachment-9188\" style=\"width: 640px\" class=\"wp-caption aligncenter\"><a href=\"http:\/\/felix.ares.fm\/?attachment_id=9188\" rel=\"attachment wp-att-9188\"><img loading=\"lazy\" decoding=\"async\" class=\"size-full wp-image-9188\" src=\"http:\/\/felix.ares.fm\/wp-content\/uploads\/2016\/08\/IMG_7900.jpg\" alt=\"Black Angus\" width=\"640\" height=\"480\" srcset=\"https:\/\/felix.ares.fm\/wp-content\/uploads\/2016\/08\/IMG_7900.jpg 640w, https:\/\/felix.ares.fm\/wp-content\/uploads\/2016\/08\/IMG_7900-300x225.jpg 300w\" sizes=\"auto, (max-width: 640px) 100vw, 640px\" \/><\/a><figcaption id=\"caption-attachment-9188\" class=\"wp-caption-text\">Black Angus.<\/figcaption><\/figure>\n<p><strong>Nos quedaron ganas de probar alguna de esas delicias<\/strong>. Pero no estaba dentro de nuestros planes. Tendremos que volver para hacerlo.<\/p>\n<h4>NUESTRO APERITIVO<\/h4>\n<figure id=\"attachment_9190\" aria-describedby=\"caption-attachment-9190\" style=\"width: 640px\" class=\"wp-caption aligncenter\"><a href=\"http:\/\/felix.ares.fm\/?attachment_id=9190\" rel=\"attachment wp-att-9190\"><img loading=\"lazy\" decoding=\"async\" class=\"size-full wp-image-9190\" src=\"http:\/\/felix.ares.fm\/wp-content\/uploads\/2016\/08\/IMG_7889.jpg\" alt=\"Un verm\u00fa de los que tienen sabor a antiguo.\" width=\"640\" height=\"480\" srcset=\"https:\/\/felix.ares.fm\/wp-content\/uploads\/2016\/08\/IMG_7889.jpg 640w, https:\/\/felix.ares.fm\/wp-content\/uploads\/2016\/08\/IMG_7889-300x225.jpg 300w\" sizes=\"auto, (max-width: 640px) 100vw, 640px\" \/><\/a><figcaption id=\"caption-attachment-9190\" class=\"wp-caption-text\">Un verm\u00fa Martini rojo..<\/figcaption><\/figure>\n<figure id=\"attachment_9193\" aria-describedby=\"caption-attachment-9193\" style=\"width: 640px\" class=\"wp-caption aligncenter\"><a href=\"http:\/\/felix.ares.fm\/?attachment_id=9193\" rel=\"attachment wp-att-9193\"><img loading=\"lazy\" decoding=\"async\" class=\"size-full wp-image-9193\" src=\"http:\/\/felix.ares.fm\/wp-content\/uploads\/2016\/08\/IMG_7892.jpg\" alt=\"Una cerveza Alhambra sin alcohol.\" width=\"640\" height=\"480\" srcset=\"https:\/\/felix.ares.fm\/wp-content\/uploads\/2016\/08\/IMG_7892.jpg 640w, https:\/\/felix.ares.fm\/wp-content\/uploads\/2016\/08\/IMG_7892-300x225.jpg 300w\" sizes=\"auto, (max-width: 640px) 100vw, 640px\" \/><\/a><figcaption id=\"caption-attachment-9193\" class=\"wp-caption-text\">Una cerveza Alhambra sin alcohol.<\/figcaption><\/figure>\n<p>Con las bebidas nos pusieron unas aceitunas de las que me sorprendi\u00f3 el color verde tan saturado.<\/p>\n<figure id=\"attachment_9189\" aria-describedby=\"caption-attachment-9189\" style=\"width: 640px\" class=\"wp-caption aligncenter\"><a href=\"http:\/\/felix.ares.fm\/?attachment_id=9189\" rel=\"attachment wp-att-9189\"><img loading=\"lazy\" decoding=\"async\" class=\"size-full wp-image-9189\" src=\"http:\/\/felix.ares.fm\/wp-content\/uploads\/2016\/08\/IMG_7888_curv.jpg\" alt=\"Aceitunas.\" width=\"640\" height=\"480\" srcset=\"https:\/\/felix.ares.fm\/wp-content\/uploads\/2016\/08\/IMG_7888_curv.jpg 640w, https:\/\/felix.ares.fm\/wp-content\/uploads\/2016\/08\/IMG_7888_curv-300x225.jpg 300w\" sizes=\"auto, (max-width: 640px) 100vw, 640px\" \/><\/a><figcaption id=\"caption-attachment-9189\" class=\"wp-caption-text\">Aceitunas.<\/figcaption><\/figure>\n<p>Tambi\u00e9n pedimos una tapita de tortilla de patatas.<\/p>\n<figure id=\"attachment_9192\" aria-describedby=\"caption-attachment-9192\" style=\"width: 640px\" class=\"wp-caption aligncenter\"><a href=\"http:\/\/felix.ares.fm\/?attachment_id=9192\" rel=\"attachment wp-att-9192\"><img loading=\"lazy\" decoding=\"async\" class=\"size-full wp-image-9192\" src=\"http:\/\/felix.ares.fm\/wp-content\/uploads\/2016\/08\/IMG_7891.jpg\" alt=\"Tortilla de patatas.\" width=\"640\" height=\"480\" srcset=\"https:\/\/felix.ares.fm\/wp-content\/uploads\/2016\/08\/IMG_7891.jpg 640w, https:\/\/felix.ares.fm\/wp-content\/uploads\/2016\/08\/IMG_7891-300x225.jpg 300w\" sizes=\"auto, (max-width: 640px) 100vw, 640px\" \/><\/a><figcaption id=\"caption-attachment-9192\" class=\"wp-caption-text\">Tortilla de patatas.<\/figcaption><\/figure>\n<p>Y la cuenta:<\/p>\n<figure id=\"attachment_9194\" aria-describedby=\"caption-attachment-9194\" style=\"width: 640px\" class=\"wp-caption aligncenter\"><a href=\"http:\/\/felix.ares.fm\/?attachment_id=9194\" rel=\"attachment wp-att-9194\"><img loading=\"lazy\" decoding=\"async\" class=\"size-full wp-image-9194\" src=\"http:\/\/felix.ares.fm\/wp-content\/uploads\/2016\/08\/IMG_7903_curv.jpg\" alt=\"Cuenta.\" width=\"640\" height=\"480\" srcset=\"https:\/\/felix.ares.fm\/wp-content\/uploads\/2016\/08\/IMG_7903_curv.jpg 640w, https:\/\/felix.ares.fm\/wp-content\/uploads\/2016\/08\/IMG_7903_curv-300x225.jpg 300w\" sizes=\"auto, (max-width: 640px) 100vw, 640px\" \/><\/a><figcaption id=\"caption-attachment-9194\" class=\"wp-caption-text\">Cuenta. Verm\u00fa: 2,35; cerveza 1,80: tapa tortilla espa\u00f1ola: 1,95\u20ac<\/figcaption><\/figure>\n<h4>UBICACI\u00d3N<\/h4>\n<figure id=\"attachment_9195\" aria-describedby=\"caption-attachment-9195\" style=\"width: 640px\" class=\"wp-caption aligncenter\"><a href=\"http:\/\/felix.ares.fm\/?attachment_id=9195\" rel=\"attachment wp-att-9195\"><img loading=\"lazy\" decoding=\"async\" class=\"size-full wp-image-9195\" src=\"http:\/\/felix.ares.fm\/wp-content\/uploads\/2016\/08\/IMG_7886_bb.jpg\" alt=\"D\" width=\"640\" height=\"480\" srcset=\"https:\/\/felix.ares.fm\/wp-content\/uploads\/2016\/08\/IMG_7886_bb.jpg 640w, https:\/\/felix.ares.fm\/wp-content\/uploads\/2016\/08\/IMG_7886_bb-300x225.jpg 300w\" sizes=\"auto, (max-width: 640px) 100vw, 640px\" \/><\/a><figcaption id=\"caption-attachment-9195\" class=\"wp-caption-text\">Autov\u00eda A-92. Km 214, en el pueblo de Moraleda de Zafayona (Granada)<\/figcaption><\/figure>\n<p>El tel\u00e9fono de reservas es el 958 44 30 40<\/p>\n<p>Tambi\u00e9n tienen habitaciones:<\/p>\n<p><a href=\"http:\/\/felix.ares.fm\/?attachment_id=9196\" rel=\"attachment wp-att-9196\"><img loading=\"lazy\" decoding=\"async\" class=\"aligncenter size-full wp-image-9196\" src=\"http:\/\/felix.ares.fm\/wp-content\/uploads\/2016\/08\/IMG_7904_r.jpg\" alt=\"IMG_7904_r\" width=\"480\" height=\"640\" srcset=\"https:\/\/felix.ares.fm\/wp-content\/uploads\/2016\/08\/IMG_7904_r.jpg 480w, https:\/\/felix.ares.fm\/wp-content\/uploads\/2016\/08\/IMG_7904_r-225x300.jpg 225w\" sizes=\"auto, (max-width: 480px) 100vw, 480px\" \/><\/a><\/p>\n<h4>ATENCI\u00d3N<\/h4>\n<p>Muy amable y el camarero nos explic\u00f3 con todo detalle el significado del \u00abTarifa Plana\u00bb y se le ve\u00eda orgulloso de que \u00abha sido una idea de mi jefe\u00bb.<\/p>\n<h4>WIFI<\/h4>\n<p><a href=\"http:\/\/felix.ares.fm\/?attachment_id=8510\" rel=\"attachment wp-att-8510\"><img loading=\"lazy\" decoding=\"async\" class=\"aligncenter size-full wp-image-8510\" src=\"http:\/\/felix.ares.fm\/wp-content\/uploads\/2016\/07\/wifi.jpg\" alt=\"wifi\" width=\"155\" height=\"90\" \/><\/a><\/p>\n<p>Wifi gratuito para los clientes.<\/p>\n<h4>FIN DEL VIAJE<\/h4>\n<p>Unos kil\u00f3metros m\u00e1s y regres\u00e1bamos a donde empezamos la excursi\u00f3n, el 22 de mayo.<\/p>\n<p style=\"text-align: center;\">+ * +<\/p>\n<p><strong>Nota fotos y texto<\/strong>. Salvo las fotos que tienen un agradecimiento espec\u00edfico, como por ejemplo Wikipedia, son nuestras y las licenciamos con<\/p>\n<p><a href=\"http:\/\/creativecommons.org\/licenses\/by\/3.0\/deed.es_ES\" rel=\"license\"><img decoding=\"async\" src=\"http:\/\/i.creativecommons.org\/l\/by\/3.0\/88x31.png\" alt=\"Licencia de Creative Commons\" \/><\/a><br \/>\n<a href=\"viajes.ares.fm\" rel=\"cc:attributionURL\">F\u00e9lix Ares y Maricarmen Garmendia<\/a>\u00a0is licensed under a\u00a0<a href=\"http:\/\/creativecommons.org\/licenses\/by\/3.0\/deed.es_ES\" rel=\"license\">Creative Commons Reconocimiento 3.0 Unported License<\/a>.<br \/>\nCreado a partir de la obra en\u00a0<a href=\"viajes.ares.fm\" rel=\"dct:source\">felix.ares.fm<\/a>.<\/p>\n<p>Contacto con nosotros; el motivo de que no sea una imagen clara es para evitar que los robots la descubran y nos inunden el buz\u00f3n de basura.<\/p>\n<p><a href=\"http:\/\/felix.ares.fm\/?attachment_id=7476\" rel=\"attachment wp-att-7476\"><img loading=\"lazy\" decoding=\"async\" class=\"aligncenter size-full wp-image-7476\" src=\"http:\/\/felix.ares.fm\/wp-content\/uploads\/2016\/02\/tapas.ares_.fm_.2.jpg\" alt=\"tapas.ares.fm.2\" width=\"703\" height=\"499\" srcset=\"https:\/\/felix.ares.fm\/wp-content\/uploads\/2016\/02\/tapas.ares_.fm_.2.jpg 703w, https:\/\/felix.ares.fm\/wp-content\/uploads\/2016\/02\/tapas.ares_.fm_.2-300x213.jpg 300w\" sizes=\"auto, (max-width: 703px) 100vw, 703px\" \/><\/a>[contact_bank form_id=1 show_title=true show_desc=false]<\/p>\n<p>Si quieren que les avisemos por e-mail de las actualizaciones de esta p\u00e1gina, h\u00e1ganos llegar su direcci\u00f3n de e-mail.<\/p>\n","protected":false},"excerpt":{"rendered":"<p>S\u00e1bado 4 de junio de 2016 Continuamos viaje. Simplemente paramos para tomar una bebida y una tapita. Pero nos encontramos con un curioso anuncio. F\u00edjense: \u00abTarifa Plana\u00bb. La entrar vemos una carta donde se ven muchos productos con las letras TP (Tarifa Plana). Preguntamos a ver qu\u00e9 quer\u00eda decir aquello y nos dijeron que usted &hellip; <a href=\"https:\/\/felix.ares.fm\/?p=9175\" class=\"more-link\">Seguir leyendo <span class=\"screen-reader-text\">Parada t\u00e9cnica en \u00e1rea Para\u00edso (Moraleda de Zafayona-Granada)<\/span> <span class=\"meta-nav\">&rarr;<\/span><\/a><\/p>\n","protected":false},"author":1,"featured_media":0,"comment_status":"closed","ping_status":"open","sticky":false,"template":"","format":"standard","meta":{"footnotes":""},"categories":[793,794],"tags":[],"class_list":["post-9175","post","type-post","status-publish","format-standard","hentry","category-moraleda-de-zafayona","category-paraiso-area-de-servicio-cafeteria-hotel-resturante"],"_links":{"self":[{"href":"https:\/\/felix.ares.fm\/index.php?rest_route=\/wp\/v2\/posts\/9175","targetHints":{"allow":["GET"]}}],"collection":[{"href":"https:\/\/felix.ares.fm\/index.php?rest_route=\/wp\/v2\/posts"}],"about":[{"href":"https:\/\/felix.ares.fm\/index.php?rest_route=\/wp\/v2\/types\/post"}],"author":[{"embeddable":true,"href":"https:\/\/felix.ares.fm\/index.php?rest_route=\/wp\/v2\/users\/1"}],"replies":[{"embeddable":true,"href":"https:\/\/felix.ares.fm\/index.php?rest_route=%2Fwp%2Fv2%2Fcomments&post=9175"}],"version-history":[{"count":0,"href":"https:\/\/felix.ares.fm\/index.php?rest_route=\/wp\/v2\/posts\/9175\/revisions"}],"wp:attachment":[{"href":"https:\/\/felix.ares.fm\/index.php?rest_route=%2Fwp%2Fv2%2Fmedia&parent=9175"}],"wp:term":[{"taxonomy":"category","embeddable":true,"href":"https:\/\/felix.ares.fm\/index.php?rest_route=%2Fwp%2Fv2%2Fcategories&post=9175"},{"taxonomy":"post_tag","embeddable":true,"href":"https:\/\/felix.ares.fm\/index.php?rest_route=%2Fwp%2Fv2%2Ftags&post=9175"}],"curies":[{"name":"wp","href":"https:\/\/api.w.org\/{rel}","templated":true}]}}