{"id":9158,"date":"2016-08-20T08:45:49","date_gmt":"2016-08-20T06:45:49","guid":{"rendered":"http:\/\/felix.ares.fm\/?p=9158"},"modified":"2016-08-25T09:04:16","modified_gmt":"2016-08-25T07:04:16","slug":"asociacion-de-jubilados-barco-de-los-delfines","status":"publish","type":"post","link":"https:\/\/felix.ares.fm\/?p=9158","title":{"rendered":"Asociaci\u00f3n de jubilados&#8230; Barco de los delfines"},"content":{"rendered":"<h4>SEGUNDO ANUNCIO<\/h4>\n<p>Ya pueden inscribirse. Para hacerlo pasen por las oficinas en los horarios habituales.<\/p>\n<p class=\"phone\"><a class=\"PaolClick omn_fPhoneCall_0\" href=\"tel:952588776\" rel=\"nofollow\">952588776<\/a><\/p>\n<p class=\"place PaolClick omn_fClickMap_0\" data-target=\"#modalMap\" data-toggle=\"modal\"><a href=\"http:\/\/www.paginasamarillas.es\/f\/fuengirola\/asociacion-de-jubilados-y-pensionistas-de-fuengirola_201362985_000000001.html#\" rel=\"nofollow\">Blanca Paloma, 4. 29640. FUENGIROLA, MALAGA<\/a><\/p>\n<h4>PRIMER ANUNCIO<\/h4>\n<p style=\"text-align: center;\"><span style=\"color: #ff00ff;\">La<span style=\"color: #0000ff;\"><a style=\"color: #0000ff;\" href=\"http:\/\/www.paginasamarillas.es\/f\/fuengirola\/asociacion-de-jubilados-y-pensionistas-de-fuengirola_201362985_000000001.html\"> Asociaci\u00f3n de Jubilados y Pensionistas de Fuengirola<\/a><\/span> ha organizado una excursi\u00f3n para ir a ver delfines. Es una actividad en la que no solo pueden participar los socios; tambi\u00e9n pueden hacerlo los nietos. De hecho se anima a llevar a los nietos.<br \/>\n<\/span><\/p>\n<p>El a\u00f1o pasado ya se hizo y el resultado fue un \u00e9xito, como pod\u00e9is ver en este enlace: <a href=\"http:\/\/viajes.ares.fm\/?p=1025\">http:\/\/viajes.ares.fm\/?p=1025<\/a>. Este a\u00f1o vamos a repetir la experiencia; eso s\u00ed, nadie nos garantiza que veamos a los delfines. Lo m\u00e1s probable es que s\u00ed, pero no es seguro.<\/p>\n<p><a href=\"http:\/\/felix.ares.fm\/?attachment_id=9162\" rel=\"attachment wp-att-9162\"><img loading=\"lazy\" decoding=\"async\" class=\"aligncenter size-full wp-image-9162\" src=\"http:\/\/felix.ares.fm\/wp-content\/uploads\/2016\/08\/anuncio1_2016-1.jpg\" alt=\"anuncio1_2016\" width=\"794\" height=\"1123\" srcset=\"https:\/\/felix.ares.fm\/wp-content\/uploads\/2016\/08\/anuncio1_2016-1.jpg 794w, https:\/\/felix.ares.fm\/wp-content\/uploads\/2016\/08\/anuncio1_2016-1-212x300.jpg 212w, https:\/\/felix.ares.fm\/wp-content\/uploads\/2016\/08\/anuncio1_2016-1-768x1086.jpg 768w, https:\/\/felix.ares.fm\/wp-content\/uploads\/2016\/08\/anuncio1_2016-1-724x1024.jpg 724w\" sizes=\"auto, (max-width: 794px) 100vw, 794px\" \/><\/a>En el enlace que hemos puesto m\u00e1s arriba hay muchas fotos, pero traigo aqu\u00ed unas pocas para que os hag\u00e1is una idea de c\u00f3mo fue la excursi\u00f3n.<\/p>\n<figure id=\"attachment_9169\" aria-describedby=\"caption-attachment-9169\" style=\"width: 640px\" class=\"wp-caption aligncenter\"><a href=\"http:\/\/felix.ares.fm\/?attachment_id=9169\" rel=\"attachment wp-att-9169\"><img loading=\"lazy\" decoding=\"async\" class=\"size-full wp-image-9169\" src=\"http:\/\/felix.ares.fm\/wp-content\/uploads\/2016\/08\/DSC_0003_letrero.jpg\" alt=\"Comenzamos el viaje\" width=\"640\" height=\"430\" srcset=\"https:\/\/felix.ares.fm\/wp-content\/uploads\/2016\/08\/DSC_0003_letrero.jpg 640w, https:\/\/felix.ares.fm\/wp-content\/uploads\/2016\/08\/DSC_0003_letrero-300x202.jpg 300w\" sizes=\"auto, (max-width: 640px) 100vw, 640px\" \/><\/a><figcaption id=\"caption-attachment-9169\" class=\"wp-caption-text\">Comenzamos el viaje<\/figcaption><\/figure>\n<figure id=\"attachment_9165\" aria-describedby=\"caption-attachment-9165\" style=\"width: 621px\" class=\"wp-caption aligncenter\"><a href=\"http:\/\/felix.ares.fm\/?attachment_id=9165\" rel=\"attachment wp-att-9165\"><img loading=\"lazy\" decoding=\"async\" class=\"size-full wp-image-9165\" src=\"http:\/\/felix.ares.fm\/wp-content\/uploads\/2016\/08\/DSC_0009-rrcol.jpg\" alt=\"Delfines a la vista\" width=\"621\" height=\"398\" srcset=\"https:\/\/felix.ares.fm\/wp-content\/uploads\/2016\/08\/DSC_0009-rrcol.jpg 621w, https:\/\/felix.ares.fm\/wp-content\/uploads\/2016\/08\/DSC_0009-rrcol-300x192.jpg 300w\" sizes=\"auto, (max-width: 621px) 100vw, 621px\" \/><\/a><figcaption id=\"caption-attachment-9165\" class=\"wp-caption-text\">Delfines a la vista.<\/figcaption><\/figure>\n<figure id=\"attachment_9166\" aria-describedby=\"caption-attachment-9166\" style=\"width: 640px\" class=\"wp-caption aligncenter\"><a href=\"http:\/\/felix.ares.fm\/?attachment_id=9166\" rel=\"attachment wp-att-9166\"><img loading=\"lazy\" decoding=\"async\" class=\"size-full wp-image-9166\" src=\"http:\/\/felix.ares.fm\/wp-content\/uploads\/2016\/08\/DSC_0018-bb.jpg\" alt=\"Un delf\u00edn muy cerca\" width=\"640\" height=\"430\" srcset=\"https:\/\/felix.ares.fm\/wp-content\/uploads\/2016\/08\/DSC_0018-bb.jpg 640w, https:\/\/felix.ares.fm\/wp-content\/uploads\/2016\/08\/DSC_0018-bb-300x202.jpg 300w\" sizes=\"auto, (max-width: 640px) 100vw, 640px\" \/><\/a><figcaption id=\"caption-attachment-9166\" class=\"wp-caption-text\">Un delf\u00edn muy cerca<\/figcaption><\/figure>\n<figure id=\"attachment_9167\" aria-describedby=\"caption-attachment-9167\" style=\"width: 640px\" class=\"wp-caption aligncenter\"><a href=\"http:\/\/felix.ares.fm\/?attachment_id=9167\" rel=\"attachment wp-att-9167\"><img loading=\"lazy\" decoding=\"async\" class=\"size-full wp-image-9167\" src=\"http:\/\/felix.ares.fm\/wp-content\/uploads\/2016\/08\/DSC_0083.jpg\" alt=\"Final del viaje\" width=\"640\" height=\"430\" srcset=\"https:\/\/felix.ares.fm\/wp-content\/uploads\/2016\/08\/DSC_0083.jpg 640w, https:\/\/felix.ares.fm\/wp-content\/uploads\/2016\/08\/DSC_0083-300x202.jpg 300w\" sizes=\"auto, (max-width: 640px) 100vw, 640px\" \/><\/a><figcaption id=\"caption-attachment-9167\" class=\"wp-caption-text\">Final del viaje.<\/figcaption><\/figure>\n<p style=\"text-align: center;\"><strong>\u00a9<\/strong> Las fotos son de Ram\u00f3n Ram\u00f3n Ma\u00f1osa, salvo las del anuncio que son gentileza de la empresa del Barco de los Delfines (Albor\u00e1nExplorer).<\/p>\n<p style=\"text-align: center;\"><strong>\u00a9<\/strong> El texto es de F\u00e9lix Ares<\/p>\n","protected":false},"excerpt":{"rendered":"<p>SEGUNDO ANUNCIO Ya pueden inscribirse. Para hacerlo pasen por las oficinas en los horarios habituales. 952588776 Blanca Paloma, 4. 29640. FUENGIROLA, MALAGA PRIMER ANUNCIO La Asociaci\u00f3n de Jubilados y Pensionistas de Fuengirola ha organizado una excursi\u00f3n para ir a ver delfines. Es una actividad en la que no solo pueden participar los socios; tambi\u00e9n pueden &hellip; <a href=\"https:\/\/felix.ares.fm\/?p=9158\" class=\"more-link\">Seguir leyendo <span class=\"screen-reader-text\">Asociaci\u00f3n de jubilados&#8230; Barco de los delfines<\/span> <span class=\"meta-nav\">&rarr;<\/span><\/a><\/p>\n","protected":false},"author":1,"featured_media":0,"comment_status":"closed","ping_status":"open","sticky":false,"template":"","format":"standard","meta":{"footnotes":""},"categories":[564,792,791],"tags":[],"class_list":["post-9158","post","type-post","status-publish","format-standard","hentry","category-asociacion-de-jubilados-y-pensionistas-de-fuengirola","category-barco-de-los-delfines","category-delfines"],"_links":{"self":[{"href":"https:\/\/felix.ares.fm\/index.php?rest_route=\/wp\/v2\/posts\/9158","targetHints":{"allow":["GET"]}}],"collection":[{"href":"https:\/\/felix.ares.fm\/index.php?rest_route=\/wp\/v2\/posts"}],"about":[{"href":"https:\/\/felix.ares.fm\/index.php?rest_route=\/wp\/v2\/types\/post"}],"author":[{"embeddable":true,"href":"https:\/\/felix.ares.fm\/index.php?rest_route=\/wp\/v2\/users\/1"}],"replies":[{"embeddable":true,"href":"https:\/\/felix.ares.fm\/index.php?rest_route=%2Fwp%2Fv2%2Fcomments&post=9158"}],"version-history":[{"count":0,"href":"https:\/\/felix.ares.fm\/index.php?rest_route=\/wp\/v2\/posts\/9158\/revisions"}],"wp:attachment":[{"href":"https:\/\/felix.ares.fm\/index.php?rest_route=%2Fwp%2Fv2%2Fmedia&parent=9158"}],"wp:term":[{"taxonomy":"category","embeddable":true,"href":"https:\/\/felix.ares.fm\/index.php?rest_route=%2Fwp%2Fv2%2Fcategories&post=9158"},{"taxonomy":"post_tag","embeddable":true,"href":"https:\/\/felix.ares.fm\/index.php?rest_route=%2Fwp%2Fv2%2Ftags&post=9158"}],"curies":[{"name":"wp","href":"https:\/\/api.w.org\/{rel}","templated":true}]}}