{"id":8543,"date":"2016-07-23T13:04:40","date_gmt":"2016-07-23T11:04:40","guid":{"rendered":"http:\/\/felix.ares.fm\/?p=8543"},"modified":"2016-07-24T08:50:22","modified_gmt":"2016-07-24T06:50:22","slug":"donostia-san-sebastian-bar-restaurante-la-albarca-amara-nuevo","status":"publish","type":"post","link":"https:\/\/felix.ares.fm\/?p=8543","title":{"rendered":"Donostia-San Sebasti\u00e1n: Bar restaurante \u00abLa Albarca\u00bb (Amara Nuevo)"},"content":{"rendered":"<p>En la calle Balleneros, muy cerca del estadio de Anoeta, est\u00e1 el bar-restaurante \u00abLa Albarca\u00bb.<\/p>\n<p>Al estar tan cerca del estadio de Anoeta hay muchos gui\u00f1os a los forofos del equipo de f\u00fatbol de la \u00abReal Sociedad\u00bb. Por ejemplo, veamos la fachada:<\/p>\n<figure id=\"attachment_8545\" aria-describedby=\"caption-attachment-8545\" style=\"width: 640px\" class=\"wp-caption aligncenter\"><a href=\"http:\/\/felix.ares.fm\/?attachment_id=8545\" rel=\"attachment wp-att-8545\"><img loading=\"lazy\" decoding=\"async\" class=\"size-full wp-image-8545\" src=\"http:\/\/felix.ares.fm\/wp-content\/uploads\/2016\/07\/1IMG_6986.jpg\" alt=\"La Albarca. Los colores son el blanco y el azul: los colores de la Real Sociedad de f\u00fatbol.\" width=\"640\" height=\"480\" srcset=\"https:\/\/felix.ares.fm\/wp-content\/uploads\/2016\/07\/1IMG_6986.jpg 640w, https:\/\/felix.ares.fm\/wp-content\/uploads\/2016\/07\/1IMG_6986-300x225.jpg 300w\" sizes=\"auto, (max-width: 640px) 100vw, 640px\" \/><\/a><figcaption id=\"caption-attachment-8545\" class=\"wp-caption-text\">La Albarca. Los colores son el blanco y el azul: los colores de la Real Sociedad de f\u00fatbol.<\/figcaption><\/figure>\n<p>Una vez que entramos en el establecimiento, siguen los \u00abgui\u00f1os\u00bb a la Real Sociedad.<\/p>\n<figure id=\"attachment_8546\" aria-describedby=\"caption-attachment-8546\" style=\"width: 640px\" class=\"wp-caption aligncenter\"><a href=\"http:\/\/felix.ares.fm\/?attachment_id=8546\" rel=\"attachment wp-att-8546\"><img loading=\"lazy\" decoding=\"async\" class=\"size-full wp-image-8546\" src=\"http:\/\/felix.ares.fm\/wp-content\/uploads\/2016\/07\/2IMG_6965.jpg\" alt=\"Al fondo los letreros de apoyo a la Real Sociedad.\" width=\"640\" height=\"480\" srcset=\"https:\/\/felix.ares.fm\/wp-content\/uploads\/2016\/07\/2IMG_6965.jpg 640w, https:\/\/felix.ares.fm\/wp-content\/uploads\/2016\/07\/2IMG_6965-300x225.jpg 300w\" sizes=\"auto, (max-width: 640px) 100vw, 640px\" \/><\/a><figcaption id=\"caption-attachment-8546\" class=\"wp-caption-text\">Al fondo los letreros de apoyo a la Real Sociedad.<\/figcaption><\/figure>\n<p>Les ruego que se fijen en esta foto. El mostrador est\u00e1 lleno de los t\u00edpicos pinchos donostiarras con alguna especialidad canaria.<\/p>\n<p>F\u00edjense en el suelo: hay bastantes papeles. Desde la perspectiva de Fuengirola, es una marranada. En Fuengirola los suelos de los bares siempre est\u00e1n limpios. Probablemente por la gran cantidad de ciudadanos n\u00f3rdicos que viven all\u00ed y a los que los papeles en el suelo les parece una marranada. A mi tambi\u00e9n me lo parecen.<\/p>\n<p>En Donostia he visto que nada m\u00e1s abrir, el camarero echaba al suelo papeles y serr\u00edn para dar la sensaci\u00f3n de que hab\u00eda habido muchos clientes <strong>antes<\/strong>. Una marranada, pero un anuncio: aqu\u00ed viene gente a consumir y si lo hacen es que nuestro producto es bueno. Y generalmente lo es.<\/p>\n<p>Prefirir\u00eda lo de Fuengirola: suelos limpios. Pero entiendo las motivaciones.<\/p>\n<p>Tambi\u00e9n entiendo lo de que los pinchos est\u00e9n en la barra sin protecci\u00f3n. Probablemente desde un punto de vista higi\u00e9nico es malo, pero \u00bfa qu\u00e9 le apetece alargar la mano y coger uno de ellos?<\/p>\n<p>El local de La Alberca, con sus colores de madera, tiene un cierto sabor a lo de antes.<\/p>\n<figure id=\"attachment_8548\" aria-describedby=\"caption-attachment-8548\" style=\"width: 640px\" class=\"wp-caption aligncenter\"><a href=\"http:\/\/felix.ares.fm\/?attachment_id=8548\" rel=\"attachment wp-att-8548\"><img loading=\"lazy\" decoding=\"async\" class=\"size-full wp-image-8548\" src=\"http:\/\/felix.ares.fm\/wp-content\/uploads\/2016\/07\/IMG_6971_bb_2.jpg\" alt=\"Tienen productos canarios.\" width=\"640\" height=\"480\" srcset=\"https:\/\/felix.ares.fm\/wp-content\/uploads\/2016\/07\/IMG_6971_bb_2.jpg 640w, https:\/\/felix.ares.fm\/wp-content\/uploads\/2016\/07\/IMG_6971_bb_2-300x225.jpg 300w\" sizes=\"auto, (max-width: 640px) 100vw, 640px\" \/><\/a><figcaption id=\"caption-attachment-8548\" class=\"wp-caption-text\">Tienen productos canarios.<\/figcaption><\/figure>\n<p><a href=\"http:\/\/felix.ares.fm\/?attachment_id=8549\" rel=\"attachment wp-att-8549\"><img loading=\"lazy\" decoding=\"async\" class=\"aligncenter size-full wp-image-8549\" src=\"http:\/\/felix.ares.fm\/wp-content\/uploads\/2016\/07\/IMG_6972.jpg\" alt=\"IMG_6972\" width=\"640\" height=\"480\" srcset=\"https:\/\/felix.ares.fm\/wp-content\/uploads\/2016\/07\/IMG_6972.jpg 640w, https:\/\/felix.ares.fm\/wp-content\/uploads\/2016\/07\/IMG_6972-300x225.jpg 300w\" sizes=\"auto, (max-width: 640px) 100vw, 640px\" \/><\/a><\/p>\n<p>La carta es excelente:<\/p>\n<p><a href=\"http:\/\/felix.ares.fm\/?attachment_id=8550\" rel=\"attachment wp-att-8550\"><img loading=\"lazy\" decoding=\"async\" class=\"aligncenter size-full wp-image-8550\" src=\"http:\/\/felix.ares.fm\/wp-content\/uploads\/2016\/07\/IMG_6967_pers.jpg\" alt=\"IMG_6967_pers\" width=\"360\" height=\"480\" srcset=\"https:\/\/felix.ares.fm\/wp-content\/uploads\/2016\/07\/IMG_6967_pers.jpg 360w, https:\/\/felix.ares.fm\/wp-content\/uploads\/2016\/07\/IMG_6967_pers-225x300.jpg 225w\" sizes=\"auto, (max-width: 360px) 100vw, 360px\" \/><\/a><\/p>\n<p>Veamos alg\u00fan detalle.<\/p>\n<figure id=\"attachment_8551\" aria-describedby=\"caption-attachment-8551\" style=\"width: 360px\" class=\"wp-caption aligncenter\"><a href=\"http:\/\/felix.ares.fm\/?attachment_id=8551\" rel=\"attachment wp-att-8551\"><img loading=\"lazy\" decoding=\"async\" class=\"wp-image-8551 size-full\" src=\"http:\/\/felix.ares.fm\/wp-content\/uploads\/2016\/07\/IMG_6968_bb.jpg\" alt=\"IMG_6968_bb\" width=\"360\" height=\"480\" srcset=\"https:\/\/felix.ares.fm\/wp-content\/uploads\/2016\/07\/IMG_6968_bb.jpg 360w, https:\/\/felix.ares.fm\/wp-content\/uploads\/2016\/07\/IMG_6968_bb-225x300.jpg 225w\" sizes=\"auto, (max-width: 360px) 100vw, 360px\" \/><\/a><figcaption id=\"caption-attachment-8551\" class=\"wp-caption-text\">Bocadillo de tortilla de patatas 4,50\u20ac. Tortilla de jam\u00f3n y chorizo 5\u20ac&#8230;<\/figcaption><\/figure>\n<p>Veamos el apartado de pinchos:<\/p>\n<figure id=\"attachment_8552\" aria-describedby=\"caption-attachment-8552\" style=\"width: 640px\" class=\"wp-caption aligncenter\"><a href=\"http:\/\/felix.ares.fm\/?attachment_id=8552\" rel=\"attachment wp-att-8552\"><img loading=\"lazy\" decoding=\"async\" class=\"wp-image-8552 size-full\" src=\"http:\/\/felix.ares.fm\/wp-content\/uploads\/2016\/07\/IMG_6970_bb.jpg\" alt=\"IMG_6970_bb\" width=\"640\" height=\"480\" srcset=\"https:\/\/felix.ares.fm\/wp-content\/uploads\/2016\/07\/IMG_6970_bb.jpg 640w, https:\/\/felix.ares.fm\/wp-content\/uploads\/2016\/07\/IMG_6970_bb-300x225.jpg 300w\" sizes=\"auto, (max-width: 640px) 100vw, 640px\" \/><\/a><figcaption id=\"caption-attachment-8552\" class=\"wp-caption-text\">Chorizo de Potes dulce o picante 3\u20ac. Alb\u00f3ndiga 2\u20ac&#8230;<\/figcaption><\/figure>\n<p>\u00bfBarato, caro? Ah\u00ed est\u00e1n los precios. Ustedes deciden.<\/p>\n<p>Pedimos unas cuantas cosas. Pero la verdad es que se nos han olvidado los nombres.<\/p>\n<figure id=\"attachment_8553\" aria-describedby=\"caption-attachment-8553\" style=\"width: 640px\" class=\"wp-caption aligncenter\"><a href=\"http:\/\/felix.ares.fm\/?attachment_id=8553\" rel=\"attachment wp-att-8553\"><img loading=\"lazy\" decoding=\"async\" class=\"size-full wp-image-8553\" src=\"http:\/\/felix.ares.fm\/wp-content\/uploads\/2016\/07\/IMG_6973.jpg\" alt=\"No s\u00e9 lo que es\" width=\"640\" height=\"480\" srcset=\"https:\/\/felix.ares.fm\/wp-content\/uploads\/2016\/07\/IMG_6973.jpg 640w, https:\/\/felix.ares.fm\/wp-content\/uploads\/2016\/07\/IMG_6973-300x225.jpg 300w\" sizes=\"auto, (max-width: 640px) 100vw, 640px\" \/><\/a><figcaption id=\"caption-attachment-8553\" class=\"wp-caption-text\">No s\u00e9 lo que es.<\/figcaption><\/figure>\n<figure id=\"attachment_8554\" aria-describedby=\"caption-attachment-8554\" style=\"width: 640px\" class=\"wp-caption aligncenter\"><a href=\"http:\/\/felix.ares.fm\/?attachment_id=8554\" rel=\"attachment wp-att-8554\"><img loading=\"lazy\" decoding=\"async\" class=\"wp-image-8554 size-full\" src=\"http:\/\/felix.ares.fm\/wp-content\/uploads\/2016\/07\/IMG_6974_bb.jpg\" alt=\"IMG_6974_bb\" width=\"640\" height=\"480\" srcset=\"https:\/\/felix.ares.fm\/wp-content\/uploads\/2016\/07\/IMG_6974_bb.jpg 640w, https:\/\/felix.ares.fm\/wp-content\/uploads\/2016\/07\/IMG_6974_bb-300x225.jpg 300w\" sizes=\"auto, (max-width: 640px) 100vw, 640px\" \/><\/a><figcaption id=\"caption-attachment-8554\" class=\"wp-caption-text\">Pintxo con at\u00fan, mayonesa, guindilla y anchoa<\/figcaption><\/figure>\n<figure id=\"attachment_8555\" aria-describedby=\"caption-attachment-8555\" style=\"width: 640px\" class=\"wp-caption aligncenter\"><a href=\"http:\/\/felix.ares.fm\/?attachment_id=8555\" rel=\"attachment wp-att-8555\"><img loading=\"lazy\" decoding=\"async\" class=\"size-full wp-image-8555\" src=\"http:\/\/felix.ares.fm\/wp-content\/uploads\/2016\/07\/IMG_6975.jpg\" alt=\"Berenjena rellena\" width=\"640\" height=\"480\" srcset=\"https:\/\/felix.ares.fm\/wp-content\/uploads\/2016\/07\/IMG_6975.jpg 640w, https:\/\/felix.ares.fm\/wp-content\/uploads\/2016\/07\/IMG_6975-300x225.jpg 300w\" sizes=\"auto, (max-width: 640px) 100vw, 640px\" \/><\/a><figcaption id=\"caption-attachment-8555\" class=\"wp-caption-text\">Berenjena rellena con jam\u00f3n y queso.<\/figcaption><\/figure>\n<figure id=\"attachment_8556\" aria-describedby=\"caption-attachment-8556\" style=\"width: 640px\" class=\"wp-caption aligncenter\"><a href=\"http:\/\/felix.ares.fm\/?attachment_id=8556\" rel=\"attachment wp-att-8556\"><img loading=\"lazy\" decoding=\"async\" class=\"size-full wp-image-8556\" src=\"http:\/\/felix.ares.fm\/wp-content\/uploads\/2016\/07\/IMG_6976.jpg\" alt=\"La berenjenas rellenas\" width=\"640\" height=\"480\" srcset=\"https:\/\/felix.ares.fm\/wp-content\/uploads\/2016\/07\/IMG_6976.jpg 640w, https:\/\/felix.ares.fm\/wp-content\/uploads\/2016\/07\/IMG_6976-300x225.jpg 300w\" sizes=\"auto, (max-width: 640px) 100vw, 640px\" \/><\/a><figcaption id=\"caption-attachment-8556\" class=\"wp-caption-text\">La berenjenas rellenas<\/figcaption><\/figure>\n<figure id=\"attachment_8557\" aria-describedby=\"caption-attachment-8557\" style=\"width: 640px\" class=\"wp-caption aligncenter\"><a href=\"http:\/\/felix.ares.fm\/?attachment_id=8557\" rel=\"attachment wp-att-8557\"><img loading=\"lazy\" decoding=\"async\" class=\"size-full wp-image-8557\" src=\"http:\/\/felix.ares.fm\/wp-content\/uploads\/2016\/07\/IMG_6977_curv.jpg\" alt=\"Rollito de jam\u00f3n de york relleno\" width=\"640\" height=\"480\" srcset=\"https:\/\/felix.ares.fm\/wp-content\/uploads\/2016\/07\/IMG_6977_curv.jpg 640w, https:\/\/felix.ares.fm\/wp-content\/uploads\/2016\/07\/IMG_6977_curv-300x225.jpg 300w\" sizes=\"auto, (max-width: 640px) 100vw, 640px\" \/><\/a><figcaption id=\"caption-attachment-8557\" class=\"wp-caption-text\">Rollito de jam\u00f3n de York relleno<\/figcaption><\/figure>\n<figure id=\"attachment_8558\" aria-describedby=\"caption-attachment-8558\" style=\"width: 640px\" class=\"wp-caption aligncenter\"><a href=\"http:\/\/felix.ares.fm\/?attachment_id=8558\" rel=\"attachment wp-att-8558\"><img loading=\"lazy\" decoding=\"async\" class=\"size-full wp-image-8558\" src=\"http:\/\/felix.ares.fm\/wp-content\/uploads\/2016\/07\/IMG_6978_bb.jpg\" alt=\"hUEVOS RELLENOSD.\" width=\"640\" height=\"480\" srcset=\"https:\/\/felix.ares.fm\/wp-content\/uploads\/2016\/07\/IMG_6978_bb.jpg 640w, https:\/\/felix.ares.fm\/wp-content\/uploads\/2016\/07\/IMG_6978_bb-300x225.jpg 300w\" sizes=\"auto, (max-width: 640px) 100vw, 640px\" \/><\/a><figcaption id=\"caption-attachment-8558\" class=\"wp-caption-text\">Huevos rellenos.<\/figcaption><\/figure>\n<figure id=\"attachment_8559\" aria-describedby=\"caption-attachment-8559\" style=\"width: 640px\" class=\"wp-caption aligncenter\"><a href=\"http:\/\/felix.ares.fm\/?attachment_id=8559\" rel=\"attachment wp-att-8559\"><img loading=\"lazy\" decoding=\"async\" class=\"size-full wp-image-8559\" src=\"http:\/\/felix.ares.fm\/wp-content\/uploads\/2016\/07\/IMG_6979_bb.jpg\" alt=\"\u00bfGambas rebozadas?\" width=\"640\" height=\"480\" srcset=\"https:\/\/felix.ares.fm\/wp-content\/uploads\/2016\/07\/IMG_6979_bb.jpg 640w, https:\/\/felix.ares.fm\/wp-content\/uploads\/2016\/07\/IMG_6979_bb-300x225.jpg 300w\" sizes=\"auto, (max-width: 640px) 100vw, 640px\" \/><\/a><figcaption id=\"caption-attachment-8559\" class=\"wp-caption-text\">\u00bfGambas rebozadas?<\/figcaption><\/figure>\n<figure id=\"attachment_8560\" aria-describedby=\"caption-attachment-8560\" style=\"width: 640px\" class=\"wp-caption aligncenter\"><a href=\"http:\/\/felix.ares.fm\/?attachment_id=8560\" rel=\"attachment wp-att-8560\"><img loading=\"lazy\" decoding=\"async\" class=\"size-full wp-image-8560\" src=\"http:\/\/felix.ares.fm\/wp-content\/uploads\/2016\/07\/IMG_6980_bb.jpg\" alt=\"Ensaqlada de pulpo.\" width=\"640\" height=\"480\" srcset=\"https:\/\/felix.ares.fm\/wp-content\/uploads\/2016\/07\/IMG_6980_bb.jpg 640w, https:\/\/felix.ares.fm\/wp-content\/uploads\/2016\/07\/IMG_6980_bb-300x225.jpg 300w\" sizes=\"auto, (max-width: 640px) 100vw, 640px\" \/><\/a><figcaption id=\"caption-attachment-8560\" class=\"wp-caption-text\">Ensalada de pulpo.<\/figcaption><\/figure>\n<figure id=\"attachment_8561\" aria-describedby=\"caption-attachment-8561\" style=\"width: 640px\" class=\"wp-caption aligncenter\"><a href=\"http:\/\/felix.ares.fm\/?attachment_id=8561\" rel=\"attachment wp-att-8561\"><img loading=\"lazy\" decoding=\"async\" class=\"size-full wp-image-8561\" src=\"http:\/\/felix.ares.fm\/wp-content\/uploads\/2016\/07\/IMG_6984.jpg\" alt=\"Guindilla con anchoa.\" width=\"640\" height=\"480\" srcset=\"https:\/\/felix.ares.fm\/wp-content\/uploads\/2016\/07\/IMG_6984.jpg 640w, https:\/\/felix.ares.fm\/wp-content\/uploads\/2016\/07\/IMG_6984-300x225.jpg 300w\" sizes=\"auto, (max-width: 640px) 100vw, 640px\" \/><\/a><figcaption id=\"caption-attachment-8561\" class=\"wp-caption-text\">Guindilla con anchoa.<\/figcaption><\/figure>\n<h4>UBICACI\u00d3N<\/h4>\n<p>Calle Balleneros 19<\/p>\n<p>Cerca del Estadio de Anoeta.<\/p>\n<p>Tel: 943 44 62 10<\/p>\n<h4>ATENCI\u00d3N<\/h4>\n<p>Siempre Correcta.<\/p>\n<h4>WIFI gratuita<\/h4>\n<p>S\u00ed.<\/p>\n<h4><a href=\"http:\/\/felix.ares.fm\/?attachment_id=8510\" rel=\"attachment wp-att-8510\"><img loading=\"lazy\" decoding=\"async\" class=\"aligncenter size-full wp-image-8510\" src=\"http:\/\/felix.ares.fm\/wp-content\/uploads\/2016\/07\/wifi.jpg\" alt=\"wifi\" width=\"155\" height=\"90\" \/><\/a>NUEVOS ESTABLECIMIENTOS.<\/h4>\n<p>Como han podido ver aqu\u00ed ponemos establecimientos que nos gustan o que han gustado anuestros amigos.<\/p>\n<p>Si uested es tan amable de enviarnos fotos &#8211;con el permiso de publicaci\u00f3n&#8211; y una lista de precios, estaremos encantados de ponerlo en este blog. Les rogamos que tengan en cuenta que debe ser desde la vista de Fuengirola, donde viven 120 nacionalidades. Destacando la inglesa, alemana y, sorprendentemente, la finesa.<\/p>\n<p style=\"text-align: center;\">***<\/p>\n<p><strong>Nota fotos y texto<\/strong>. Salvo las fotos que tienen un agradecimiento espec\u00edfico, como por ejemplo Wikipedia, son nuestras y las licenciamos con<\/p>\n<p><a href=\"http:\/\/creativecommons.org\/licenses\/by\/3.0\/deed.es_ES\" rel=\"license\"><img decoding=\"async\" src=\"http:\/\/i.creativecommons.org\/l\/by\/3.0\/88x31.png\" alt=\"Licencia de Creative Commons\" \/><\/a><br \/>\n<a href=\"viajes.ares.fm\" rel=\"cc:attributionURL\">F\u00e9lix Ares y Maricarmen Garmendia<\/a>\u00a0is licensed under a\u00a0<a href=\"http:\/\/creativecommons.org\/licenses\/by\/3.0\/deed.es_ES\" rel=\"license\">Creative Commons Reconocimiento 3.0 Unported License<\/a>.<br \/>\nCreado a partir de la obra en\u00a0<a href=\"viajes.ares.fm\" rel=\"dct:source\">felix.ares.fm<\/a>.<\/p>\n<p>Contacto con nosotros; el motivo de que no sea una imagen clara es para evitar que los robots la descubran y nos inunden el buz\u00f3n de basura.<\/p>\n<p><a href=\"http:\/\/felix.ares.fm\/?attachment_id=7476\" rel=\"attachment wp-att-7476\"><img loading=\"lazy\" decoding=\"async\" class=\"aligncenter size-full wp-image-7476\" src=\"http:\/\/felix.ares.fm\/wp-content\/uploads\/2016\/02\/tapas.ares_.fm_.2.jpg\" alt=\"tapas.ares.fm.2\" width=\"703\" height=\"499\" srcset=\"https:\/\/felix.ares.fm\/wp-content\/uploads\/2016\/02\/tapas.ares_.fm_.2.jpg 703w, https:\/\/felix.ares.fm\/wp-content\/uploads\/2016\/02\/tapas.ares_.fm_.2-300x213.jpg 300w\" sizes=\"auto, (max-width: 703px) 100vw, 703px\" \/><\/a>[contact_bank form_id=1 show_title=true show_desc=false]<\/p>\n<p>Si quieren que les avisemos por e-mail de las actualizaciones de esta p\u00e1gina, h\u00e1ganos llegar su direcci\u00f3n de e-mail.<\/p>\n","protected":false},"excerpt":{"rendered":"<p>En la calle Balleneros, muy cerca del estadio de Anoeta, est\u00e1 el bar-restaurante \u00abLa Albarca\u00bb. Al estar tan cerca del estadio de Anoeta hay muchos gui\u00f1os a los forofos del equipo de f\u00fatbol de la \u00abReal Sociedad\u00bb. Por ejemplo, veamos la fachada: Una vez que entramos en el establecimiento, siguen los \u00abgui\u00f1os\u00bb a la Real &hellip; <a href=\"https:\/\/felix.ares.fm\/?p=8543\" class=\"more-link\">Seguir leyendo <span class=\"screen-reader-text\">Donostia-San Sebasti\u00e1n: Bar restaurante \u00abLa Albarca\u00bb (Amara Nuevo)<\/span> <span class=\"meta-nav\">&rarr;<\/span><\/a><\/p>\n","protected":false},"author":1,"featured_media":0,"comment_status":"closed","ping_status":"open","sticky":false,"template":"","format":"standard","meta":{"footnotes":""},"categories":[727,742],"tags":[],"class_list":["post-8543","post","type-post","status-publish","format-standard","hentry","category-donostia-san-sebastian","category-la-albarca"],"_links":{"self":[{"href":"https:\/\/felix.ares.fm\/index.php?rest_route=\/wp\/v2\/posts\/8543","targetHints":{"allow":["GET"]}}],"collection":[{"href":"https:\/\/felix.ares.fm\/index.php?rest_route=\/wp\/v2\/posts"}],"about":[{"href":"https:\/\/felix.ares.fm\/index.php?rest_route=\/wp\/v2\/types\/post"}],"author":[{"embeddable":true,"href":"https:\/\/felix.ares.fm\/index.php?rest_route=\/wp\/v2\/users\/1"}],"replies":[{"embeddable":true,"href":"https:\/\/felix.ares.fm\/index.php?rest_route=%2Fwp%2Fv2%2Fcomments&post=8543"}],"version-history":[{"count":0,"href":"https:\/\/felix.ares.fm\/index.php?rest_route=\/wp\/v2\/posts\/8543\/revisions"}],"wp:attachment":[{"href":"https:\/\/felix.ares.fm\/index.php?rest_route=%2Fwp%2Fv2%2Fmedia&parent=8543"}],"wp:term":[{"taxonomy":"category","embeddable":true,"href":"https:\/\/felix.ares.fm\/index.php?rest_route=%2Fwp%2Fv2%2Fcategories&post=8543"},{"taxonomy":"post_tag","embeddable":true,"href":"https:\/\/felix.ares.fm\/index.php?rest_route=%2Fwp%2Fv2%2Ftags&post=8543"}],"curies":[{"name":"wp","href":"https:\/\/api.w.org\/{rel}","templated":true}]}}