{"id":8005,"date":"2016-06-10T09:46:53","date_gmt":"2016-06-10T07:46:53","guid":{"rendered":"http:\/\/felix.ares.fm\/?p=8005"},"modified":"2023-08-10T18:01:00","modified_gmt":"2023-08-10T16:01:00","slug":"escapada-a-asturias-con-viajes-nevada-2-covadonga-cangas-de-onis-llanes-y-ribadesella","status":"publish","type":"post","link":"https:\/\/felix.ares.fm\/?p=8005","title":{"rendered":"Escapada a Asturias con viajes Nevada. 2) Covadonga, Cangas de On\u00eds, Llanes y Ribadesella"},"content":{"rendered":"<h3>Martes 17 de mayo de 2016<\/h3>\n<figure id=\"attachment_8010\" aria-describedby=\"caption-attachment-8010\" style=\"width: 640px\" class=\"wp-caption aligncenter\"><a href=\"http:\/\/felix.ares.fm\/?attachment_id=8010\" rel=\"attachment wp-att-8010\"><img loading=\"lazy\" decoding=\"async\" class=\"size-full wp-image-8010\" src=\"http:\/\/felix.ares.fm\/wp-content\/uploads\/2016\/06\/covadonga-cangas-llanes-ribadesella.jpg\" alt=\"Plan de viaje. Plano gentileza de Google Maps.\" width=\"640\" height=\"301\" srcset=\"https:\/\/felix.ares.fm\/wp-content\/uploads\/2016\/06\/covadonga-cangas-llanes-ribadesella.jpg 640w, https:\/\/felix.ares.fm\/wp-content\/uploads\/2016\/06\/covadonga-cangas-llanes-ribadesella-300x141.jpg 300w\" sizes=\"auto, (max-width: 640px) 100vw, 640px\" \/><\/a><figcaption id=\"caption-attachment-8010\" class=\"wp-caption-text\">Plan de viaje. Plano gentileza de Google Maps. A las 2h31 minutos hay que a\u00f1adir lo que se tarda desde Ribadesella a Gij\u00f3n y hay que tener en cuenta que los tiempos est\u00e1n previstos para coche, no para autob\u00fas. Desde Ribadesella a Gij\u00f3n hay 62 km y el tiempo estimado es de 46 minutos.<\/figcaption><\/figure>\n<p>Tras desayuna en el hotel Tryp de Gij\u00f3n, emprendimos viaje hacia Covadonga.<\/p>\n<h3>COVADONGA<\/h3>\n<p><a href=\"https:\/\/es.wikipedia.org\/wiki\/Covadonga\">Covadonga<\/a> es un lugar emblem\u00e1tico para Asturias y para toda Espa\u00f1a, pues all\u00ed fue donde empez\u00f3 lo que se ha llamado \u00abReconquista\u00bb; es decir, la lucha de los cristianos contra los isl\u00e1micos de la Pen\u00ednsula Ib\u00e9rica. Podr\u00edamos decir que all\u00ed empez\u00f3 a germinar la Espa\u00f1a actual.<\/p>\n<p>Seguimos a la Wikipedia: \u00abSeg\u00fan la tradici\u00f3n, la Virgen ayud\u00f3 a los cristianos capitaneados por <a title=\"Don Pelayo\" href=\"https:\/\/es.wikipedia.org\/wiki\/Don_Pelayo\">Don Pelayo<\/a>, provocando un desprendimiento de rocas en la conocida como <a title=\"Batalla de Covadonga\" href=\"https:\/\/es.wikipedia.org\/wiki\/Batalla_de_Covadonga\">batalla de Covadonga<\/a>, que diezm\u00f3 el ej\u00e9rcito \u00e1rabe. Esta victoria es legendariamente considerada como el inicio de la <a title=\"Reconquista\" href=\"https:\/\/es.wikipedia.org\/wiki\/Reconquista\">Reconquista<\/a> y la reinstauraci\u00f3n de los reyes cristianos en la Pen\u00ednsula.\u00bb<\/p>\n<p>El elemento central del Santuario de Covadonga es la cueva, dentro de la cual se encuentra una capilla en la que se muestra la imagen de la virgen; aunque no se trata de la pieza original, que se perdi\u00f3 en un incendio sino de una imagen del siglo XVI.<\/p>\n<figure id=\"attachment_8012\" aria-describedby=\"caption-attachment-8012\" style=\"width: 633px\" class=\"wp-caption aligncenter\"><a href=\"http:\/\/felix.ares.fm\/?attachment_id=8012\" rel=\"attachment wp-att-8012\"><img loading=\"lazy\" decoding=\"async\" class=\"wp-image-8012 size-full\" src=\"http:\/\/felix.ares.fm\/wp-content\/uploads\/2016\/06\/IMG_5632_pers_r.jpg\" alt=\"IMG_5632_pers_r\" width=\"633\" height=\"480\" srcset=\"https:\/\/felix.ares.fm\/wp-content\/uploads\/2016\/06\/IMG_5632_pers_r.jpg 633w, https:\/\/felix.ares.fm\/wp-content\/uploads\/2016\/06\/IMG_5632_pers_r-300x227.jpg 300w\" sizes=\"auto, (max-width: 633px) 100vw, 633px\" \/><\/a><figcaption id=\"caption-attachment-8012\" class=\"wp-caption-text\">La cueva y la capilla.<\/figcaption><\/figure>\n<p>En el complejo tambi\u00e9n se encuentra el Monasterio de San Pedro, que hoy se usa como lugar de ejercicios espirituales, museos, etc, y la bas\u00edlica Santa Mar\u00eda la Real de Covadonga, del siglo XIX.<\/p>\n<figure id=\"attachment_8014\" aria-describedby=\"caption-attachment-8014\" style=\"width: 640px\" class=\"wp-caption aligncenter\"><a href=\"http:\/\/felix.ares.fm\/?attachment_id=8014\" rel=\"attachment wp-att-8014\"><img loading=\"lazy\" decoding=\"async\" class=\"size-full wp-image-8014\" src=\"http:\/\/felix.ares.fm\/wp-content\/uploads\/2016\/06\/IMG_5627_rr_pers.jpg\" alt=\"Desde la cueva, al fondo, la Bas\u00edlica.\" width=\"640\" height=\"457\" srcset=\"https:\/\/felix.ares.fm\/wp-content\/uploads\/2016\/06\/IMG_5627_rr_pers.jpg 640w, https:\/\/felix.ares.fm\/wp-content\/uploads\/2016\/06\/IMG_5627_rr_pers-300x214.jpg 300w\" sizes=\"auto, (max-width: 640px) 100vw, 640px\" \/><\/a><figcaption id=\"caption-attachment-8014\" class=\"wp-caption-text\">Desde la cueva, al fondo, la Bas\u00edlica.<\/figcaption><\/figure>\n<figure id=\"attachment_8011\" aria-describedby=\"caption-attachment-8011\" style=\"width: 640px\" class=\"wp-caption aligncenter\"><a href=\"http:\/\/felix.ares.fm\/?attachment_id=8011\" rel=\"attachment wp-att-8011\"><img loading=\"lazy\" decoding=\"async\" class=\"size-full wp-image-8011\" src=\"http:\/\/felix.ares.fm\/wp-content\/uploads\/2016\/06\/IMG_5662_col_enn.jpg\" alt=\"Detalle en el interior de la Bas\u00edlica.\" width=\"640\" height=\"480\" srcset=\"https:\/\/felix.ares.fm\/wp-content\/uploads\/2016\/06\/IMG_5662_col_enn.jpg 640w, https:\/\/felix.ares.fm\/wp-content\/uploads\/2016\/06\/IMG_5662_col_enn-300x225.jpg 300w\" sizes=\"auto, (max-width: 640px) 100vw, 640px\" \/><\/a><figcaption id=\"caption-attachment-8011\" class=\"wp-caption-text\">Detalle en el interior de la Bas\u00edlica.<\/figcaption><\/figure>\n<figure id=\"attachment_8015\" aria-describedby=\"caption-attachment-8015\" style=\"width: 480px\" class=\"wp-caption aligncenter\"><a href=\"http:\/\/felix.ares.fm\/?attachment_id=8015\" rel=\"attachment wp-att-8015\"><img loading=\"lazy\" decoding=\"async\" class=\"size-full wp-image-8015\" src=\"http:\/\/felix.ares.fm\/wp-content\/uploads\/2016\/06\/IMG_5664-e1465537785331.jpg\" alt=\"Virgen con ni\u00f1o del escultor mas\u00f3.\" width=\"480\" height=\"640\" srcset=\"https:\/\/felix.ares.fm\/wp-content\/uploads\/2016\/06\/IMG_5664-e1465537785331.jpg 480w, https:\/\/felix.ares.fm\/wp-content\/uploads\/2016\/06\/IMG_5664-e1465537785331-225x300.jpg 225w\" sizes=\"auto, (max-width: 480px) 100vw, 480px\" \/><\/a><figcaption id=\"caption-attachment-8015\" class=\"wp-caption-text\"><a href=\"http:\/\/costalerosdeoviedo.blogspot.com.es\/2012\/09\/la-otra-virgen-de-covadonga.html\">Virgen con ni\u00f1o<\/a> del escultor Juan Sams\u00f3.<\/figcaption><\/figure>\n<p>Enfrente de la Bas\u00edlica est\u00e1 la estatua de Don Pelayo. El primer rey de Asturias.<\/p>\n<figure id=\"attachment_8016\" aria-describedby=\"caption-attachment-8016\" style=\"width: 640px\" class=\"wp-caption aligncenter\"><a href=\"http:\/\/felix.ares.fm\/?attachment_id=8016\" rel=\"attachment wp-att-8016\"><img loading=\"lazy\" decoding=\"async\" class=\"size-full wp-image-8016\" src=\"http:\/\/felix.ares.fm\/wp-content\/uploads\/2016\/06\/IMG_5666.jpg\" alt=\"Estatua de Don Pelayo.\" width=\"640\" height=\"480\" srcset=\"https:\/\/felix.ares.fm\/wp-content\/uploads\/2016\/06\/IMG_5666.jpg 640w, https:\/\/felix.ares.fm\/wp-content\/uploads\/2016\/06\/IMG_5666-300x225.jpg 300w\" sizes=\"auto, (max-width: 640px) 100vw, 640px\" \/><\/a><figcaption id=\"caption-attachment-8016\" class=\"wp-caption-text\">Estatua de Don Pelayo.<\/figcaption><\/figure>\n<p>Hay muchas m\u00e1s cosas, de las que iremos mostrando cuando tratemos este lugar en detalle. Quiz\u00e1 lo m\u015b importante sea se\u00f1alar que hay que pasear por el lugar. Subir a la cueva, ver el arroyo con sus peque\u00f1as cascadas y respirar la humedad.<\/p>\n<h3>Cangas de On\u00eds<\/h3>\n<p>Aqu\u00ed fue donde Don Pelayo estableci\u00f3 la capital de su incipiente reino. La etimolog\u00eda de On\u00eds est\u00e1 muy clara, el r\u00edo que pasa por la ciudad se llama as\u00ed, pro lo de <a href=\"http:\/\/www.celtiberia.net\/es\/conocimientos\/?idp=2533\">Cangas no est\u00e1 demasiado claro<\/a>, aunque a nosotros nos gusta la hip\u00f3tesis de que significa \u00abvalle cerrado entre dos alturas\u00bb<\/p>\n<p>El reino fue creciendo, tanto que lleg\u00f3 a tener ciudades mucho m\u00e1s grandes que Cangas de On\u00eds; pero la capital sigui\u00f3 estando all\u00ed. Y ese creo que es el significado del escudo de la ciudad que podemos ver en muchas partes.<\/p>\n<figure id=\"attachment_8018\" aria-describedby=\"caption-attachment-8018\" style=\"width: 372px\" class=\"wp-caption aligncenter\"><a href=\"http:\/\/felix.ares.fm\/?attachment_id=8018\" rel=\"attachment wp-att-8018\"><img loading=\"lazy\" decoding=\"async\" class=\"size-full wp-image-8018\" src=\"http:\/\/felix.ares.fm\/wp-content\/uploads\/2016\/06\/IMG_5776_cangas_rej_bb_col.jpg\" alt=\"Escudo de Cangas de On\u00eds.\" width=\"372\" height=\"480\" srcset=\"https:\/\/felix.ares.fm\/wp-content\/uploads\/2016\/06\/IMG_5776_cangas_rej_bb_col.jpg 372w, https:\/\/felix.ares.fm\/wp-content\/uploads\/2016\/06\/IMG_5776_cangas_rej_bb_col-233x300.jpg 233w\" sizes=\"auto, (max-width: 372px) 100vw, 372px\" \/><\/a><figcaption id=\"caption-attachment-8018\" class=\"wp-caption-text\">Escudo de Cangas de On\u00eds.Este escudo est\u00e1 situado en la explanada de la iglesia de Nuestra Se\u00f1ora de la Asunci\u00f3n.<\/figcaption><\/figure>\n<p>Es interesante observar c\u00f3mo hay una cruz que se impone sobre la media luna del islam. Y tambi\u00e9n es muy interesante la frase que se puede leer en \u00e9l: \u00abMinima Urbium. Maxima Sedium\u00bb. que podr\u00edamos traducir como La menor de las ciudades. La mayor de las capitales. Probablemente recordando el hecho que acabamos de mencionar, que aunque en el reino hab\u00eda ciudades mayores, Cangas segu\u00eda siendo la capital.<\/p>\n<p>Tambi\u00e9n vemos un puente. Concretamente este:<\/p>\n<figure id=\"attachment_8019\" aria-describedby=\"caption-attachment-8019\" style=\"width: 640px\" class=\"wp-caption aligncenter\"><a href=\"http:\/\/felix.ares.fm\/?attachment_id=8019\" rel=\"attachment wp-att-8019\"><img loading=\"lazy\" decoding=\"async\" class=\"size-full wp-image-8019\" src=\"http:\/\/felix.ares.fm\/wp-content\/uploads\/2016\/06\/IMG_5716_cangas.jpg\" alt=\"Puente del escudo de Cangas de On\u00eds.\" width=\"640\" height=\"480\" srcset=\"https:\/\/felix.ares.fm\/wp-content\/uploads\/2016\/06\/IMG_5716_cangas.jpg 640w, https:\/\/felix.ares.fm\/wp-content\/uploads\/2016\/06\/IMG_5716_cangas-300x225.jpg 300w\" sizes=\"auto, (max-width: 640px) 100vw, 640px\" \/><\/a><figcaption id=\"caption-attachment-8019\" class=\"wp-caption-text\">Puente del escudo de Cangas de On\u00eds.<\/figcaption><\/figure>\n<p>Aunque se le llama \u00abpuente romano\u00bb, realmente fue construido en el siglo XIV por Alfonso XI de Castilla.<\/p>\n<p>Observen que colgando del arco est\u00e1 la cruz de Covadonga, con el Alfa y el Omega.<\/p>\n<figure id=\"attachment_8020\" aria-describedby=\"caption-attachment-8020\" style=\"width: 640px\" class=\"wp-caption aligncenter\"><a href=\"http:\/\/felix.ares.fm\/?attachment_id=8020\" rel=\"attachment wp-att-8020\"><img loading=\"lazy\" decoding=\"async\" class=\"size-full wp-image-8020\" src=\"http:\/\/felix.ares.fm\/wp-content\/uploads\/2016\/06\/IMG_5717_cangas.jpg\" alt=\"La cruz en el &quot;puente romano&quot;\" width=\"640\" height=\"480\" srcset=\"https:\/\/felix.ares.fm\/wp-content\/uploads\/2016\/06\/IMG_5717_cangas.jpg 640w, https:\/\/felix.ares.fm\/wp-content\/uploads\/2016\/06\/IMG_5717_cangas-300x225.jpg 300w\" sizes=\"auto, (max-width: 640px) 100vw, 640px\" \/><\/a><figcaption id=\"caption-attachment-8020\" class=\"wp-caption-text\">La cruz en el \u00abpuente romano\u00bb<\/figcaption><\/figure>\n<figure id=\"attachment_8021\" aria-describedby=\"caption-attachment-8021\" style=\"width: 640px\" class=\"wp-caption aligncenter\"><a href=\"http:\/\/felix.ares.fm\/?attachment_id=8021\" rel=\"attachment wp-att-8021\"><img loading=\"lazy\" decoding=\"async\" class=\"size-full wp-image-8021\" src=\"http:\/\/felix.ares.fm\/wp-content\/uploads\/2016\/06\/IMG_5764_camgas.jpg\" alt=\"iglesia de Santa Mar\u00eda.\" width=\"640\" height=\"480\" srcset=\"https:\/\/felix.ares.fm\/wp-content\/uploads\/2016\/06\/IMG_5764_camgas.jpg 640w, https:\/\/felix.ares.fm\/wp-content\/uploads\/2016\/06\/IMG_5764_camgas-300x225.jpg 300w\" sizes=\"auto, (max-width: 640px) 100vw, 640px\" \/><\/a><figcaption id=\"caption-attachment-8021\" class=\"wp-caption-text\">iglesia de Santa Mar\u00eda.<\/figcaption><\/figure>\n<p>La iglesia de Santa Mar\u00eda fue inicialmente un templo medieval, pero ha sufrido much\u00edsimas transformaciones.<\/p>\n<h3>LLANES<\/h3>\n<p>Como pueden ver en el mapa, <a href=\"https:\/\/es.wikipedia.org\/wiki\/Llanes\">Llanes<\/a> est\u00e1 en la costa. Tiene bonitas vistas y unas preciosas playas.<\/p>\n<p><a href=\"http:\/\/felix.ares.fm\/?attachment_id=8024\" rel=\"attachment wp-att-8024\"><img loading=\"lazy\" decoding=\"async\" class=\"aligncenter size-full wp-image-8024\" src=\"http:\/\/felix.ares.fm\/wp-content\/uploads\/2016\/06\/IMG_5814_llanes.jpg\" alt=\"IMG_5814_llanes\" width=\"640\" height=\"480\" srcset=\"https:\/\/felix.ares.fm\/wp-content\/uploads\/2016\/06\/IMG_5814_llanes.jpg 640w, https:\/\/felix.ares.fm\/wp-content\/uploads\/2016\/06\/IMG_5814_llanes-300x225.jpg 300w\" sizes=\"auto, (max-width: 640px) 100vw, 640px\" \/><\/a><\/p>\n<p>En Llanes, como en casi todos los pueblos asturianos, existen las <a href=\"http:\/\/www.llanes.as\/guia\/lla\/lla15.htm\">casas de indianos<\/a>, es decir de aquellas personas que en su juventud se hab\u00edan ido de Asturias, \u00abhab\u00edan hecho las Am\u00e9ricas\u00bb y luego hab\u00edan vuelto a los lugares de su juventud. Los indianos han dejado esplendidas casas.<\/p>\n<p>Hay una que me ha sorprendido; es el chalet conocido como \u00abLos Leones\u00bb o \u00abcasa fFlora\u00bb, que incluso tiene una <strong>copia exacta<\/strong> de una escultura de Dal\u00ed, aunque, bien es cierto, que la escultura se instal\u00f3 en 2002.<\/p>\n<figure id=\"attachment_8023\" aria-describedby=\"caption-attachment-8023\" style=\"width: 480px\" class=\"wp-caption aligncenter\"><a href=\"http:\/\/felix.ares.fm\/?attachment_id=8023\" rel=\"attachment wp-att-8023\"><img loading=\"lazy\" decoding=\"async\" class=\"size-full wp-image-8023\" src=\"http:\/\/felix.ares.fm\/wp-content\/uploads\/2016\/06\/IMG_5806_llanes-e1465540425269.jpg\" alt=\"Escultura de Dal\u00ed en Llanes. Al fondo el Palacio de Los Leones.\u00e7 \" width=\"480\" height=\"640\" srcset=\"https:\/\/felix.ares.fm\/wp-content\/uploads\/2016\/06\/IMG_5806_llanes-e1465540425269.jpg 480w, https:\/\/felix.ares.fm\/wp-content\/uploads\/2016\/06\/IMG_5806_llanes-e1465540425269-225x300.jpg 225w\" sizes=\"auto, (max-width: 480px) 100vw, 480px\" \/><\/a><figcaption id=\"caption-attachment-8023\" class=\"wp-caption-text\">Escultura de Dal\u00ed en Llanes. Al fondo el Palacio de Los Leones. La escultura es una copia exacta de un original que se llama \u00abSan Juan Bautista\u00bb de Dal\u00ed. (Gracias al Patronato de Turismo de Llanes por los datos).<\/figcaption><\/figure>\n<p>Esta escultura en bronce de Salvador Dal\u00ed no es el \u00fanico contacto, ni mucho menos, de Llanes con la escultura. Una de las obras m\u00e1s significativas de Llanes es la llamada \u00abLos cubos de la memoria\u00bb de Ibarrola.<\/p>\n<p>El escultor<a href=\"https:\/\/es.wikipedia.org\/wiki\/Agust%C3%ADn_Ibarrola\"> Agust\u00edn Ibarrola<\/a> es muy conocido por sus obras escult\u00f3ricas gigantescas, como son \u00abel bosque de Oma\u00bb o los \u00abcubos de la memoria\u00bb que se encuentran en el puerto de Llanes.<\/p>\n<figure id=\"attachment_8025\" aria-describedby=\"caption-attachment-8025\" style=\"width: 640px\" class=\"wp-caption aligncenter\"><a href=\"http:\/\/felix.ares.fm\/?attachment_id=8025\" rel=\"attachment wp-att-8025\"><img loading=\"lazy\" decoding=\"async\" class=\"size-full wp-image-8025\" src=\"http:\/\/felix.ares.fm\/wp-content\/uploads\/2016\/06\/IMG_5825_llanes.jpg\" alt=\"Cubos de la memoria.\" width=\"640\" height=\"480\" srcset=\"https:\/\/felix.ares.fm\/wp-content\/uploads\/2016\/06\/IMG_5825_llanes.jpg 640w, https:\/\/felix.ares.fm\/wp-content\/uploads\/2016\/06\/IMG_5825_llanes-300x225.jpg 300w\" sizes=\"auto, (max-width: 640px) 100vw, 640px\" \/><\/a><figcaption id=\"caption-attachment-8025\" class=\"wp-caption-text\">Cubos de la memoria.<\/figcaption><\/figure>\n<figure id=\"attachment_8026\" aria-describedby=\"caption-attachment-8026\" style=\"width: 640px\" class=\"wp-caption aligncenter\"><a href=\"http:\/\/felix.ares.fm\/?attachment_id=8026\" rel=\"attachment wp-att-8026\"><img loading=\"lazy\" decoding=\"async\" class=\"size-full wp-image-8026\" src=\"http:\/\/felix.ares.fm\/wp-content\/uploads\/2016\/06\/IMG_5828_llanes.jpg\" alt=\"Cubos de la memoria.\" width=\"640\" height=\"480\" srcset=\"https:\/\/felix.ares.fm\/wp-content\/uploads\/2016\/06\/IMG_5828_llanes.jpg 640w, https:\/\/felix.ares.fm\/wp-content\/uploads\/2016\/06\/IMG_5828_llanes-300x225.jpg 300w\" sizes=\"auto, (max-width: 640px) 100vw, 640px\" \/><\/a><figcaption id=\"caption-attachment-8026\" class=\"wp-caption-text\">Cubos de la memoria.<\/figcaption><\/figure>\n<p>El puerto pesquero de Llanes bien merece una visita. No solo porque est\u00e1 muy cerca de los cubos de la memoria, sino porque podemos ver los resultados de una pesca artesanal, y unos paisajes extraordinarios.<\/p>\n<figure id=\"attachment_8027\" aria-describedby=\"caption-attachment-8027\" style=\"width: 640px\" class=\"wp-caption aligncenter\"><a href=\"http:\/\/felix.ares.fm\/?attachment_id=8027\" rel=\"attachment wp-att-8027\"><img loading=\"lazy\" decoding=\"async\" class=\"size-full wp-image-8027\" src=\"http:\/\/felix.ares.fm\/wp-content\/uploads\/2016\/06\/IMG_5834_llanes.jpg\" alt=\"Una de las playas de Llanes.\" width=\"640\" height=\"480\" srcset=\"https:\/\/felix.ares.fm\/wp-content\/uploads\/2016\/06\/IMG_5834_llanes.jpg 640w, https:\/\/felix.ares.fm\/wp-content\/uploads\/2016\/06\/IMG_5834_llanes-300x225.jpg 300w\" sizes=\"auto, (max-width: 640px) 100vw, 640px\" \/><\/a><figcaption id=\"caption-attachment-8027\" class=\"wp-caption-text\">Una de las playas de Llanes.<\/figcaption><\/figure>\n<figure id=\"attachment_8028\" aria-describedby=\"caption-attachment-8028\" style=\"width: 640px\" class=\"wp-caption aligncenter\"><a href=\"http:\/\/felix.ares.fm\/?attachment_id=8028\" rel=\"attachment wp-att-8028\"><img loading=\"lazy\" decoding=\"async\" class=\"size-full wp-image-8028\" src=\"http:\/\/felix.ares.fm\/wp-content\/uploads\/2016\/06\/IMG_5838_llanes.jpg\" alt=\"Pescadores descargando su pesca.\" width=\"640\" height=\"480\" srcset=\"https:\/\/felix.ares.fm\/wp-content\/uploads\/2016\/06\/IMG_5838_llanes.jpg 640w, https:\/\/felix.ares.fm\/wp-content\/uploads\/2016\/06\/IMG_5838_llanes-300x225.jpg 300w\" sizes=\"auto, (max-width: 640px) 100vw, 640px\" \/><\/a><figcaption id=\"caption-attachment-8028\" class=\"wp-caption-text\">Pescadores descargando su pesca.<\/figcaption><\/figure>\n<figure id=\"attachment_8031\" aria-describedby=\"caption-attachment-8031\" style=\"width: 640px\" class=\"wp-caption aligncenter\"><a href=\"http:\/\/felix.ares.fm\/?attachment_id=8031\" rel=\"attachment wp-att-8031\"><img loading=\"lazy\" decoding=\"async\" class=\"size-full wp-image-8031\" src=\"http:\/\/felix.ares.fm\/wp-content\/uploads\/2016\/06\/IMG_5853.J_llanes.jpg\" alt=\"Llanes conserva bastante bien sus murallas. Aqu\u00ed un ejemplo.\" width=\"640\" height=\"480\" srcset=\"https:\/\/felix.ares.fm\/wp-content\/uploads\/2016\/06\/IMG_5853.J_llanes.jpg 640w, https:\/\/felix.ares.fm\/wp-content\/uploads\/2016\/06\/IMG_5853.J_llanes-300x225.jpg 300w\" sizes=\"auto, (max-width: 640px) 100vw, 640px\" \/><\/a><figcaption id=\"caption-attachment-8031\" class=\"wp-caption-text\">Llanes conserva bastante bien sus murallas. Aqu\u00ed un ejemplo.<\/figcaption><\/figure>\n<figure id=\"attachment_8029\" aria-describedby=\"caption-attachment-8029\" style=\"width: 480px\" class=\"wp-caption aligncenter\"><a href=\"http:\/\/felix.ares.fm\/?attachment_id=8029\" rel=\"attachment wp-att-8029\"><img loading=\"lazy\" decoding=\"async\" class=\"size-full wp-image-8029\" src=\"http:\/\/felix.ares.fm\/wp-content\/uploads\/2016\/06\/IMG_5893_llanes-e1465542807294.jpg\" alt=\"Curiosa construcci\u00f3n que une dos calles.\" width=\"480\" height=\"640\" srcset=\"https:\/\/felix.ares.fm\/wp-content\/uploads\/2016\/06\/IMG_5893_llanes-e1465542807294.jpg 480w, https:\/\/felix.ares.fm\/wp-content\/uploads\/2016\/06\/IMG_5893_llanes-e1465542807294-225x300.jpg 225w\" sizes=\"auto, (max-width: 480px) 100vw, 480px\" \/><\/a><figcaption id=\"caption-attachment-8029\" class=\"wp-caption-text\">Curiosa construcci\u00f3n que une dos calles.<\/figcaption><\/figure>\n<h3>RIBADESELLA<\/h3>\n<p>En 1968 uno de nosotros, F\u00e9lix, estaba en Ribadesella viendo como se efectuaba el descenso en piragua del r\u00edo; del r\u00edo Sella, claro est\u00e1. Para no ser menos que ellos nos metimos en sus aguas; estaban heladas.<\/p>\n<p>Iba con un grupo de espele\u00f3logos, todos estudiantes universitarios que no est\u00e1bamos muy boyantes de dinero. Llam\u00e1bamos amigos para que nos dijeran los lugares baratos o que nos admitieran en sus casas. En una de aquellas llamadas, nos enteramos de que un grupo espeleol\u00f3gico amigo, hab\u00eda encontrado una cueva impresionante. Se ofrecieron a ense\u00f1\u00e1rnosla. Y as\u00ed fue como me convert\u00ed en una de las primeras personas en visitar las <a href=\"https:\/\/es.wikipedia.org\/wiki\/Cueva_de_Tito_Bustillo#Descubrimiento\">Cuevas de Tito Bustillo<\/a>, hoy patrimonio de la humanidad. No es la primera vez que me pasaba; antes hab\u00eda sido con una cueva en Saelices &#8211;Cuenca&#8211; y otra en Pedraza&#8230; pero esas son otras historias.<\/p>\n<p>La ciudad de Ribadesella, en la desembocadura del r\u00edo Sella, tiene paisajes esplendidos. Playas enormes, limpias y preciosas&#8230; Sin duda, merece la pena parar en esta ciudad, deambular por sus calles, visitar sus playas,&#8230; y, c\u00f3mo no, tratar de ver las cuevas.<\/p>\n<figure id=\"attachment_8033\" aria-describedby=\"caption-attachment-8033\" style=\"width: 640px\" class=\"wp-caption aligncenter\"><a href=\"http:\/\/felix.ares.fm\/?attachment_id=8033\" rel=\"attachment wp-att-8033\"><img loading=\"lazy\" decoding=\"async\" class=\"size-full wp-image-8033\" src=\"http:\/\/felix.ares.fm\/wp-content\/uploads\/2016\/06\/IMG_5916_ribadesella.jpg\" alt=\"Un pirag\u00fcista entrenado en el r\u00edo Sella.\" width=\"640\" height=\"480\" srcset=\"https:\/\/felix.ares.fm\/wp-content\/uploads\/2016\/06\/IMG_5916_ribadesella.jpg 640w, https:\/\/felix.ares.fm\/wp-content\/uploads\/2016\/06\/IMG_5916_ribadesella-300x225.jpg 300w\" sizes=\"auto, (max-width: 640px) 100vw, 640px\" \/><\/a><figcaption id=\"caption-attachment-8033\" class=\"wp-caption-text\">Un pirag\u00fcista entrenado en el r\u00edo Sella.<\/figcaption><\/figure>\n<figure id=\"attachment_8034\" aria-describedby=\"caption-attachment-8034\" style=\"width: 640px\" class=\"wp-caption aligncenter\"><a href=\"http:\/\/felix.ares.fm\/?attachment_id=8034\" rel=\"attachment wp-att-8034\"><img loading=\"lazy\" decoding=\"async\" class=\"size-full wp-image-8034\" src=\"http:\/\/felix.ares.fm\/wp-content\/uploads\/2016\/06\/IMG_5918_ribadesella.jpg\" alt=\"Fuewnte en Ribadesella.\" width=\"640\" height=\"480\" srcset=\"https:\/\/felix.ares.fm\/wp-content\/uploads\/2016\/06\/IMG_5918_ribadesella.jpg 640w, https:\/\/felix.ares.fm\/wp-content\/uploads\/2016\/06\/IMG_5918_ribadesella-300x225.jpg 300w\" sizes=\"auto, (max-width: 640px) 100vw, 640px\" \/><\/a><figcaption id=\"caption-attachment-8034\" class=\"wp-caption-text\">Fuente en Ribadesella.<\/figcaption><\/figure>\n<figure id=\"attachment_8037\" aria-describedby=\"caption-attachment-8037\" style=\"width: 333px\" class=\"wp-caption aligncenter\"><a href=\"http:\/\/felix.ares.fm\/?attachment_id=8037\" rel=\"attachment wp-att-8037\"><img loading=\"lazy\" decoding=\"async\" class=\"size-full wp-image-8037\" src=\"http:\/\/felix.ares.fm\/wp-content\/uploads\/2016\/06\/0IMG_5948_ciz.jpg\" alt=\"Paseo mar\u00edtimo.\" width=\"333\" height=\"480\" srcset=\"https:\/\/felix.ares.fm\/wp-content\/uploads\/2016\/06\/0IMG_5948_ciz.jpg 333w, https:\/\/felix.ares.fm\/wp-content\/uploads\/2016\/06\/0IMG_5948_ciz-208x300.jpg 208w\" sizes=\"auto, (max-width: 333px) 100vw, 333px\" \/><\/a><figcaption id=\"caption-attachment-8037\" class=\"wp-caption-text\">Paseo mar\u00edtimo.<\/figcaption><\/figure>\n<figure id=\"attachment_8038\" aria-describedby=\"caption-attachment-8038\" style=\"width: 480px\" class=\"wp-caption aligncenter\"><a href=\"http:\/\/felix.ares.fm\/?attachment_id=8038\" rel=\"attachment wp-att-8038\"><img loading=\"lazy\" decoding=\"async\" class=\"size-full wp-image-8038\" src=\"http:\/\/felix.ares.fm\/wp-content\/uploads\/2016\/06\/0IMG_5925_ribadesella-e1465544617375.jpg\" alt=\"Iglesia parroquial de Santa Mar\u00eda Magdalena.\" width=\"480\" height=\"640\" srcset=\"https:\/\/felix.ares.fm\/wp-content\/uploads\/2016\/06\/0IMG_5925_ribadesella-e1465544617375.jpg 480w, https:\/\/felix.ares.fm\/wp-content\/uploads\/2016\/06\/0IMG_5925_ribadesella-e1465544617375-225x300.jpg 225w\" sizes=\"auto, (max-width: 480px) 100vw, 480px\" \/><\/a><figcaption id=\"caption-attachment-8038\" class=\"wp-caption-text\">Iglesia parroquial de Santa Mar\u00eda Magdalena.<\/figcaption><\/figure>\n<p>Volvimos a Gij\u00f3n a cenar. Y as\u00ed acabo este d\u00eda tan completo.<\/p>\n<p style=\"text-align: center;\">***<\/p>\n<p><strong>Nota fotos y texto<\/strong>. Salvo las fotos que tienen un agradecimiento espec\u00edfico, como por ejemplo Wikipedia, son nuestras y las licenciamos con<\/p>\n<p><a href=\"http:\/\/creativecommons.org\/licenses\/by\/3.0\/deed.es_ES\" rel=\"license\"><img decoding=\"async\" src=\"http:\/\/i.creativecommons.org\/l\/by\/3.0\/88x31.png\" alt=\"Licencia de Creative Commons\" \/><\/a><br \/>\n<a href=\"viajes.ares.fm\" rel=\"cc:attributionURL\">F\u00e9lix Ares y Maricarmen Garmendia<\/a>\u00a0is licensed under a\u00a0<a href=\"http:\/\/creativecommons.org\/licenses\/by\/3.0\/deed.es_ES\" rel=\"license\">Creative Commons Reconocimiento 3.0 Unported License<\/a>.<br \/>\nCreado a partir de la obra en\u00a0<a href=\"viajes.ares.fm\" rel=\"dct:source\">felix.ares.fm<\/a>.<\/p>\n<p>Contacto con nosotros; el motivo de que no sea una imagen clara es para evitar que los robots la descubran y nos inunden el buz\u00f3n de basura.<\/p>\n<p><a href=\"http:\/\/felix.ares.fm\/?attachment_id=7476\" rel=\"attachment wp-att-7476\"><img loading=\"lazy\" decoding=\"async\" class=\"aligncenter size-full wp-image-7476\" src=\"http:\/\/felix.ares.fm\/wp-content\/uploads\/2016\/02\/tapas.ares_.fm_.2.jpg\" alt=\"tapas.ares.fm.2\" width=\"703\" height=\"499\" srcset=\"https:\/\/felix.ares.fm\/wp-content\/uploads\/2016\/02\/tapas.ares_.fm_.2.jpg 703w, https:\/\/felix.ares.fm\/wp-content\/uploads\/2016\/02\/tapas.ares_.fm_.2-300x213.jpg 300w\" sizes=\"auto, (max-width: 703px) 100vw, 703px\" \/><\/a><\/p>\n<p>O bien\u00a0rellenar el siguiente formulario:<\/p>\n<p style=\"text-align: center;\">[contact_bank form_id=1 show_title=true show_desc=true]<\/p>\n","protected":false},"excerpt":{"rendered":"<p>Martes 17 de mayo de 2016 Tras desayuna en el hotel Tryp de Gij\u00f3n, emprendimos viaje hacia Covadonga. COVADONGA Covadonga es un lugar emblem\u00e1tico para Asturias y para toda Espa\u00f1a, pues all\u00ed fue donde empez\u00f3 lo que se ha llamado \u00abReconquista\u00bb; es decir, la lucha de los cristianos contra los isl\u00e1micos de la Pen\u00ednsula Ib\u00e9rica. &hellip; <a href=\"https:\/\/felix.ares.fm\/?p=8005\" class=\"more-link\">Seguir leyendo <span class=\"screen-reader-text\">Escapada a Asturias con viajes Nevada. 2) Covadonga, Cangas de On\u00eds, Llanes y Ribadesella<\/span> <span class=\"meta-nav\">&rarr;<\/span><\/a><\/p>\n","protected":false},"author":1,"featured_media":0,"comment_status":"closed","ping_status":"open","sticky":false,"template":"","format":"standard","meta":{"footnotes":""},"categories":[694,704,703,707,705,706,708],"tags":[],"class_list":["post-8005","post","type-post","status-publish","format-standard","hentry","category-asturias","category-cangas-de-onis","category-covadonga","category-cristo-de-dali","category-llanes","category-los-cubos-de-la-memoria","category-ribadesella"],"_links":{"self":[{"href":"https:\/\/felix.ares.fm\/index.php?rest_route=\/wp\/v2\/posts\/8005","targetHints":{"allow":["GET"]}}],"collection":[{"href":"https:\/\/felix.ares.fm\/index.php?rest_route=\/wp\/v2\/posts"}],"about":[{"href":"https:\/\/felix.ares.fm\/index.php?rest_route=\/wp\/v2\/types\/post"}],"author":[{"embeddable":true,"href":"https:\/\/felix.ares.fm\/index.php?rest_route=\/wp\/v2\/users\/1"}],"replies":[{"embeddable":true,"href":"https:\/\/felix.ares.fm\/index.php?rest_route=%2Fwp%2Fv2%2Fcomments&post=8005"}],"version-history":[{"count":2,"href":"https:\/\/felix.ares.fm\/index.php?rest_route=\/wp\/v2\/posts\/8005\/revisions"}],"predecessor-version":[{"id":13344,"href":"https:\/\/felix.ares.fm\/index.php?rest_route=\/wp\/v2\/posts\/8005\/revisions\/13344"}],"wp:attachment":[{"href":"https:\/\/felix.ares.fm\/index.php?rest_route=%2Fwp%2Fv2%2Fmedia&parent=8005"}],"wp:term":[{"taxonomy":"category","embeddable":true,"href":"https:\/\/felix.ares.fm\/index.php?rest_route=%2Fwp%2Fv2%2Fcategories&post=8005"},{"taxonomy":"post_tag","embeddable":true,"href":"https:\/\/felix.ares.fm\/index.php?rest_route=%2Fwp%2Fv2%2Ftags&post=8005"}],"curies":[{"name":"wp","href":"https:\/\/api.w.org\/{rel}","templated":true}]}}