{"id":7479,"date":"2016-02-29T10:43:24","date_gmt":"2016-02-29T08:43:24","guid":{"rendered":"http:\/\/felix.ares.fm\/?p=7479"},"modified":"2016-03-02T11:54:58","modified_gmt":"2016-03-02T09:54:58","slug":"la-cazuela-de-la-abuela-5a-edicion-2016-5","status":"publish","type":"post","link":"https:\/\/felix.ares.fm\/?p=7479","title":{"rendered":"La Cazuela de la abuela (5\u00aa edici\u00f3n 2016) (5)"},"content":{"rendered":"<p><strong>Viernes 27 de febrero de 2016<\/strong><\/p>\n<p>Continuamos nuestra exploraci\u00f3n de lo que ofrecen distintos establecimientos en el concurso de\u00a0\u00abLa Cazuela de la Abuela\u00bb.<\/p>\n<p>Hoy exploraremos <span style=\"color: #0000ff;\"><strong>Gaspar II-Jaen<\/strong><\/span>,<strong><span style=\"color: #0000ff;\"> El caballo verde<\/span> <\/strong>y \u00a0<span style=\"color: #0000ff;\"><strong>Baldo<\/strong><\/span>.<\/p>\n<h2 style=\"text-align: center;\"><span style=\"color: #ff00ff;\">GASPAR II &#8211; JA\u00c9N<\/span><\/h2>\n<p style=\"text-align: left;\">\u00a0De este sitio ya hemos hablado en otras ocasiones. Aqu\u00ed hay una descripci\u00f3n:<a href=\"http:\/\/felix.ares.fm\/?p=3617\">\u00a0http:\/\/felix.ares.fm\/?p=3617<\/a><\/p>\n<p style=\"text-align: left;\">En nuestra opini\u00f3n se trata de un sitio excelente. Recuerden que nosotros no valoramos lo mismo que los autores de la Gu\u00eda Michel\u00edn; nosotros somos mucho m\u00e1s humildes, nos gustan los sitios que ofrecen buenos productos a un buen precio. Gaspar II ofrece un buen men\u00fa del d\u00eda por 8,50\u20ac. En nuestra opini\u00f3n magn\u00edfico; pero, claro, que nadie espere un maitre con pajarita y un sommelier que recomiende vinos car\u00edsimos. Estamos hablando de otra cosa, de un restaurante de barrio, donde el maitre no lleva pajarita pero te conoce y te atiende con una gran amabilidad. No estamos hablando de un gran chef, sino de una gran cocinera que sabe hacer los productos t\u00edpicos de su tierra. Y ofrecen un Ribera de Duero extraordinario por un magn\u00edfico precio.<\/p>\n<p style=\"text-align: left;\">Pero me estoy desviando, hoy toca hablar de\u00a0\u00a0\u00abLa Cazuela de la Abuela\u00bb.<\/p>\n<p style=\"text-align: left;\">La tapa de ofrece Gaspar II &#8211;Gaspar I est\u00e1 en Banalmadena&#8211; es <span style=\"color: #ff00ff;\"><strong>Pisto Cortijero<\/strong><\/span>. Una sola palabra nos permite definirlo: <strong><span style=\"color: #ff00ff;\">riqu\u00edsimo<\/span><\/strong>.<\/p>\n<figure id=\"attachment_7484\" aria-describedby=\"caption-attachment-7484\" style=\"width: 640px\" class=\"wp-caption aligncenter\"><a href=\"http:\/\/felix.ares.fm\/?attachment_id=7484\" rel=\"attachment wp-att-7484\"><img loading=\"lazy\" decoding=\"async\" class=\"size-full wp-image-7484\" src=\"http:\/\/felix.ares.fm\/wp-content\/uploads\/2016\/02\/IMG_2238-portada-col.jpg\" alt=\"Ubicaci\u00f3n de Gspar II - Ja\u00e9n \" width=\"640\" height=\"480\" srcset=\"https:\/\/felix.ares.fm\/wp-content\/uploads\/2016\/02\/IMG_2238-portada-col.jpg 640w, https:\/\/felix.ares.fm\/wp-content\/uploads\/2016\/02\/IMG_2238-portada-col-300x225.jpg 300w\" sizes=\"auto, (max-width: 640px) 100vw, 640px\" \/><\/a><figcaption id=\"caption-attachment-7484\" class=\"wp-caption-text\">Ubicaci\u00f3n de Gspar II &#8211; Ja\u00e9n<\/figcaption><\/figure>\n<p>En\u00a0varios sitios estaba el cartel de que participaban en el Concurso.<\/p>\n<p><a href=\"http:\/\/felix.ares.fm\/?attachment_id=7485\" rel=\"attachment wp-att-7485\"><img loading=\"lazy\" decoding=\"async\" class=\"aligncenter size-full wp-image-7485\" src=\"http:\/\/felix.ares.fm\/wp-content\/uploads\/2016\/02\/IMG_2240-colpers.jpg\" alt=\"IMG_2240-colpers\" width=\"640\" height=\"480\" srcset=\"https:\/\/felix.ares.fm\/wp-content\/uploads\/2016\/02\/IMG_2240-colpers.jpg 640w, https:\/\/felix.ares.fm\/wp-content\/uploads\/2016\/02\/IMG_2240-colpers-300x225.jpg 300w\" sizes=\"auto, (max-width: 640px) 100vw, 640px\" \/><\/a><\/p>\n<p>Dentro, exhib\u00edan, yo creo que orgullosos el diploma entregado por el ayuntamiento de haber quedado finalista en un edici\u00f3n anterior.<\/p>\n<figure id=\"attachment_7486\" aria-describedby=\"caption-attachment-7486\" style=\"width: 620px\" class=\"wp-caption aligncenter\"><a href=\"http:\/\/felix.ares.fm\/?attachment_id=7486\" rel=\"attachment wp-att-7486\"><img loading=\"lazy\" decoding=\"async\" class=\"size-full wp-image-7486\" src=\"http:\/\/felix.ares.fm\/wp-content\/uploads\/2016\/02\/IMG_2241-diploma.jpg\" alt=\"Diploma de finalista.\u00e7\" width=\"620\" height=\"480\" srcset=\"https:\/\/felix.ares.fm\/wp-content\/uploads\/2016\/02\/IMG_2241-diploma.jpg 620w, https:\/\/felix.ares.fm\/wp-content\/uploads\/2016\/02\/IMG_2241-diploma-300x232.jpg 300w\" sizes=\"auto, (max-width: 620px) 100vw, 620px\" \/><\/a><figcaption id=\"caption-attachment-7486\" class=\"wp-caption-text\">Diploma de finalista.<\/figcaption><\/figure>\n<p>Si tenemos en cuenta su ubicaci\u00f3n, en Los Boliches, en un callej\u00f3n poco frecuentado, es un enorme \u00e9xito.<\/p>\n<p>La tapa que presentaban a concurso era\u00a0<strong><span style=\"color: #ff00ff;\">Pisto cortijero.<\/span><\/strong><span style=\"color: #ff00ff;\"><span style=\"color: #ff00ff;\"> <span style=\"color: #000000;\">Como nosotros no somos andaluces no ten\u00edamos ni idea de qu\u00e9 significaba lo de cortijero. Lo pedimos. Como es habitual primero nos sirvieron las bebidas.<\/span><\/span><\/span><\/p>\n<figure id=\"attachment_7487\" aria-describedby=\"caption-attachment-7487\" style=\"width: 640px\" class=\"wp-caption aligncenter\"><a href=\"http:\/\/felix.ares.fm\/?attachment_id=7487\" rel=\"attachment wp-att-7487\"><img loading=\"lazy\" decoding=\"async\" class=\"size-full wp-image-7487\" src=\"http:\/\/felix.ares.fm\/wp-content\/uploads\/2016\/02\/IMG_2242.jpg\" alt=\"Un buen vino tinto, perfectamente elegido.\" width=\"640\" height=\"480\" srcset=\"https:\/\/felix.ares.fm\/wp-content\/uploads\/2016\/02\/IMG_2242.jpg 640w, https:\/\/felix.ares.fm\/wp-content\/uploads\/2016\/02\/IMG_2242-300x225.jpg 300w\" sizes=\"auto, (max-width: 640px) 100vw, 640px\" \/><\/a><figcaption id=\"caption-attachment-7487\" class=\"wp-caption-text\">Un buen vino tinto, perfectamente elegido. Al fondo puede verse las tapas que ofrecen normalmente.<\/figcaption><\/figure>\n<p>Despu\u00e9s vinieron las tapas.<\/p>\n<figure id=\"attachment_7488\" aria-describedby=\"caption-attachment-7488\" style=\"width: 640px\" class=\"wp-caption aligncenter\"><a href=\"http:\/\/felix.ares.fm\/?attachment_id=7488\" rel=\"attachment wp-att-7488\"><img loading=\"lazy\" decoding=\"async\" class=\"size-full wp-image-7488\" src=\"http:\/\/felix.ares.fm\/wp-content\/uploads\/2016\/02\/IMG_2246.jpg\" alt=\"Tapa de cortijero. \" width=\"640\" height=\"480\" srcset=\"https:\/\/felix.ares.fm\/wp-content\/uploads\/2016\/02\/IMG_2246.jpg 640w, https:\/\/felix.ares.fm\/wp-content\/uploads\/2016\/02\/IMG_2246-300x225.jpg 300w\" sizes=\"auto, (max-width: 640px) 100vw, 640px\" \/><\/a><figcaption id=\"caption-attachment-7488\" class=\"wp-caption-text\">Tapa de pisto cortijero.<\/figcaption><\/figure>\n<p><a href=\"http:\/\/felix.ares.fm\/?attachment_id=7489\" rel=\"attachment wp-att-7489\"><br \/>\n<\/a> <a href=\"http:\/\/felix.ares.fm\/?attachment_id=7495\" rel=\"attachment wp-att-7495\"><img loading=\"lazy\" decoding=\"async\" class=\"aligncenter size-full wp-image-7495\" src=\"http:\/\/felix.ares.fm\/wp-content\/uploads\/2016\/02\/IMG_2243-tapa.jpg\" alt=\"IMG_2243-tapa\" width=\"408\" height=\"480\" srcset=\"https:\/\/felix.ares.fm\/wp-content\/uploads\/2016\/02\/IMG_2243-tapa.jpg 408w, https:\/\/felix.ares.fm\/wp-content\/uploads\/2016\/02\/IMG_2243-tapa-255x300.jpg 255w\" sizes=\"auto, (max-width: 408px) 100vw, 408px\" \/><\/a><\/p>\n<p>El pisto cortijero result\u00f3 ser un pisto, como su nombre indica, pero con alguna peculiaridad interesante; por ejemplo, llevaba trocitos de cebolla tostados que le daban un toque muy especial.<\/p>\n<p>En definitivas cuentas, una buena tapa.<\/p>\n<p>La atenci\u00f3n fue magn\u00edfica, tal vez porque el camarero ta nos conoc\u00eda pues antes hab\u00eda estado en la Casa del Pensionista. Tal vez, lo m\u00e1s probable, porque los camareros son amables y profesionales.<\/p>\n<p><strong>OTRAS OFERTAS<\/strong><\/p>\n<figure id=\"attachment_7490\" aria-describedby=\"caption-attachment-7490\" style=\"width: 640px\" class=\"wp-caption aligncenter\"><a href=\"http:\/\/felix.ares.fm\/?attachment_id=7490\" rel=\"attachment wp-att-7490\"><img loading=\"lazy\" decoding=\"async\" class=\"size-full wp-image-7490\" src=\"http:\/\/felix.ares.fm\/wp-content\/uploads\/2016\/02\/IMG_2239.jpg\" alt=\"Tapas a 1\u20ac.\" width=\"640\" height=\"480\" srcset=\"https:\/\/felix.ares.fm\/wp-content\/uploads\/2016\/02\/IMG_2239.jpg 640w, https:\/\/felix.ares.fm\/wp-content\/uploads\/2016\/02\/IMG_2239-300x225.jpg 300w\" sizes=\"auto, (max-width: 640px) 100vw, 640px\" \/><\/a><figcaption id=\"caption-attachment-7490\" class=\"wp-caption-text\">Tapas a 1\u20ac.<\/figcaption><\/figure>\n<p><strong>DECORACI\u00d3N<\/strong><\/p>\n<p>Tan solo pongo un detalle:<\/p>\n<p><a href=\"http:\/\/felix.ares.fm\/?attachment_id=7491\" rel=\"attachment wp-att-7491\"><img loading=\"lazy\" decoding=\"async\" class=\"aligncenter size-full wp-image-7491\" src=\"http:\/\/felix.ares.fm\/wp-content\/uploads\/2016\/02\/IMG_2248-bbrc.jpg\" alt=\"IMG_2248-bbrc\" width=\"640\" height=\"480\" srcset=\"https:\/\/felix.ares.fm\/wp-content\/uploads\/2016\/02\/IMG_2248-bbrc.jpg 640w, https:\/\/felix.ares.fm\/wp-content\/uploads\/2016\/02\/IMG_2248-bbrc-300x225.jpg 300w\" sizes=\"auto, (max-width: 640px) 100vw, 640px\" \/><\/a>\u00a1Qu\u00e9 bonitas quedan las copas suspendidas del techo!<\/p>\n<p><strong>UBICACI\u00d3N<\/strong><\/p>\n<p><a href=\"http:\/\/www.malagaenlamesa.com\/restaurantes\/casa-gaspar-ii-fuengirola-38200457.html\">C\/ Fer\u00eda de J\u00e9rez 4<\/a><\/p>\n<p>Tel\u00e9fono de reservas: 659 257 57<\/p>\n<p><strong>WIFI<\/strong><\/p>\n<figure id=\"attachment_7400\" aria-describedby=\"caption-attachment-7400\" style=\"width: 300px\" class=\"wp-caption aligncenter\"><a href=\"http:\/\/felix.ares.fm\/?attachment_id=7400\" rel=\"attachment wp-att-7400\"><img loading=\"lazy\" decoding=\"async\" class=\"size-full wp-image-7400\" src=\"http:\/\/felix.ares.fm\/wp-content\/uploads\/2016\/02\/wifi-no.jpg\" alt=\"No Wifi\" width=\"300\" height=\"178\" \/><\/a><figcaption id=\"caption-attachment-7400\" class=\"wp-caption-text\">No Wifi<\/figcaption><\/figure>\n<p style=\"text-align: center;\">* * *<\/p>\n<h3 style=\"text-align: center;\"><span style=\"color: #ff00ff;\">EL CABALLO VERDE<\/span><\/h3>\n<p style=\"text-align: center;\"><span style=\"color: #ff00ff;\">Concursante 53<\/span><\/p>\n<p>Por delante de este bar-restaurante hab\u00edamos pasado muchas veces, pero nunca nos hab\u00edamos parado pues no hab\u00eda ninguna pizarra, o cartel, que destacase alguna especialidad. Es un problema nuestro, nos gusta que nos digan qu\u00e9 hay de especial. Con la Cazuela de la Abuela, estaba claro, lo especial era la tapa que presentaban a concurso:\u00a0\u00ab<strong><span style=\"color: #ff00ff;\">Cazuela de Salm\u00f3n<\/span><\/strong>\u00bb.<\/p>\n<p>Como es habitual primero nos pidieron la bebida. Nos atendi\u00f3 el due\u00f1o, fin\u00e9s, que nos atendi\u00f3 con gran amabilidad.<\/p>\n<figure id=\"attachment_7546\" aria-describedby=\"caption-attachment-7546\" style=\"width: 640px\" class=\"wp-caption aligncenter\"><a href=\"http:\/\/felix.ares.fm\/?attachment_id=7546\" rel=\"attachment wp-att-7546\"><img loading=\"lazy\" decoding=\"async\" class=\"size-full wp-image-7546\" src=\"http:\/\/felix.ares.fm\/wp-content\/uploads\/2016\/02\/IMG_2251.jpg\" alt=\"El caballo Verde\" width=\"640\" height=\"480\" srcset=\"https:\/\/felix.ares.fm\/wp-content\/uploads\/2016\/02\/IMG_2251.jpg 640w, https:\/\/felix.ares.fm\/wp-content\/uploads\/2016\/02\/IMG_2251-300x225.jpg 300w\" sizes=\"auto, (max-width: 640px) 100vw, 640px\" \/><\/a><figcaption id=\"caption-attachment-7546\" class=\"wp-caption-text\">El caballo Verde<\/figcaption><\/figure>\n<figure id=\"attachment_7547\" aria-describedby=\"caption-attachment-7547\" style=\"width: 480px\" class=\"wp-caption aligncenter\"><a href=\"http:\/\/felix.ares.fm\/?attachment_id=7547\" rel=\"attachment wp-att-7547\"><img loading=\"lazy\" decoding=\"async\" class=\"size-full wp-image-7547\" src=\"http:\/\/felix.ares.fm\/wp-content\/uploads\/2016\/02\/IMG_2252-e1456911139230.jpg\" alt=\"Detalle de que participa en la Cazuela de la Abuela.\" width=\"480\" height=\"640\" srcset=\"https:\/\/felix.ares.fm\/wp-content\/uploads\/2016\/02\/IMG_2252-e1456911139230.jpg 480w, https:\/\/felix.ares.fm\/wp-content\/uploads\/2016\/02\/IMG_2252-e1456911139230-225x300.jpg 225w\" sizes=\"auto, (max-width: 480px) 100vw, 480px\" \/><\/a><figcaption id=\"caption-attachment-7547\" class=\"wp-caption-text\">Detalle de que participa en la Cazuela de la Abuela.<\/figcaption><\/figure>\n<p><a href=\"http:\/\/felix.ares.fm\/?attachment_id=7548\" rel=\"attachment wp-att-7548\"><img loading=\"lazy\" decoding=\"async\" class=\"aligncenter size-full wp-image-7548\" src=\"http:\/\/felix.ares.fm\/wp-content\/uploads\/2016\/02\/IMG_2256.jpg\" alt=\"IMG_2256\" width=\"640\" height=\"480\" srcset=\"https:\/\/felix.ares.fm\/wp-content\/uploads\/2016\/02\/IMG_2256.jpg 640w, https:\/\/felix.ares.fm\/wp-content\/uploads\/2016\/02\/IMG_2256-300x225.jpg 300w\" sizes=\"auto, (max-width: 640px) 100vw, 640px\" \/><\/a><\/p>\n<p>El local est\u00e1 decorado con detalles fineses y con temas relacionados con la h\u00edpica.<\/p>\n<p><a href=\"http:\/\/felix.ares.fm\/?attachment_id=7549\" rel=\"attachment wp-att-7549\"><img loading=\"lazy\" decoding=\"async\" class=\"aligncenter size-full wp-image-7549\" src=\"http:\/\/felix.ares.fm\/wp-content\/uploads\/2016\/02\/IMG_2258.jpg\" alt=\"IMG_2258\" width=\"640\" height=\"480\" srcset=\"https:\/\/felix.ares.fm\/wp-content\/uploads\/2016\/02\/IMG_2258.jpg 640w, https:\/\/felix.ares.fm\/wp-content\/uploads\/2016\/02\/IMG_2258-300x225.jpg 300w\" sizes=\"auto, (max-width: 640px) 100vw, 640px\" \/><\/a><\/p>\n<p>Poco despu\u00e9s nos trajeron la Cazuela del concurso:<\/p>\n<figure id=\"attachment_7550\" aria-describedby=\"caption-attachment-7550\" style=\"width: 640px\" class=\"wp-caption aligncenter\"><a href=\"http:\/\/felix.ares.fm\/?attachment_id=7550\" rel=\"attachment wp-att-7550\"><img loading=\"lazy\" decoding=\"async\" class=\"size-full wp-image-7550\" src=\"http:\/\/felix.ares.fm\/wp-content\/uploads\/2016\/02\/IMG_2264.jpg\" alt=\"Cazuela de salm\u00f3n con eneldo\" width=\"640\" height=\"480\" srcset=\"https:\/\/felix.ares.fm\/wp-content\/uploads\/2016\/02\/IMG_2264.jpg 640w, https:\/\/felix.ares.fm\/wp-content\/uploads\/2016\/02\/IMG_2264-300x225.jpg 300w\" sizes=\"auto, (max-width: 640px) 100vw, 640px\" \/><\/a><figcaption id=\"caption-attachment-7550\" class=\"wp-caption-text\">Cazuela de salm\u00f3n con eneldo<\/figcaption><\/figure>\n<p>La Cazuela es muy rica. Bien cocinada, bien preparada,&#8230;<\/p>\n<p>Preguntamos al due\u00f1o que qu\u00e9 eran las ramitas verdes. Llam\u00f3 a su esposa que es la cocinera, ambos son fineses, y buscaron la traducci\u00f3n al castellano: eneldo.<\/p>\n<p>Una cazuelita muy buena, muy sabrosa y muy bien guisada.<\/p>\n<p><span style=\"color: #ff00ff;\"><strong>ATENCI\u00d3N<\/strong><\/span><\/p>\n<p>Muy amable y profesional. Se trata de una familia finesa que se han instalado en Fuengirola:<\/p>\n<figure id=\"attachment_7552\" aria-describedby=\"caption-attachment-7552\" style=\"width: 640px\" class=\"wp-caption aligncenter\"><a href=\"http:\/\/felix.ares.fm\/?attachment_id=7552\" rel=\"attachment wp-att-7552\"><img loading=\"lazy\" decoding=\"async\" class=\"size-full wp-image-7552\" src=\"http:\/\/felix.ares.fm\/wp-content\/uploads\/2016\/02\/IMG_2263.jpg\" alt=\"Llevado adelante por la familia Saari\" width=\"640\" height=\"480\" srcset=\"https:\/\/felix.ares.fm\/wp-content\/uploads\/2016\/02\/IMG_2263.jpg 640w, https:\/\/felix.ares.fm\/wp-content\/uploads\/2016\/02\/IMG_2263-300x225.jpg 300w\" sizes=\"auto, (max-width: 640px) 100vw, 640px\" \/><\/a><figcaption id=\"caption-attachment-7552\" class=\"wp-caption-text\">Llevado adelante por la familia Saari<\/figcaption><\/figure>\n<p><span style=\"color: #ff00ff;\"><strong>OTRAS OFERTAS<\/strong><\/span><\/p>\n<figure id=\"attachment_7553\" aria-describedby=\"caption-attachment-7553\" style=\"width: 480px\" class=\"wp-caption aligncenter\"><a href=\"http:\/\/felix.ares.fm\/?attachment_id=7553\" rel=\"attachment wp-att-7553\"><img loading=\"lazy\" decoding=\"async\" class=\"size-full wp-image-7553\" src=\"http:\/\/felix.ares.fm\/wp-content\/uploads\/2016\/02\/IMG_2260-e1456912145200.jpg\" alt=\"caf\u00e9 solo: 1,10\u20ac\" width=\"480\" height=\"640\" srcset=\"https:\/\/felix.ares.fm\/wp-content\/uploads\/2016\/02\/IMG_2260-e1456912145200.jpg 480w, https:\/\/felix.ares.fm\/wp-content\/uploads\/2016\/02\/IMG_2260-e1456912145200-225x300.jpg 225w\" sizes=\"auto, (max-width: 480px) 100vw, 480px\" \/><\/a><figcaption id=\"caption-attachment-7553\" class=\"wp-caption-text\">caf\u00e9 solo: 1,10\u20ac. Tercio de cerveza: 2\u20ac Soberano: 2,50\u20ac<\/figcaption><\/figure>\n<p><strong><span style=\"color: #ff00ff;\">UBICACI\u00d3N<\/span><\/strong><\/p>\n<p>C\/ Maestra \u00c1ngeles Azpiazu 8<\/p>\n<p>Tel: 617 117 231<\/p>\n<p>e-mail: info@caballoverde.es<\/p>\n<p>URL: www.caballoverde.es<br \/>\nhttps:\/\/www.google.es\/maps\/place\/Calle+Maestra+%C3%81ngeles+Azpiazu,+8,+29640+Fuengirola,+M%C3%A1laga\/@36.5452488,-4.6246175,17z\/data=!3m1!4b1!4m2!3m1!1s0xd72e240e5993d3b:0xe12b7cb02dcc6032?hl=en<\/p>\n<p>&nbsp;<\/p>\n<p><span style=\"color: #ff00ff;\"><strong>WIFI<\/strong><\/span><\/p>\n<figure id=\"attachment_7400\" aria-describedby=\"caption-attachment-7400\" style=\"width: 300px\" class=\"wp-caption aligncenter\"><a href=\"http:\/\/felix.ares.fm\/?attachment_id=7400\" rel=\"attachment wp-att-7400\"><img loading=\"lazy\" decoding=\"async\" class=\"size-full wp-image-7400\" src=\"http:\/\/felix.ares.fm\/wp-content\/uploads\/2016\/02\/wifi-no.jpg\" alt=\"No Wifi\" width=\"300\" height=\"178\" \/><\/a><figcaption id=\"caption-attachment-7400\" class=\"wp-caption-text\">No Wifi<\/figcaption><\/figure>\n<p><span style=\"color: #ff00ff;\"><strong>NUESTRA IMPRESI\u00d3N PERSONAL<\/strong><\/span><\/p>\n<p>Un lugar excelente al que probablemente no hubi\u00e9ramos entrado de no ser por la Cazuela de la Abuela. Una vez que hemos estado no cabe duda de que volveremos.<\/p>\n<p>Nosotros no somos nadie para recomendar nada, pero estamos seguros de que si hubi\u00e9ramos visto una oferta destacada; no s\u00e9 cu\u00e1l, por ejemplo,\u00abReno con frutas del bosque\u00bb, es muy posible que hubi\u00e9ramos entrado antes.<\/p>\n<p>Ahora que los conocemos seguro que volveremos.<\/p>\n<p>&nbsp;<\/p>\n<h3 style=\"text-align: center;\"><span style=\"color: #ff00ff;\">BALDO<\/span><\/h3>\n<p style=\"text-align: center;\"><span style=\"color: #ff00ff;\">Concursante 64<\/span><\/p>\n<p>De este bar-restaurante italiano ya hab\u00edamos hablado en otras ocasiones. Por ejemplo aqu\u00ed:\u00a0<a href=\"http:\/\/felix.ares.fm\/?p=3080\">http:\/\/felix.ares.fm\/?p=3080<\/a><\/p>\n<p>Este a\u00f1o presenta a concurso su cazuela: \u00ab<strong><span style=\"color: #ff00ff;\">Cazuela de marisco con arroz<\/span><\/strong>\u00bb. Como es habitual, primero nos preguntan por las bebidas y despu\u00e9s nos traen la cazuelita.<\/p>\n<p>El vino es un Rioja de Crianza bastante bueno.<\/p>\n<figure id=\"attachment_7539\" aria-describedby=\"caption-attachment-7539\" style=\"width: 640px\" class=\"wp-caption aligncenter\"><a href=\"http:\/\/felix.ares.fm\/?attachment_id=7539\" rel=\"attachment wp-att-7539\"><img loading=\"lazy\" decoding=\"async\" class=\"size-full wp-image-7539\" src=\"http:\/\/felix.ares.fm\/wp-content\/uploads\/2016\/02\/IMG_2273.jpg\" alt=\"Ubicaci\u00f3n de Baldo en la Plaza de la Hispanidad.\" width=\"640\" height=\"480\" srcset=\"https:\/\/felix.ares.fm\/wp-content\/uploads\/2016\/02\/IMG_2273.jpg 640w, https:\/\/felix.ares.fm\/wp-content\/uploads\/2016\/02\/IMG_2273-300x225.jpg 300w\" sizes=\"auto, (max-width: 640px) 100vw, 640px\" \/><\/a><figcaption id=\"caption-attachment-7539\" class=\"wp-caption-text\">Ubicaci\u00f3n de Baldo en la Plaza de la Hispanidad.<\/figcaption><\/figure>\n<p><a href=\"http:\/\/felix.ares.fm\/?attachment_id=7540\" rel=\"attachment wp-att-7540\"><img loading=\"lazy\" decoding=\"async\" class=\"aligncenter size-full wp-image-7540\" src=\"http:\/\/felix.ares.fm\/wp-content\/uploads\/2016\/02\/IMG_2276-e1456909945119.jpg\" alt=\"IMG_2276\" width=\"480\" height=\"640\" srcset=\"https:\/\/felix.ares.fm\/wp-content\/uploads\/2016\/02\/IMG_2276-e1456909945119.jpg 480w, https:\/\/felix.ares.fm\/wp-content\/uploads\/2016\/02\/IMG_2276-e1456909945119-225x300.jpg 225w\" sizes=\"auto, (max-width: 480px) 100vw, 480px\" \/><\/a><\/p>\n<p><a href=\"http:\/\/felix.ares.fm\/?attachment_id=7541\" rel=\"attachment wp-att-7541\"><img loading=\"lazy\" decoding=\"async\" class=\"aligncenter size-full wp-image-7541\" src=\"http:\/\/felix.ares.fm\/wp-content\/uploads\/2016\/02\/IMG_2282-rrrell.jpg\" alt=\"IMG_2282-rrrell\" width=\"360\" height=\"480\" srcset=\"https:\/\/felix.ares.fm\/wp-content\/uploads\/2016\/02\/IMG_2282-rrrell.jpg 360w, https:\/\/felix.ares.fm\/wp-content\/uploads\/2016\/02\/IMG_2282-rrrell-225x300.jpg 225w\" sizes=\"auto, (max-width: 360px) 100vw, 360px\" \/><\/a><\/p>\n<p>Despu\u00e9s, poco despu\u00e9s, el servicio fue muy \u00e1gil nos trajeron las cazuelitas:<\/p>\n<figure id=\"attachment_7542\" aria-describedby=\"caption-attachment-7542\" style=\"width: 640px\" class=\"wp-caption aligncenter\"><a href=\"http:\/\/felix.ares.fm\/?attachment_id=7542\" rel=\"attachment wp-att-7542\"><img loading=\"lazy\" decoding=\"async\" class=\"size-full wp-image-7542\" src=\"http:\/\/felix.ares.fm\/wp-content\/uploads\/2016\/02\/IMG_2284.jpg\" alt=\"Arroz con mariscos.\" width=\"640\" height=\"480\" srcset=\"https:\/\/felix.ares.fm\/wp-content\/uploads\/2016\/02\/IMG_2284.jpg 640w, https:\/\/felix.ares.fm\/wp-content\/uploads\/2016\/02\/IMG_2284-300x225.jpg 300w\" sizes=\"auto, (max-width: 640px) 100vw, 640px\" \/><\/a><figcaption id=\"caption-attachment-7542\" class=\"wp-caption-text\">Arroz con mariscos.<\/figcaption><\/figure>\n<p><a href=\"http:\/\/felix.ares.fm\/?attachment_id=7543\" rel=\"attachment wp-att-7543\"><img loading=\"lazy\" decoding=\"async\" class=\"aligncenter size-full wp-image-7543\" src=\"http:\/\/felix.ares.fm\/wp-content\/uploads\/2016\/02\/IMG_2286.jpg\" alt=\"IMG_2286\" width=\"640\" height=\"480\" srcset=\"https:\/\/felix.ares.fm\/wp-content\/uploads\/2016\/02\/IMG_2286.jpg 640w, https:\/\/felix.ares.fm\/wp-content\/uploads\/2016\/02\/IMG_2286-300x225.jpg 300w\" sizes=\"auto, (max-width: 640px) 100vw, 640px\" \/><\/a><\/p>\n<p>Es resultado es muy bueno. No cabe duda de que repetiremos.<\/p>\n<p><strong>WIFI<\/strong><\/p>\n<figure id=\"attachment_7400\" aria-describedby=\"caption-attachment-7400\" style=\"width: 300px\" class=\"wp-caption aligncenter\"><a href=\"http:\/\/felix.ares.fm\/?attachment_id=7400\" rel=\"attachment wp-att-7400\"><img loading=\"lazy\" decoding=\"async\" class=\"size-full wp-image-7400\" src=\"http:\/\/felix.ares.fm\/wp-content\/uploads\/2016\/02\/wifi-no.jpg\" alt=\"No Wifi\" width=\"300\" height=\"178\" \/><\/a><figcaption id=\"caption-attachment-7400\" class=\"wp-caption-text\">No Wifi<\/figcaption><\/figure>\n<p style=\"text-align: center;\">***<\/p>\n<p><strong>Nota fotos y texto<\/strong>. Salvo las fotos que tienen un agradecimiento espec\u00edfico, como por ejemplo Wikipedia, son nuestras y las licenciamos con<\/p>\n<p><a href=\"http:\/\/creativecommons.org\/licenses\/by\/3.0\/deed.es_ES\" rel=\"license\"><img decoding=\"async\" src=\"http:\/\/i.creativecommons.org\/l\/by\/3.0\/88x31.png\" alt=\"Licencia de Creative Commons\" \/><\/a><br \/>\n<a href=\"viajes.ares.fm\" rel=\"cc:attributionURL\">F\u00e9lix Ares y Maricarmen Garmendia<\/a>\u00a0is licensed under a\u00a0<a href=\"http:\/\/creativecommons.org\/licenses\/by\/3.0\/deed.es_ES\" rel=\"license\">Creative Commons Reconocimiento 3.0 Unported License<\/a>.<br \/>\nCreado a partir de la obra en\u00a0<a href=\"viajes.ares.fm\" rel=\"dct:source\">felix.ares.fm<\/a>.<\/p>\n<p>Contacto con nosotros:<\/p>\n<p><a href=\"http:\/\/felix.ares.fm\/?attachment_id=7476\" rel=\"attachment wp-att-7476\"><img loading=\"lazy\" decoding=\"async\" class=\"aligncenter size-full wp-image-7476\" src=\"http:\/\/felix.ares.fm\/wp-content\/uploads\/2016\/02\/tapas.ares_.fm_.2.jpg\" alt=\"tapas.ares.fm.2\" width=\"703\" height=\"499\" srcset=\"https:\/\/felix.ares.fm\/wp-content\/uploads\/2016\/02\/tapas.ares_.fm_.2.jpg 703w, https:\/\/felix.ares.fm\/wp-content\/uploads\/2016\/02\/tapas.ares_.fm_.2-300x213.jpg 300w\" sizes=\"auto, (max-width: 703px) 100vw, 703px\" \/><\/a><\/p>\n<p>[contact_bank form_id=1 show_title=true show_desc=true]<\/p>\n","protected":false},"excerpt":{"rendered":"<p>Viernes 27 de febrero de 2016 Continuamos nuestra exploraci\u00f3n de lo que ofrecen distintos establecimientos en el concurso de\u00a0\u00abLa Cazuela de la Abuela\u00bb. Hoy exploraremos Gaspar II-Jaen, El caballo verde y \u00a0Baldo. GASPAR II &#8211; JA\u00c9N \u00a0De este sitio ya hemos hablado en otras ocasiones. Aqu\u00ed hay una descripci\u00f3n:\u00a0http:\/\/felix.ares.fm\/?p=3617 En nuestra opini\u00f3n se trata de &hellip; <a href=\"https:\/\/felix.ares.fm\/?p=7479\" class=\"more-link\">Seguir leyendo <span class=\"screen-reader-text\">La Cazuela de la abuela (5\u00aa edici\u00f3n 2016) (5)<\/span> <span class=\"meta-nav\">&rarr;<\/span><\/a><\/p>\n","protected":false},"author":1,"featured_media":0,"comment_status":"closed","ping_status":"open","sticky":false,"template":"","format":"standard","meta":{"footnotes":""},"categories":[295,661,660,357,221],"tags":[],"class_list":["post-7479","post","type-post","status-publish","format-standard","hentry","category-baldo","category-caballo-verde","category-el-caballo-verde","category-gaspar-ii-jaen","category-taperia"],"_links":{"self":[{"href":"https:\/\/felix.ares.fm\/index.php?rest_route=\/wp\/v2\/posts\/7479","targetHints":{"allow":["GET"]}}],"collection":[{"href":"https:\/\/felix.ares.fm\/index.php?rest_route=\/wp\/v2\/posts"}],"about":[{"href":"https:\/\/felix.ares.fm\/index.php?rest_route=\/wp\/v2\/types\/post"}],"author":[{"embeddable":true,"href":"https:\/\/felix.ares.fm\/index.php?rest_route=\/wp\/v2\/users\/1"}],"replies":[{"embeddable":true,"href":"https:\/\/felix.ares.fm\/index.php?rest_route=%2Fwp%2Fv2%2Fcomments&post=7479"}],"version-history":[{"count":0,"href":"https:\/\/felix.ares.fm\/index.php?rest_route=\/wp\/v2\/posts\/7479\/revisions"}],"wp:attachment":[{"href":"https:\/\/felix.ares.fm\/index.php?rest_route=%2Fwp%2Fv2%2Fmedia&parent=7479"}],"wp:term":[{"taxonomy":"category","embeddable":true,"href":"https:\/\/felix.ares.fm\/index.php?rest_route=%2Fwp%2Fv2%2Fcategories&post=7479"},{"taxonomy":"post_tag","embeddable":true,"href":"https:\/\/felix.ares.fm\/index.php?rest_route=%2Fwp%2Fv2%2Ftags&post=7479"}],"curies":[{"name":"wp","href":"https:\/\/api.w.org\/{rel}","templated":true}]}}