{"id":6693,"date":"2015-11-05T12:41:13","date_gmt":"2015-11-05T10:41:13","guid":{"rendered":"http:\/\/felix.ares.fm\/?p=6693"},"modified":"2015-11-05T13:20:37","modified_gmt":"2015-11-05T11:20:37","slug":"apuntes-de-una-excursion-a-las-batuecas-6-san-martin-del-castanar","status":"publish","type":"post","link":"https:\/\/felix.ares.fm\/?p=6693","title":{"rendered":"Apuntes de una excursi\u00f3n a Las Batuecas. 6: San Mart\u00edn del Casta\u00f1ar"},"content":{"rendered":"<p><strong>S\u00e1bado 24 de octubre de 2015<\/strong><\/p>\n<p style=\"text-align: center;\"><span style=\"color: #ff00ff;\">La <a style=\"color: #ff00ff;\" href=\"http:\/\/www.paginasamarillas.es\/f\/fuengirola\/asociacion-de-jubilados-y-pensionistas-de-fuengirola_201362985_000000001.html\"><strong>Asociaci\u00f3n de Pensionistas y Jubilados de Fuengirola<\/strong><\/a>, organiz\u00f3 una excursi\u00f3n para visitar la zona de \u00abLas Batuecas\u00bb, en la provincia de Salamanca. Hicimos el viaje felizmente y lo que aqu\u00ed presentamos son unos apuntes tomados durante el mismo. No se trata nada m\u00e1s que de eso: de unos apuntes tomados vuelapluma. Podemos haber cometido errores, as\u00ed que los datos que damos no deben tomarse como verdades contrastadas pues no lo son.<\/span><\/p>\n<h2 style=\"text-align: center;\">RETORNO, DE CIUDAD RODRIGO A MOGARRAZ<\/h2>\n<p>A las 12:47 mont\u00e1bamos en el autob\u00fas con destino a Mogarraz, donde comer\u00edamos y despu\u00e9s ir\u00edamos a San Mart\u00edn del Casta\u00f1ar. En el camino de vuelta, con m\u00e1s luz que a la ida, confirmamos que el oto\u00f1o se hab\u00eda consolidado tanto en en el campo charro como en Las Batuecas-Sierra de Francia.<\/p>\n<figure id=\"attachment_6695\" aria-describedby=\"caption-attachment-6695\" style=\"width: 640px\" class=\"wp-caption aligncenter\"><a href=\"http:\/\/felix.ares.fm\/?attachment_id=6695\" rel=\"attachment wp-att-6695\"><img loading=\"lazy\" decoding=\"async\" class=\"size-full wp-image-6695\" src=\"http:\/\/felix.ares.fm\/wp-content\/uploads\/2015\/11\/IMG_2522.jpg\" alt=\"Chimeneas con nebulosas volutas de humo, \u00e1rboles que amarillean, cielo gris... el oto\u00f1o nos hab\u00eda introducido en sus fauces.\" width=\"640\" height=\"427\" srcset=\"https:\/\/felix.ares.fm\/wp-content\/uploads\/2015\/11\/IMG_2522.jpg 640w, https:\/\/felix.ares.fm\/wp-content\/uploads\/2015\/11\/IMG_2522-300x200.jpg 300w\" sizes=\"auto, (max-width: 640px) 100vw, 640px\" \/><\/a><figcaption id=\"caption-attachment-6695\" class=\"wp-caption-text\">Chimeneas con nebulosas volutas de humo, \u00e1rboles que amarillean, cielo gris&#8230; el oto\u00f1o nos hab\u00eda introducido en sus fauces.<\/figcaption><\/figure>\n<p>Cuando llegamos, la comida que nos hab\u00eda preparado el hotel era contundente, propia del oto\u00f1o y del invierno:<\/p>\n<figure id=\"attachment_6697\" aria-describedby=\"caption-attachment-6697\" style=\"width: 640px\" class=\"wp-caption aligncenter\"><a href=\"http:\/\/felix.ares.fm\/?attachment_id=6697\" rel=\"attachment wp-att-6697\"><img loading=\"lazy\" decoding=\"async\" class=\"size-full wp-image-6697\" src=\"http:\/\/felix.ares.fm\/wp-content\/uploads\/2015\/11\/1IMG_2531.jpg\" alt=\"Alubias blancas con tocino.\" width=\"640\" height=\"427\" srcset=\"https:\/\/felix.ares.fm\/wp-content\/uploads\/2015\/11\/1IMG_2531.jpg 640w, https:\/\/felix.ares.fm\/wp-content\/uploads\/2015\/11\/1IMG_2531-300x200.jpg 300w\" sizes=\"auto, (max-width: 640px) 100vw, 640px\" \/><\/a><figcaption id=\"caption-attachment-6697\" class=\"wp-caption-text\">Alubias blancas con tocino.<\/figcaption><\/figure>\n<figure id=\"attachment_6698\" aria-describedby=\"caption-attachment-6698\" style=\"width: 640px\" class=\"wp-caption aligncenter\"><a href=\"http:\/\/felix.ares.fm\/?attachment_id=6698\" rel=\"attachment wp-att-6698\"><img loading=\"lazy\" decoding=\"async\" class=\"size-full wp-image-6698\" src=\"http:\/\/felix.ares.fm\/wp-content\/uploads\/2015\/11\/1IMG_2528.jpg\" alt=\"Costillas.\" width=\"640\" height=\"427\" srcset=\"https:\/\/felix.ares.fm\/wp-content\/uploads\/2015\/11\/1IMG_2528.jpg 640w, https:\/\/felix.ares.fm\/wp-content\/uploads\/2015\/11\/1IMG_2528-300x200.jpg 300w\" sizes=\"auto, (max-width: 640px) 100vw, 640px\" \/><\/a><figcaption id=\"caption-attachment-6698\" class=\"wp-caption-text\">Costillas.<\/figcaption><\/figure>\n<figure id=\"attachment_6699\" aria-describedby=\"caption-attachment-6699\" style=\"width: 640px\" class=\"wp-caption aligncenter\"><a href=\"http:\/\/felix.ares.fm\/?attachment_id=6699\" rel=\"attachment wp-att-6699\"><img loading=\"lazy\" decoding=\"async\" class=\"size-full wp-image-6699\" src=\"http:\/\/felix.ares.fm\/wp-content\/uploads\/2015\/11\/1IMG_2526.jpg\" alt=\"... y de postre, entre otras muchas cosas, mel\u00f3n.\" width=\"640\" height=\"427\" srcset=\"https:\/\/felix.ares.fm\/wp-content\/uploads\/2015\/11\/1IMG_2526.jpg 640w, https:\/\/felix.ares.fm\/wp-content\/uploads\/2015\/11\/1IMG_2526-300x200.jpg 300w\" sizes=\"auto, (max-width: 640px) 100vw, 640px\" \/><\/a><figcaption id=\"caption-attachment-6699\" class=\"wp-caption-text\">&#8230; y de postre, entre otras muchas cosas, mel\u00f3n.<\/figcaption><\/figure>\n<h2 style=\"text-align: center;\">DE MOGARRAZ A SAN MART\u00cdN DEL CASTA\u00d1AR<\/h2>\n<p>Tras la comida y un rato de reposo, salimos para San Mart\u00edn del Casta\u00f1ar.<\/p>\n<figure id=\"attachment_6700\" aria-describedby=\"caption-attachment-6700\" style=\"width: 640px\" class=\"wp-caption aligncenter\"><a href=\"http:\/\/felix.ares.fm\/?attachment_id=6700\" rel=\"attachment wp-att-6700\"><img loading=\"lazy\" decoding=\"async\" class=\"size-full wp-image-6700\" src=\"http:\/\/felix.ares.fm\/wp-content\/uploads\/2015\/11\/mogarraz-san-martin-del-casta\u00f1ar.jpg\" alt=\"De las dos rutas posibles, cogimos la azul.\" width=\"640\" height=\"371\" srcset=\"https:\/\/felix.ares.fm\/wp-content\/uploads\/2015\/11\/mogarraz-san-martin-del-casta\u00f1ar.jpg 640w, https:\/\/felix.ares.fm\/wp-content\/uploads\/2015\/11\/mogarraz-san-martin-del-casta\u00f1ar-300x173.jpg 300w\" sizes=\"auto, (max-width: 640px) 100vw, 640px\" \/><\/a><figcaption id=\"caption-attachment-6700\" class=\"wp-caption-text\">De las dos rutas posibles, cogimos la azul.<\/figcaption><\/figure>\n<h2 style=\"text-align: center;\">SAN MART\u00cdN DEL CASTA\u00d1AR<\/h2>\n<p>Ya desde el autob\u00fas pudimos ver dos de los edificios m\u00e1s importantes de San Mart\u00edn, la iglesia y el castillo.<\/p>\n<figure id=\"attachment_6701\" aria-describedby=\"caption-attachment-6701\" style=\"width: 640px\" class=\"wp-caption aligncenter\"><a href=\"http:\/\/felix.ares.fm\/?attachment_id=6701\" rel=\"attachment wp-att-6701\"><img loading=\"lazy\" decoding=\"async\" class=\"size-full wp-image-6701\" src=\"http:\/\/felix.ares.fm\/wp-content\/uploads\/2015\/11\/1IMG_2535-l.jpg\" alt=\"Iglesia y castillo de San Mart\u00edn del Casta\u00f1ar.\" width=\"640\" height=\"427\" srcset=\"https:\/\/felix.ares.fm\/wp-content\/uploads\/2015\/11\/1IMG_2535-l.jpg 640w, https:\/\/felix.ares.fm\/wp-content\/uploads\/2015\/11\/1IMG_2535-l-300x200.jpg 300w\" sizes=\"auto, (max-width: 640px) 100vw, 640px\" \/><\/a><figcaption id=\"caption-attachment-6701\" class=\"wp-caption-text\">Iglesia y castillo de San Mart\u00edn del Casta\u00f1ar.<\/figcaption><\/figure>\n<p>Tal como ya hemos dicho anteriormente, el nombre del pueblo dedicado a <a href=\"https:\/\/es.wikipedia.org\/wiki\/Mart%C3%ADn_de_Tours\">San Mart\u00edn<\/a>, franc\u00e9s, nos indica que por estas tierras estuvieron los repobladores franceses.<\/p>\n<p><a href=\"http:\/\/felix.ares.fm\/?attachment_id=6703\" rel=\"attachment wp-att-6703\"><img loading=\"lazy\" decoding=\"async\" class=\"aligncenter size-full wp-image-6703\" src=\"http:\/\/felix.ares.fm\/wp-content\/uploads\/2015\/11\/1IMG_2539-e1446709553595.jpg\" alt=\"1IMG_2539\" width=\"427\" height=\"640\" srcset=\"https:\/\/felix.ares.fm\/wp-content\/uploads\/2015\/11\/1IMG_2539-e1446709553595.jpg 427w, https:\/\/felix.ares.fm\/wp-content\/uploads\/2015\/11\/1IMG_2539-e1446709553595-200x300.jpg 200w\" sizes=\"auto, (max-width: 427px) 100vw, 427px\" \/><\/a><\/p>\n<p>A la entrada del pueblo unas ni\u00f1as nos venden \u00ab<a href=\"https:\/\/es.wikipedia.org\/wiki\/Boletus_edulis\">Boletus edulis<\/a>\u00bb. Dicen las normas de escritura que los nombres cient\u00edficos de las plantas y animales hay que ponerlos en cursiva, pero cada vez que lo hago, el producto que estoy usando para hacer el blog, de nombre WordPress, hace cosas muy raras, as\u00ed que lo pongo entre comillas.<\/p>\n<figure id=\"attachment_6704\" aria-describedby=\"caption-attachment-6704\" style=\"width: 640px\" class=\"wp-caption aligncenter\"><a href=\"http:\/\/felix.ares.fm\/?attachment_id=6704\" rel=\"attachment wp-att-6704\"><img loading=\"lazy\" decoding=\"async\" class=\"size-full wp-image-6704\" src=\"http:\/\/felix.ares.fm\/wp-content\/uploads\/2015\/11\/1IMG_2541.jpg\" alt=\"Boletus edulis, a la venta en San Mart\u00edn del casta\u00f1ar.\" width=\"640\" height=\"427\" srcset=\"https:\/\/felix.ares.fm\/wp-content\/uploads\/2015\/11\/1IMG_2541.jpg 640w, https:\/\/felix.ares.fm\/wp-content\/uploads\/2015\/11\/1IMG_2541-300x200.jpg 300w\" sizes=\"auto, (max-width: 640px) 100vw, 640px\" \/><\/a><figcaption id=\"caption-attachment-6704\" class=\"wp-caption-text\">Boletus edulis, a la venta en San Mart\u00edn del Casta\u00f1ar.<\/figcaption><\/figure>\n<p><a href=\"http:\/\/felix.ares.fm\/?attachment_id=6705\" rel=\"attachment wp-att-6705\"><img loading=\"lazy\" decoding=\"async\" class=\"aligncenter size-full wp-image-6705\" src=\"http:\/\/felix.ares.fm\/wp-content\/uploads\/2015\/11\/1IMG_2545.jpg\" alt=\"1IMG_2545\" width=\"640\" height=\"427\" srcset=\"https:\/\/felix.ares.fm\/wp-content\/uploads\/2015\/11\/1IMG_2545.jpg 640w, https:\/\/felix.ares.fm\/wp-content\/uploads\/2015\/11\/1IMG_2545-300x200.jpg 300w\" sizes=\"auto, (max-width: 640px) 100vw, 640px\" \/><\/a><\/p>\n<p>Vamos paseando por el pueblo hacia la iglesia parroquial.<\/p>\n<figure id=\"attachment_6706\" aria-describedby=\"caption-attachment-6706\" style=\"width: 640px\" class=\"wp-caption aligncenter\"><a href=\"http:\/\/felix.ares.fm\/?attachment_id=6706\" rel=\"attachment wp-att-6706\"><img loading=\"lazy\" decoding=\"async\" class=\"size-full wp-image-6706\" src=\"http:\/\/felix.ares.fm\/wp-content\/uploads\/2015\/11\/DSC00081.jpg\" alt=\"Casa t\u00edpica con arquitectura de lLs Batuecas.\" width=\"640\" height=\"480\" srcset=\"https:\/\/felix.ares.fm\/wp-content\/uploads\/2015\/11\/DSC00081.jpg 640w, https:\/\/felix.ares.fm\/wp-content\/uploads\/2015\/11\/DSC00081-300x225.jpg 300w\" sizes=\"auto, (max-width: 640px) 100vw, 640px\" \/><\/a><figcaption id=\"caption-attachment-6706\" class=\"wp-caption-text\">Casa t\u00edpica con arquitectura de Las Batuecas. Bueno, mejor dicho, <strong>casi<\/strong> t\u00edpica, pues la chimenea no lo era.<\/figcaption><\/figure>\n<p>El tiempo estaba muy mal y al llegar al pueblo empez\u00f3 a chispear, pero un poco m\u00e1s adelante el chispeo se convirti\u00f3 en lluvia.<\/p>\n<figure id=\"attachment_6707\" aria-describedby=\"caption-attachment-6707\" style=\"width: 640px\" class=\"wp-caption aligncenter\"><a href=\"http:\/\/felix.ares.fm\/?attachment_id=6707\" rel=\"attachment wp-att-6707\"><img loading=\"lazy\" decoding=\"async\" class=\"size-full wp-image-6707\" src=\"http:\/\/felix.ares.fm\/wp-content\/uploads\/2015\/11\/DSC00082.jpg\" alt=\"Nuestro grupo andando por una calle de San Mart\u00edn del casta\u00f1ar.\" width=\"640\" height=\"480\" srcset=\"https:\/\/felix.ares.fm\/wp-content\/uploads\/2015\/11\/DSC00082.jpg 640w, https:\/\/felix.ares.fm\/wp-content\/uploads\/2015\/11\/DSC00082-300x225.jpg 300w\" sizes=\"auto, (max-width: 640px) 100vw, 640px\" \/><\/a><figcaption id=\"caption-attachment-6707\" class=\"wp-caption-text\">Nuestro grupo andando por una calle de San Mart\u00edn del Casta\u00f1ar.<\/figcaption><\/figure>\n<p>Quiz\u00e1 aqu\u00ed, a diferencia de Mogarraz, la pared exterior est\u00e1 revestida de piedra.<\/p>\n<figure id=\"attachment_6708\" aria-describedby=\"caption-attachment-6708\" style=\"width: 640px\" class=\"wp-caption aligncenter\"><a href=\"http:\/\/felix.ares.fm\/?attachment_id=6708\" rel=\"attachment wp-att-6708\"><img loading=\"lazy\" decoding=\"async\" class=\"size-full wp-image-6708\" src=\"http:\/\/felix.ares.fm\/wp-content\/uploads\/2015\/11\/DSC00083.jpg\" alt=\"C asa t\u00edpica en San Mart\u00edn del casta\u00f1ar.\" width=\"640\" height=\"480\" srcset=\"https:\/\/felix.ares.fm\/wp-content\/uploads\/2015\/11\/DSC00083.jpg 640w, https:\/\/felix.ares.fm\/wp-content\/uploads\/2015\/11\/DSC00083-300x225.jpg 300w\" sizes=\"auto, (max-width: 640px) 100vw, 640px\" \/><\/a><figcaption id=\"caption-attachment-6708\" class=\"wp-caption-text\">Casa t\u00edpica en San Mart\u00edn del Casta\u00f1ar.<\/figcaption><\/figure>\n<p>A muchos nos llam\u00f3 la atenci\u00f3n el letrero que pongo debajo. Pongo la foto de Ram\u00f3n Ram\u00f3n pues es mejor que la m\u00eda:<\/p>\n<figure id=\"attachment_6710\" aria-describedby=\"caption-attachment-6710\" style=\"width: 576px\" class=\"wp-caption aligncenter\"><a href=\"http:\/\/felix.ares.fm\/?attachment_id=6710\" rel=\"attachment wp-att-6710\"><img loading=\"lazy\" decoding=\"async\" class=\"wp-image-6710 size-full\" src=\"http:\/\/felix.ares.fm\/wp-content\/uploads\/2015\/11\/173.jpg\" alt=\"173\" width=\"576\" height=\"387\" srcset=\"https:\/\/felix.ares.fm\/wp-content\/uploads\/2015\/11\/173.jpg 576w, https:\/\/felix.ares.fm\/wp-content\/uploads\/2015\/11\/173-300x201.jpg 300w\" sizes=\"auto, (max-width: 576px) 100vw, 576px\" \/><\/a><figcaption id=\"caption-attachment-6710\" class=\"wp-caption-text\">No seas garr\u00f3n recoge tu moj\u00f3n.<\/figcaption><\/figure>\n<figure id=\"attachment_6711\" aria-describedby=\"caption-attachment-6711\" style=\"width: 640px\" class=\"wp-caption aligncenter\"><a href=\"http:\/\/felix.ares.fm\/?attachment_id=6711\" rel=\"attachment wp-att-6711\"><img loading=\"lazy\" decoding=\"async\" class=\"size-full wp-image-6711\" src=\"http:\/\/felix.ares.fm\/wp-content\/uploads\/2015\/11\/DSC00087.jpg\" alt=\"En una pared vemos dos anuncios, uno sobre una jornada micol\u00f3gica y otros sobre la fiesta de la casta\u00f1a.\" width=\"640\" height=\"480\" srcset=\"https:\/\/felix.ares.fm\/wp-content\/uploads\/2015\/11\/DSC00087.jpg 640w, https:\/\/felix.ares.fm\/wp-content\/uploads\/2015\/11\/DSC00087-300x225.jpg 300w\" sizes=\"auto, (max-width: 640px) 100vw, 640px\" \/><\/a><figcaption id=\"caption-attachment-6711\" class=\"wp-caption-text\">En una pared vemos dos anuncios, uno sobre una jornada micol\u00f3gica y otros sobre la fiesta de la casta\u00f1a.<\/figcaption><\/figure>\n<p>Como pueden ver, por muy pocos d\u00edas no llegamos a la fiesta de la casta\u00f1a. F\u00edjense en la fecha, 1 de noviembre. Se trata de una fiesta de la v\u00edspera de todos los santos, dicho en estadounidense: Halloween. Aunque hoy en d\u00eda sea simplemente una fiesta en la que se reparten casta\u00f1as, sus ra\u00edces son mucho m\u00e1s profundas. Primero, las casta\u00f1as, antes de que llegaran de Am\u00e9rica el ma\u00edz y la patata era un alimento fundamental en la zona. En la cultura c\u00e9ltica se ofrec\u00edan casta\u00f1as a los esp\u00edritus como rito propiciatorio. Pero de ello hablar\u00e9 en un ap\u00e9ndice, un poco m\u00e1s abajo.<\/p>\n<p>Unos metros m\u00e1s y llegamos a la plaza mayor, donde est\u00e1 el ayuntamiento y este pil\u00f3n:<\/p>\n<figure id=\"attachment_6712\" aria-describedby=\"caption-attachment-6712\" style=\"width: 640px\" class=\"wp-caption aligncenter\"><a href=\"http:\/\/felix.ares.fm\/?attachment_id=6712\" rel=\"attachment wp-att-6712\"><img loading=\"lazy\" decoding=\"async\" class=\"size-full wp-image-6712\" src=\"http:\/\/felix.ares.fm\/wp-content\/uploads\/2015\/11\/DSC00088.jpg\" alt=\"Pil\u00f3n e la plaza de San Mart\u00edn del casta\u00f1ar.\" width=\"640\" height=\"480\" srcset=\"https:\/\/felix.ares.fm\/wp-content\/uploads\/2015\/11\/DSC00088.jpg 640w, https:\/\/felix.ares.fm\/wp-content\/uploads\/2015\/11\/DSC00088-300x225.jpg 300w\" sizes=\"auto, (max-width: 640px) 100vw, 640px\" \/><\/a><figcaption id=\"caption-attachment-6712\" class=\"wp-caption-text\">Pil\u00f3n e la plaza de San Mart\u00edn del Casta\u00f1ar. Los paraguas demuestran que llueve.<\/figcaption><\/figure>\n<p>&nbsp;<\/p>\n<p>A la izquierda de la fotograf\u00eda, hay una casa con esta cara:<\/p>\n<figure id=\"attachment_6713\" aria-describedby=\"caption-attachment-6713\" style=\"width: 640px\" class=\"wp-caption aligncenter\"><a href=\"http:\/\/felix.ares.fm\/?attachment_id=6713\" rel=\"attachment wp-att-6713\"><img loading=\"lazy\" decoding=\"async\" class=\"size-full wp-image-6713\" src=\"http:\/\/felix.ares.fm\/wp-content\/uploads\/2015\/11\/DSC00089.jpg\" alt=\"Cara que indica que esa casa pertenec\u00eda a un indiano. \" width=\"640\" height=\"480\" srcset=\"https:\/\/felix.ares.fm\/wp-content\/uploads\/2015\/11\/DSC00089.jpg 640w, https:\/\/felix.ares.fm\/wp-content\/uploads\/2015\/11\/DSC00089-300x225.jpg 300w\" sizes=\"auto, (max-width: 640px) 100vw, 640px\" \/><\/a><figcaption id=\"caption-attachment-6713\" class=\"wp-caption-text\">Cara que indica que esa casa pertenec\u00eda a un indiano.<\/figcaption><\/figure>\n<p>Los indianos, es decir, los espa\u00f1oles que volv\u00edan de Am\u00e9rica, a veces con cierta fortuna, pon\u00edan este tipo de caras en sus casas para indicar su condici\u00f3n.<\/p>\n<figure id=\"attachment_6714\" aria-describedby=\"caption-attachment-6714\" style=\"width: 480px\" class=\"wp-caption aligncenter\"><a href=\"http:\/\/felix.ares.fm\/?attachment_id=6714\" rel=\"attachment wp-att-6714\"><img loading=\"lazy\" decoding=\"async\" class=\"size-full wp-image-6714\" src=\"http:\/\/felix.ares.fm\/wp-content\/uploads\/2015\/11\/DSC00091-p.jpg\" alt=\"Nuestro grupo y al fondo el campanario de la iglesia parroquial.\" width=\"480\" height=\"640\" srcset=\"https:\/\/felix.ares.fm\/wp-content\/uploads\/2015\/11\/DSC00091-p.jpg 480w, https:\/\/felix.ares.fm\/wp-content\/uploads\/2015\/11\/DSC00091-p-225x300.jpg 225w\" sizes=\"auto, (max-width: 480px) 100vw, 480px\" \/><\/a><figcaption id=\"caption-attachment-6714\" class=\"wp-caption-text\">Nuestro grupo y al fondo el campanario de la iglesia parroquial.<\/figcaption><\/figure>\n<figure id=\"attachment_6715\" aria-describedby=\"caption-attachment-6715\" style=\"width: 480px\" class=\"wp-caption aligncenter\"><a href=\"http:\/\/felix.ares.fm\/?attachment_id=6715\" rel=\"attachment wp-att-6715\"><img loading=\"lazy\" decoding=\"async\" class=\"size-full wp-image-6715\" src=\"http:\/\/felix.ares.fm\/wp-content\/uploads\/2015\/11\/DSC00093.jpg\" alt=\"La iglesia parroquial.\" width=\"480\" height=\"640\" srcset=\"https:\/\/felix.ares.fm\/wp-content\/uploads\/2015\/11\/DSC00093.jpg 480w, https:\/\/felix.ares.fm\/wp-content\/uploads\/2015\/11\/DSC00093-225x300.jpg 225w\" sizes=\"auto, (max-width: 480px) 100vw, 480px\" \/><\/a><figcaption id=\"caption-attachment-6715\" class=\"wp-caption-text\">La iglesia parroquial.<\/figcaption><\/figure>\n<figure id=\"attachment_6716\" aria-describedby=\"caption-attachment-6716\" style=\"width: 480px\" class=\"wp-caption aligncenter\"><a href=\"http:\/\/felix.ares.fm\/?attachment_id=6716\" rel=\"attachment wp-att-6716\"><img loading=\"lazy\" decoding=\"async\" class=\"size-full wp-image-6716\" src=\"http:\/\/felix.ares.fm\/wp-content\/uploads\/2015\/11\/DSC00094.jpg\" alt=\"Vista frontal de la iglesia parroquial.\" width=\"480\" height=\"640\" srcset=\"https:\/\/felix.ares.fm\/wp-content\/uploads\/2015\/11\/DSC00094.jpg 480w, https:\/\/felix.ares.fm\/wp-content\/uploads\/2015\/11\/DSC00094-225x300.jpg 225w\" sizes=\"auto, (max-width: 480px) 100vw, 480px\" \/><\/a><figcaption id=\"caption-attachment-6716\" class=\"wp-caption-text\">Vista frontal de la iglesia parroquial.<\/figcaption><\/figure>\n<figure id=\"attachment_6717\" aria-describedby=\"caption-attachment-6717\" style=\"width: 480px\" class=\"wp-caption aligncenter\"><a href=\"http:\/\/felix.ares.fm\/?attachment_id=6717\" rel=\"attachment wp-att-6717\"><img loading=\"lazy\" decoding=\"async\" class=\"size-full wp-image-6717\" src=\"http:\/\/felix.ares.fm\/wp-content\/uploads\/2015\/11\/DSC00097.jpg\" alt=\"Cruz exterior en la iglesia parroquial.\" width=\"480\" height=\"640\" srcset=\"https:\/\/felix.ares.fm\/wp-content\/uploads\/2015\/11\/DSC00097.jpg 480w, https:\/\/felix.ares.fm\/wp-content\/uploads\/2015\/11\/DSC00097-225x300.jpg 225w\" sizes=\"auto, (max-width: 480px) 100vw, 480px\" \/><\/a><figcaption id=\"caption-attachment-6717\" class=\"wp-caption-text\">Cruz exterior en la iglesia parroquial.<\/figcaption><\/figure>\n<p>Esta iglesia parroquial, declarada monumento Hist\u00f3rico-Art\u00edstico, tiene sus or\u00edgenes en el el siglo XIII pero ha sufrido numerosas transformaciones.<\/p>\n<p>All\u00ed, en el atrio de la iglesia, se conserva una estela funeraria que demuestra que estas tierras fueron ocupadas por los romanos, aunque sus huellas son muy escasas. Parece ser que la propia iglesia est\u00e1 construida sobre vestigios rom\u00e1nicos.<\/p>\n<figure id=\"attachment_6718\" aria-describedby=\"caption-attachment-6718\" style=\"width: 480px\" class=\"wp-caption aligncenter\"><a href=\"http:\/\/felix.ares.fm\/?attachment_id=6718\" rel=\"attachment wp-att-6718\"><img loading=\"lazy\" decoding=\"async\" class=\"size-full wp-image-6718\" src=\"http:\/\/felix.ares.fm\/wp-content\/uploads\/2015\/11\/DSC00098.jpg\" alt=\"Estela funeraria en el atrico de la iglesia parrpquial de San Mrt\u00edn del Casta\u00f1ar.\" width=\"480\" height=\"640\" srcset=\"https:\/\/felix.ares.fm\/wp-content\/uploads\/2015\/11\/DSC00098.jpg 480w, https:\/\/felix.ares.fm\/wp-content\/uploads\/2015\/11\/DSC00098-225x300.jpg 225w\" sizes=\"auto, (max-width: 480px) 100vw, 480px\" \/><\/a><figcaption id=\"caption-attachment-6718\" class=\"wp-caption-text\">Estela funeraria en el atrio de la iglesia parroquial de San Mart\u00edn del Casta\u00f1ar.<\/figcaption><\/figure>\n<p>Esta estela fue erigida por el centuri\u00f3n romano Reburro, del siglo I, cuando su madre, Bolosea, muri\u00f3. Aunque hoy est\u00e1 en el atrio de la iglesia parroquial, fue encontrada en las ruinas de San Benito. M\u00e1s informaci\u00f3n <a href=\"http:\/\/www.posadadesanmartin.es\/component\/content\/article\/35-informacion\/50-un-poco-de-historia.html\">aqu\u00ed<\/a>.<\/p>\n<figure id=\"attachment_6729\" aria-describedby=\"caption-attachment-6729\" style=\"width: 640px\" class=\"wp-caption aligncenter\"><a href=\"http:\/\/felix.ares.fm\/?attachment_id=6729\" rel=\"attachment wp-att-6729\"><img loading=\"lazy\" decoding=\"async\" class=\"size-full wp-image-6729\" src=\"http:\/\/felix.ares.fm\/wp-content\/uploads\/2015\/11\/1IMG_2549-p-iglesia-parroquial.jpg\" alt=\"Interior de la iglesia parroquial de San Mart\u00edn del casta\u00f1ar.\" width=\"640\" height=\"427\" srcset=\"https:\/\/felix.ares.fm\/wp-content\/uploads\/2015\/11\/1IMG_2549-p-iglesia-parroquial.jpg 640w, https:\/\/felix.ares.fm\/wp-content\/uploads\/2015\/11\/1IMG_2549-p-iglesia-parroquial-300x200.jpg 300w\" sizes=\"auto, (max-width: 640px) 100vw, 640px\" \/><\/a><figcaption id=\"caption-attachment-6729\" class=\"wp-caption-text\">Interior de la iglesia parroquial de San Mart\u00edn del Casta\u00f1ar.<\/figcaption><\/figure>\n<figure id=\"attachment_6730\" aria-describedby=\"caption-attachment-6730\" style=\"width: 640px\" class=\"wp-caption aligncenter\"><a href=\"http:\/\/felix.ares.fm\/?attachment_id=6730\" rel=\"attachment wp-att-6730\"><img loading=\"lazy\" decoding=\"async\" class=\"size-full wp-image-6730\" src=\"http:\/\/felix.ares.fm\/wp-content\/uploads\/2015\/11\/1IMG_2550.jpg\" alt=\"El techo.\" width=\"640\" height=\"427\" srcset=\"https:\/\/felix.ares.fm\/wp-content\/uploads\/2015\/11\/1IMG_2550.jpg 640w, https:\/\/felix.ares.fm\/wp-content\/uploads\/2015\/11\/1IMG_2550-300x200.jpg 300w\" sizes=\"auto, (max-width: 640px) 100vw, 640px\" \/><\/a><figcaption id=\"caption-attachment-6730\" class=\"wp-caption-text\">El techo con un artesonado <a href=\"http:\/\/dle.rae.es\/?w=mud%C3%A9jar&amp;o=h\">mud\u00e9jar<\/a>.<\/figcaption><\/figure>\n<figure id=\"attachment_6731\" aria-describedby=\"caption-attachment-6731\" style=\"width: 640px\" class=\"wp-caption aligncenter\"><a href=\"http:\/\/felix.ares.fm\/?attachment_id=6731\" rel=\"attachment wp-att-6731\"><img loading=\"lazy\" decoding=\"async\" class=\"size-full wp-image-6731\" src=\"http:\/\/felix.ares.fm\/wp-content\/uploads\/2015\/11\/1IMG_2551.jpg\" alt=\"Detalles del techo\" width=\"640\" height=\"427\" srcset=\"https:\/\/felix.ares.fm\/wp-content\/uploads\/2015\/11\/1IMG_2551.jpg 640w, https:\/\/felix.ares.fm\/wp-content\/uploads\/2015\/11\/1IMG_2551-300x200.jpg 300w\" sizes=\"auto, (max-width: 640px) 100vw, 640px\" \/><\/a><figcaption id=\"caption-attachment-6731\" class=\"wp-caption-text\">Detalles del techo<\/figcaption><\/figure>\n<figure id=\"attachment_6736\" aria-describedby=\"caption-attachment-6736\" style=\"width: 640px\" class=\"wp-caption aligncenter\"><a href=\"http:\/\/felix.ares.fm\/?attachment_id=6736\" rel=\"attachment wp-att-6736\"><img loading=\"lazy\" decoding=\"async\" class=\"size-full wp-image-6736\" src=\"http:\/\/felix.ares.fm\/wp-content\/uploads\/2015\/11\/1IMG_2558.jpg\" alt=\"P\u00falpito y coro.\" width=\"640\" height=\"427\" srcset=\"https:\/\/felix.ares.fm\/wp-content\/uploads\/2015\/11\/1IMG_2558.jpg 640w, https:\/\/felix.ares.fm\/wp-content\/uploads\/2015\/11\/1IMG_2558-300x200.jpg 300w\" sizes=\"auto, (max-width: 640px) 100vw, 640px\" \/><\/a><figcaption id=\"caption-attachment-6736\" class=\"wp-caption-text\">P\u00falpito y coro.<\/figcaption><\/figure>\n<figure id=\"attachment_6733\" aria-describedby=\"caption-attachment-6733\" style=\"width: 640px\" class=\"wp-caption aligncenter\"><a href=\"http:\/\/felix.ares.fm\/?attachment_id=6733\" rel=\"attachment wp-att-6733\"><img loading=\"lazy\" decoding=\"async\" class=\"size-full wp-image-6733\" src=\"http:\/\/felix.ares.fm\/wp-content\/uploads\/2015\/11\/1IMG_2553.jpg\" alt=\"Retablo mayor de la iglesia. El cristo se le conoce como del miserere.\" width=\"640\" height=\"427\" srcset=\"https:\/\/felix.ares.fm\/wp-content\/uploads\/2015\/11\/1IMG_2553.jpg 640w, https:\/\/felix.ares.fm\/wp-content\/uploads\/2015\/11\/1IMG_2553-300x200.jpg 300w\" sizes=\"auto, (max-width: 640px) 100vw, 640px\" \/><\/a><figcaption id=\"caption-attachment-6733\" class=\"wp-caption-text\">Retablo mayor de la iglesia. El cristo se le conoce como del miserere.<\/figcaption><\/figure>\n<p>Curiosamente el <strong>Cristo del miserere\u00a0<\/strong> es m\u00e1s antiguo que el resto del altar mayor. El altar mayor es del siglo XVII mientras que el cristo es de principios del siglo XVI y lleg\u00f3 a la iglesia parroquial procedente del del convento de Nuestra Se\u00f1ora de Gracia. No me resisto a poner este enlace a la composici\u00f3n \u00ab<a href=\"https:\/\/www.youtube.com\/watch?v=36Y_ztEW1NE\">Misere mei,deus\u00bb de Allegri<\/a>\u00bb.<\/p>\n<p>Si el Cristo del retablo es de una factura impecable, \u00bfqu\u00e9 me dicen de esta imagen de un lateral? Una imagen inocente, pero la sangre en el cuerpo es impactante, \u00bfo no?<\/p>\n<p><a href=\"http:\/\/felix.ares.fm\/?attachment_id=6734\" rel=\"attachment wp-att-6734\"><img loading=\"lazy\" decoding=\"async\" class=\"aligncenter size-full wp-image-6734\" src=\"http:\/\/felix.ares.fm\/wp-content\/uploads\/2015\/11\/1IMG_2554-e1446717924451.jpg\" alt=\"1IMG_2554\" width=\"427\" height=\"640\" srcset=\"https:\/\/felix.ares.fm\/wp-content\/uploads\/2015\/11\/1IMG_2554-e1446717924451.jpg 427w, https:\/\/felix.ares.fm\/wp-content\/uploads\/2015\/11\/1IMG_2554-e1446717924451-200x300.jpg 200w\" sizes=\"auto, (max-width: 427px) 100vw, 427px\" \/><\/a><\/p>\n<p><a href=\"http:\/\/felix.ares.fm\/?attachment_id=6735\" rel=\"attachment wp-att-6735\"><img loading=\"lazy\" decoding=\"async\" class=\"aligncenter size-full wp-image-6735\" src=\"http:\/\/felix.ares.fm\/wp-content\/uploads\/2015\/11\/1IMG_2557-e1446718152710.jpg\" alt=\"1IMG_2557\" width=\"427\" height=\"640\" srcset=\"https:\/\/felix.ares.fm\/wp-content\/uploads\/2015\/11\/1IMG_2557-e1446718152710.jpg 427w, https:\/\/felix.ares.fm\/wp-content\/uploads\/2015\/11\/1IMG_2557-e1446718152710-200x300.jpg 200w\" sizes=\"auto, (max-width: 427px) 100vw, 427px\" \/><\/a><\/p>\n<figure id=\"attachment_6737\" aria-describedby=\"caption-attachment-6737\" style=\"width: 640px\" class=\"wp-caption aligncenter\"><a href=\"http:\/\/felix.ares.fm\/?attachment_id=6737\" rel=\"attachment wp-att-6737\"><img loading=\"lazy\" decoding=\"async\" class=\"size-full wp-image-6737\" src=\"http:\/\/felix.ares.fm\/wp-content\/uploads\/2015\/11\/1IMG_2562.jpg\" alt=\"Pila bautismal.\" width=\"640\" height=\"427\" srcset=\"https:\/\/felix.ares.fm\/wp-content\/uploads\/2015\/11\/1IMG_2562.jpg 640w, https:\/\/felix.ares.fm\/wp-content\/uploads\/2015\/11\/1IMG_2562-300x200.jpg 300w\" sizes=\"auto, (max-width: 640px) 100vw, 640px\" \/><\/a><figcaption id=\"caption-attachment-6737\" class=\"wp-caption-text\">Pila bautismal.<\/figcaption><\/figure>\n<p>Dejamos la iglesia y nos dirigimos al castillo.<\/p>\n<figure id=\"attachment_6719\" aria-describedby=\"caption-attachment-6719\" style=\"width: 640px\" class=\"wp-caption aligncenter\"><a href=\"http:\/\/felix.ares.fm\/?attachment_id=6719\" rel=\"attachment wp-att-6719\"><img loading=\"lazy\" decoding=\"async\" class=\"wp-image-6719 size-full\" src=\"http:\/\/felix.ares.fm\/wp-content\/uploads\/2015\/11\/DSC00100.jpg\" alt=\"DSC00100\" width=\"640\" height=\"480\" srcset=\"https:\/\/felix.ares.fm\/wp-content\/uploads\/2015\/11\/DSC00100.jpg 640w, https:\/\/felix.ares.fm\/wp-content\/uploads\/2015\/11\/DSC00100-300x225.jpg 300w\" sizes=\"auto, (max-width: 640px) 100vw, 640px\" \/><\/a><figcaption id=\"caption-attachment-6719\" class=\"wp-caption-text\">Puerta lateral de la iglesia parroquial.<\/figcaption><\/figure>\n<p>&nbsp;<\/p>\n<p>Por el camino me encuentro con estos musgos en una piedra y no puedo resistirme a fotografiarlo.<\/p>\n<p><a href=\"http:\/\/felix.ares.fm\/?attachment_id=6720\" rel=\"attachment wp-att-6720\"><img loading=\"lazy\" decoding=\"async\" class=\"aligncenter size-full wp-image-6720\" src=\"http:\/\/felix.ares.fm\/wp-content\/uploads\/2015\/11\/DSC00103.jpg\" alt=\"DSC00103\" width=\"640\" height=\"480\" srcset=\"https:\/\/felix.ares.fm\/wp-content\/uploads\/2015\/11\/DSC00103.jpg 640w, https:\/\/felix.ares.fm\/wp-content\/uploads\/2015\/11\/DSC00103-300x225.jpg 300w\" sizes=\"auto, (max-width: 640px) 100vw, 640px\" \/><\/a><\/p>\n<figure id=\"attachment_6721\" aria-describedby=\"caption-attachment-6721\" style=\"width: 637px\" class=\"wp-caption aligncenter\"><a href=\"http:\/\/felix.ares.fm\/?attachment_id=6721\" rel=\"attachment wp-att-6721\"><img loading=\"lazy\" decoding=\"async\" class=\"size-full wp-image-6721\" src=\"http:\/\/felix.ares.fm\/wp-content\/uploads\/2015\/11\/DSC00104-psc.jpg\" alt=\"Nuestro grupo a la entrda del castillo. A la izquierda est\u00e1 la plaza de toros.\" width=\"637\" height=\"462\" srcset=\"https:\/\/felix.ares.fm\/wp-content\/uploads\/2015\/11\/DSC00104-psc.jpg 637w, https:\/\/felix.ares.fm\/wp-content\/uploads\/2015\/11\/DSC00104-psc-300x217.jpg 300w\" sizes=\"auto, (max-width: 637px) 100vw, 637px\" \/><\/a><figcaption id=\"caption-attachment-6721\" class=\"wp-caption-text\">Nuestro grupo a la entrada del castillo. A la izquierda est\u00e1 la plaza de toros.<\/figcaption><\/figure>\n<p>La plaza de toros es antigua. Antes, los burladeros eran de granito, pero en 1985, se sustituyeron por los actuales de madera y se aumentaron las gradas para que pudiera haber m\u00e1s espectadores.<\/p>\n<figure id=\"attachment_6722\" aria-describedby=\"caption-attachment-6722\" style=\"width: 640px\" class=\"wp-caption aligncenter\"><a href=\"http:\/\/felix.ares.fm\/?attachment_id=6722\" rel=\"attachment wp-att-6722\"><img loading=\"lazy\" decoding=\"async\" class=\"size-full wp-image-6722\" src=\"http:\/\/felix.ares.fm\/wp-content\/uploads\/2015\/11\/DSC00109-sc-c.jpg\" alt=\"Gradas, plaza de toros de San Mart\u00edn del casta\u00f1ar.\" width=\"640\" height=\"480\" srcset=\"https:\/\/felix.ares.fm\/wp-content\/uploads\/2015\/11\/DSC00109-sc-c.jpg 640w, https:\/\/felix.ares.fm\/wp-content\/uploads\/2015\/11\/DSC00109-sc-c-300x225.jpg 300w\" sizes=\"auto, (max-width: 640px) 100vw, 640px\" \/><\/a><figcaption id=\"caption-attachment-6722\" class=\"wp-caption-text\">Gradas, plaza de toros de San Mart\u00edn del Casta\u00f1ar.<\/figcaption><\/figure>\n<figure id=\"attachment_6723\" aria-describedby=\"caption-attachment-6723\" style=\"width: 640px\" class=\"wp-caption aligncenter\"><a href=\"http:\/\/felix.ares.fm\/?attachment_id=6723\" rel=\"attachment wp-att-6723\"><img loading=\"lazy\" decoding=\"async\" class=\"size-full wp-image-6723\" src=\"http:\/\/felix.ares.fm\/wp-content\/uploads\/2015\/11\/DSC00110.jpg\" alt=\"Los actuales burladeros de madera.\" width=\"640\" height=\"480\" srcset=\"https:\/\/felix.ares.fm\/wp-content\/uploads\/2015\/11\/DSC00110.jpg 640w, https:\/\/felix.ares.fm\/wp-content\/uploads\/2015\/11\/DSC00110-300x225.jpg 300w\" sizes=\"auto, (max-width: 640px) 100vw, 640px\" \/><\/a><figcaption id=\"caption-attachment-6723\" class=\"wp-caption-text\">Los actuales burladeros de madera.<\/figcaption><\/figure>\n<figure id=\"attachment_6724\" aria-describedby=\"caption-attachment-6724\" style=\"width: 640px\" class=\"wp-caption aligncenter\"><a href=\"http:\/\/felix.ares.fm\/?attachment_id=6724\" rel=\"attachment wp-att-6724\"><img loading=\"lazy\" decoding=\"async\" class=\"size-full wp-image-6724\" src=\"http:\/\/felix.ares.fm\/wp-content\/uploads\/2015\/11\/DSC00111.jpg\" alt=\"La plaza de toros.\" width=\"640\" height=\"480\" srcset=\"https:\/\/felix.ares.fm\/wp-content\/uploads\/2015\/11\/DSC00111.jpg 640w, https:\/\/felix.ares.fm\/wp-content\/uploads\/2015\/11\/DSC00111-300x225.jpg 300w\" sizes=\"auto, (max-width: 640px) 100vw, 640px\" \/><\/a><figcaption id=\"caption-attachment-6724\" class=\"wp-caption-text\">La plaza de toros.<\/figcaption><\/figure>\n<p>Nos dirigimos al castillo y nos encontramos con este letrero.<\/p>\n<figure id=\"attachment_6726\" aria-describedby=\"caption-attachment-6726\" style=\"width: 640px\" class=\"wp-caption aligncenter\"><a href=\"http:\/\/felix.ares.fm\/?attachment_id=6726\" rel=\"attachment wp-att-6726\"><img loading=\"lazy\" decoding=\"async\" class=\"size-full wp-image-6726\" src=\"http:\/\/felix.ares.fm\/wp-content\/uploads\/2015\/11\/DSC00114.jpg\" alt=\"Reserva de la biosfera.\" width=\"640\" height=\"480\" srcset=\"https:\/\/felix.ares.fm\/wp-content\/uploads\/2015\/11\/DSC00114.jpg 640w, https:\/\/felix.ares.fm\/wp-content\/uploads\/2015\/11\/DSC00114-300x225.jpg 300w\" sizes=\"auto, (max-width: 640px) 100vw, 640px\" \/><\/a><figcaption id=\"caption-attachment-6726\" class=\"wp-caption-text\">Reserva de la biosfera. El parque natural Sierra de Francia-Batuecas ha sido declarado reserva de la biosfera por la Unesco.<\/figcaption><\/figure>\n<p>Es interesante que la Unesco lo haya declarado parque natural de la biosfera, pero lo de \u00abnatural\u00bb, que es una palabra de la que se abusa, es discutible. Un ejemplo, gran parte de los \u00e1rboles son casta\u00f1os, que fueron tra\u00eddos por los romanos, para alimentar a sus esclavos de las minas de oro. Es decir, los casta\u00f1os no son naturales de esta zona, fueron sido plantados y cultivados por los romanos, por lo tanto, son artificiales, no naturales.<\/p>\n<p>A la entrada, otro letrero nos informa de que se trata de un \u00abcastillo de la biosfera\u00bb.<\/p>\n<figure id=\"attachment_6727\" aria-describedby=\"caption-attachment-6727\" style=\"width: 640px\" class=\"wp-caption aligncenter\"><a href=\"http:\/\/felix.ares.fm\/?attachment_id=6727\" rel=\"attachment wp-att-6727\"><img loading=\"lazy\" decoding=\"async\" class=\"size-full wp-image-6727\" src=\"http:\/\/felix.ares.fm\/wp-content\/uploads\/2015\/11\/DSC00115.jpg\" alt=\"Castillo de la biosfera.\" width=\"640\" height=\"480\" srcset=\"https:\/\/felix.ares.fm\/wp-content\/uploads\/2015\/11\/DSC00115.jpg 640w, https:\/\/felix.ares.fm\/wp-content\/uploads\/2015\/11\/DSC00115-300x225.jpg 300w\" sizes=\"auto, (max-width: 640px) 100vw, 640px\" \/><\/a><figcaption id=\"caption-attachment-6727\" class=\"wp-caption-text\">Castillo de la biosfera. En el letrero de abajo a la derecha\u00a0 se dice que la entrada es gratuita.<\/figcaption><\/figure>\n<p>El castillo data del siglo XV y desde 1968 una zona se usa como cementerio.<\/p>\n<figure id=\"attachment_6738\" aria-describedby=\"caption-attachment-6738\" style=\"width: 640px\" class=\"wp-caption aligncenter\"><a href=\"http:\/\/felix.ares.fm\/?attachment_id=6738\" rel=\"attachment wp-att-6738\"><img loading=\"lazy\" decoding=\"async\" class=\"size-full wp-image-6738\" src=\"http:\/\/felix.ares.fm\/wp-content\/uploads\/2015\/11\/DSC00119.jpg\" alt=\"El cementerio dentro del castillo.\" width=\"640\" height=\"480\" srcset=\"https:\/\/felix.ares.fm\/wp-content\/uploads\/2015\/11\/DSC00119.jpg 640w, https:\/\/felix.ares.fm\/wp-content\/uploads\/2015\/11\/DSC00119-300x225.jpg 300w\" sizes=\"auto, (max-width: 640px) 100vw, 640px\" \/><\/a><figcaption id=\"caption-attachment-6738\" class=\"wp-caption-text\">El cementerio dentro del castillo y la gente del pueblo haciendo preparativos para el d\u00eda de Todos los Santso.<\/figcaption><\/figure>\n<p>Desde el castillo se ve la sierra de B\u00e9jar:<\/p>\n<figure id=\"attachment_6739\" aria-describedby=\"caption-attachment-6739\" style=\"width: 640px\" class=\"wp-caption aligncenter\"><a href=\"http:\/\/felix.ares.fm\/?attachment_id=6739\" rel=\"attachment wp-att-6739\"><img loading=\"lazy\" decoding=\"async\" class=\"size-full wp-image-6739\" src=\"http:\/\/felix.ares.fm\/wp-content\/uploads\/2015\/11\/DSC00120.jpg\" alt=\"Al fondo sierra de B\u00e9jar.\" width=\"640\" height=\"480\" srcset=\"https:\/\/felix.ares.fm\/wp-content\/uploads\/2015\/11\/DSC00120.jpg 640w, https:\/\/felix.ares.fm\/wp-content\/uploads\/2015\/11\/DSC00120-300x225.jpg 300w\" sizes=\"auto, (max-width: 640px) 100vw, 640px\" \/><\/a><figcaption id=\"caption-attachment-6739\" class=\"wp-caption-text\">Al fondo, sierra de B\u00e9jar.<\/figcaption><\/figure>\n<p>Y la Pe\u00f1a de Francia:<\/p>\n<figure id=\"attachment_6741\" aria-describedby=\"caption-attachment-6741\" style=\"width: 640px\" class=\"wp-caption aligncenter\"><a href=\"http:\/\/felix.ares.fm\/?attachment_id=6741\" rel=\"attachment wp-att-6741\"><img loading=\"lazy\" decoding=\"async\" class=\"size-full wp-image-6741\" src=\"http:\/\/felix.ares.fm\/wp-content\/uploads\/2015\/11\/DSC00124.jpg\" alt=\"En el cielo encapotado, la Pe\u00f1a de Francia.\" width=\"640\" height=\"480\" srcset=\"https:\/\/felix.ares.fm\/wp-content\/uploads\/2015\/11\/DSC00124.jpg 640w, https:\/\/felix.ares.fm\/wp-content\/uploads\/2015\/11\/DSC00124-300x225.jpg 300w\" sizes=\"auto, (max-width: 640px) 100vw, 640px\" \/><\/a><figcaption id=\"caption-attachment-6741\" class=\"wp-caption-text\">En el cielo encapotado, la Pe\u00f1a de Francia.<\/figcaption><\/figure>\n<figure id=\"attachment_6740\" aria-describedby=\"caption-attachment-6740\" style=\"width: 640px\" class=\"wp-caption aligncenter\"><a href=\"http:\/\/felix.ares.fm\/?attachment_id=6740\" rel=\"attachment wp-att-6740\"><img loading=\"lazy\" decoding=\"async\" class=\"size-full wp-image-6740\" src=\"http:\/\/felix.ares.fm\/wp-content\/uploads\/2015\/11\/DSC00122-l.jpg\" alt=\"Los \u00e1rboles presentan una enorme paleta que va desde los verdes a los amarillos, ocre e incluso violaceos.\" width=\"640\" height=\"480\" srcset=\"https:\/\/felix.ares.fm\/wp-content\/uploads\/2015\/11\/DSC00122-l.jpg 640w, https:\/\/felix.ares.fm\/wp-content\/uploads\/2015\/11\/DSC00122-l-300x225.jpg 300w\" sizes=\"auto, (max-width: 640px) 100vw, 640px\" \/><\/a><figcaption id=\"caption-attachment-6740\" class=\"wp-caption-text\">Los \u00e1rboles presentan una enorme paleta que va desde los verdes a los amarillos, ocres e incluso viol\u00e1ceos.<\/figcaption><\/figure>\n<figure id=\"attachment_6742\" aria-describedby=\"caption-attachment-6742\" style=\"width: 640px\" class=\"wp-caption aligncenter\"><a href=\"http:\/\/felix.ares.fm\/?attachment_id=6742\" rel=\"attachment wp-att-6742\"><img loading=\"lazy\" decoding=\"async\" class=\"size-full wp-image-6742\" src=\"http:\/\/felix.ares.fm\/wp-content\/uploads\/2015\/11\/DSC00125.jpg\" alt=\"Los casta\u00f1os muestras muchos de sus erizos abiertos. Las casta\u00f1as han caido, es tiempo de ir a recogerlas.\" width=\"640\" height=\"480\" srcset=\"https:\/\/felix.ares.fm\/wp-content\/uploads\/2015\/11\/DSC00125.jpg 640w, https:\/\/felix.ares.fm\/wp-content\/uploads\/2015\/11\/DSC00125-300x225.jpg 300w\" sizes=\"auto, (max-width: 640px) 100vw, 640px\" \/><\/a><figcaption id=\"caption-attachment-6742\" class=\"wp-caption-text\">Los casta\u00f1os muestras muchos de sus erizos abiertos. Las casta\u00f1as han ca\u00eddo, es tiempo de ir a recogerlas.<\/figcaption><\/figure>\n<p><a href=\"http:\/\/felix.ares.fm\/?attachment_id=6743\" rel=\"attachment wp-att-6743\"><img loading=\"lazy\" decoding=\"async\" class=\"aligncenter size-full wp-image-6743\" src=\"http:\/\/felix.ares.fm\/wp-content\/uploads\/2015\/11\/DSC00127.jpg\" alt=\"DSC00127\" width=\"640\" height=\"480\" srcset=\"https:\/\/felix.ares.fm\/wp-content\/uploads\/2015\/11\/DSC00127.jpg 640w, https:\/\/felix.ares.fm\/wp-content\/uploads\/2015\/11\/DSC00127-300x225.jpg 300w\" sizes=\"auto, (max-width: 640px) 100vw, 640px\" \/><\/a><\/p>\n<p>Dentro el castillo tambi\u00e9n encontramos robles y madro\u00f1os.<\/p>\n<figure id=\"attachment_6747\" aria-describedby=\"caption-attachment-6747\" style=\"width: 640px\" class=\"wp-caption aligncenter\"><a href=\"http:\/\/felix.ares.fm\/?attachment_id=6747\" rel=\"attachment wp-att-6747\"><img loading=\"lazy\" decoding=\"async\" class=\"size-full wp-image-6747\" src=\"http:\/\/felix.ares.fm\/wp-content\/uploads\/2015\/11\/DSC00133-red.jpg\" alt=\"Roble.\" width=\"640\" height=\"480\" srcset=\"https:\/\/felix.ares.fm\/wp-content\/uploads\/2015\/11\/DSC00133-red.jpg 640w, https:\/\/felix.ares.fm\/wp-content\/uploads\/2015\/11\/DSC00133-red-300x225.jpg 300w\" sizes=\"auto, (max-width: 640px) 100vw, 640px\" \/><\/a><figcaption id=\"caption-attachment-6747\" class=\"wp-caption-text\">Roble.<\/figcaption><\/figure>\n<figure id=\"attachment_6746\" aria-describedby=\"caption-attachment-6746\" style=\"width: 640px\" class=\"wp-caption aligncenter\"><a href=\"http:\/\/felix.ares.fm\/?attachment_id=6746\" rel=\"attachment wp-att-6746\"><img loading=\"lazy\" decoding=\"async\" class=\"size-full wp-image-6746\" src=\"http:\/\/felix.ares.fm\/wp-content\/uploads\/2015\/11\/DSC00134.jpg\" alt=\"Bellotas de roble.\" width=\"640\" height=\"480\" srcset=\"https:\/\/felix.ares.fm\/wp-content\/uploads\/2015\/11\/DSC00134.jpg 640w, https:\/\/felix.ares.fm\/wp-content\/uploads\/2015\/11\/DSC00134-300x225.jpg 300w\" sizes=\"auto, (max-width: 640px) 100vw, 640px\" \/><\/a><figcaption id=\"caption-attachment-6746\" class=\"wp-caption-text\">Bellotas de roble.<\/figcaption><\/figure>\n<figure id=\"attachment_6748\" aria-describedby=\"caption-attachment-6748\" style=\"width: 640px\" class=\"wp-caption aligncenter\"><a href=\"http:\/\/felix.ares.fm\/?attachment_id=6748\" rel=\"attachment wp-att-6748\"><img loading=\"lazy\" decoding=\"async\" class=\"size-full wp-image-6748\" src=\"http:\/\/felix.ares.fm\/wp-content\/uploads\/2015\/11\/DSC00138.jpg\" alt=\"Madro\u00f1o.\" width=\"640\" height=\"480\" srcset=\"https:\/\/felix.ares.fm\/wp-content\/uploads\/2015\/11\/DSC00138.jpg 640w, https:\/\/felix.ares.fm\/wp-content\/uploads\/2015\/11\/DSC00138-300x225.jpg 300w\" sizes=\"auto, (max-width: 640px) 100vw, 640px\" \/><\/a><figcaption id=\"caption-attachment-6748\" class=\"wp-caption-text\">Madro\u00f1o.<\/figcaption><\/figure>\n<p>Tras haber visto. estos y otras muchas plantas, salimos, pasando al lado de los restos de la torre del homenaje.<\/p>\n<figure id=\"attachment_6745\" aria-describedby=\"caption-attachment-6745\" style=\"width: 640px\" class=\"wp-caption aligncenter\"><a href=\"http:\/\/felix.ares.fm\/?attachment_id=6745\" rel=\"attachment wp-att-6745\"><img loading=\"lazy\" decoding=\"async\" class=\"size-full wp-image-6745\" src=\"http:\/\/felix.ares.fm\/wp-content\/uploads\/2015\/11\/DSC00129.jpg\" alt=\"Restos de la torre del homenaje.\" width=\"640\" height=\"480\" srcset=\"https:\/\/felix.ares.fm\/wp-content\/uploads\/2015\/11\/DSC00129.jpg 640w, https:\/\/felix.ares.fm\/wp-content\/uploads\/2015\/11\/DSC00129-300x225.jpg 300w\" sizes=\"auto, (max-width: 640px) 100vw, 640px\" \/><\/a><figcaption id=\"caption-attachment-6745\" class=\"wp-caption-text\">Restos de la torre del homenaje. Al fondo la puerta de salida.<\/figcaption><\/figure>\n<p>&nbsp;<\/p>\n<p>Nos encaminamos hacia el autob\u00fas:<\/p>\n<figure id=\"attachment_6749\" aria-describedby=\"caption-attachment-6749\" style=\"width: 480px\" class=\"wp-caption aligncenter\"><a href=\"http:\/\/felix.ares.fm\/?attachment_id=6749\" rel=\"attachment wp-att-6749\"><img loading=\"lazy\" decoding=\"async\" class=\"size-full wp-image-6749\" src=\"http:\/\/felix.ares.fm\/wp-content\/uploads\/2015\/11\/DSC00146.jpg\" alt=\"San Mart\u00edn del casta\u00f1ar.\" width=\"480\" height=\"640\" srcset=\"https:\/\/felix.ares.fm\/wp-content\/uploads\/2015\/11\/DSC00146.jpg 480w, https:\/\/felix.ares.fm\/wp-content\/uploads\/2015\/11\/DSC00146-225x300.jpg 225w\" sizes=\"auto, (max-width: 480px) 100vw, 480px\" \/><\/a><figcaption id=\"caption-attachment-6749\" class=\"wp-caption-text\">San Mart\u00edn del Casta\u00f1ar.<\/figcaption><\/figure>\n<p>Nos encontramos con olivos.<\/p>\n<figure id=\"attachment_6750\" aria-describedby=\"caption-attachment-6750\" style=\"width: 640px\" class=\"wp-caption aligncenter\"><a href=\"http:\/\/felix.ares.fm\/?attachment_id=6750\" rel=\"attachment wp-att-6750\"><img loading=\"lazy\" decoding=\"async\" class=\"size-full wp-image-6750\" src=\"http:\/\/felix.ares.fm\/wp-content\/uploads\/2015\/11\/DSC00151.jpg\" alt=\"Olivo. \" width=\"640\" height=\"480\" srcset=\"https:\/\/felix.ares.fm\/wp-content\/uploads\/2015\/11\/DSC00151.jpg 640w, https:\/\/felix.ares.fm\/wp-content\/uploads\/2015\/11\/DSC00151-300x225.jpg 300w\" sizes=\"auto, (max-width: 640px) 100vw, 640px\" \/><\/a><figcaption id=\"caption-attachment-6750\" class=\"wp-caption-text\">Olivo.<\/figcaption><\/figure>\n<figure id=\"attachment_6753\" aria-describedby=\"caption-attachment-6753\" style=\"width: 640px\" class=\"wp-caption aligncenter\"><a href=\"http:\/\/felix.ares.fm\/?attachment_id=6753\" rel=\"attachment wp-att-6753\"><img loading=\"lazy\" decoding=\"async\" class=\"size-full wp-image-6753\" src=\"http:\/\/felix.ares.fm\/wp-content\/uploads\/2015\/11\/DSC00152-enf.jpg\" alt=\"Algunas aceituns ya est\u00e1n mduras.\" width=\"640\" height=\"480\" srcset=\"https:\/\/felix.ares.fm\/wp-content\/uploads\/2015\/11\/DSC00152-enf.jpg 640w, https:\/\/felix.ares.fm\/wp-content\/uploads\/2015\/11\/DSC00152-enf-300x225.jpg 300w\" sizes=\"auto, (max-width: 640px) 100vw, 640px\" \/><\/a><figcaption id=\"caption-attachment-6753\" class=\"wp-caption-text\">Algunas aceitunas ya est\u00e1n maduras.<\/figcaption><\/figure>\n<p>Tambi\u00e9n vemos otras caritas de indiano.<\/p>\n<figure id=\"attachment_6752\" aria-describedby=\"caption-attachment-6752\" style=\"width: 640px\" class=\"wp-caption aligncenter\"><a href=\"http:\/\/felix.ares.fm\/?attachment_id=6752\" rel=\"attachment wp-att-6752\"><img loading=\"lazy\" decoding=\"async\" class=\"size-full wp-image-6752\" src=\"http:\/\/felix.ares.fm\/wp-content\/uploads\/2015\/11\/DSC00150.jpg\" alt=\"Cara de indiano.\" width=\"640\" height=\"480\" srcset=\"https:\/\/felix.ares.fm\/wp-content\/uploads\/2015\/11\/DSC00150.jpg 640w, https:\/\/felix.ares.fm\/wp-content\/uploads\/2015\/11\/DSC00150-300x225.jpg 300w\" sizes=\"auto, (max-width: 640px) 100vw, 640px\" \/><\/a><figcaption id=\"caption-attachment-6752\" class=\"wp-caption-text\">Cara de indiano.<\/figcaption><\/figure>\n<p>Montamos en el autob\u00fas y llegamos de nuevo al hotel. Para acabar el d\u00eda, tan solo nos quedaba cenar.<\/p>\n<figure id=\"attachment_6754\" aria-describedby=\"caption-attachment-6754\" style=\"width: 640px\" class=\"wp-caption aligncenter\"><a href=\"http:\/\/felix.ares.fm\/?attachment_id=6754\" rel=\"attachment wp-att-6754\"><img loading=\"lazy\" decoding=\"async\" class=\"size-full wp-image-6754\" src=\"http:\/\/felix.ares.fm\/wp-content\/uploads\/2015\/11\/DSC00154.jpg\" alt=\"Bon apetite!\" width=\"640\" height=\"480\" srcset=\"https:\/\/felix.ares.fm\/wp-content\/uploads\/2015\/11\/DSC00154.jpg 640w, https:\/\/felix.ares.fm\/wp-content\/uploads\/2015\/11\/DSC00154-300x225.jpg 300w\" sizes=\"auto, (max-width: 640px) 100vw, 640px\" \/><\/a><figcaption id=\"caption-attachment-6754\" class=\"wp-caption-text\">Lo casi negro de la bandeja en primer plano son carrilleras ib\u00e9ricas. Bon apetite!<\/figcaption><\/figure>\n<h2 style=\"text-align: center;\">AP\u00c9NDICE, SOBRE HALLOWEEN<\/h2>\n<p>A pesar de las apariencias en contra, Halloween no es una fiesta estadounidense. Se trata de una fiesta de origen celta, que se ha celebrado durante siglos en el noroeste de Espa\u00f1a. Halloween es una contracci\u00f3n de \u00abAll Hallows&#8217; Even\u00bb, es decir V\u00edspera (even) de Todos (all) Hallows (santos). En Espa\u00f1a se llamaba y se llama en algunos sitios <a href=\"https:\/\/es.wikipedia.org\/wiki\/Samhain\">Sama\u00edn<\/a> (a veces escrito Samhain). El <a href=\"https:\/\/es.wikipedia.org\/wiki\/Magosto\">magosto<\/a>, o fiesta de la casta\u00f1a, se celebra el mismo d\u00eda y con los mismos motivos y hay una relaci\u00f3n muy estrecha entre ambos. No quiero dar la paliza as\u00ed que simplemente reproduzco este p\u00e1rrafo de Wikipedia, que a m\u00ed me recuerda mucho lo que yo hac\u00eda cuando ni\u00f1o y viv\u00eda en la construcci\u00f3n de un pantano, en la que la mayor\u00eda de los trabajadores eran gallegos:<\/p>\n<p>\u00ab<\/p>\n<p>En la villa de <a title=\"Ribadavia\" href=\"https:\/\/es.wikipedia.org\/wiki\/Ribadavia\">Ribadavia<\/a> se celebra cada 31 de octubre la fiesta \u00aba noite meiga\u00bb (la noche embrujada) en la que la ciudad \u00abse llena<strong>\u00bb de fantasmas, brujas, vampiros&#8230;<\/strong> El castillo es lugar de un gran pasaje del terror, entre otras actividades.<\/p>\n<p>En <a class=\"mw-redirect\" title=\"Coru\u00f1a\" href=\"https:\/\/es.wikipedia.org\/wiki\/Coru%C3%B1a\">Coru\u00f1a<\/a> los rapaces (chicos) se escond\u00edan en los caminos con calabazas, previamente vaciadas y con velas dentro, para asustar a la gente que pasaba por las corredoiras (caminos). Las chicas llevaban collares hechos de casta\u00f1as para ahuyentar a los malos esp\u00edritus&#8230;\u00bb<\/p>\n<p>Que nos haya llegado v\u00eda Hollywood, no significa que no sea una celebraci\u00f3n t\u00edpicamente espa\u00f1ola.<\/p>\n<p style=\"text-align: center;\">*\u00a0 * *<\/p>\n<p><strong>Nota fotos y texto<\/strong>. Salvo las fotos que tienen un agradecimiento espec\u00edfico, como por ejemplo Wikipedia, son nuestras y las licenciamos con<\/p>\n<p><a href=\"http:\/\/creativecommons.org\/licenses\/by\/3.0\/deed.es_ES\" rel=\"license\"><img decoding=\"async\" src=\"http:\/\/i.creativecommons.org\/l\/by\/3.0\/88x31.png\" alt=\"Licencia de Creative Commons\" \/><\/a><br \/>\n<a href=\"viajes.ares.fm\" rel=\"cc:attributionURL\">F\u00e9lix Ares y Maricarmen Garmendia<\/a>\u00a0is licensed under a\u00a0<a href=\"http:\/\/creativecommons.org\/licenses\/by\/3.0\/deed.es_ES\" rel=\"license\">Creative Commons Reconocimiento 3.0 Unported License<\/a>.<br \/>\nCreado a partir de la obra en\u00a0<a href=\"viajes.ares.fm\" rel=\"dct:source\">felix.ares.fm<\/a>.<\/p>\n<p>Contacto con nosotros:<\/p>\n<p><a href=\"http:\/\/viajes.ares.fm\/wp-content\/uploads\/2013\/06\/emailTapasBr1.jpg\"><img loading=\"lazy\" decoding=\"async\" src=\"http:\/\/viajes.ares.fm\/wp-content\/uploads\/2013\/06\/emailTapasBr1-300x138.jpg\" alt=\"emailTapasBr\" width=\"300\" height=\"138\" \/><\/a><\/p>\n","protected":false},"excerpt":{"rendered":"<p>S\u00e1bado 24 de octubre de 2015 La Asociaci\u00f3n de Pensionistas y Jubilados de Fuengirola, organiz\u00f3 una excursi\u00f3n para visitar la zona de \u00abLas Batuecas\u00bb, en la provincia de Salamanca. Hicimos el viaje felizmente y lo que aqu\u00ed presentamos son unos apuntes tomados durante el mismo. No se trata nada m\u00e1s que de eso: de unos &hellip; <a href=\"https:\/\/felix.ares.fm\/?p=6693\" class=\"more-link\">Seguir leyendo <span class=\"screen-reader-text\">Apuntes de una excursi\u00f3n a Las Batuecas. 6: San Mart\u00edn del Casta\u00f1ar<\/span> <span class=\"meta-nav\">&rarr;<\/span><\/a><\/p>\n","protected":false},"author":1,"featured_media":0,"comment_status":"closed","ping_status":"open","sticky":false,"template":"","format":"standard","meta":{"footnotes":""},"categories":[584,586],"tags":[],"class_list":["post-6693","post","type-post","status-publish","format-standard","hentry","category-las-batuecas","category-san-martin-del-castanar"],"_links":{"self":[{"href":"https:\/\/felix.ares.fm\/index.php?rest_route=\/wp\/v2\/posts\/6693","targetHints":{"allow":["GET"]}}],"collection":[{"href":"https:\/\/felix.ares.fm\/index.php?rest_route=\/wp\/v2\/posts"}],"about":[{"href":"https:\/\/felix.ares.fm\/index.php?rest_route=\/wp\/v2\/types\/post"}],"author":[{"embeddable":true,"href":"https:\/\/felix.ares.fm\/index.php?rest_route=\/wp\/v2\/users\/1"}],"replies":[{"embeddable":true,"href":"https:\/\/felix.ares.fm\/index.php?rest_route=%2Fwp%2Fv2%2Fcomments&post=6693"}],"version-history":[{"count":0,"href":"https:\/\/felix.ares.fm\/index.php?rest_route=\/wp\/v2\/posts\/6693\/revisions"}],"wp:attachment":[{"href":"https:\/\/felix.ares.fm\/index.php?rest_route=%2Fwp%2Fv2%2Fmedia&parent=6693"}],"wp:term":[{"taxonomy":"category","embeddable":true,"href":"https:\/\/felix.ares.fm\/index.php?rest_route=%2Fwp%2Fv2%2Fcategories&post=6693"},{"taxonomy":"post_tag","embeddable":true,"href":"https:\/\/felix.ares.fm\/index.php?rest_route=%2Fwp%2Fv2%2Ftags&post=6693"}],"curies":[{"name":"wp","href":"https:\/\/api.w.org\/{rel}","templated":true}]}}