{"id":6139,"date":"2015-06-25T09:57:31","date_gmt":"2015-06-25T07:57:31","guid":{"rendered":"http:\/\/felix.ares.fm\/?p=6139"},"modified":"2015-06-25T09:57:31","modified_gmt":"2015-06-25T07:57:31","slug":"el-valle-de-las-nieves-malaga-2-tolox","status":"publish","type":"post","link":"https:\/\/felix.ares.fm\/?p=6139","title":{"rendered":"El Valle de las Nieves (M\u00e1laga). 2: Tolox"},"content":{"rendered":"<p><strong>Viernes 19 de junio de 2015<\/strong><\/p>\n<figure id=\"attachment_6140\" aria-describedby=\"caption-attachment-6140\" style=\"width: 480px\" class=\"wp-caption aligncenter\"><a href=\"http:\/\/felix.ares.fm\/?attachment_id=6140\" rel=\"attachment wp-att-6140\"><img loading=\"lazy\" decoding=\"async\" class=\"size-full wp-image-6140\" src=\"http:\/\/felix.ares.fm\/wp-content\/uploads\/2015\/06\/Captura-de-pantalla-de-2015-06-25-042314.png\" alt=\"Ruta Co\u00f1\u00edn-Tolox \" width=\"480\" height=\"221\" srcset=\"https:\/\/felix.ares.fm\/wp-content\/uploads\/2015\/06\/Captura-de-pantalla-de-2015-06-25-042314.png 480w, https:\/\/felix.ares.fm\/wp-content\/uploads\/2015\/06\/Captura-de-pantalla-de-2015-06-25-042314-300x138.png 300w\" sizes=\"auto, (max-width: 480px) 100vw, 480px\" \/><\/a><figcaption id=\"caption-attachment-6140\" class=\"wp-caption-text\">Ruta Co\u00f1\u00edn-Tolox. mapa gentileza de Google Maps<\/figcaption><\/figure>\n<p>Llegamos a un mirador desde el que se ve muy bien el pueblo de Tolox. En el mirador hay un ermita dedicada a <a href=\"http:\/\/entrelodivinoylohumano.blogspot.com.es\/2011\/01\/san-roque-y-el-perro-que-le-salvo-la.html\">San Roque<\/a>.<\/p>\n<figure id=\"attachment_6141\" aria-describedby=\"caption-attachment-6141\" style=\"width: 480px\" class=\"wp-caption aligncenter\"><a href=\"http:\/\/felix.ares.fm\/?attachment_id=6141\" rel=\"attachment wp-att-6141\"><img loading=\"lazy\" decoding=\"async\" class=\"size-full wp-image-6141\" src=\"http:\/\/felix.ares.fm\/wp-content\/uploads\/2015\/06\/IMG_9974.jpg\" alt=\"Mirador de San Roque; al fondo Tolox\" width=\"480\" height=\"320\" srcset=\"https:\/\/felix.ares.fm\/wp-content\/uploads\/2015\/06\/IMG_9974.jpg 480w, https:\/\/felix.ares.fm\/wp-content\/uploads\/2015\/06\/IMG_9974-300x200.jpg 300w\" sizes=\"auto, (max-width: 480px) 100vw, 480px\" \/><\/a><figcaption id=\"caption-attachment-6141\" class=\"wp-caption-text\">Mirador de San Roque; al fondo Tolox<\/figcaption><\/figure>\n<p><a href=\"http:\/\/felix.ares.fm\/?attachment_id=6144\" rel=\"attachment wp-att-6144\"><img loading=\"lazy\" decoding=\"async\" class=\"aligncenter size-full wp-image-6144\" src=\"http:\/\/felix.ares.fm\/wp-content\/uploads\/2015\/06\/IMG_9985rr.jpg\" alt=\"IMG_9985rr\" width=\"236\" height=\"300\" \/><\/a><\/p>\n<figure id=\"attachment_6142\" aria-describedby=\"caption-attachment-6142\" style=\"width: 480px\" class=\"wp-caption aligncenter\"><a href=\"http:\/\/felix.ares.fm\/?attachment_id=6142\" rel=\"attachment wp-att-6142\"><img loading=\"lazy\" decoding=\"async\" class=\"size-full wp-image-6142\" src=\"http:\/\/felix.ares.fm\/wp-content\/uploads\/2015\/06\/IMG_9976.jpg\" alt=\"Tolox\" width=\"480\" height=\"320\" srcset=\"https:\/\/felix.ares.fm\/wp-content\/uploads\/2015\/06\/IMG_9976.jpg 480w, https:\/\/felix.ares.fm\/wp-content\/uploads\/2015\/06\/IMG_9976-300x200.jpg 300w\" sizes=\"auto, (max-width: 480px) 100vw, 480px\" \/><\/a><figcaption id=\"caption-attachment-6142\" class=\"wp-caption-text\">Tolox<\/figcaption><\/figure>\n<p><a href=\"https:\/\/es.wikipedia.org\/wiki\/Tolox\">Tolox<\/a> est\u00e1 en la reserva e la biosfera \u00abSierra de las Nieves\u00bb.<\/p>\n<p>Tal como hemos dicho en el mirador hay una capillita dedicada a San Roque, que es el patrono de Tolox.<\/p>\n<figure id=\"attachment_6143\" aria-describedby=\"caption-attachment-6143\" style=\"width: 309px\" class=\"wp-caption aligncenter\"><a href=\"http:\/\/felix.ares.fm\/?attachment_id=6143\" rel=\"attachment wp-att-6143\"><img loading=\"lazy\" decoding=\"async\" class=\"size-full wp-image-6143\" src=\"http:\/\/felix.ares.fm\/wp-content\/uploads\/2015\/06\/IMG_9981rr.jpg\" alt=\"Capilla San Roque\" width=\"309\" height=\"470\" srcset=\"https:\/\/felix.ares.fm\/wp-content\/uploads\/2015\/06\/IMG_9981rr.jpg 309w, https:\/\/felix.ares.fm\/wp-content\/uploads\/2015\/06\/IMG_9981rr-197x300.jpg 197w\" sizes=\"auto, (max-width: 309px) 100vw, 309px\" \/><\/a><figcaption id=\"caption-attachment-6143\" class=\"wp-caption-text\">Capilla San Roque. Construida en los a\u00f1os 80 del siglo XX<\/figcaption><\/figure>\n<p>En el mirador hay bancos y mesas para sentarse, una fuente y unos lavabos.<\/p>\n<p><a href=\"http:\/\/felix.ares.fm\/?attachment_id=6145\" rel=\"attachment wp-att-6145\"><img loading=\"lazy\" decoding=\"async\" class=\"aligncenter size-full wp-image-6145\" src=\"http:\/\/felix.ares.fm\/wp-content\/uploads\/2015\/06\/IMG_9983.jpg\" alt=\"IMG_9983\" width=\"480\" height=\"320\" srcset=\"https:\/\/felix.ares.fm\/wp-content\/uploads\/2015\/06\/IMG_9983.jpg 480w, https:\/\/felix.ares.fm\/wp-content\/uploads\/2015\/06\/IMG_9983-300x200.jpg 300w\" sizes=\"auto, (max-width: 480px) 100vw, 480px\" \/><\/a><\/p>\n<p><a href=\"http:\/\/felix.ares.fm\/?attachment_id=6146\" rel=\"attachment wp-att-6146\"><img loading=\"lazy\" decoding=\"async\" class=\"aligncenter size-full wp-image-6146\" src=\"http:\/\/felix.ares.fm\/wp-content\/uploads\/2015\/06\/IMG_9986-e1435201200922.jpg\" alt=\"IMG_9986\" width=\"320\" height=\"480\" srcset=\"https:\/\/felix.ares.fm\/wp-content\/uploads\/2015\/06\/IMG_9986-e1435201200922.jpg 320w, https:\/\/felix.ares.fm\/wp-content\/uploads\/2015\/06\/IMG_9986-e1435201200922-200x300.jpg 200w\" sizes=\"auto, (max-width: 320px) 100vw, 320px\" \/><\/a><\/p>\n<p><a href=\"http:\/\/felix.ares.fm\/?attachment_id=6147\" rel=\"attachment wp-att-6147\"><img loading=\"lazy\" decoding=\"async\" class=\"aligncenter size-full wp-image-6147\" src=\"http:\/\/felix.ares.fm\/wp-content\/uploads\/2015\/06\/IMG_9987.jpg\" alt=\"IMG_9987\" width=\"480\" height=\"320\" srcset=\"https:\/\/felix.ares.fm\/wp-content\/uploads\/2015\/06\/IMG_9987.jpg 480w, https:\/\/felix.ares.fm\/wp-content\/uploads\/2015\/06\/IMG_9987-300x200.jpg 300w\" sizes=\"auto, (max-width: 480px) 100vw, 480px\" \/><\/a><\/p>\n<p>En el interior de la capilla reina la oscuridad, no obstante he logrado sacar esta foto donde se ve a San Roque y akl perro que le acompa\u00f1a en todas las iconograf\u00edas. El perro que le llevaba una rosca de pan cada d\u00eda de trabajo con los enfermos y enterrando cad\u00e1veres para evitar epidemias.<\/p>\n<figure id=\"attachment_6148\" aria-describedby=\"caption-attachment-6148\" style=\"width: 320px\" class=\"wp-caption aligncenter\"><a href=\"http:\/\/felix.ares.fm\/?attachment_id=6148\" rel=\"attachment wp-att-6148\"><img loading=\"lazy\" decoding=\"async\" class=\"size-full wp-image-6148\" src=\"http:\/\/felix.ares.fm\/wp-content\/uploads\/2015\/06\/IMG_9989-e1435201432849.jpg\" alt=\"San Roque, el perro y la rosca de pan\" width=\"320\" height=\"480\" srcset=\"https:\/\/felix.ares.fm\/wp-content\/uploads\/2015\/06\/IMG_9989-e1435201432849.jpg 320w, https:\/\/felix.ares.fm\/wp-content\/uploads\/2015\/06\/IMG_9989-e1435201432849-200x300.jpg 200w\" sizes=\"auto, (max-width: 320px) 100vw, 320px\" \/><\/a><figcaption id=\"caption-attachment-6148\" class=\"wp-caption-text\">San Roque, el perro y la rosca de pan<\/figcaption><\/figure>\n<p><a href=\"http:\/\/felix.ares.fm\/?attachment_id=6149\" rel=\"attachment wp-att-6149\"><img loading=\"lazy\" decoding=\"async\" class=\"aligncenter size-full wp-image-6149\" src=\"http:\/\/felix.ares.fm\/wp-content\/uploads\/2015\/06\/IMG_9995-e1435201564793.jpg\" alt=\"IMG_9995\" width=\"320\" height=\"480\" srcset=\"https:\/\/felix.ares.fm\/wp-content\/uploads\/2015\/06\/IMG_9995-e1435201564793.jpg 320w, https:\/\/felix.ares.fm\/wp-content\/uploads\/2015\/06\/IMG_9995-e1435201564793-200x300.jpg 200w\" sizes=\"auto, (max-width: 320px) 100vw, 320px\" \/><\/a><\/p>\n<p>lo que no llego a descubrir es si el perro de San Roque tiene rabo o no. hay un famoso tragalenguas que dice: \u00bb<\/p>\n<p class=\"elTexto\" align=\"justify\">El perro de San Roque no tiene rabo<br \/>\nporque Ram\u00f3n Ram\u00edrez se lo ha cortado.<br \/>\nEl perro de Ram\u00f3n Ram\u00edrez no tiene rabo<br \/>\nporque se lo han robado. (<a href=\"http:\/\/www.tebytib.com\/gest_web\/proto_Seccion.pl?rfID=7&amp;arefid=1647\">http:\/\/www.tebytib.com\/gest_web\/proto_Seccion.pl?rfID=7&amp;arefid=1647<\/a>)\u00bb<\/p>\n<p class=\"elTexto\" align=\"justify\">Adem\u00e1s de trabalenguas, para los franceses es un bonito test de pronunciaci\u00f3n de la r.<\/p>\n<figure id=\"attachment_6150\" aria-describedby=\"caption-attachment-6150\" style=\"width: 480px\" class=\"wp-caption aligncenter\"><a href=\"http:\/\/felix.ares.fm\/?attachment_id=6150\" rel=\"attachment wp-att-6150\"><img loading=\"lazy\" decoding=\"async\" class=\"size-full wp-image-6150\" src=\"http:\/\/felix.ares.fm\/wp-content\/uploads\/2015\/06\/IMG_9996.jpg\" alt=\"Velas dedicadas al santo\" width=\"480\" height=\"320\" srcset=\"https:\/\/felix.ares.fm\/wp-content\/uploads\/2015\/06\/IMG_9996.jpg 480w, https:\/\/felix.ares.fm\/wp-content\/uploads\/2015\/06\/IMG_9996-300x200.jpg 300w\" sizes=\"auto, (max-width: 480px) 100vw, 480px\" \/><\/a><figcaption id=\"caption-attachment-6150\" class=\"wp-caption-text\">Velas dedicadas al santo<\/figcaption><\/figure>\n<p>Volvemos al autob\u00fas y nos acercamos al pueblo. Tolox conserva la estructura de las tradicionales aldeas musulmanas: calles estrechas (para disminuir los efectos del sol), retorcidas y que suben y bajan por la monta\u00f1a.<\/p>\n<figure id=\"attachment_6152\" aria-describedby=\"caption-attachment-6152\" style=\"width: 320px\" class=\"wp-caption aligncenter\"><a href=\"http:\/\/felix.ares.fm\/?attachment_id=6152\" rel=\"attachment wp-att-6152\"><img loading=\"lazy\" decoding=\"async\" class=\"size-full wp-image-6152\" src=\"http:\/\/felix.ares.fm\/wp-content\/uploads\/2015\/06\/JMG_0001-e1435215485809.jpg\" alt=\"Tolox\" width=\"320\" height=\"480\" srcset=\"https:\/\/felix.ares.fm\/wp-content\/uploads\/2015\/06\/JMG_0001-e1435215485809.jpg 320w, https:\/\/felix.ares.fm\/wp-content\/uploads\/2015\/06\/JMG_0001-e1435215485809-200x300.jpg 200w\" sizes=\"auto, (max-width: 320px) 100vw, 320px\" \/><\/a><figcaption id=\"caption-attachment-6152\" class=\"wp-caption-text\">Tolox<\/figcaption><\/figure>\n<figure id=\"attachment_6153\" aria-describedby=\"caption-attachment-6153\" style=\"width: 320px\" class=\"wp-caption aligncenter\"><a href=\"http:\/\/felix.ares.fm\/?attachment_id=6153\" rel=\"attachment wp-att-6153\"><img loading=\"lazy\" decoding=\"async\" class=\"size-full wp-image-6153\" src=\"http:\/\/felix.ares.fm\/wp-content\/uploads\/2015\/06\/JMG_0002-e1435215530731.jpg\" alt=\"Tolox\" width=\"320\" height=\"480\" srcset=\"https:\/\/felix.ares.fm\/wp-content\/uploads\/2015\/06\/JMG_0002-e1435215530731.jpg 320w, https:\/\/felix.ares.fm\/wp-content\/uploads\/2015\/06\/JMG_0002-e1435215530731-200x300.jpg 200w\" sizes=\"auto, (max-width: 320px) 100vw, 320px\" \/><\/a><figcaption id=\"caption-attachment-6153\" class=\"wp-caption-text\">Tolox<\/figcaption><\/figure>\n<p><a href=\"http:\/\/felix.ares.fm\/?attachment_id=6154\" rel=\"attachment wp-att-6154\"><img loading=\"lazy\" decoding=\"async\" class=\"aligncenter size-full wp-image-6154\" src=\"http:\/\/felix.ares.fm\/wp-content\/uploads\/2015\/06\/JMG_0003t.jpg\" alt=\"JMG_0003t\" width=\"320\" height=\"480\" srcset=\"https:\/\/felix.ares.fm\/wp-content\/uploads\/2015\/06\/JMG_0003t.jpg 320w, https:\/\/felix.ares.fm\/wp-content\/uploads\/2015\/06\/JMG_0003t-200x300.jpg 200w\" sizes=\"auto, (max-width: 320px) 100vw, 320px\" \/><\/a><\/p>\n<figure id=\"attachment_6155\" aria-describedby=\"caption-attachment-6155\" style=\"width: 480px\" class=\"wp-caption aligncenter\"><a href=\"http:\/\/felix.ares.fm\/?attachment_id=6155\" rel=\"attachment wp-att-6155\"><img loading=\"lazy\" decoding=\"async\" class=\"size-full wp-image-6155\" src=\"http:\/\/felix.ares.fm\/wp-content\/uploads\/2015\/06\/JMG_0004.jpg\" alt=\"Flores en los balcones de Tolox\" width=\"480\" height=\"320\" srcset=\"https:\/\/felix.ares.fm\/wp-content\/uploads\/2015\/06\/JMG_0004.jpg 480w, https:\/\/felix.ares.fm\/wp-content\/uploads\/2015\/06\/JMG_0004-300x200.jpg 300w\" sizes=\"auto, (max-width: 480px) 100vw, 480px\" \/><\/a><figcaption id=\"caption-attachment-6155\" class=\"wp-caption-text\">Flores en los balcones de Tolox<\/figcaption><\/figure>\n<p><a href=\"http:\/\/felix.ares.fm\/?attachment_id=6156\" rel=\"attachment wp-att-6156\"><img loading=\"lazy\" decoding=\"async\" class=\"aligncenter size-full wp-image-6156\" src=\"http:\/\/felix.ares.fm\/wp-content\/uploads\/2015\/06\/JMG_0005.jpg\" alt=\"JMG_0005\" width=\"480\" height=\"320\" srcset=\"https:\/\/felix.ares.fm\/wp-content\/uploads\/2015\/06\/JMG_0005.jpg 480w, https:\/\/felix.ares.fm\/wp-content\/uploads\/2015\/06\/JMG_0005-300x200.jpg 300w\" sizes=\"auto, (max-width: 480px) 100vw, 480px\" \/><\/a><\/p>\n<p><a href=\"http:\/\/felix.ares.fm\/?attachment_id=6157\" rel=\"attachment wp-att-6157\"><img loading=\"lazy\" decoding=\"async\" class=\"aligncenter size-full wp-image-6157\" src=\"http:\/\/felix.ares.fm\/wp-content\/uploads\/2015\/06\/JMG_0006.jpg\" alt=\"JMG_0006\" width=\"480\" height=\"320\" srcset=\"https:\/\/felix.ares.fm\/wp-content\/uploads\/2015\/06\/JMG_0006.jpg 480w, https:\/\/felix.ares.fm\/wp-content\/uploads\/2015\/06\/JMG_0006-300x200.jpg 300w\" sizes=\"auto, (max-width: 480px) 100vw, 480px\" \/><\/a><\/p>\n<p><a href=\"http:\/\/felix.ares.fm\/?attachment_id=6158\" rel=\"attachment wp-att-6158\"><img loading=\"lazy\" decoding=\"async\" class=\"aligncenter size-full wp-image-6158\" src=\"http:\/\/felix.ares.fm\/wp-content\/uploads\/2015\/06\/JMG_0007.jpg\" alt=\"JMG_0007\" width=\"480\" height=\"320\" srcset=\"https:\/\/felix.ares.fm\/wp-content\/uploads\/2015\/06\/JMG_0007.jpg 480w, https:\/\/felix.ares.fm\/wp-content\/uploads\/2015\/06\/JMG_0007-300x200.jpg 300w\" sizes=\"auto, (max-width: 480px) 100vw, 480px\" \/><\/a><\/p>\n<p>&nbsp;<\/p>\n<p>En Tolox, como en todos los pueblos de la Sierra de las Nieves, las flores en los balcones forman parte intr\u00ednseca de la naturaleza de los pueblos.<\/p>\n<p><a href=\"http:\/\/felix.ares.fm\/?attachment_id=6159\" rel=\"attachment wp-att-6159\"><img loading=\"lazy\" decoding=\"async\" class=\"aligncenter size-full wp-image-6159\" src=\"http:\/\/felix.ares.fm\/wp-content\/uploads\/2015\/06\/JMG_0008.jpg\" alt=\"JMG_0008\" width=\"480\" height=\"320\" srcset=\"https:\/\/felix.ares.fm\/wp-content\/uploads\/2015\/06\/JMG_0008.jpg 480w, https:\/\/felix.ares.fm\/wp-content\/uploads\/2015\/06\/JMG_0008-300x200.jpg 300w\" sizes=\"auto, (max-width: 480px) 100vw, 480px\" \/><\/a><\/p>\n<figure id=\"attachment_6160\" aria-describedby=\"caption-attachment-6160\" style=\"width: 480px\" class=\"wp-caption aligncenter\"><a href=\"http:\/\/felix.ares.fm\/?attachment_id=6160\" rel=\"attachment wp-att-6160\"><img loading=\"lazy\" decoding=\"async\" class=\"size-full wp-image-6160\" src=\"http:\/\/felix.ares.fm\/wp-content\/uploads\/2015\/06\/JMG_0009.jpg\" alt=\"Barrio del castillo. Se llama as\u00ed porque se asienta \" width=\"480\" height=\"320\" srcset=\"https:\/\/felix.ares.fm\/wp-content\/uploads\/2015\/06\/JMG_0009.jpg 480w, https:\/\/felix.ares.fm\/wp-content\/uploads\/2015\/06\/JMG_0009-300x200.jpg 300w\" sizes=\"auto, (max-width: 480px) 100vw, 480px\" \/><\/a><figcaption id=\"caption-attachment-6160\" class=\"wp-caption-text\">Barrio del castillo. Se llama as\u00ed porque se asienta sobre lo que fue un importante castillo probabl\u00f1emente de origen fenicio.<\/figcaption><\/figure>\n<figure id=\"attachment_6161\" aria-describedby=\"caption-attachment-6161\" style=\"width: 480px\" class=\"wp-caption aligncenter\"><a href=\"http:\/\/felix.ares.fm\/?attachment_id=6161\" rel=\"attachment wp-att-6161\"><img loading=\"lazy\" decoding=\"async\" class=\"size-full wp-image-6161\" src=\"http:\/\/felix.ares.fm\/wp-content\/uploads\/2015\/06\/JMG_0010.jpg\" alt=\"Las antenas de televisi\u00f3n delatan que se trata de un pueblo moderno, por lo dem\u00e1s bien podr\u00eda ser una aldea mulsumana\" width=\"480\" height=\"320\" srcset=\"https:\/\/felix.ares.fm\/wp-content\/uploads\/2015\/06\/JMG_0010.jpg 480w, https:\/\/felix.ares.fm\/wp-content\/uploads\/2015\/06\/JMG_0010-300x200.jpg 300w\" sizes=\"auto, (max-width: 480px) 100vw, 480px\" \/><\/a><figcaption id=\"caption-attachment-6161\" class=\"wp-caption-text\">Las antenas de televisi\u00f3n delatan que se trata de un pueblo moderno, por lo dem\u00e1s bien podr\u00eda ser una aldea musulmana<\/figcaption><\/figure>\n<p><a href=\"http:\/\/felix.ares.fm\/?attachment_id=6162\" rel=\"attachment wp-att-6162\"><img loading=\"lazy\" decoding=\"async\" class=\"aligncenter size-full wp-image-6162\" src=\"http:\/\/felix.ares.fm\/wp-content\/uploads\/2015\/06\/JMG_0012.jpg\" alt=\"JMG_0012\" width=\"480\" height=\"320\" srcset=\"https:\/\/felix.ares.fm\/wp-content\/uploads\/2015\/06\/JMG_0012.jpg 480w, https:\/\/felix.ares.fm\/wp-content\/uploads\/2015\/06\/JMG_0012-300x200.jpg 300w\" sizes=\"auto, (max-width: 480px) 100vw, 480px\" \/><\/a><\/p>\n<p>&nbsp;<\/p>\n<p class=\"elTexto\" align=\"justify\">\u00a0Subimos a la parroquia de San Miguel Arcangel:<\/p>\n<p class=\"elTexto\" align=\"justify\"><a href=\"http:\/\/felix.ares.fm\/?attachment_id=6163\" rel=\"attachment wp-att-6163\"><img loading=\"lazy\" decoding=\"async\" class=\"aligncenter size-full wp-image-6163\" src=\"http:\/\/felix.ares.fm\/wp-content\/uploads\/2015\/06\/JMG_0013.jpg\" alt=\"JMG_0013\" width=\"480\" height=\"320\" srcset=\"https:\/\/felix.ares.fm\/wp-content\/uploads\/2015\/06\/JMG_0013.jpg 480w, https:\/\/felix.ares.fm\/wp-content\/uploads\/2015\/06\/JMG_0013-300x200.jpg 300w\" sizes=\"auto, (max-width: 480px) 100vw, 480px\" \/><\/a><\/p>\n<p class=\"elTexto\" align=\"justify\">Se trata de una iglesia del siglo XVI.<\/p>\n<figure id=\"attachment_6164\" aria-describedby=\"caption-attachment-6164\" style=\"width: 480px\" class=\"wp-caption aligncenter\"><a href=\"http:\/\/felix.ares.fm\/?attachment_id=6164\" rel=\"attachment wp-att-6164\"><img loading=\"lazy\" decoding=\"async\" class=\"size-full wp-image-6164\" src=\"http:\/\/felix.ares.fm\/wp-content\/uploads\/2015\/06\/JMG_0015.jpg\" alt=\"San Roque es el patr\u00f3n de Tolox\" width=\"480\" height=\"320\" srcset=\"https:\/\/felix.ares.fm\/wp-content\/uploads\/2015\/06\/JMG_0015.jpg 480w, https:\/\/felix.ares.fm\/wp-content\/uploads\/2015\/06\/JMG_0015-300x200.jpg 300w\" sizes=\"auto, (max-width: 480px) 100vw, 480px\" \/><\/a><figcaption id=\"caption-attachment-6164\" class=\"wp-caption-text\">San Roque es el patr\u00f3n de Tolox<\/figcaption><\/figure>\n<p><a href=\"http:\/\/felix.ares.fm\/?attachment_id=6165\" rel=\"attachment wp-att-6165\"><img loading=\"lazy\" decoding=\"async\" class=\"aligncenter size-full wp-image-6165\" src=\"http:\/\/felix.ares.fm\/wp-content\/uploads\/2015\/06\/JMG_0018scl.jpg\" alt=\"JMG_0018scl\" width=\"320\" height=\"480\" srcset=\"https:\/\/felix.ares.fm\/wp-content\/uploads\/2015\/06\/JMG_0018scl.jpg 320w, https:\/\/felix.ares.fm\/wp-content\/uploads\/2015\/06\/JMG_0018scl-200x300.jpg 200w\" sizes=\"auto, (max-width: 320px) 100vw, 320px\" \/><\/a><\/p>\n<p><a href=\"http:\/\/felix.ares.fm\/?attachment_id=6166\" rel=\"attachment wp-att-6166\"><img loading=\"lazy\" decoding=\"async\" class=\"aligncenter size-full wp-image-6166\" src=\"http:\/\/felix.ares.fm\/wp-content\/uploads\/2015\/06\/JMG_0019.jpg\" alt=\"JMG_0019\" width=\"480\" height=\"320\" srcset=\"https:\/\/felix.ares.fm\/wp-content\/uploads\/2015\/06\/JMG_0019.jpg 480w, https:\/\/felix.ares.fm\/wp-content\/uploads\/2015\/06\/JMG_0019-300x200.jpg 300w\" sizes=\"auto, (max-width: 480px) 100vw, 480px\" \/><\/a><\/p>\n<p><a href=\"http:\/\/felix.ares.fm\/?attachment_id=6167\" rel=\"attachment wp-att-6167\"><img loading=\"lazy\" decoding=\"async\" class=\"aligncenter size-full wp-image-6167\" src=\"http:\/\/felix.ares.fm\/wp-content\/uploads\/2015\/06\/JMG_0020-e1435217519453.jpg\" alt=\"JMG_0020\" width=\"320\" height=\"480\" srcset=\"https:\/\/felix.ares.fm\/wp-content\/uploads\/2015\/06\/JMG_0020-e1435217519453.jpg 320w, https:\/\/felix.ares.fm\/wp-content\/uploads\/2015\/06\/JMG_0020-e1435217519453-200x300.jpg 200w\" sizes=\"auto, (max-width: 320px) 100vw, 320px\" \/><\/a><\/p>\n<p><a href=\"http:\/\/felix.ares.fm\/?attachment_id=6168\" rel=\"attachment wp-att-6168\"><img loading=\"lazy\" decoding=\"async\" class=\"aligncenter size-full wp-image-6168\" src=\"http:\/\/felix.ares.fm\/wp-content\/uploads\/2015\/06\/JMG_0021l.jpg\" alt=\"JMG_0021l\" width=\"480\" height=\"320\" srcset=\"https:\/\/felix.ares.fm\/wp-content\/uploads\/2015\/06\/JMG_0021l.jpg 480w, https:\/\/felix.ares.fm\/wp-content\/uploads\/2015\/06\/JMG_0021l-300x200.jpg 300w\" sizes=\"auto, (max-width: 480px) 100vw, 480px\" \/><\/a><\/p>\n<p><a href=\"http:\/\/felix.ares.fm\/?attachment_id=6169\" rel=\"attachment wp-att-6169\"><img loading=\"lazy\" decoding=\"async\" class=\"aligncenter size-full wp-image-6169\" src=\"http:\/\/felix.ares.fm\/wp-content\/uploads\/2015\/06\/JMG_0022.jpg\" alt=\"JMG_0022\" width=\"480\" height=\"320\" srcset=\"https:\/\/felix.ares.fm\/wp-content\/uploads\/2015\/06\/JMG_0022.jpg 480w, https:\/\/felix.ares.fm\/wp-content\/uploads\/2015\/06\/JMG_0022-300x200.jpg 300w\" sizes=\"auto, (max-width: 480px) 100vw, 480px\" \/><\/a><\/p>\n<p>Y nos volvemos a encontrar con San Roque, pero esta vez vemos claramente que el perro de San Roque tiene rabo y lleva en la boca un rosco de pan.<\/p>\n<figure id=\"attachment_6170\" aria-describedby=\"caption-attachment-6170\" style=\"width: 320px\" class=\"wp-caption aligncenter\"><a href=\"http:\/\/felix.ares.fm\/?attachment_id=6170\" rel=\"attachment wp-att-6170\"><img loading=\"lazy\" decoding=\"async\" class=\"size-full wp-image-6170\" src=\"http:\/\/felix.ares.fm\/wp-content\/uploads\/2015\/06\/JMG_0023-e1435217795385.jpg\" alt=\"San Roque en la iglesia de San Miguel\" width=\"320\" height=\"480\" srcset=\"https:\/\/felix.ares.fm\/wp-content\/uploads\/2015\/06\/JMG_0023-e1435217795385.jpg 320w, https:\/\/felix.ares.fm\/wp-content\/uploads\/2015\/06\/JMG_0023-e1435217795385-200x300.jpg 200w\" sizes=\"auto, (max-width: 320px) 100vw, 320px\" \/><\/a><figcaption id=\"caption-attachment-6170\" class=\"wp-caption-text\">San Roque en la iglesia de San Miguel<\/figcaption><\/figure>\n<figure id=\"attachment_6171\" aria-describedby=\"caption-attachment-6171\" style=\"width: 480px\" class=\"wp-caption aligncenter\"><a href=\"http:\/\/felix.ares.fm\/?attachment_id=6171\" rel=\"attachment wp-att-6171\"><img loading=\"lazy\" decoding=\"async\" class=\"size-full wp-image-6171\" src=\"http:\/\/felix.ares.fm\/wp-content\/uploads\/2015\/06\/JMG_0024-e1435217783659.jpg\" alt=\"Definitivamente, el perro de San Roque tiene rabo\" width=\"480\" height=\"320\" srcset=\"https:\/\/felix.ares.fm\/wp-content\/uploads\/2015\/06\/JMG_0024-e1435217783659.jpg 480w, https:\/\/felix.ares.fm\/wp-content\/uploads\/2015\/06\/JMG_0024-e1435217783659-300x200.jpg 300w\" sizes=\"auto, (max-width: 480px) 100vw, 480px\" \/><\/a><figcaption id=\"caption-attachment-6171\" class=\"wp-caption-text\">Definitivamente, el perro de San Roque tiene rabo<\/figcaption><\/figure>\n<p>En un cortin\u00f3n de la iglesia he visto este s\u00edmbolo. Me ha gustado la sencillez con la que frepresentan un barco.<\/p>\n<p><a href=\"http:\/\/felix.ares.fm\/?attachment_id=6172\" rel=\"attachment wp-att-6172\"><img loading=\"lazy\" decoding=\"async\" class=\"aligncenter size-full wp-image-6172\" src=\"http:\/\/felix.ares.fm\/wp-content\/uploads\/2015\/06\/JMG_0025-e1435217901645.jpg\" alt=\"JMG_0025\" width=\"320\" height=\"480\" srcset=\"https:\/\/felix.ares.fm\/wp-content\/uploads\/2015\/06\/JMG_0025-e1435217901645.jpg 320w, https:\/\/felix.ares.fm\/wp-content\/uploads\/2015\/06\/JMG_0025-e1435217901645-200x300.jpg 200w\" sizes=\"auto, (max-width: 320px) 100vw, 320px\" \/><\/a><\/p>\n<p>Salimos de la iglesia y seguimos deambulando por el pueblo.<\/p>\n<p><a href=\"http:\/\/felix.ares.fm\/?attachment_id=6173\" rel=\"attachment wp-att-6173\"><img loading=\"lazy\" decoding=\"async\" class=\"aligncenter size-full wp-image-6173\" src=\"http:\/\/felix.ares.fm\/wp-content\/uploads\/2015\/06\/JMG_0028-e1435217963744.jpg\" alt=\"JMG_0028\" width=\"320\" height=\"480\" srcset=\"https:\/\/felix.ares.fm\/wp-content\/uploads\/2015\/06\/JMG_0028-e1435217963744.jpg 320w, https:\/\/felix.ares.fm\/wp-content\/uploads\/2015\/06\/JMG_0028-e1435217963744-200x300.jpg 200w\" sizes=\"auto, (max-width: 320px) 100vw, 320px\" \/><\/a><\/p>\n<p><a href=\"http:\/\/felix.ares.fm\/?attachment_id=6174\" rel=\"attachment wp-att-6174\"><img loading=\"lazy\" decoding=\"async\" class=\"aligncenter size-full wp-image-6174\" src=\"http:\/\/felix.ares.fm\/wp-content\/uploads\/2015\/06\/JMG_0030.jpg\" alt=\"JMG_0030\" width=\"480\" height=\"320\" srcset=\"https:\/\/felix.ares.fm\/wp-content\/uploads\/2015\/06\/JMG_0030.jpg 480w, https:\/\/felix.ares.fm\/wp-content\/uploads\/2015\/06\/JMG_0030-300x200.jpg 300w\" sizes=\"auto, (max-width: 480px) 100vw, 480px\" \/><\/a><\/p>\n<p><a href=\"http:\/\/felix.ares.fm\/?attachment_id=6175\" rel=\"attachment wp-att-6175\"><img loading=\"lazy\" decoding=\"async\" class=\"aligncenter size-full wp-image-6175\" src=\"http:\/\/felix.ares.fm\/wp-content\/uploads\/2015\/06\/JMG_0031.jpg\" alt=\"JMG_0031\" width=\"480\" height=\"320\" srcset=\"https:\/\/felix.ares.fm\/wp-content\/uploads\/2015\/06\/JMG_0031.jpg 480w, https:\/\/felix.ares.fm\/wp-content\/uploads\/2015\/06\/JMG_0031-300x200.jpg 300w\" sizes=\"auto, (max-width: 480px) 100vw, 480px\" \/><\/a><\/p>\n<p><a href=\"http:\/\/felix.ares.fm\/?attachment_id=6176\" rel=\"attachment wp-att-6176\"><img loading=\"lazy\" decoding=\"async\" class=\"aligncenter size-full wp-image-6176\" src=\"http:\/\/felix.ares.fm\/wp-content\/uploads\/2015\/06\/JMG_0035.jpg\" alt=\"JMG_0035\" width=\"480\" height=\"320\" srcset=\"https:\/\/felix.ares.fm\/wp-content\/uploads\/2015\/06\/JMG_0035.jpg 480w, https:\/\/felix.ares.fm\/wp-content\/uploads\/2015\/06\/JMG_0035-300x200.jpg 300w\" sizes=\"auto, (max-width: 480px) 100vw, 480px\" \/><\/a><\/p>\n<p>Tolox destaca por que hay un balneario de agua termales sulfurosas, que ya fue usado desde tiempos de los romanos.<\/p>\n<figure id=\"attachment_6178\" aria-describedby=\"caption-attachment-6178\" style=\"width: 397px\" class=\"wp-caption aligncenter\"><a href=\"http:\/\/felix.ares.fm\/?attachment_id=6178\" rel=\"attachment wp-att-6178\"><img loading=\"lazy\" decoding=\"async\" class=\"size-full wp-image-6178\" src=\"http:\/\/felix.ares.fm\/wp-content\/uploads\/2015\/06\/JMG_0037rr.jpg\" alt=\"Calle balneario \" width=\"397\" height=\"269\" srcset=\"https:\/\/felix.ares.fm\/wp-content\/uploads\/2015\/06\/JMG_0037rr.jpg 397w, https:\/\/felix.ares.fm\/wp-content\/uploads\/2015\/06\/JMG_0037rr-300x203.jpg 300w\" sizes=\"auto, (max-width: 397px) 100vw, 397px\" \/><\/a><figcaption id=\"caption-attachment-6178\" class=\"wp-caption-text\">Calle balneario<\/figcaption><\/figure>\n<figure id=\"attachment_6179\" aria-describedby=\"caption-attachment-6179\" style=\"width: 320px\" class=\"wp-caption aligncenter\"><a href=\"http:\/\/felix.ares.fm\/?attachment_id=6179\" rel=\"attachment wp-att-6179\"><img loading=\"lazy\" decoding=\"async\" class=\"size-full wp-image-6179\" src=\"http:\/\/felix.ares.fm\/wp-content\/uploads\/2015\/06\/JMG_0063-e1435218447673.jpg\" alt=\"Balneario\" width=\"320\" height=\"480\" srcset=\"https:\/\/felix.ares.fm\/wp-content\/uploads\/2015\/06\/JMG_0063-e1435218447673.jpg 320w, https:\/\/felix.ares.fm\/wp-content\/uploads\/2015\/06\/JMG_0063-e1435218447673-200x300.jpg 200w\" sizes=\"auto, (max-width: 320px) 100vw, 320px\" \/><\/a><figcaption id=\"caption-attachment-6179\" class=\"wp-caption-text\">Balneario<\/figcaption><\/figure>\n<p>En el pueblo hay muchas cosas dedicadas a San Roque. Por ejemplo esta pasteler\u00eda.<\/p>\n<p><a href=\"http:\/\/felix.ares.fm\/?attachment_id=6180\" rel=\"attachment wp-att-6180\"><img loading=\"lazy\" decoding=\"async\" class=\"aligncenter size-full wp-image-6180\" src=\"http:\/\/felix.ares.fm\/wp-content\/uploads\/2015\/06\/JMG_0038.jpg\" alt=\"JMG_0038\" width=\"480\" height=\"320\" srcset=\"https:\/\/felix.ares.fm\/wp-content\/uploads\/2015\/06\/JMG_0038.jpg 480w, https:\/\/felix.ares.fm\/wp-content\/uploads\/2015\/06\/JMG_0038-300x200.jpg 300w\" sizes=\"auto, (max-width: 480px) 100vw, 480px\" \/><\/a><\/p>\n<p>Los indicadores del nombre de la calle son muy bonitos.<\/p>\n<p><a href=\"http:\/\/felix.ares.fm\/?attachment_id=6181\" rel=\"attachment wp-att-6181\"><img loading=\"lazy\" decoding=\"async\" class=\"aligncenter size-full wp-image-6181\" src=\"http:\/\/felix.ares.fm\/wp-content\/uploads\/2015\/06\/JMG_0041.jpg\" alt=\"JMG_0041\" width=\"480\" height=\"320\" srcset=\"https:\/\/felix.ares.fm\/wp-content\/uploads\/2015\/06\/JMG_0041.jpg 480w, https:\/\/felix.ares.fm\/wp-content\/uploads\/2015\/06\/JMG_0041-300x200.jpg 300w\" sizes=\"auto, (max-width: 480px) 100vw, 480px\" \/><\/a><\/p>\n<p>Hay un museo de artes populares:<\/p>\n<figure id=\"attachment_6182\" aria-describedby=\"caption-attachment-6182\" style=\"width: 480px\" class=\"wp-caption aligncenter\"><a href=\"http:\/\/felix.ares.fm\/?attachment_id=6182\" rel=\"attachment wp-att-6182\"><img loading=\"lazy\" decoding=\"async\" class=\"size-full wp-image-6182\" src=\"http:\/\/felix.ares.fm\/wp-content\/uploads\/2015\/06\/JMG_0042.jpg\" alt=\"Museo Artes Populares\" width=\"480\" height=\"320\" srcset=\"https:\/\/felix.ares.fm\/wp-content\/uploads\/2015\/06\/JMG_0042.jpg 480w, https:\/\/felix.ares.fm\/wp-content\/uploads\/2015\/06\/JMG_0042-300x200.jpg 300w\" sizes=\"auto, (max-width: 480px) 100vw, 480px\" \/><\/a><figcaption id=\"caption-attachment-6182\" class=\"wp-caption-text\">Museo Artes Populares. Abren de 11h a 14h y de 16 a 18. Lunes cerrado.<\/figcaption><\/figure>\n<p><a href=\"http:\/\/felix.ares.fm\/?attachment_id=6184\" rel=\"attachment wp-att-6184\"><img loading=\"lazy\" decoding=\"async\" class=\"aligncenter size-full wp-image-6184\" src=\"http:\/\/felix.ares.fm\/wp-content\/uploads\/2015\/06\/JMG_0044.jpg\" alt=\"JMG_0044\" width=\"480\" height=\"320\" srcset=\"https:\/\/felix.ares.fm\/wp-content\/uploads\/2015\/06\/JMG_0044.jpg 480w, https:\/\/felix.ares.fm\/wp-content\/uploads\/2015\/06\/JMG_0044-300x200.jpg 300w\" sizes=\"auto, (max-width: 480px) 100vw, 480px\" \/><\/a><\/p>\n<p><a href=\"http:\/\/felix.ares.fm\/?attachment_id=6192\" rel=\"attachment wp-att-6192\"><img loading=\"lazy\" decoding=\"async\" class=\"aligncenter size-full wp-image-6192\" src=\"http:\/\/felix.ares.fm\/wp-content\/uploads\/2015\/06\/JMG_0052.jpg\" alt=\"JMG_0052\" width=\"480\" height=\"320\" srcset=\"https:\/\/felix.ares.fm\/wp-content\/uploads\/2015\/06\/JMG_0052.jpg 480w, https:\/\/felix.ares.fm\/wp-content\/uploads\/2015\/06\/JMG_0052-300x200.jpg 300w\" sizes=\"auto, (max-width: 480px) 100vw, 480px\" \/><\/a><\/p>\n<p><a href=\"http:\/\/felix.ares.fm\/?attachment_id=6191\" rel=\"attachment wp-att-6191\"><img loading=\"lazy\" decoding=\"async\" class=\"aligncenter size-full wp-image-6191\" src=\"http:\/\/felix.ares.fm\/wp-content\/uploads\/2015\/06\/JMG_0051.jpg\" alt=\"JMG_0051\" width=\"480\" height=\"320\" srcset=\"https:\/\/felix.ares.fm\/wp-content\/uploads\/2015\/06\/JMG_0051.jpg 480w, https:\/\/felix.ares.fm\/wp-content\/uploads\/2015\/06\/JMG_0051-300x200.jpg 300w\" sizes=\"auto, (max-width: 480px) 100vw, 480px\" \/><\/a><\/p>\n<p><a href=\"http:\/\/felix.ares.fm\/?attachment_id=6190\" rel=\"attachment wp-att-6190\"><img loading=\"lazy\" decoding=\"async\" class=\"aligncenter size-full wp-image-6190\" src=\"http:\/\/felix.ares.fm\/wp-content\/uploads\/2015\/06\/JMG_0050.jpg\" alt=\"JMG_0050\" width=\"480\" height=\"320\" srcset=\"https:\/\/felix.ares.fm\/wp-content\/uploads\/2015\/06\/JMG_0050.jpg 480w, https:\/\/felix.ares.fm\/wp-content\/uploads\/2015\/06\/JMG_0050-300x200.jpg 300w\" sizes=\"auto, (max-width: 480px) 100vw, 480px\" \/><\/a><\/p>\n<p><a href=\"http:\/\/felix.ares.fm\/?attachment_id=6189\" rel=\"attachment wp-att-6189\"><img loading=\"lazy\" decoding=\"async\" class=\"aligncenter size-full wp-image-6189\" src=\"http:\/\/felix.ares.fm\/wp-content\/uploads\/2015\/06\/JMG_0049.jpg\" alt=\"JMG_0049\" width=\"480\" height=\"320\" srcset=\"https:\/\/felix.ares.fm\/wp-content\/uploads\/2015\/06\/JMG_0049.jpg 480w, https:\/\/felix.ares.fm\/wp-content\/uploads\/2015\/06\/JMG_0049-300x200.jpg 300w\" sizes=\"auto, (max-width: 480px) 100vw, 480px\" \/><\/a><\/p>\n<p><a href=\"http:\/\/felix.ares.fm\/?attachment_id=6188\" rel=\"attachment wp-att-6188\"><img loading=\"lazy\" decoding=\"async\" class=\"aligncenter size-full wp-image-6188\" src=\"http:\/\/felix.ares.fm\/wp-content\/uploads\/2015\/06\/JMG_0048.jpg\" alt=\"JMG_0048\" width=\"480\" height=\"320\" srcset=\"https:\/\/felix.ares.fm\/wp-content\/uploads\/2015\/06\/JMG_0048.jpg 480w, https:\/\/felix.ares.fm\/wp-content\/uploads\/2015\/06\/JMG_0048-300x200.jpg 300w\" sizes=\"auto, (max-width: 480px) 100vw, 480px\" \/><\/a><\/p>\n<p><a href=\"http:\/\/felix.ares.fm\/?attachment_id=6187\" rel=\"attachment wp-att-6187\"><img loading=\"lazy\" decoding=\"async\" class=\"aligncenter size-full wp-image-6187\" src=\"http:\/\/felix.ares.fm\/wp-content\/uploads\/2015\/06\/JMG_0047.jpg\" alt=\"JMG_0047\" width=\"480\" height=\"320\" srcset=\"https:\/\/felix.ares.fm\/wp-content\/uploads\/2015\/06\/JMG_0047.jpg 480w, https:\/\/felix.ares.fm\/wp-content\/uploads\/2015\/06\/JMG_0047-300x200.jpg 300w\" sizes=\"auto, (max-width: 480px) 100vw, 480px\" \/><\/a><\/p>\n<p><a href=\"http:\/\/felix.ares.fm\/?attachment_id=6185\" rel=\"attachment wp-att-6185\"><img loading=\"lazy\" decoding=\"async\" class=\"aligncenter size-full wp-image-6185\" src=\"http:\/\/felix.ares.fm\/wp-content\/uploads\/2015\/06\/JMG_0045.jpg\" alt=\"JMG_0045\" width=\"480\" height=\"320\" srcset=\"https:\/\/felix.ares.fm\/wp-content\/uploads\/2015\/06\/JMG_0045.jpg 480w, https:\/\/felix.ares.fm\/wp-content\/uploads\/2015\/06\/JMG_0045-300x200.jpg 300w\" sizes=\"auto, (max-width: 480px) 100vw, 480px\" \/><\/a><\/p>\n<p>Nos vamos. No sin antes volver a disfrutar de las flores que tienen plantadas los vecinos.<\/p>\n<p><a href=\"http:\/\/felix.ares.fm\/?attachment_id=6193\" rel=\"attachment wp-att-6193\"><img loading=\"lazy\" decoding=\"async\" class=\"aligncenter size-full wp-image-6193\" src=\"http:\/\/felix.ares.fm\/wp-content\/uploads\/2015\/06\/JMG_0054.jpg\" alt=\"JMG_0054\" width=\"480\" height=\"320\" srcset=\"https:\/\/felix.ares.fm\/wp-content\/uploads\/2015\/06\/JMG_0054.jpg 480w, https:\/\/felix.ares.fm\/wp-content\/uploads\/2015\/06\/JMG_0054-300x200.jpg 300w\" sizes=\"auto, (max-width: 480px) 100vw, 480px\" \/><\/a><\/p>\n<p><a href=\"http:\/\/felix.ares.fm\/?attachment_id=6194\" rel=\"attachment wp-att-6194\"><img loading=\"lazy\" decoding=\"async\" class=\"aligncenter size-full wp-image-6194\" src=\"http:\/\/felix.ares.fm\/wp-content\/uploads\/2015\/06\/JMG_0055.jpg\" alt=\"JMG_0055\" width=\"480\" height=\"320\" srcset=\"https:\/\/felix.ares.fm\/wp-content\/uploads\/2015\/06\/JMG_0055.jpg 480w, https:\/\/felix.ares.fm\/wp-content\/uploads\/2015\/06\/JMG_0055-300x200.jpg 300w\" sizes=\"auto, (max-width: 480px) 100vw, 480px\" \/><\/a><\/p>\n<p><a href=\"http:\/\/felix.ares.fm\/?attachment_id=6195\" rel=\"attachment wp-att-6195\"><img loading=\"lazy\" decoding=\"async\" class=\"aligncenter size-full wp-image-6195\" src=\"http:\/\/felix.ares.fm\/wp-content\/uploads\/2015\/06\/JMG_0056.jpg\" alt=\"JMG_0056\" width=\"480\" height=\"320\" srcset=\"https:\/\/felix.ares.fm\/wp-content\/uploads\/2015\/06\/JMG_0056.jpg 480w, https:\/\/felix.ares.fm\/wp-content\/uploads\/2015\/06\/JMG_0056-300x200.jpg 300w\" sizes=\"auto, (max-width: 480px) 100vw, 480px\" \/><\/a><\/p>\n<p style=\"text-align: center;\">\u00a0*\u00a0 * *<\/p>\n<p><strong>Nota fotos y texto<\/strong>. Salvo las fotos que tienen un agradecimiento espec\u00edfico, como por ejemplo Wikipedia, son nuestras y las licenciamos con<\/p>\n<p><a href=\"http:\/\/creativecommons.org\/licenses\/by\/3.0\/deed.es_ES\" rel=\"license\"><img decoding=\"async\" src=\"http:\/\/i.creativecommons.org\/l\/by\/3.0\/88x31.png\" alt=\"Licencia de Creative Commons\" \/><\/a><br \/>\n<a href=\"viajes.ares.fm\" rel=\"cc:attributionURL\">F\u00e9lix Ares y Maricarmen Garmendia<\/a>\u00a0is licensed under a\u00a0<a href=\"http:\/\/creativecommons.org\/licenses\/by\/3.0\/deed.es_ES\" rel=\"license\">Creative Commons Reconocimiento 3.0 Unported License<\/a>.<br \/>\nCreado a partir de la obra en\u00a0<a href=\"viajes.ares.fm\" rel=\"dct:source\">felix.ares.fm<\/a>.<\/p>\n<p>Contacto con nosotros:<\/p>\n<p><a href=\"http:\/\/viajes.ares.fm\/wp-content\/uploads\/2013\/06\/emailTapasBr1.jpg\"><img loading=\"lazy\" decoding=\"async\" src=\"http:\/\/viajes.ares.fm\/wp-content\/uploads\/2013\/06\/emailTapasBr1-300x138.jpg\" alt=\"emailTapasBr\" width=\"300\" height=\"138\" \/><\/a><\/p>\n","protected":false},"excerpt":{"rendered":"<p>Viernes 19 de junio de 2015 Llegamos a un mirador desde el que se ve muy bien el pueblo de Tolox. En el mirador hay un ermita dedicada a San Roque. Tolox est\u00e1 en la reserva e la biosfera \u00abSierra de las Nieves\u00bb. Tal como hemos dicho en el mirador hay una capillita dedicada a &hellip; <a href=\"https:\/\/felix.ares.fm\/?p=6139\" class=\"more-link\">Seguir leyendo <span class=\"screen-reader-text\">El Valle de las Nieves (M\u00e1laga). 2: Tolox<\/span> <span class=\"meta-nav\">&rarr;<\/span><\/a><\/p>\n","protected":false},"author":1,"featured_media":0,"comment_status":"closed","ping_status":"open","sticky":false,"template":"","format":"standard","meta":{"footnotes":""},"categories":[566,567,565],"tags":[],"class_list":["post-6139","post","type-post","status-publish","format-standard","hentry","category-ermita-san-roque","category-museo-de-artes-populares","category-tolox"],"_links":{"self":[{"href":"https:\/\/felix.ares.fm\/index.php?rest_route=\/wp\/v2\/posts\/6139","targetHints":{"allow":["GET"]}}],"collection":[{"href":"https:\/\/felix.ares.fm\/index.php?rest_route=\/wp\/v2\/posts"}],"about":[{"href":"https:\/\/felix.ares.fm\/index.php?rest_route=\/wp\/v2\/types\/post"}],"author":[{"embeddable":true,"href":"https:\/\/felix.ares.fm\/index.php?rest_route=\/wp\/v2\/users\/1"}],"replies":[{"embeddable":true,"href":"https:\/\/felix.ares.fm\/index.php?rest_route=%2Fwp%2Fv2%2Fcomments&post=6139"}],"version-history":[{"count":0,"href":"https:\/\/felix.ares.fm\/index.php?rest_route=\/wp\/v2\/posts\/6139\/revisions"}],"wp:attachment":[{"href":"https:\/\/felix.ares.fm\/index.php?rest_route=%2Fwp%2Fv2%2Fmedia&parent=6139"}],"wp:term":[{"taxonomy":"category","embeddable":true,"href":"https:\/\/felix.ares.fm\/index.php?rest_route=%2Fwp%2Fv2%2Fcategories&post=6139"},{"taxonomy":"post_tag","embeddable":true,"href":"https:\/\/felix.ares.fm\/index.php?rest_route=%2Fwp%2Fv2%2Ftags&post=6139"}],"curies":[{"name":"wp","href":"https:\/\/api.w.org\/{rel}","templated":true}]}}