{"id":6114,"date":"2015-06-24T19:52:32","date_gmt":"2015-06-24T17:52:32","guid":{"rendered":"http:\/\/felix.ares.fm\/?p=6114"},"modified":"2015-06-24T19:52:32","modified_gmt":"2015-06-24T17:52:32","slug":"el-valle-de-las-nieves-malaga-1-desayuno-en-coin","status":"publish","type":"post","link":"https:\/\/felix.ares.fm\/?p=6114","title":{"rendered":"El Valle de las Nieves (M\u00e1laga). 1: desayuno en Coin"},"content":{"rendered":"<p><strong>Viernes 19 de junio de 2015<\/strong><\/p>\n<p>En la <a href=\"http:\/\/www.paginasamarillas.es\/f\/fuengirola\/asociacion-de-jubilados-y-pensionistas-de-fuengirola-_201362985_000000001.html\">Asociaci\u00f3n de Jubilados y Pensionistas de Fuengirola<\/a>, de la que somos socios, nos ofrecieron una excursi\u00f3n de un d\u00eda a ver los pueblos de la <a href=\"https:\/\/es.wikipedia.org\/wiki\/Parque_natural_de_la_Sierra_de_las_Nieves\">Sierra de las Nieves<\/a>. Dijimos que s\u00ed. Y nos fuimos a ver esos preciosos pueblos que forman parte del parque de la biosfera llamado Sierra de las Nieves.<\/p>\n<p>La Sierra de las Nieves est\u00e1 en la provincia de M\u00e1laga y forma parte de la cordillera Penib\u00e9tica, es decir, la parte m\u00e1s al sur de la B\u00e9tica. Ha sido nombrada reserva de la biosfera por la ONU y merece la pena pasearse por sus bosques y por sus pueblos.<\/p>\n<p>Aqu\u00ed est\u00e1 la reserva mundial de pinsapos. El \u00e1rbol emblema de M\u00e1laga. Se trata de una con\u00edfera con algunas peculiaridades. Sus hojas se perecen a la araucaria. Pero no es una araucaria. Las hojas de las araucarias tiene sus hojas (agujas) que se inclinan hacia la parte m\u00e1s alta (la m\u00e1s nueva). En el pinsapo las agujas son perpendiculares al eje.<\/p>\n<p>\u00a1Vaya l\u00edo! \u00a1Me explico!<\/p>\n<figure id=\"attachment_6117\" aria-describedby=\"caption-attachment-6117\" style=\"width: 430px\" class=\"wp-caption aligncenter\"><a href=\"http:\/\/felix.ares.fm\/?attachment_id=6117\" rel=\"attachment wp-att-6117\"><img loading=\"lazy\" decoding=\"async\" class=\"size-full wp-image-6117\" src=\"http:\/\/felix.ares.fm\/wp-content\/uploads\/2015\/06\/150624-araucaria-pinsapo001.jpg\" alt=\"En la araucaria las agujas se inclinan en direcci\u00f3n hacia el borde de crecimuiento. En el isnapo son verticales.\" width=\"430\" height=\"360\" srcset=\"https:\/\/felix.ares.fm\/wp-content\/uploads\/2015\/06\/150624-araucaria-pinsapo001.jpg 430w, https:\/\/felix.ares.fm\/wp-content\/uploads\/2015\/06\/150624-araucaria-pinsapo001-300x251.jpg 300w\" sizes=\"auto, (max-width: 430px) 100vw, 430px\" \/><\/a><figcaption id=\"caption-attachment-6117\" class=\"wp-caption-text\">En la araucaria las agujas se inclinan en direcci\u00f3n hacia el borde de crecimiento. En el pinsapo son verticales.<\/figcaption><\/figure>\n<figure id=\"attachment_6118\" aria-describedby=\"caption-attachment-6118\" style=\"width: 480px\" class=\"wp-caption aligncenter\"><a href=\"http:\/\/felix.ares.fm\/?attachment_id=6118\" rel=\"attachment wp-att-6118\"><img loading=\"lazy\" decoding=\"async\" class=\"size-full wp-image-6118\" src=\"http:\/\/felix.ares.fm\/wp-content\/uploads\/2015\/06\/JMG_0174.jpg\" alt=\"Araucaria\" width=\"480\" height=\"320\" srcset=\"https:\/\/felix.ares.fm\/wp-content\/uploads\/2015\/06\/JMG_0174.jpg 480w, https:\/\/felix.ares.fm\/wp-content\/uploads\/2015\/06\/JMG_0174-300x200.jpg 300w\" sizes=\"auto, (max-width: 480px) 100vw, 480px\" \/><\/a><figcaption id=\"caption-attachment-6118\" class=\"wp-caption-text\">Araucaria<\/figcaption><\/figure>\n<figure id=\"attachment_6119\" aria-describedby=\"caption-attachment-6119\" style=\"width: 480px\" class=\"wp-caption aligncenter\"><a href=\"http:\/\/felix.ares.fm\/?attachment_id=6119\" rel=\"attachment wp-att-6119\"><img loading=\"lazy\" decoding=\"async\" class=\"size-full wp-image-6119\" src=\"http:\/\/felix.ares.fm\/wp-content\/uploads\/2015\/06\/JMG_0168.jpg\" alt=\"Pinsapo\" width=\"480\" height=\"320\" srcset=\"https:\/\/felix.ares.fm\/wp-content\/uploads\/2015\/06\/JMG_0168.jpg 480w, https:\/\/felix.ares.fm\/wp-content\/uploads\/2015\/06\/JMG_0168-300x200.jpg 300w\" sizes=\"auto, (max-width: 480px) 100vw, 480px\" \/><\/a><figcaption id=\"caption-attachment-6119\" class=\"wp-caption-text\">Pinsapo<\/figcaption><\/figure>\n<p>&nbsp;<\/p>\n<p>&nbsp;<\/p>\n<p>Pero antes de llegar a los pinsapos pasaron muchas cosas. La primera fue que tras salir de Fuengirola paramos en <a href=\"https:\/\/es.wikipedia.org\/wiki\/Co%C3%ADn\">Co\u00edn<\/a> para desayunar. Nos dijeron que pod\u00edamos tomar el t\u00edpico desayuno andaluz: tostadas con tomate o zurrapa o manteca roja&#8230; pero que la especialidad de la casa eran los huevos fritos con cebolla y ajos. Y tambi\u00e9n nos dijeron que si no quer\u00edamos caf\u00e9 pod\u00edamos pedir una cerveza.<\/p>\n<p>Desayunamos en el Restaurante Venta Platero.<\/p>\n<figure id=\"attachment_6121\" aria-describedby=\"caption-attachment-6121\" style=\"width: 445px\" class=\"wp-caption aligncenter\"><a href=\"http:\/\/felix.ares.fm\/?attachment_id=6121\" rel=\"attachment wp-att-6121\"><img loading=\"lazy\" decoding=\"async\" class=\"size-full wp-image-6121\" src=\"http:\/\/felix.ares.fm\/wp-content\/uploads\/2015\/06\/IMG_9945sc.jpg\" alt=\"Venta Platero. Co\u00edn\" width=\"445\" height=\"255\" srcset=\"https:\/\/felix.ares.fm\/wp-content\/uploads\/2015\/06\/IMG_9945sc.jpg 445w, https:\/\/felix.ares.fm\/wp-content\/uploads\/2015\/06\/IMG_9945sc-300x171.jpg 300w\" sizes=\"auto, (max-width: 445px) 100vw, 445px\" \/><\/a><figcaption id=\"caption-attachment-6121\" class=\"wp-caption-text\">Venta Platero. Co\u00edn. Tel 952 45 29 34<\/figcaption><\/figure>\n<p>Nunca hab\u00eda probado huevos fritos con cebolla y ajos, pero como era la especialidad de la casa, lo pedimos.<\/p>\n<figure id=\"attachment_6123\" aria-describedby=\"caption-attachment-6123\" style=\"width: 480px\" class=\"wp-caption aligncenter\"><a href=\"http:\/\/felix.ares.fm\/?attachment_id=6123\" rel=\"attachment wp-att-6123\"><img loading=\"lazy\" decoding=\"async\" class=\"size-full wp-image-6123\" src=\"http:\/\/felix.ares.fm\/wp-content\/uploads\/2015\/06\/IMG_9956.jpg\" alt=\"La especialidad: huevos fritos con cebolla frita sin pochar\" width=\"480\" height=\"320\" srcset=\"https:\/\/felix.ares.fm\/wp-content\/uploads\/2015\/06\/IMG_9956.jpg 480w, https:\/\/felix.ares.fm\/wp-content\/uploads\/2015\/06\/IMG_9956-300x200.jpg 300w\" sizes=\"auto, (max-width: 480px) 100vw, 480px\" \/><\/a><figcaption id=\"caption-attachment-6123\" class=\"wp-caption-text\">La especialidad: huevos fritos con cebolla frita sin <a href=\"http:\/\/www.gastronomiaycia.com\/2012\/09\/20\/truco-de-cocina-pochar-y-caramelizar-la-cebolla-en-menos-tiempo\/\">pochar<\/a><\/figcaption><\/figure>\n<p>&nbsp;<\/p>\n<p>Como podemos ver en la foto, aunque la especialidad son los huevos fritos con cebolla y ajos, hay otras cosas, por ejemplo la zurrapa roja, tostadas de pan para lo que quieras: aceite de oliva, con tomate picado, &#8230;<\/p>\n<figure id=\"attachment_6124\" aria-describedby=\"caption-attachment-6124\" style=\"width: 480px\" class=\"wp-caption aligncenter\"><a href=\"http:\/\/felix.ares.fm\/?attachment_id=6124\" rel=\"attachment wp-att-6124\"><img loading=\"lazy\" decoding=\"async\" class=\"size-full wp-image-6124\" src=\"http:\/\/felix.ares.fm\/wp-content\/uploads\/2015\/06\/IMG_9950.jpg\" alt=\"Zurrapa roja\" width=\"480\" height=\"320\" srcset=\"https:\/\/felix.ares.fm\/wp-content\/uploads\/2015\/06\/IMG_9950.jpg 480w, https:\/\/felix.ares.fm\/wp-content\/uploads\/2015\/06\/IMG_9950-300x200.jpg 300w\" sizes=\"auto, (max-width: 480px) 100vw, 480px\" \/><\/a><figcaption id=\"caption-attachment-6124\" class=\"wp-caption-text\">Zurrapa roja<\/figcaption><\/figure>\n<figure id=\"attachment_6125\" aria-describedby=\"caption-attachment-6125\" style=\"width: 480px\" class=\"wp-caption aligncenter\"><a href=\"http:\/\/felix.ares.fm\/?attachment_id=6125\" rel=\"attachment wp-att-6125\"><img loading=\"lazy\" decoding=\"async\" class=\"size-full wp-image-6125\" src=\"http:\/\/felix.ares.fm\/wp-content\/uploads\/2015\/06\/IMG_9953.jpg\" alt=\"Tomate picado (tumaca)\" width=\"480\" height=\"320\" srcset=\"https:\/\/felix.ares.fm\/wp-content\/uploads\/2015\/06\/IMG_9953.jpg 480w, https:\/\/felix.ares.fm\/wp-content\/uploads\/2015\/06\/IMG_9953-300x200.jpg 300w\" sizes=\"auto, (max-width: 480px) 100vw, 480px\" \/><\/a><figcaption id=\"caption-attachment-6125\" class=\"wp-caption-text\">Tomate picado (tumaca)<\/figcaption><\/figure>\n<figure id=\"attachment_6126\" aria-describedby=\"caption-attachment-6126\" style=\"width: 480px\" class=\"wp-caption aligncenter\"><a href=\"http:\/\/felix.ares.fm\/?attachment_id=6126\" rel=\"attachment wp-att-6126\"><img loading=\"lazy\" decoding=\"async\" class=\"size-full wp-image-6126\" src=\"http:\/\/felix.ares.fm\/wp-content\/uploads\/2015\/06\/IMG_9958.jpg\" alt=\"Tostadas\" width=\"480\" height=\"320\" srcset=\"https:\/\/felix.ares.fm\/wp-content\/uploads\/2015\/06\/IMG_9958.jpg 480w, https:\/\/felix.ares.fm\/wp-content\/uploads\/2015\/06\/IMG_9958-300x200.jpg 300w\" sizes=\"auto, (max-width: 480px) 100vw, 480px\" \/><\/a><figcaption id=\"caption-attachment-6126\" class=\"wp-caption-text\">Tostadas<\/figcaption><\/figure>\n<figure id=\"attachment_6127\" aria-describedby=\"caption-attachment-6127\" style=\"width: 320px\" class=\"wp-caption aligncenter\"><a href=\"http:\/\/felix.ares.fm\/?attachment_id=6127\" rel=\"attachment wp-att-6127\"><img loading=\"lazy\" decoding=\"async\" class=\"size-full wp-image-6127\" src=\"http:\/\/felix.ares.fm\/wp-content\/uploads\/2015\/06\/IMG_9960-e1435167054948.jpg\" alt=\"Algunos, en vez de caf\u00e9 prefirieron cerveza\" width=\"320\" height=\"480\" srcset=\"https:\/\/felix.ares.fm\/wp-content\/uploads\/2015\/06\/IMG_9960-e1435167054948.jpg 320w, https:\/\/felix.ares.fm\/wp-content\/uploads\/2015\/06\/IMG_9960-e1435167054948-200x300.jpg 200w\" sizes=\"auto, (max-width: 320px) 100vw, 320px\" \/><\/a><figcaption id=\"caption-attachment-6127\" class=\"wp-caption-text\">Algunos, en vez de caf\u00e9 prefirieron cerveza<\/figcaption><\/figure>\n<p>A pesar de que eramos muchas personas nos atendieron muy r\u00e1p\u00ecdamente y con amabilidad.<\/p>\n<p>El lugar est\u00e1 cerca de Co\u00edn, pero no es casco urbano:<\/p>\n<figure id=\"attachment_6128\" aria-describedby=\"caption-attachment-6128\" style=\"width: 480px\" class=\"wp-caption aligncenter\"><a href=\"http:\/\/felix.ares.fm\/?attachment_id=6128\" rel=\"attachment wp-att-6128\"><img loading=\"lazy\" decoding=\"async\" class=\"size-full wp-image-6128\" src=\"http:\/\/felix.ares.fm\/wp-content\/uploads\/2015\/06\/IMG_9944.jpg\" alt=\"Venta platero\" width=\"480\" height=\"320\" srcset=\"https:\/\/felix.ares.fm\/wp-content\/uploads\/2015\/06\/IMG_9944.jpg 480w, https:\/\/felix.ares.fm\/wp-content\/uploads\/2015\/06\/IMG_9944-300x200.jpg 300w\" sizes=\"auto, (max-width: 480px) 100vw, 480px\" \/><\/a><figcaption id=\"caption-attachment-6128\" class=\"wp-caption-text\">Venta platero. Se puede aparcar.<\/figcaption><\/figure>\n<p><a href=\"http:\/\/felix.ares.fm\/?attachment_id=6129\" rel=\"attachment wp-att-6129\"><img loading=\"lazy\" decoding=\"async\" class=\"aligncenter size-full wp-image-6129\" src=\"http:\/\/felix.ares.fm\/wp-content\/uploads\/2015\/06\/IMG_9946.jpg\" alt=\"IMG_9946\" width=\"480\" height=\"320\" srcset=\"https:\/\/felix.ares.fm\/wp-content\/uploads\/2015\/06\/IMG_9946.jpg 480w, https:\/\/felix.ares.fm\/wp-content\/uploads\/2015\/06\/IMG_9946-300x200.jpg 300w\" sizes=\"auto, (max-width: 480px) 100vw, 480px\" \/><\/a><\/p>\n<p>Tambi\u00e9n tienen alg\u00fan olivo, con sus aceitunas:<\/p>\n<p><a href=\"http:\/\/felix.ares.fm\/?attachment_id=6130\" rel=\"attachment wp-att-6130\"><img loading=\"lazy\" decoding=\"async\" class=\"aligncenter size-full wp-image-6130\" src=\"http:\/\/felix.ares.fm\/wp-content\/uploads\/2015\/06\/IMG_9963.jpg\" alt=\"IMG_9963\" width=\"480\" height=\"320\" srcset=\"https:\/\/felix.ares.fm\/wp-content\/uploads\/2015\/06\/IMG_9963.jpg 480w, https:\/\/felix.ares.fm\/wp-content\/uploads\/2015\/06\/IMG_9963-300x200.jpg 300w\" sizes=\"auto, (max-width: 480px) 100vw, 480px\" \/><\/a><\/p>\n<figure id=\"attachment_6131\" aria-describedby=\"caption-attachment-6131\" style=\"width: 480px\" class=\"wp-caption aligncenter\"><a href=\"http:\/\/felix.ares.fm\/?attachment_id=6131\" rel=\"attachment wp-att-6131\"><img loading=\"lazy\" decoding=\"async\" class=\"size-full wp-image-6131\" src=\"http:\/\/felix.ares.fm\/wp-content\/uploads\/2015\/06\/IMG_9949sc.jpg\" alt=\"Aspecto del interior\" width=\"480\" height=\"320\" srcset=\"https:\/\/felix.ares.fm\/wp-content\/uploads\/2015\/06\/IMG_9949sc.jpg 480w, https:\/\/felix.ares.fm\/wp-content\/uploads\/2015\/06\/IMG_9949sc-300x200.jpg 300w\" sizes=\"auto, (max-width: 480px) 100vw, 480px\" \/><\/a><figcaption id=\"caption-attachment-6131\" class=\"wp-caption-text\">Aspecto del interior<\/figcaption><\/figure>\n<p><strong>UBICACI\u00d3N<\/strong><\/p>\n<figure id=\"attachment_6132\" aria-describedby=\"caption-attachment-6132\" style=\"width: 480px\" class=\"wp-caption aligncenter\"><a href=\"http:\/\/felix.ares.fm\/?attachment_id=6132\" rel=\"attachment wp-att-6132\"><img loading=\"lazy\" decoding=\"async\" class=\"size-full wp-image-6132\" src=\"http:\/\/felix.ares.fm\/wp-content\/uploads\/2015\/06\/IMG_9951.jpg\" alt=\"cTRA. cO\u00d1IN-cARTAMA KM3\" width=\"480\" height=\"320\" srcset=\"https:\/\/felix.ares.fm\/wp-content\/uploads\/2015\/06\/IMG_9951.jpg 480w, https:\/\/felix.ares.fm\/wp-content\/uploads\/2015\/06\/IMG_9951-300x200.jpg 300w\" sizes=\"auto, (max-width: 480px) 100vw, 480px\" \/><\/a><figcaption id=\"caption-attachment-6132\" class=\"wp-caption-text\">Ctra.. Co\u00edn-Cartama KM 3,5<\/figcaption><\/figure>\n<p>Para ir a nuestro destino, pasamos por el centro de Co\u00edn, pero desde el autob\u00fas era imposible sacar fotos. Pasamos por la rotonda dedicada al caballo, con una curiosa escultura. Lo \u00fanico que salv\u00e9 de la foto desde el bus fue este trozo:<\/p>\n<figure id=\"attachment_6134\" aria-describedby=\"caption-attachment-6134\" style=\"width: 465px\" class=\"wp-caption aligncenter\"><a href=\"http:\/\/felix.ares.fm\/?attachment_id=6134\" rel=\"attachment wp-att-6134\"><img loading=\"lazy\" decoding=\"async\" class=\"size-full wp-image-6134\" src=\"http:\/\/felix.ares.fm\/wp-content\/uploads\/2015\/06\/IMG_9967r.jpg\" alt=\"Rotonda homenaje al caballo. Co\u00edn\" width=\"465\" height=\"167\" srcset=\"https:\/\/felix.ares.fm\/wp-content\/uploads\/2015\/06\/IMG_9967r.jpg 465w, https:\/\/felix.ares.fm\/wp-content\/uploads\/2015\/06\/IMG_9967r-300x107.jpg 300w\" sizes=\"auto, (max-width: 465px) 100vw, 465px\" \/><\/a><figcaption id=\"caption-attachment-6134\" class=\"wp-caption-text\">Rotonda homenaje al caballo. Co\u00edn<\/figcaption><\/figure>\n<figure id=\"attachment_6135\" aria-describedby=\"caption-attachment-6135\" style=\"width: 480px\" class=\"wp-caption aligncenter\"><a href=\"http:\/\/felix.ares.fm\/?attachment_id=6135\" rel=\"attachment wp-att-6135\"><img loading=\"lazy\" decoding=\"async\" class=\"size-full wp-image-6135\" src=\"http:\/\/felix.ares.fm\/wp-content\/uploads\/2015\/06\/IMG_9970.jpg\" alt=\"A la salida del pueblo nos despide el letrero de Co\u00edn\" width=\"480\" height=\"320\" srcset=\"https:\/\/felix.ares.fm\/wp-content\/uploads\/2015\/06\/IMG_9970.jpg 480w, https:\/\/felix.ares.fm\/wp-content\/uploads\/2015\/06\/IMG_9970-300x200.jpg 300w\" sizes=\"auto, (max-width: 480px) 100vw, 480px\" \/><\/a><figcaption id=\"caption-attachment-6135\" class=\"wp-caption-text\">A la salida del pueblo nos despide el letrero de Co\u00edn<\/figcaption><\/figure>\n<p>&nbsp;<\/p>\n<p style=\"text-align: center;\">\u00a0*\u00a0 * *<\/p>\n<p><strong>Nota fotos y texto<\/strong>. Salvo las fotos que tienen un agradecimiento espec\u00edfico, como por ejemplo Wikipedia, son nuestras y las licenciamos con<\/p>\n<p><a href=\"http:\/\/creativecommons.org\/licenses\/by\/3.0\/deed.es_ES\" rel=\"license\"><img decoding=\"async\" src=\"http:\/\/i.creativecommons.org\/l\/by\/3.0\/88x31.png\" alt=\"Licencia de Creative Commons\" \/><\/a><br \/>\n<a href=\"viajes.ares.fm\" rel=\"cc:attributionURL\">F\u00e9lix Ares y Maricarmen Garmendia<\/a>\u00a0is licensed under a\u00a0<a href=\"http:\/\/creativecommons.org\/licenses\/by\/3.0\/deed.es_ES\" rel=\"license\">Creative Commons Reconocimiento 3.0 Unported License<\/a>.<br \/>\nCreado a partir de la obra en\u00a0<a href=\"viajes.ares.fm\" rel=\"dct:source\">felix.ares.fm<\/a>.<\/p>\n<p>Contacto con nosotros:<\/p>\n<p><a href=\"http:\/\/viajes.ares.fm\/wp-content\/uploads\/2013\/06\/emailTapasBr1.jpg\"><img loading=\"lazy\" decoding=\"async\" src=\"http:\/\/viajes.ares.fm\/wp-content\/uploads\/2013\/06\/emailTapasBr1-300x138.jpg\" alt=\"emailTapasBr\" width=\"300\" height=\"138\" \/><\/a><\/p>\n","protected":false},"excerpt":{"rendered":"<p>Viernes 19 de junio de 2015 En la Asociaci\u00f3n de Jubilados y Pensionistas de Fuengirola, de la que somos socios, nos ofrecieron una excursi\u00f3n de un d\u00eda a ver los pueblos de la Sierra de las Nieves. Dijimos que s\u00ed. Y nos fuimos a ver esos preciosos pueblos que forman parte del parque de la &hellip; <a href=\"https:\/\/felix.ares.fm\/?p=6114\" class=\"more-link\">Seguir leyendo <span class=\"screen-reader-text\">El Valle de las Nieves (M\u00e1laga). 1: desayuno en Coin<\/span> <span class=\"meta-nav\">&rarr;<\/span><\/a><\/p>\n","protected":false},"author":1,"featured_media":0,"comment_status":"closed","ping_status":"open","sticky":false,"template":"","format":"standard","meta":{"footnotes":""},"categories":[563,564,562,24,255,221],"tags":[],"class_list":["post-6114","post","type-post","status-publish","format-standard","hentry","category-araucaria","category-asociacion-de-jubilados-y-pensionistas-de-fuengirola","category-coin","category-desayunos","category-pinsapo","category-taperia"],"_links":{"self":[{"href":"https:\/\/felix.ares.fm\/index.php?rest_route=\/wp\/v2\/posts\/6114","targetHints":{"allow":["GET"]}}],"collection":[{"href":"https:\/\/felix.ares.fm\/index.php?rest_route=\/wp\/v2\/posts"}],"about":[{"href":"https:\/\/felix.ares.fm\/index.php?rest_route=\/wp\/v2\/types\/post"}],"author":[{"embeddable":true,"href":"https:\/\/felix.ares.fm\/index.php?rest_route=\/wp\/v2\/users\/1"}],"replies":[{"embeddable":true,"href":"https:\/\/felix.ares.fm\/index.php?rest_route=%2Fwp%2Fv2%2Fcomments&post=6114"}],"version-history":[{"count":0,"href":"https:\/\/felix.ares.fm\/index.php?rest_route=\/wp\/v2\/posts\/6114\/revisions"}],"wp:attachment":[{"href":"https:\/\/felix.ares.fm\/index.php?rest_route=%2Fwp%2Fv2%2Fmedia&parent=6114"}],"wp:term":[{"taxonomy":"category","embeddable":true,"href":"https:\/\/felix.ares.fm\/index.php?rest_route=%2Fwp%2Fv2%2Fcategories&post=6114"},{"taxonomy":"post_tag","embeddable":true,"href":"https:\/\/felix.ares.fm\/index.php?rest_route=%2Fwp%2Fv2%2Ftags&post=6114"}],"curies":[{"name":"wp","href":"https:\/\/api.w.org\/{rel}","templated":true}]}}