{"id":5992,"date":"2015-06-17T19:39:14","date_gmt":"2015-06-17T17:39:14","guid":{"rendered":"http:\/\/felix.ares.fm\/?p=5992"},"modified":"2015-06-24T19:51:35","modified_gmt":"2015-06-24T17:51:35","slug":"procesion-de-corpus-christi-en-el-gastor-cadiz-parte-3-comida-en-setenil-de-las-bodegas","status":"publish","type":"post","link":"https:\/\/felix.ares.fm\/?p=5992","title":{"rendered":"Procesi\u00f3n de Corpus Christi en \u201cEl Gastor\u201d (C\u00e1diz): parte 3: Comida en Setenil de las Bodegas"},"content":{"rendered":"<p><strong>Domingo 7 de junio de 2015<\/strong><\/p>\n<p>Dejamos El Gastor y continuamos hacia <a href=\"http:\/\/es.wikipedia.org\/wiki\/Setenil_de_las_Bodegas\">Setenil de las Bodegas<\/a>. El viaje es de poco m\u00e1s de media hora, pero la carretera est\u00e1 llena de curvas.<\/p>\n<figure id=\"attachment_5993\" aria-describedby=\"caption-attachment-5993\" style=\"width: 480px\" class=\"wp-caption aligncenter\"><a href=\"http:\/\/felix.ares.fm\/?attachment_id=5993\" rel=\"attachment wp-att-5993\"><img loading=\"lazy\" decoding=\"async\" class=\"size-full wp-image-5993\" src=\"http:\/\/felix.ares.fm\/wp-content\/uploads\/2015\/06\/el-gastor-setenil.jpg\" alt=\"El-gastor a Setenil de las Bodegas. Mapa gentileza de Google Maps\" width=\"480\" height=\"192\" srcset=\"https:\/\/felix.ares.fm\/wp-content\/uploads\/2015\/06\/el-gastor-setenil.jpg 480w, https:\/\/felix.ares.fm\/wp-content\/uploads\/2015\/06\/el-gastor-setenil-300x120.jpg 300w\" sizes=\"auto, (max-width: 480px) 100vw, 480px\" \/><\/a><figcaption id=\"caption-attachment-5993\" class=\"wp-caption-text\">El-gastor a Setenil de las Bodegas. Mapa gentileza de Google Maps<\/figcaption><\/figure>\n<p>Llegamos a un restaurante que no est\u00e1 en el centro urbano. Est\u00e1 en la carretera desde Setenil a Alcal\u00e1 del Valle, que est\u00e1 al norte. El restuarante se llama \u00abLa Huerta Primera\u00bb.<\/p>\n<figure id=\"attachment_5994\" aria-describedby=\"caption-attachment-5994\" style=\"width: 480px\" class=\"wp-caption aligncenter\"><a href=\"http:\/\/felix.ares.fm\/?attachment_id=5994\" rel=\"attachment wp-att-5994\"><img loading=\"lazy\" decoding=\"async\" class=\"size-full wp-image-5994\" src=\"http:\/\/felix.ares.fm\/wp-content\/uploads\/2015\/06\/IMG_9736-rest-huerta-primera.jpg\" alt=\"Restaurante La Huerta Primera\" width=\"480\" height=\"320\" srcset=\"https:\/\/felix.ares.fm\/wp-content\/uploads\/2015\/06\/IMG_9736-rest-huerta-primera.jpg 480w, https:\/\/felix.ares.fm\/wp-content\/uploads\/2015\/06\/IMG_9736-rest-huerta-primera-300x200.jpg 300w\" sizes=\"auto, (max-width: 480px) 100vw, 480px\" \/><\/a><figcaption id=\"caption-attachment-5994\" class=\"wp-caption-text\">Restaurante La Huerta Primera<\/figcaption><\/figure>\n<p>El letrero donde indaca el nombre est\u00e1 quemado por el sol:<\/p>\n<figure id=\"attachment_5995\" aria-describedby=\"caption-attachment-5995\" style=\"width: 480px\" class=\"wp-caption aligncenter\"><a href=\"http:\/\/felix.ares.fm\/?attachment_id=5995\" rel=\"attachment wp-att-5995\"><img loading=\"lazy\" decoding=\"async\" class=\"size-full wp-image-5995\" src=\"http:\/\/felix.ares.fm\/wp-content\/uploads\/2015\/06\/IMG_9735-rest-huerta-primera.jpg\" alt=\"Huerta 1\u00aa\" width=\"480\" height=\"320\" srcset=\"https:\/\/felix.ares.fm\/wp-content\/uploads\/2015\/06\/IMG_9735-rest-huerta-primera.jpg 480w, https:\/\/felix.ares.fm\/wp-content\/uploads\/2015\/06\/IMG_9735-rest-huerta-primera-300x200.jpg 300w\" sizes=\"auto, (max-width: 480px) 100vw, 480px\" \/><\/a><figcaption id=\"caption-attachment-5995\" class=\"wp-caption-text\">Mes\u00f3n Huerta 1\u00aa<\/figcaption><\/figure>\n<p>Setenil de las bodegas es un pueblo peque\u00f1o que cuenta con una f\u00e1brica de embutidos. Cada vez que un grupo de personas, como era nuestro caso, reserva el hotel, los de la f\u00e1brica de embutidos ponen un estand para mostrar, degustar y vender sus productos. Es muy habitual que al entrar en el comedor lo primero que nos encontremos sea el mostrador de la f\u00e1brica:<\/p>\n<figure id=\"attachment_5996\" aria-describedby=\"caption-attachment-5996\" style=\"width: 480px\" class=\"wp-caption aligncenter\"><a href=\"http:\/\/felix.ares.fm\/?attachment_id=5996\" rel=\"attachment wp-att-5996\"><img loading=\"lazy\" decoding=\"async\" class=\"size-full wp-image-5996\" src=\"http:\/\/felix.ares.fm\/wp-content\/uploads\/2015\/06\/IMG_9720.jpg\" alt=\"Diversas zurrapas, chorizos picantes m\u00e1s o menos curados, butifarra, morcilla\" width=\"480\" height=\"320\" srcset=\"https:\/\/felix.ares.fm\/wp-content\/uploads\/2015\/06\/IMG_9720.jpg 480w, https:\/\/felix.ares.fm\/wp-content\/uploads\/2015\/06\/IMG_9720-300x200.jpg 300w\" sizes=\"auto, (max-width: 480px) 100vw, 480px\" \/><\/a><figcaption id=\"caption-attachment-5996\" class=\"wp-caption-text\">Diversas zurrapas, chorizos picantes m\u00e1s o menos curados, butifarra, morcilla, salchich\u00f3n, fuet&#8230;<\/figcaption><\/figure>\n<p><a href=\"http:\/\/felix.ares.fm\/?attachment_id=5997\" rel=\"attachment wp-att-5997\"><img loading=\"lazy\" decoding=\"async\" class=\"aligncenter size-full wp-image-5997\" src=\"http:\/\/felix.ares.fm\/wp-content\/uploads\/2015\/06\/IMG_9721.jpg\" alt=\"IMG_9721\" width=\"480\" height=\"320\" srcset=\"https:\/\/felix.ares.fm\/wp-content\/uploads\/2015\/06\/IMG_9721.jpg 480w, https:\/\/felix.ares.fm\/wp-content\/uploads\/2015\/06\/IMG_9721-300x200.jpg 300w\" sizes=\"auto, (max-width: 480px) 100vw, 480px\" \/><\/a><\/p>\n<p><a href=\"http:\/\/felix.ares.fm\/?attachment_id=5998\" rel=\"attachment wp-att-5998\"><img loading=\"lazy\" decoding=\"async\" class=\"aligncenter size-full wp-image-5998\" src=\"http:\/\/felix.ares.fm\/wp-content\/uploads\/2015\/06\/IMG_9722.jpg\" alt=\"IMG_9722\" width=\"480\" height=\"320\" srcset=\"https:\/\/felix.ares.fm\/wp-content\/uploads\/2015\/06\/IMG_9722.jpg 480w, https:\/\/felix.ares.fm\/wp-content\/uploads\/2015\/06\/IMG_9722-300x200.jpg 300w\" sizes=\"auto, (max-width: 480px) 100vw, 480px\" \/><\/a><\/p>\n<p>&nbsp;<\/p>\n<p>Es una buena forma de entrar a un comedor. Con una degustaci\u00f3n de productos de chaciner\u00eda. Por si ustedes tienen inter\u00e9s en saber qu\u00e9 f\u00e1brica es, aqu\u00ed dejo la fotograf\u00eda de una e las cajas:<\/p>\n<figure id=\"attachment_5999\" aria-describedby=\"caption-attachment-5999\" style=\"width: 480px\" class=\"wp-caption aligncenter\"><a href=\"http:\/\/felix.ares.fm\/?attachment_id=5999\" rel=\"attachment wp-att-5999\"><img loading=\"lazy\" decoding=\"async\" class=\"size-full wp-image-5999\" src=\"http:\/\/felix.ares.fm\/wp-content\/uploads\/2015\/06\/IMG_9726.jpg\" alt=\"Sociedad Cooperativa Los Montes de Setenil\" width=\"480\" height=\"320\" srcset=\"https:\/\/felix.ares.fm\/wp-content\/uploads\/2015\/06\/IMG_9726.jpg 480w, https:\/\/felix.ares.fm\/wp-content\/uploads\/2015\/06\/IMG_9726-300x200.jpg 300w\" sizes=\"auto, (max-width: 480px) 100vw, 480px\" \/><\/a><figcaption id=\"caption-attachment-5999\" class=\"wp-caption-text\">Sociedad Cooperativa Los Montes de Setenil<\/figcaption><\/figure>\n<p>No solo pod\u00edamos probar sus muestras en su mostrador; despu\u00e9s tuvieron la gentileza de poner muestras en las mesas donde \u00edbamos a comer:<\/p>\n<figure id=\"attachment_6002\" aria-describedby=\"caption-attachment-6002\" style=\"width: 480px\" class=\"wp-caption aligncenter\"><a href=\"http:\/\/felix.ares.fm\/?attachment_id=6002\" rel=\"attachment wp-att-6002\"><img loading=\"lazy\" decoding=\"async\" class=\"size-full wp-image-6002\" src=\"http:\/\/felix.ares.fm\/wp-content\/uploads\/2015\/06\/IMG_9729gif.gif\" alt=\"Plato de degustaci\u00f3n gentileza de la Sdad. Cooperativa Los Montes de Setenil\" width=\"480\" height=\"320\" \/><\/a><figcaption id=\"caption-attachment-6002\" class=\"wp-caption-text\">Plato de degustaci\u00f3n gentileza de la Sdad. Cooperativa Los Montes de Setenil<\/figcaption><\/figure>\n<figure id=\"attachment_6005\" aria-describedby=\"caption-attachment-6005\" style=\"width: 480px\" class=\"wp-caption aligncenter\"><a href=\"http:\/\/felix.ares.fm\/?attachment_id=6005\" rel=\"attachment wp-att-6005\"><img loading=\"lazy\" decoding=\"async\" class=\"size-full wp-image-6005\" src=\"http:\/\/felix.ares.fm\/wp-content\/uploads\/2015\/06\/IMG_9723.jpg\" alt=\"Aspecto de las mesas que ten\u00edamos reservadas\" width=\"480\" height=\"320\" srcset=\"https:\/\/felix.ares.fm\/wp-content\/uploads\/2015\/06\/IMG_9723.jpg 480w, https:\/\/felix.ares.fm\/wp-content\/uploads\/2015\/06\/IMG_9723-300x200.jpg 300w\" sizes=\"auto, (max-width: 480px) 100vw, 480px\" \/><\/a><figcaption id=\"caption-attachment-6005\" class=\"wp-caption-text\">Aspecto de las mesas que ten\u00edamos reservadas<\/figcaption><\/figure>\n<p>Como vino de mesa nos pusieron el Rioja Moraga con uva tempranillo:<\/p>\n<figure id=\"attachment_6006\" aria-describedby=\"caption-attachment-6006\" style=\"width: 320px\" class=\"wp-caption aligncenter\"><a href=\"http:\/\/felix.ares.fm\/?attachment_id=6006\" rel=\"attachment wp-att-6006\"><img loading=\"lazy\" decoding=\"async\" class=\"size-full wp-image-6006\" src=\"http:\/\/felix.ares.fm\/wp-content\/uploads\/2015\/06\/IMG_9725-e1434561793753.jpg\" alt=\"Moraga. Uva tempranillo\" width=\"320\" height=\"480\" srcset=\"https:\/\/felix.ares.fm\/wp-content\/uploads\/2015\/06\/IMG_9725-e1434561793753.jpg 320w, https:\/\/felix.ares.fm\/wp-content\/uploads\/2015\/06\/IMG_9725-e1434561793753-200x300.jpg 200w\" sizes=\"auto, (max-width: 320px) 100vw, 320px\" \/><\/a><figcaption id=\"caption-attachment-6006\" class=\"wp-caption-text\">Moraga. Uva tempranillo<\/figcaption><\/figure>\n<p>La cantidad de formas de ali\u00f1ar aceitunas es enorme. Para ir entreteni\u00e9ndonos mientras llegaba la comida nos pusieron estas aceitunas, cuya caracter\u00edstica diferencial es la enorme cantidad de ajos que ten\u00edan. M\u00e1s o menos un diente de ajo por cada aceituna. El resultado era muy bueno.<\/p>\n<p>&nbsp;<\/p>\n<p>&nbsp;<\/p>\n<p><a href=\"http:\/\/felix.ares.fm\/?attachment_id=6008\" rel=\"attachment wp-att-6008\"><img loading=\"lazy\" decoding=\"async\" class=\"aligncenter size-full wp-image-6008\" src=\"http:\/\/felix.ares.fm\/wp-content\/uploads\/2015\/06\/IMG_9728gif.jpg\" alt=\"IMG_9728gif\" width=\"480\" height=\"320\" srcset=\"https:\/\/felix.ares.fm\/wp-content\/uploads\/2015\/06\/IMG_9728gif.jpg 480w, https:\/\/felix.ares.fm\/wp-content\/uploads\/2015\/06\/IMG_9728gif-300x200.jpg 300w\" sizes=\"auto, (max-width: 480px) 100vw, 480px\" \/><\/a><\/p>\n<p>Una ensalada con lechuga, ma\u00edz, tomate, zanahoria,&#8230; nos sirvi\u00f3 de entrante.<\/p>\n<figure id=\"attachment_6009\" aria-describedby=\"caption-attachment-6009\" style=\"width: 480px\" class=\"wp-caption aligncenter\"><a href=\"http:\/\/felix.ares.fm\/?attachment_id=6009\" rel=\"attachment wp-att-6009\"><img loading=\"lazy\" decoding=\"async\" class=\"size-full wp-image-6009\" src=\"http:\/\/felix.ares.fm\/wp-content\/uploads\/2015\/06\/IMG_9730.jpg\" alt=\"Ensalada\" width=\"480\" height=\"320\" srcset=\"https:\/\/felix.ares.fm\/wp-content\/uploads\/2015\/06\/IMG_9730.jpg 480w, https:\/\/felix.ares.fm\/wp-content\/uploads\/2015\/06\/IMG_9730-300x200.jpg 300w\" sizes=\"auto, (max-width: 480px) 100vw, 480px\" \/><\/a><figcaption id=\"caption-attachment-6009\" class=\"wp-caption-text\">Ensalada<\/figcaption><\/figure>\n<p>De primer plato nos dieron a elegir entre potaje de garbanzos a una crema de pollo:<\/p>\n<p>&nbsp;<\/p>\n<p><a href=\"http:\/\/felix.ares.fm\/?attachment_id=6010\" rel=\"attachment wp-att-6010\"><img loading=\"lazy\" decoding=\"async\" class=\"aligncenter size-full wp-image-6010\" src=\"http:\/\/felix.ares.fm\/wp-content\/uploads\/2015\/06\/IMG_9731.jpg\" alt=\"IMG_9731\" width=\"480\" height=\"320\" srcset=\"https:\/\/felix.ares.fm\/wp-content\/uploads\/2015\/06\/IMG_9731.jpg 480w, https:\/\/felix.ares.fm\/wp-content\/uploads\/2015\/06\/IMG_9731-300x200.jpg 300w\" sizes=\"auto, (max-width: 480px) 100vw, 480px\" \/><\/a><\/p>\n<p><a href=\"http:\/\/felix.ares.fm\/?attachment_id=6011\" rel=\"attachment wp-att-6011\"><img loading=\"lazy\" decoding=\"async\" class=\"aligncenter size-full wp-image-6011\" src=\"http:\/\/felix.ares.fm\/wp-content\/uploads\/2015\/06\/IMG_9732.jpg\" alt=\"IMG_9732\" width=\"480\" height=\"320\" srcset=\"https:\/\/felix.ares.fm\/wp-content\/uploads\/2015\/06\/IMG_9732.jpg 480w, https:\/\/felix.ares.fm\/wp-content\/uploads\/2015\/06\/IMG_9732-300x200.jpg 300w\" sizes=\"auto, (max-width: 480px) 100vw, 480px\" \/><\/a><\/p>\n<p>De segundo un entrecot con al roquefort con pimienta verde.<\/p>\n<p><a href=\"http:\/\/felix.ares.fm\/?attachment_id=6012\" rel=\"attachment wp-att-6012\"><img loading=\"lazy\" decoding=\"async\" class=\"aligncenter size-full wp-image-6012\" src=\"http:\/\/felix.ares.fm\/wp-content\/uploads\/2015\/06\/IMG_9733.jpg\" alt=\"IMG_9733\" width=\"480\" height=\"320\" srcset=\"https:\/\/felix.ares.fm\/wp-content\/uploads\/2015\/06\/IMG_9733.jpg 480w, https:\/\/felix.ares.fm\/wp-content\/uploads\/2015\/06\/IMG_9733-300x200.jpg 300w\" sizes=\"auto, (max-width: 480px) 100vw, 480px\" \/><\/a><\/p>\n<p><a href=\"http:\/\/felix.ares.fm\/?attachment_id=6013\" rel=\"attachment wp-att-6013\"><img loading=\"lazy\" decoding=\"async\" class=\"aligncenter size-full wp-image-6013\" src=\"http:\/\/felix.ares.fm\/wp-content\/uploads\/2015\/06\/IMG_9734.jpg\" alt=\"IMG_9734\" width=\"480\" height=\"320\" srcset=\"https:\/\/felix.ares.fm\/wp-content\/uploads\/2015\/06\/IMG_9734.jpg 480w, https:\/\/felix.ares.fm\/wp-content\/uploads\/2015\/06\/IMG_9734-300x200.jpg 300w\" sizes=\"auto, (max-width: 480px) 100vw, 480px\" \/><\/a><\/p>\n<p>Y para terminar un postre.<\/p>\n<p><strong>AMABILIDAD Y PROFESIONALIDAD<\/strong><\/p>\n<p>\u00cdbamos m\u00e1s de cincuenta personas por lo que atender bien y r\u00e1pido es muy dif\u00edcil, no obstante lo consiguieron. En todo momento estuvieron atentos a nuestras peticiones.<\/p>\n<p>Se trata de uno de los restaurantes a los que procuraremos volver.<\/p>\n<p><strong>UBICACI\u00d3N<\/strong><\/p>\n<p>Huerta PrimeraCtra. Setenil-Alcal\u00e1 Valle, S\/N<br \/>\n11692 &#8211; SETENIL DE LAS BODEGAS ( C\u00e1diz )<\/p>\n<p>956 134 202<\/p>\n<p style=\"text-align: center;\">\u00a0*\u00a0 * *<\/p>\n<p><strong>Nota fotos y texto<\/strong>. Salvo las fotos que tienen un agradecimiento espec\u00edfico, como por ejemplo Wikipedia, son nuestras y las licenciamos con<\/p>\n<p><a href=\"http:\/\/creativecommons.org\/licenses\/by\/3.0\/deed.es_ES\" rel=\"license\"><img decoding=\"async\" src=\"http:\/\/i.creativecommons.org\/l\/by\/3.0\/88x31.png\" alt=\"Licencia de Creative Commons\" \/><\/a><br \/>\n<a href=\"viajes.ares.fm\" rel=\"cc:attributionURL\">F\u00e9lix Ares y Maricarmen Garmendia<\/a>\u00a0is licensed under a\u00a0<a href=\"http:\/\/creativecommons.org\/licenses\/by\/3.0\/deed.es_ES\" rel=\"license\">Creative Commons Reconocimiento 3.0 Unported License<\/a>.<br \/>\nCreado a partir de la obra en\u00a0<a href=\"viajes.ares.fm\" rel=\"dct:source\">felix.ares.fm<\/a>.<\/p>\n<p>Contacto con nosotros:<\/p>\n<p><a href=\"http:\/\/viajes.ares.fm\/wp-content\/uploads\/2013\/06\/emailTapasBr1.jpg\"><img loading=\"lazy\" decoding=\"async\" src=\"http:\/\/viajes.ares.fm\/wp-content\/uploads\/2013\/06\/emailTapasBr1-300x138.jpg\" alt=\"emailTapasBr\" width=\"300\" height=\"138\" \/><\/a><\/p>\n","protected":false},"excerpt":{"rendered":"<p>Domingo 7 de junio de 2015 Dejamos El Gastor y continuamos hacia Setenil de las Bodegas. El viaje es de poco m\u00e1s de media hora, pero la carretera est\u00e1 llena de curvas. Llegamos a un restaurante que no est\u00e1 en el centro urbano. Est\u00e1 en la carretera desde Setenil a Alcal\u00e1 del Valle, que est\u00e1 &hellip; <a href=\"https:\/\/felix.ares.fm\/?p=5992\" class=\"more-link\">Seguir leyendo <span class=\"screen-reader-text\">Procesi\u00f3n de Corpus Christi en \u201cEl Gastor\u201d (C\u00e1diz): parte 3: Comida en Setenil de las Bodegas<\/span> <span class=\"meta-nav\">&rarr;<\/span><\/a><\/p>\n","protected":false},"author":1,"featured_media":0,"comment_status":"closed","ping_status":"open","sticky":false,"template":"","format":"standard","meta":{"footnotes":""},"categories":[560,561,559],"tags":[],"class_list":["post-5992","post","type-post","status-publish","format-standard","hentry","category-huerta-primera-meson","category-meson-huerta-primera","category-setenil-de-las-bodegas"],"_links":{"self":[{"href":"https:\/\/felix.ares.fm\/index.php?rest_route=\/wp\/v2\/posts\/5992","targetHints":{"allow":["GET"]}}],"collection":[{"href":"https:\/\/felix.ares.fm\/index.php?rest_route=\/wp\/v2\/posts"}],"about":[{"href":"https:\/\/felix.ares.fm\/index.php?rest_route=\/wp\/v2\/types\/post"}],"author":[{"embeddable":true,"href":"https:\/\/felix.ares.fm\/index.php?rest_route=\/wp\/v2\/users\/1"}],"replies":[{"embeddable":true,"href":"https:\/\/felix.ares.fm\/index.php?rest_route=%2Fwp%2Fv2%2Fcomments&post=5992"}],"version-history":[{"count":0,"href":"https:\/\/felix.ares.fm\/index.php?rest_route=\/wp\/v2\/posts\/5992\/revisions"}],"wp:attachment":[{"href":"https:\/\/felix.ares.fm\/index.php?rest_route=%2Fwp%2Fv2%2Fmedia&parent=5992"}],"wp:term":[{"taxonomy":"category","embeddable":true,"href":"https:\/\/felix.ares.fm\/index.php?rest_route=%2Fwp%2Fv2%2Fcategories&post=5992"},{"taxonomy":"post_tag","embeddable":true,"href":"https:\/\/felix.ares.fm\/index.php?rest_route=%2Fwp%2Fv2%2Ftags&post=5992"}],"curies":[{"name":"wp","href":"https:\/\/api.w.org\/{rel}","templated":true}]}}