{"id":5540,"date":"2015-05-06T21:27:15","date_gmt":"2015-05-06T19:27:15","guid":{"rendered":"http:\/\/felix.ares.fm\/?p=5540"},"modified":"2015-05-07T08:09:42","modified_gmt":"2015-05-07T06:09:42","slug":"la-costa-comida-libanesa-y-brasilena","status":"publish","type":"post","link":"https:\/\/felix.ares.fm\/?p=5540","title":{"rendered":"La Costa, comida libanesa y brasile\u00f1a"},"content":{"rendered":"<p>Es un establecimiento peque\u00f1o, con su terraza en la calle. Lo primero que sorprende es que en una mesa de la calle tienen puesta la bandera brasile\u00f1a.<\/p>\n<figure id=\"attachment_5541\" aria-describedby=\"caption-attachment-5541\" style=\"width: 213px\" class=\"wp-caption aligncenter\"><a href=\"http:\/\/felix.ares.fm\/?attachment_id=5541\" rel=\"attachment wp-att-5541\"><img loading=\"lazy\" decoding=\"async\" class=\"size-full wp-image-5541\" src=\"http:\/\/felix.ares.fm\/wp-content\/uploads\/2015\/05\/IMG_9085-e1430938554407.jpg\" alt=\"Bnadera brasile\u00f1a en la puerta de La Costa\" width=\"213\" height=\"320\" srcset=\"https:\/\/felix.ares.fm\/wp-content\/uploads\/2015\/05\/IMG_9085-e1430938554407.jpg 213w, https:\/\/felix.ares.fm\/wp-content\/uploads\/2015\/05\/IMG_9085-e1430938554407-199x300.jpg 199w\" sizes=\"auto, (max-width: 213px) 100vw, 213px\" \/><\/a><figcaption id=\"caption-attachment-5541\" class=\"wp-caption-text\">Bandera brasile\u00f1a en la puerta de \u00abLa Costa\u00bb<\/figcaption><\/figure>\n<p>hay varias pizarras y letreros con ofertas. Por ejemplo:<\/p>\n<figure id=\"attachment_5542\" aria-describedby=\"caption-attachment-5542\" style=\"width: 320px\" class=\"wp-caption aligncenter\"><a href=\"http:\/\/felix.ares.fm\/?attachment_id=5542\" rel=\"attachment wp-att-5542\"><img loading=\"lazy\" decoding=\"async\" class=\"size-full wp-image-5542\" src=\"http:\/\/felix.ares.fm\/wp-content\/uploads\/2015\/05\/IMG_9074.jpg\" alt=\"Ca\u00f1a 1 \u20ac, tapas 1\u20ac, caf\u00e9 1\u20ac\" width=\"320\" height=\"213\" srcset=\"https:\/\/felix.ares.fm\/wp-content\/uploads\/2015\/05\/IMG_9074.jpg 320w, https:\/\/felix.ares.fm\/wp-content\/uploads\/2015\/05\/IMG_9074-300x199.jpg 300w\" sizes=\"auto, (max-width: 320px) 100vw, 320px\" \/><\/a><figcaption id=\"caption-attachment-5542\" class=\"wp-caption-text\">Ca\u00f1a 1 \u20ac, tapas 1\u20ac, caf\u00e9 1\u20ac<\/figcaption><\/figure>\n<p>Hay otra pizarra con una oferta quiz\u00e1 m\u00e1s interesante pues ofrecer un \u00abpaquete\u00bb compuesto por ca\u00f1a+tapa por 1,50\u20ac.<\/p>\n<figure id=\"attachment_5543\" aria-describedby=\"caption-attachment-5543\" style=\"width: 213px\" class=\"wp-caption aligncenter\"><a href=\"http:\/\/felix.ares.fm\/?attachment_id=5543\" rel=\"attachment wp-att-5543\"><img loading=\"lazy\" decoding=\"async\" class=\"size-full wp-image-5543\" src=\"http:\/\/felix.ares.fm\/wp-content\/uploads\/2015\/05\/IMG_9075-e1430938825510.jpg\" alt=\"Ca\u00f1a m\u00e1s tapa 1,50\u20ac\" width=\"213\" height=\"320\" srcset=\"https:\/\/felix.ares.fm\/wp-content\/uploads\/2015\/05\/IMG_9075-e1430938825510.jpg 213w, https:\/\/felix.ares.fm\/wp-content\/uploads\/2015\/05\/IMG_9075-e1430938825510-199x300.jpg 199w\" sizes=\"auto, (max-width: 213px) 100vw, 213px\" \/><\/a><figcaption id=\"caption-attachment-5543\" class=\"wp-caption-text\">Ca\u00f1a m\u00e1s tapa 1,50\u20ac<\/figcaption><\/figure>\n<p>Preguntamos a la persona que nos atendi\u00f3 que <strong>si era posible otro conjunto pero que fuera de vino+tapa y nos dijo que no<\/strong>, que hab\u00eda que pagar el vino y despu\u00e9s la tapa.<\/p>\n<p>Dicho sea de paso, esto es un detalle. Lo importante es que nos atendi\u00f3 con rapidez y amabilidad.<\/p>\n<p>Preguntamos qu\u00e9 tapas hab\u00eda y entre otras nos dijo que Musaka vegetal libanesa<\/p>\n<p>y ensaladilla rusa. Pedimos 2 \u00abCa\u00f1as + tapa\u00bb:<\/p>\n<p><a href=\"http:\/\/felix.ares.fm\/?attachment_id=5546\" rel=\"attachment wp-att-5546\"><img loading=\"lazy\" decoding=\"async\" class=\"aligncenter size-full wp-image-5546\" src=\"http:\/\/felix.ares.fm\/wp-content\/uploads\/2015\/05\/IMG_9081.jpg\" alt=\"IMG_9081\" width=\"320\" height=\"213\" srcset=\"https:\/\/felix.ares.fm\/wp-content\/uploads\/2015\/05\/IMG_9081.jpg 320w, https:\/\/felix.ares.fm\/wp-content\/uploads\/2015\/05\/IMG_9081-300x199.jpg 300w\" sizes=\"auto, (max-width: 320px) 100vw, 320px\" \/><\/a><\/p>\n<figure id=\"attachment_5544\" aria-describedby=\"caption-attachment-5544\" style=\"width: 320px\" class=\"wp-caption aligncenter\"><a href=\"http:\/\/felix.ares.fm\/?attachment_id=5544\" rel=\"attachment wp-att-5544\"><img loading=\"lazy\" decoding=\"async\" class=\"size-full wp-image-5544\" src=\"http:\/\/felix.ares.fm\/wp-content\/uploads\/2015\/05\/IMG_9079.jpg\" alt=\"Ensaladilla rusa. Bien hecha, y bien presentada\" width=\"320\" height=\"213\" srcset=\"https:\/\/felix.ares.fm\/wp-content\/uploads\/2015\/05\/IMG_9079.jpg 320w, https:\/\/felix.ares.fm\/wp-content\/uploads\/2015\/05\/IMG_9079-300x199.jpg 300w\" sizes=\"auto, (max-width: 320px) 100vw, 320px\" \/><\/a><figcaption id=\"caption-attachment-5544\" class=\"wp-caption-text\">Ensaladilla rusa. Bien hecha, y bien presentada<\/figcaption><\/figure>\n<figure id=\"attachment_5545\" aria-describedby=\"caption-attachment-5545\" style=\"width: 320px\" class=\"wp-caption aligncenter\"><a href=\"http:\/\/felix.ares.fm\/?attachment_id=5545\" rel=\"attachment wp-att-5545\"><img loading=\"lazy\" decoding=\"async\" class=\"size-full wp-image-5545\" src=\"http:\/\/felix.ares.fm\/wp-content\/uploads\/2015\/05\/IMG_9080.jpg\" alt=\"Musaka vegetal con brenjena. Muy rica y original\" width=\"320\" height=\"213\" srcset=\"https:\/\/felix.ares.fm\/wp-content\/uploads\/2015\/05\/IMG_9080.jpg 320w, https:\/\/felix.ares.fm\/wp-content\/uploads\/2015\/05\/IMG_9080-300x199.jpg 300w\" sizes=\"auto, (max-width: 320px) 100vw, 320px\" \/><\/a><figcaption id=\"caption-attachment-5545\" class=\"wp-caption-text\">Musaka vegetal con berenjena. Muy rica y original<\/figcaption><\/figure>\n<p>Como no estamos acostumbrados a la comida libanesa nos ha parecido muy original y nos ha gustado.<\/p>\n<p><strong>OTRAS OFERTAS<\/strong><\/p>\n<figure id=\"attachment_5547\" aria-describedby=\"caption-attachment-5547\" style=\"width: 213px\" class=\"wp-caption aligncenter\"><a href=\"http:\/\/felix.ares.fm\/?attachment_id=5547\" rel=\"attachment wp-att-5547\"><img loading=\"lazy\" decoding=\"async\" class=\"size-full wp-image-5547\" src=\"http:\/\/felix.ares.fm\/wp-content\/uploads\/2015\/05\/IMG_9086-e1430939489977.jpg\" alt=\"Comida libanesa. Ejemplos:\" width=\"213\" height=\"320\" srcset=\"https:\/\/felix.ares.fm\/wp-content\/uploads\/2015\/05\/IMG_9086-e1430939489977.jpg 213w, https:\/\/felix.ares.fm\/wp-content\/uploads\/2015\/05\/IMG_9086-e1430939489977-199x300.jpg 199w\" sizes=\"auto, (max-width: 213px) 100vw, 213px\" \/><\/a><figcaption id=\"caption-attachment-5547\" class=\"wp-caption-text\">Comida libanesa. Ejemplos: Mutabbal 2,50\u20ac, Musaka 2,50\u20ac&#8230;<\/figcaption><\/figure>\n<p>Adem\u00e1s tiene una carta bastante amplia, con muchas cosas:<\/p>\n<figure id=\"attachment_5548\" aria-describedby=\"caption-attachment-5548\" style=\"width: 320px\" class=\"wp-caption aligncenter\"><a href=\"http:\/\/felix.ares.fm\/?attachment_id=5548\" rel=\"attachment wp-att-5548\"><img loading=\"lazy\" decoding=\"async\" class=\"size-full wp-image-5548\" src=\"http:\/\/felix.ares.fm\/wp-content\/uploads\/2015\/05\/IMG_9073.jpg\" alt=\"La Costa caf\u00e9 bar\" width=\"320\" height=\"213\" srcset=\"https:\/\/felix.ares.fm\/wp-content\/uploads\/2015\/05\/IMG_9073.jpg 320w, https:\/\/felix.ares.fm\/wp-content\/uploads\/2015\/05\/IMG_9073-300x199.jpg 300w\" sizes=\"auto, (max-width: 320px) 100vw, 320px\" \/><\/a><figcaption id=\"caption-attachment-5548\" class=\"wp-caption-text\">La Costa caf\u00e9 bar<\/figcaption><\/figure>\n<p>Entre las tapas hay, por ejemplo, patatas bravas 1,30\u20ac, Cocktail de gambas 3\u20ac, queso manchego 6,50\u20ac<\/p>\n<p><strong>OTROS SERVICIOS<\/strong><\/p>\n<p>Llevan la comida a domicilio:<\/p>\n<figure id=\"attachment_5550\" aria-describedby=\"caption-attachment-5550\" style=\"width: 320px\" class=\"wp-caption aligncenter\"><a href=\"http:\/\/felix.ares.fm\/?attachment_id=5550\" rel=\"attachment wp-att-5550\"><img loading=\"lazy\" decoding=\"async\" class=\"size-full wp-image-5550\" src=\"http:\/\/felix.ares.fm\/wp-content\/uploads\/2015\/05\/IMG_9084.jpg\" alt=\"No cocines JUSTEAT\" width=\"320\" height=\"213\" srcset=\"https:\/\/felix.ares.fm\/wp-content\/uploads\/2015\/05\/IMG_9084.jpg 320w, https:\/\/felix.ares.fm\/wp-content\/uploads\/2015\/05\/IMG_9084-300x199.jpg 300w\" sizes=\"auto, (max-width: 320px) 100vw, 320px\" \/><\/a><figcaption id=\"caption-attachment-5550\" class=\"wp-caption-text\">No cocines JUSTEAT<\/figcaption><\/figure>\n<p><strong>SERVICIO<\/strong><\/p>\n<p>R\u00e1pido y amable. Acaban de abrir el establecimiento, les deseamos muchas suerte.<\/p>\n<p><strong>UBICACI\u00d3N<\/strong><\/p>\n<p>Avenida de Los Boliches n\u00ba 78<\/p>\n<p>Fuengirola<\/p>\n<figure id=\"attachment_5557\" aria-describedby=\"caption-attachment-5557\" style=\"width: 640px\" class=\"wp-caption aligncenter\"><a href=\"http:\/\/felix.ares.fm\/?attachment_id=5557\" rel=\"attachment wp-att-5557\"><img loading=\"lazy\" decoding=\"async\" class=\"size-full wp-image-5557\" src=\"http:\/\/felix.ares.fm\/wp-content\/uploads\/2015\/05\/IMG_90881.jpg\" alt=\"La flecha de arriba indica el letrero y la de abjo la puerta de entrada. El kiosco de la ONCE es una buena pista para encontrarlo\" width=\"640\" height=\"427\" srcset=\"https:\/\/felix.ares.fm\/wp-content\/uploads\/2015\/05\/IMG_90881.jpg 640w, https:\/\/felix.ares.fm\/wp-content\/uploads\/2015\/05\/IMG_90881-300x200.jpg 300w\" sizes=\"auto, (max-width: 640px) 100vw, 640px\" \/><\/a><figcaption id=\"caption-attachment-5557\" class=\"wp-caption-text\">La flecha de arriba indica el letrero y la de abjo la puerta de entrada. El kiosco de la ONCE es una buena pista para encontrarlo<\/figcaption><\/figure>\n<p>&nbsp;<\/p>\n<figure id=\"attachment_5556\" aria-describedby=\"caption-attachment-5556\" style=\"width: 762px\" class=\"wp-caption aligncenter\"><a href=\"http:\/\/felix.ares.fm\/?attachment_id=5556\" rel=\"attachment wp-att-5556\"><img loading=\"lazy\" decoding=\"async\" class=\"size-full wp-image-5556\" src=\"http:\/\/felix.ares.fm\/wp-content\/uploads\/2015\/05\/boliches-78.jpg\" alt=\"Ubicaci\u00f3n. Mapa de Google Maps\" width=\"762\" height=\"532\" srcset=\"https:\/\/felix.ares.fm\/wp-content\/uploads\/2015\/05\/boliches-78.jpg 762w, https:\/\/felix.ares.fm\/wp-content\/uploads\/2015\/05\/boliches-78-300x209.jpg 300w\" sizes=\"auto, (max-width: 762px) 100vw, 762px\" \/><\/a><figcaption id=\"caption-attachment-5556\" class=\"wp-caption-text\">Ubicaci\u00f3n. Mapa de Google Maps<\/figcaption><\/figure>\n<p>&nbsp;<\/p>\n<p style=\"text-align: center;\">*\u00a0 * *<\/p>\n<p><strong>Nota fotos y texto<\/strong>. Salvo las fotos que tienen un agradecimiento espec\u00edfico, como por ejemplo Wikipedia, son nuestras y las licenciamos con<\/p>\n<p><a href=\"http:\/\/creativecommons.org\/licenses\/by\/3.0\/deed.es_ES\" rel=\"license\"><img decoding=\"async\" src=\"http:\/\/i.creativecommons.org\/l\/by\/3.0\/88x31.png\" alt=\"Licencia de Creative Commons\" \/><\/a><br \/>\n<a href=\"viajes.ares.fm\" rel=\"cc:attributionURL\">F\u00e9lix Ares y Maricarmen Garmendia<\/a>\u00a0is licensed under a\u00a0<a href=\"http:\/\/creativecommons.org\/licenses\/by\/3.0\/deed.es_ES\" rel=\"license\">Creative Commons Reconocimiento 3.0 Unported License<\/a>.<br \/>\nCreado a partir de la obra en\u00a0<a href=\"viajes.ares.fm\" rel=\"dct:source\">felix.ares.fm<\/a>.<\/p>\n<p>Contacto con nosotros:<\/p>\n<p><a href=\"http:\/\/viajes.ares.fm\/wp-content\/uploads\/2013\/06\/emailTapasBr1.jpg\"><img loading=\"lazy\" decoding=\"async\" src=\"http:\/\/viajes.ares.fm\/wp-content\/uploads\/2013\/06\/emailTapasBr1-300x138.jpg\" alt=\"emailTapasBr\" width=\"300\" height=\"138\" \/><\/a><\/p>\n","protected":false},"excerpt":{"rendered":"<p>Es un establecimiento peque\u00f1o, con su terraza en la calle. Lo primero que sorprende es que en una mesa de la calle tienen puesta la bandera brasile\u00f1a. hay varias pizarras y letreros con ofertas. Por ejemplo: Hay otra pizarra con una oferta quiz\u00e1 m\u00e1s interesante pues ofrecer un \u00abpaquete\u00bb compuesto por ca\u00f1a+tapa por 1,50\u20ac. Preguntamos &hellip; <a href=\"https:\/\/felix.ares.fm\/?p=5540\" class=\"more-link\">Seguir leyendo <span class=\"screen-reader-text\">La Costa, comida libanesa y brasile\u00f1a<\/span> <span class=\"meta-nav\">&rarr;<\/span><\/a><\/p>\n","protected":false},"author":1,"featured_media":0,"comment_status":"closed","ping_status":"open","sticky":false,"template":"","format":"standard","meta":{"footnotes":""},"categories":[520,519,516],"tags":[518,517],"class_list":["post-5540","post","type-post","status-publish","format-standard","hentry","category-comida-brasilena","category-comida-libanesa","category-la-costa","tag-cocina-brasilena","tag-cocina-libanesa"],"_links":{"self":[{"href":"https:\/\/felix.ares.fm\/index.php?rest_route=\/wp\/v2\/posts\/5540","targetHints":{"allow":["GET"]}}],"collection":[{"href":"https:\/\/felix.ares.fm\/index.php?rest_route=\/wp\/v2\/posts"}],"about":[{"href":"https:\/\/felix.ares.fm\/index.php?rest_route=\/wp\/v2\/types\/post"}],"author":[{"embeddable":true,"href":"https:\/\/felix.ares.fm\/index.php?rest_route=\/wp\/v2\/users\/1"}],"replies":[{"embeddable":true,"href":"https:\/\/felix.ares.fm\/index.php?rest_route=%2Fwp%2Fv2%2Fcomments&post=5540"}],"version-history":[{"count":0,"href":"https:\/\/felix.ares.fm\/index.php?rest_route=\/wp\/v2\/posts\/5540\/revisions"}],"wp:attachment":[{"href":"https:\/\/felix.ares.fm\/index.php?rest_route=%2Fwp%2Fv2%2Fmedia&parent=5540"}],"wp:term":[{"taxonomy":"category","embeddable":true,"href":"https:\/\/felix.ares.fm\/index.php?rest_route=%2Fwp%2Fv2%2Fcategories&post=5540"},{"taxonomy":"post_tag","embeddable":true,"href":"https:\/\/felix.ares.fm\/index.php?rest_route=%2Fwp%2Fv2%2Ftags&post=5540"}],"curies":[{"name":"wp","href":"https:\/\/api.w.org\/{rel}","templated":true}]}}