{"id":5470,"date":"2015-05-04T08:52:07","date_gmt":"2015-05-04T06:52:07","guid":{"rendered":"http:\/\/felix.ares.fm\/?p=5470"},"modified":"2015-05-04T09:01:49","modified_gmt":"2015-05-04T07:01:49","slug":"xxi-feria-de-los-peblos-en-fuengirola-uruguay","status":"publish","type":"post","link":"https:\/\/felix.ares.fm\/?p=5470","title":{"rendered":"XXI Feria de los pueblos en Fuengirola: Uruguay"},"content":{"rendered":"<p>He llegado tarde. Quer\u00eda haber escrito este post al principio de la Feria, pero no ha sido posible. Ayer se acab\u00f3 la edici\u00f3n vig\u00e9simo primera de la \u00abFeria de los Pueblos\u00bb en Fuengirola. Se trata tanto de un mercado donde se venden productos de muchos pa\u00edses como \u00abcasetas\u00bb donde se bebe, se come y se escucha la m\u00fasica de diversos pa\u00edses.<\/p>\n<p>Tal como dec\u00eda, ya no vale para este a\u00f1o, pero como la feria viene repiti\u00e9ndose durante veinti\u00fan a\u00f1os no es muy aventurado pensar que tambi\u00e9n lo habr\u00e1 el a\u00f1o que viene y que estas notas podr\u00e1n servir.<\/p>\n<p>Tras una vuelta por las tiendas, con cosas interesantes, como por ejemplo: cecina de cabra y de caballo de Le\u00f3n, adem\u00e1s de las t\u00edpicas de vaca, fuimos a ver la oferta de un pa\u00eds: Uruguay,<\/p>\n<figure id=\"attachment_5484\" aria-describedby=\"caption-attachment-5484\" style=\"width: 320px\" class=\"wp-caption aligncenter\"><a href=\"http:\/\/felix.ares.fm\/?attachment_id=5484\" rel=\"attachment wp-att-5484\"><img loading=\"lazy\" decoding=\"async\" class=\"size-full wp-image-5484\" src=\"http:\/\/felix.ares.fm\/wp-content\/uploads\/2015\/05\/IMG_9015sc.jpg\" alt=\"Vaca en la puerta del recinto de Uruguay\" width=\"320\" height=\"213\" srcset=\"https:\/\/felix.ares.fm\/wp-content\/uploads\/2015\/05\/IMG_9015sc.jpg 320w, https:\/\/felix.ares.fm\/wp-content\/uploads\/2015\/05\/IMG_9015sc-300x199.jpg 300w\" sizes=\"auto, (max-width: 320px) 100vw, 320px\" \/><\/a><figcaption id=\"caption-attachment-5484\" class=\"wp-caption-text\">Vaca en la puerta del recinto de Uruguay<\/figcaption><\/figure>\n<p>Y al lado nos encontramos un buen fuego en el que se est\u00e1n asando diversas piezas de vaca, y al laado una parrilla con otros productos como son el chorizo criollo,<\/p>\n<figure id=\"attachment_5480\" aria-describedby=\"caption-attachment-5480\" style=\"width: 320px\" class=\"wp-caption aligncenter\"><a href=\"http:\/\/felix.ares.fm\/?attachment_id=5480\" rel=\"attachment wp-att-5480\"><img loading=\"lazy\" decoding=\"async\" class=\"size-full wp-image-5480\" src=\"http:\/\/felix.ares.fm\/wp-content\/uploads\/2015\/05\/IMG_9011.jpg\" alt=\"Costillar de vaca asado al fuego de le\u00f1a\" width=\"320\" height=\"213\" srcset=\"https:\/\/felix.ares.fm\/wp-content\/uploads\/2015\/05\/IMG_9011.jpg 320w, https:\/\/felix.ares.fm\/wp-content\/uploads\/2015\/05\/IMG_9011-300x199.jpg 300w\" sizes=\"auto, (max-width: 320px) 100vw, 320px\" \/><\/a><figcaption id=\"caption-attachment-5480\" class=\"wp-caption-text\">Costillar de vaca asado al fuego de le\u00f1a<\/figcaption><\/figure>\n<figure id=\"attachment_5479\" aria-describedby=\"caption-attachment-5479\" style=\"width: 320px\" class=\"wp-caption aligncenter\"><a href=\"http:\/\/felix.ares.fm\/?attachment_id=5479\" rel=\"attachment wp-att-5479\"><img loading=\"lazy\" decoding=\"async\" class=\"size-full wp-image-5479\" src=\"http:\/\/felix.ares.fm\/wp-content\/uploads\/2015\/05\/IMG_9010.jpg\" alt=\"Costillar de vaca asado al fuego de le\u00f1a\" width=\"320\" height=\"213\" srcset=\"https:\/\/felix.ares.fm\/wp-content\/uploads\/2015\/05\/IMG_9010.jpg 320w, https:\/\/felix.ares.fm\/wp-content\/uploads\/2015\/05\/IMG_9010-300x199.jpg 300w\" sizes=\"auto, (max-width: 320px) 100vw, 320px\" \/><\/a><figcaption id=\"caption-attachment-5479\" class=\"wp-caption-text\">Costillar de vaca asado al fuego de le\u00f1a<\/figcaption><\/figure>\n<figure id=\"attachment_5481\" aria-describedby=\"caption-attachment-5481\" style=\"width: 320px\" class=\"wp-caption aligncenter\"><a href=\"http:\/\/felix.ares.fm\/?attachment_id=5481\" rel=\"attachment wp-att-5481\"><img loading=\"lazy\" decoding=\"async\" class=\"size-full wp-image-5481\" src=\"http:\/\/felix.ares.fm\/wp-content\/uploads\/2015\/05\/IMG_9012.jpg\" alt=\"Parrilla\" width=\"320\" height=\"213\" srcset=\"https:\/\/felix.ares.fm\/wp-content\/uploads\/2015\/05\/IMG_9012.jpg 320w, https:\/\/felix.ares.fm\/wp-content\/uploads\/2015\/05\/IMG_9012-300x199.jpg 300w\" sizes=\"auto, (max-width: 320px) 100vw, 320px\" \/><\/a><figcaption id=\"caption-attachment-5481\" class=\"wp-caption-text\">Parrilla<\/figcaption><\/figure>\n<figure id=\"attachment_5482\" aria-describedby=\"caption-attachment-5482\" style=\"width: 320px\" class=\"wp-caption aligncenter\"><a href=\"http:\/\/felix.ares.fm\/?attachment_id=5482\" rel=\"attachment wp-att-5482\"><img loading=\"lazy\" decoding=\"async\" class=\"size-full wp-image-5482\" src=\"http:\/\/felix.ares.fm\/wp-content\/uploads\/2015\/05\/IMG_9013.jpg\" alt=\"Detalle de la parrilla\" width=\"320\" height=\"213\" srcset=\"https:\/\/felix.ares.fm\/wp-content\/uploads\/2015\/05\/IMG_9013.jpg 320w, https:\/\/felix.ares.fm\/wp-content\/uploads\/2015\/05\/IMG_9013-300x199.jpg 300w\" sizes=\"auto, (max-width: 320px) 100vw, 320px\" \/><\/a><figcaption id=\"caption-attachment-5482\" class=\"wp-caption-text\">Detalle de la parrilla<\/figcaption><\/figure>\n<figure id=\"attachment_5483\" aria-describedby=\"caption-attachment-5483\" style=\"width: 320px\" class=\"wp-caption aligncenter\"><a href=\"http:\/\/felix.ares.fm\/?attachment_id=5483\" rel=\"attachment wp-att-5483\"><img loading=\"lazy\" decoding=\"async\" class=\"size-full wp-image-5483\" src=\"http:\/\/felix.ares.fm\/wp-content\/uploads\/2015\/05\/IMG_9014.jpg\" alt=\"Costillar de vaca asado al fuego de le\u00f1a\" width=\"320\" height=\"213\" srcset=\"https:\/\/felix.ares.fm\/wp-content\/uploads\/2015\/05\/IMG_9014.jpg 320w, https:\/\/felix.ares.fm\/wp-content\/uploads\/2015\/05\/IMG_9014-300x199.jpg 300w\" sizes=\"auto, (max-width: 320px) 100vw, 320px\" \/><\/a><figcaption id=\"caption-attachment-5483\" class=\"wp-caption-text\">Costillar de vaca asado al fuego de le\u00f1a<\/figcaption><\/figure>\n<p>ya en el interior vemos una decoraci\u00f3n t\u00edpica uruguaya:<\/p>\n<figure id=\"attachment_5475\" aria-describedby=\"caption-attachment-5475\" style=\"width: 320px\" class=\"wp-caption aligncenter\"><a href=\"http:\/\/felix.ares.fm\/?attachment_id=5475\" rel=\"attachment wp-att-5475\"><img loading=\"lazy\" decoding=\"async\" class=\"size-full wp-image-5475\" src=\"http:\/\/felix.ares.fm\/wp-content\/uploads\/2015\/05\/IMG_9006.jpg\" alt=\"Escenario para las actuaciones de cantantes\" width=\"320\" height=\"213\" srcset=\"https:\/\/felix.ares.fm\/wp-content\/uploads\/2015\/05\/IMG_9006.jpg 320w, https:\/\/felix.ares.fm\/wp-content\/uploads\/2015\/05\/IMG_9006-300x199.jpg 300w\" sizes=\"auto, (max-width: 320px) 100vw, 320px\" \/><\/a><figcaption id=\"caption-attachment-5475\" class=\"wp-caption-text\">Escenario para las actuaciones de cantantes<\/figcaption><\/figure>\n<figure id=\"attachment_5471\" aria-describedby=\"caption-attachment-5471\" style=\"width: 320px\" class=\"wp-caption aligncenter\"><a href=\"http:\/\/felix.ares.fm\/?attachment_id=5471\" rel=\"attachment wp-att-5471\"><img loading=\"lazy\" decoding=\"async\" class=\"size-full wp-image-5471\" src=\"http:\/\/felix.ares.fm\/wp-content\/uploads\/2015\/05\/IMG_9002.jpg\" alt=\"En mitad del establecimiento, banderas\" width=\"320\" height=\"213\" srcset=\"https:\/\/felix.ares.fm\/wp-content\/uploads\/2015\/05\/IMG_9002.jpg 320w, https:\/\/felix.ares.fm\/wp-content\/uploads\/2015\/05\/IMG_9002-300x199.jpg 300w\" sizes=\"auto, (max-width: 320px) 100vw, 320px\" \/><\/a><figcaption id=\"caption-attachment-5471\" class=\"wp-caption-text\">En mitad del establecimiento, banderas<\/figcaption><\/figure>\n<figure id=\"attachment_5485\" aria-describedby=\"caption-attachment-5485\" style=\"width: 320px\" class=\"wp-caption aligncenter\"><a href=\"http:\/\/felix.ares.fm\/?attachment_id=5485\" rel=\"attachment wp-att-5485\"><img loading=\"lazy\" decoding=\"async\" class=\"size-full wp-image-5485\" src=\"http:\/\/felix.ares.fm\/wp-content\/uploads\/2015\/05\/IMG_9003sc.jpg\" alt=\"Al fondo la barra\" width=\"320\" height=\"213\" srcset=\"https:\/\/felix.ares.fm\/wp-content\/uploads\/2015\/05\/IMG_9003sc.jpg 320w, https:\/\/felix.ares.fm\/wp-content\/uploads\/2015\/05\/IMG_9003sc-300x199.jpg 300w\" sizes=\"auto, (max-width: 320px) 100vw, 320px\" \/><\/a><figcaption id=\"caption-attachment-5485\" class=\"wp-caption-text\">Al fondo la barra<\/figcaption><\/figure>\n<p>En una pared hay un cartel como homenaje a Tabar\u00e9, que <strong>creo<\/strong> que refiere a un <a href=\"http:\/\/es.wikipedia.org\/wiki\/Tabar%C3%A9_V%C3%A1zquez\">pol\u00edtico actua<\/a>l, del frente amplio.<\/p>\n<figure id=\"attachment_5476\" aria-describedby=\"caption-attachment-5476\" style=\"width: 320px\" class=\"wp-caption aligncenter\"><a href=\"http:\/\/felix.ares.fm\/?attachment_id=5476\" rel=\"attachment wp-att-5476\"><img loading=\"lazy\" decoding=\"async\" class=\"size-full wp-image-5476\" src=\"http:\/\/felix.ares.fm\/wp-content\/uploads\/2015\/05\/IMG_9007.jpg\" alt=\"Homenaje a Tabar\u00e9\" width=\"320\" height=\"213\" srcset=\"https:\/\/felix.ares.fm\/wp-content\/uploads\/2015\/05\/IMG_9007.jpg 320w, https:\/\/felix.ares.fm\/wp-content\/uploads\/2015\/05\/IMG_9007-300x199.jpg 300w\" sizes=\"auto, (max-width: 320px) 100vw, 320px\" \/><\/a><figcaption id=\"caption-attachment-5476\" class=\"wp-caption-text\">Homenaje a Tabar\u00e9<\/figcaption><\/figure>\n<figure id=\"attachment_5478\" aria-describedby=\"caption-attachment-5478\" style=\"width: 320px\" class=\"wp-caption aligncenter\"><a href=\"http:\/\/felix.ares.fm\/?attachment_id=5478\" rel=\"attachment wp-att-5478\"><img loading=\"lazy\" decoding=\"async\" class=\"size-full wp-image-5478\" src=\"http:\/\/felix.ares.fm\/wp-content\/uploads\/2015\/05\/IMG_9009.jpg\" alt=\"Homenaje a Tabar\u00e9\" width=\"320\" height=\"213\" srcset=\"https:\/\/felix.ares.fm\/wp-content\/uploads\/2015\/05\/IMG_9009.jpg 320w, https:\/\/felix.ares.fm\/wp-content\/uploads\/2015\/05\/IMG_9009-300x199.jpg 300w\" sizes=\"auto, (max-width: 320px) 100vw, 320px\" \/><\/a><figcaption id=\"caption-attachment-5478\" class=\"wp-caption-text\">Homenaje a Tabar\u00e9<\/figcaption><\/figure>\n<p><a href=\"http:\/\/felix.ares.fm\/?attachment_id=5477\" rel=\"attachment wp-att-5477\"><img loading=\"lazy\" decoding=\"async\" class=\"aligncenter size-full wp-image-5477\" src=\"http:\/\/felix.ares.fm\/wp-content\/uploads\/2015\/05\/IMG_9008.jpg\" alt=\"IMG_9008\" width=\"320\" height=\"213\" srcset=\"https:\/\/felix.ares.fm\/wp-content\/uploads\/2015\/05\/IMG_9008.jpg 320w, https:\/\/felix.ares.fm\/wp-content\/uploads\/2015\/05\/IMG_9008-300x199.jpg 300w\" sizes=\"auto, (max-width: 320px) 100vw, 320px\" \/><\/a><\/p>\n<p>Nosotros pedimos una cerveza PILSEN, uruguaya, y un chorizo criollo. Muy apetecible. Si no recuerdo mal, el chorizo criollo unos 2,5\u20ac y la Pilsen por el estilo.<\/p>\n<p>Los precios, como vemos, son un pel\u00edn caros para Fuengirola &#8211;donde todo es muy barato&#8211;, pero son razonables. Merece la pena ir.<\/p>\n<p><strong>BUROCRACIA COMPLEJA<\/strong><\/p>\n<p>La cr\u00edtica m\u00e1s grande es la enorme burocracia que hay que hacer para poder tomarte la PILSEN con el bocadillo de chorizo criollo. Primero, hay que entrar al mostrador y en la parte izquierda te toman nota de lo que vas a comer. Lo marcan en un papel. Con ese papel vas a la parte derecha, donde pides las bebidas y te cobran las dos cosas. Con el papel de la comanda de comida, sales fuera, se loo das al personal que hay all\u00ed, y al rato te traen el pedido. En mi opini\u00f3n una cadena excesivamente larga y un poco demencial.<\/p>\n<p>Despu\u00e9s hay otro detallito. Me dieron los chorizos en platitos de pl\u00e1stico que se doblaban, yo no me lo esperaba y los cog\u00ed por el borde, se doblaron y no se cayeron al suelo porque reacciones a tiempo y los puse sobre la mesa. O bien se cambia de platillo o se advierte.<\/p>\n<p style=\"text-align: center;\">* * *<\/p>\n<p>&nbsp;<\/p>\n<p><strong>Nota fotos y texto<\/strong>. Salvo las fotos que tienen un agradecimiento espec\u00edfico, como por ejemplo Wikipedia, son nuestras y las licenciamos con<\/p>\n<p><a href=\"http:\/\/creativecommons.org\/licenses\/by\/3.0\/deed.es_ES\" rel=\"license\"><img decoding=\"async\" src=\"http:\/\/i.creativecommons.org\/l\/by\/3.0\/88x31.png\" alt=\"Licencia de Creative Commons\" \/><\/a><br \/>\n<a href=\"viajes.ares.fm\" rel=\"cc:attributionURL\">F\u00e9lix Ares y Maricarmen Garmendia<\/a>\u00a0is licensed under a\u00a0<a href=\"http:\/\/creativecommons.org\/licenses\/by\/3.0\/deed.es_ES\" rel=\"license\">Creative Commons Reconocimiento 3.0 Unported License<\/a>.<br \/>\nCreado a partir de la obra en\u00a0<a href=\"viajes.ares.fm\" rel=\"dct:source\">felix.ares.fm<\/a>.<\/p>\n<p>Contacto con nosotros:<\/p>\n<p><a href=\"http:\/\/viajes.ares.fm\/wp-content\/uploads\/2013\/06\/emailTapasBr1.jpg\"><img loading=\"lazy\" decoding=\"async\" src=\"http:\/\/viajes.ares.fm\/wp-content\/uploads\/2013\/06\/emailTapasBr1-300x138.jpg\" alt=\"emailTapasBr\" width=\"300\" height=\"138\" \/><\/a><\/p>\n","protected":false},"excerpt":{"rendered":"<p>He llegado tarde. Quer\u00eda haber escrito este post al principio de la Feria, pero no ha sido posible. Ayer se acab\u00f3 la edici\u00f3n vig\u00e9simo primera de la \u00abFeria de los Pueblos\u00bb en Fuengirola. Se trata tanto de un mercado donde se venden productos de muchos pa\u00edses como \u00abcasetas\u00bb donde se bebe, se come y se &hellip; <a href=\"https:\/\/felix.ares.fm\/?p=5470\" class=\"more-link\">Seguir leyendo <span class=\"screen-reader-text\">XXI Feria de los pueblos en Fuengirola: Uruguay<\/span> <span class=\"meta-nav\">&rarr;<\/span><\/a><\/p>\n","protected":false},"author":1,"featured_media":0,"comment_status":"closed","ping_status":"open","sticky":false,"template":"","format":"standard","meta":{"footnotes":""},"categories":[511],"tags":[],"class_list":["post-5470","post","type-post","status-publish","format-standard","hentry","category-feria-de-los-pueblos"],"_links":{"self":[{"href":"https:\/\/felix.ares.fm\/index.php?rest_route=\/wp\/v2\/posts\/5470","targetHints":{"allow":["GET"]}}],"collection":[{"href":"https:\/\/felix.ares.fm\/index.php?rest_route=\/wp\/v2\/posts"}],"about":[{"href":"https:\/\/felix.ares.fm\/index.php?rest_route=\/wp\/v2\/types\/post"}],"author":[{"embeddable":true,"href":"https:\/\/felix.ares.fm\/index.php?rest_route=\/wp\/v2\/users\/1"}],"replies":[{"embeddable":true,"href":"https:\/\/felix.ares.fm\/index.php?rest_route=%2Fwp%2Fv2%2Fcomments&post=5470"}],"version-history":[{"count":0,"href":"https:\/\/felix.ares.fm\/index.php?rest_route=\/wp\/v2\/posts\/5470\/revisions"}],"wp:attachment":[{"href":"https:\/\/felix.ares.fm\/index.php?rest_route=%2Fwp%2Fv2%2Fmedia&parent=5470"}],"wp:term":[{"taxonomy":"category","embeddable":true,"href":"https:\/\/felix.ares.fm\/index.php?rest_route=%2Fwp%2Fv2%2Fcategories&post=5470"},{"taxonomy":"post_tag","embeddable":true,"href":"https:\/\/felix.ares.fm\/index.php?rest_route=%2Fwp%2Fv2%2Ftags&post=5470"}],"curies":[{"name":"wp","href":"https:\/\/api.w.org\/{rel}","templated":true}]}}