{"id":5425,"date":"2015-04-02T08:59:28","date_gmt":"2015-04-02T06:59:28","guid":{"rendered":"http:\/\/felix.ares.fm\/?p=5425"},"modified":"2015-04-03T09:43:22","modified_gmt":"2015-04-03T07:43:22","slug":"los-cinco-sentidos-ii","status":"publish","type":"post","link":"https:\/\/felix.ares.fm\/?p=5425","title":{"rendered":"Los Cinco Sentidos II"},"content":{"rendered":"<p><span style=\"color: #ff00ff;\">ANTES: Aqu\u00ed, en este mismo sitio, hab\u00eda un restaurante llamado Quillo&#8217;s, que ten\u00edan un excelente men\u00fa del d\u00eda, tambi\u00e9n por 8,90\u20ac. Nuestra intenci\u00f3n era ponerlo en este blog, pero las dos veces que fuimos lo hicimos sin c\u00e1mara.<\/span><\/p>\n<p><span style=\"color: #ff00ff;\">Nos da la sensaci\u00f3n de que Quillo&#8217;s es uno m\u00e1s de los muchos establecimientos que est\u00e1n cerrando por la crisis brutal que estamos sufriendo. Pero, como \u00abno hay mal que por bien no venga\u00bb hoy tenemos Los Cinco Sentidos II que es muy de nuestro agrado.<\/span><\/p>\n<p>&nbsp;<\/p>\n<p>Hace ya mucho tiempo que hablamos del Restaurante \u00ab<a href=\"http:\/\/felix.ares.fm\/?p=219\">Los Cinco Sentidos<\/a>\u00ab. Desde el a\u00f1o 2011 hasta hoy han cambiado muchas cosas, pero aquella entrada sigue siendo v\u00e1lida en lo esencial. La novedad es que los due\u00f1os de aquel restaurante han abierto otro con los mismo productos y mismos precios. M\u00e1s elegante y cerca de la playa.<\/p>\n<figure id=\"attachment_5426\" aria-describedby=\"caption-attachment-5426\" style=\"width: 564px\" class=\"wp-caption aligncenter\"><a href=\"http:\/\/felix.ares.fm\/?attachment_id=5426\" rel=\"attachment wp-att-5426\"><img loading=\"lazy\" decoding=\"async\" class=\"size-full wp-image-5426\" src=\"http:\/\/felix.ares.fm\/wp-content\/uploads\/2015\/04\/Los-cinco-sentidos-ii.jpg\" alt=\"Ubicaci\u00f3n de Los Cinco Sentidoos II. Gentileza de Google Maps\" width=\"564\" height=\"411\" srcset=\"https:\/\/felix.ares.fm\/wp-content\/uploads\/2015\/04\/Los-cinco-sentidos-ii.jpg 564w, https:\/\/felix.ares.fm\/wp-content\/uploads\/2015\/04\/Los-cinco-sentidos-ii-300x218.jpg 300w\" sizes=\"auto, (max-width: 564px) 100vw, 564px\" \/><\/a><figcaption id=\"caption-attachment-5426\" class=\"wp-caption-text\">Ubicaci\u00f3n de Los Cinco Sentidos II. Gentileza de Google Maps. Hay un error, no es Ciudad Rodrigo sino General Rodrigo<\/figcaption><\/figure>\n<p>&nbsp;<\/p>\n<figure id=\"attachment_5431\" aria-describedby=\"caption-attachment-5431\" style=\"width: 320px\" class=\"wp-caption aligncenter\"><a href=\"http:\/\/felix.ares.fm\/?attachment_id=5431\" rel=\"attachment wp-att-5431\"><img loading=\"lazy\" decoding=\"async\" class=\"size-full wp-image-5431\" src=\"http:\/\/felix.ares.fm\/wp-content\/uploads\/2015\/04\/IMG_8985.jpg\" alt=\"A la derecha se ve el letreo del restaurante. La furgoneta blanca lo tapa casi entero, pero al fondo est\u00e1n las plameras que se\u00f1alan la ubicaci\u00f3n de la playa. Ya ven que est\u00f1\u00e1 muy cerca.\" width=\"320\" height=\"213\" srcset=\"https:\/\/felix.ares.fm\/wp-content\/uploads\/2015\/04\/IMG_8985.jpg 320w, https:\/\/felix.ares.fm\/wp-content\/uploads\/2015\/04\/IMG_8985-300x199.jpg 300w\" sizes=\"auto, (max-width: 320px) 100vw, 320px\" \/><\/a><figcaption id=\"caption-attachment-5431\" class=\"wp-caption-text\">A la derecha se ve el letrero del restaurante. La furgoneta blanca lo tapa casi entero, pero al fondo est\u00e1n las palmeras que se\u00f1alan la ubicaci\u00f3n de la playa. Ya ven que est\u00e1 muy cerca.<\/figcaption><\/figure>\n<figure id=\"attachment_5432\" aria-describedby=\"caption-attachment-5432\" style=\"width: 320px\" class=\"wp-caption aligncenter\"><a href=\"http:\/\/felix.ares.fm\/?attachment_id=5432\" rel=\"attachment wp-att-5432\"><img loading=\"lazy\" decoding=\"async\" class=\"size-full wp-image-5432\" src=\"http:\/\/felix.ares.fm\/wp-content\/uploads\/2015\/04\/IMG_8984.jpg\" alt=\"Los toldos sealan la ubicaci\u00f3n. \" width=\"320\" height=\"213\" srcset=\"https:\/\/felix.ares.fm\/wp-content\/uploads\/2015\/04\/IMG_8984.jpg 320w, https:\/\/felix.ares.fm\/wp-content\/uploads\/2015\/04\/IMG_8984-300x199.jpg 300w\" sizes=\"auto, (max-width: 320px) 100vw, 320px\" \/><\/a><figcaption id=\"caption-attachment-5432\" class=\"wp-caption-text\">Los toldos se\u00f1alan la ubicaci\u00f3n.<\/figcaption><\/figure>\n<figure id=\"attachment_5433\" aria-describedby=\"caption-attachment-5433\" style=\"width: 320px\" class=\"wp-caption aligncenter\"><a href=\"http:\/\/felix.ares.fm\/?attachment_id=5433\" rel=\"attachment wp-att-5433\"><img loading=\"lazy\" decoding=\"async\" class=\"size-full wp-image-5433\" src=\"http:\/\/felix.ares.fm\/wp-content\/uploads\/2015\/04\/IMG_8983.jpg\" alt=\"Aspecto de la terraza\" width=\"320\" height=\"213\" srcset=\"https:\/\/felix.ares.fm\/wp-content\/uploads\/2015\/04\/IMG_8983.jpg 320w, https:\/\/felix.ares.fm\/wp-content\/uploads\/2015\/04\/IMG_8983-300x199.jpg 300w\" sizes=\"auto, (max-width: 320px) 100vw, 320px\" \/><\/a><figcaption id=\"caption-attachment-5433\" class=\"wp-caption-text\">Aspecto de la terraza<\/figcaption><\/figure>\n<figure id=\"attachment_5434\" aria-describedby=\"caption-attachment-5434\" style=\"width: 320px\" class=\"wp-caption aligncenter\"><a href=\"http:\/\/felix.ares.fm\/?attachment_id=5434\" rel=\"attachment wp-att-5434\"><img loading=\"lazy\" decoding=\"async\" class=\"size-full wp-image-5434\" src=\"http:\/\/felix.ares.fm\/wp-content\/uploads\/2015\/04\/IMG_8969.jpg\" alt=\"Bar Restaurante Los Cinco Sentidos II\" width=\"320\" height=\"213\" srcset=\"https:\/\/felix.ares.fm\/wp-content\/uploads\/2015\/04\/IMG_8969.jpg 320w, https:\/\/felix.ares.fm\/wp-content\/uploads\/2015\/04\/IMG_8969-300x199.jpg 300w\" sizes=\"auto, (max-width: 320px) 100vw, 320px\" \/><\/a><figcaption id=\"caption-attachment-5434\" class=\"wp-caption-text\">Bar Restaurante Los Cinco Sentidos II. Calle General Rodrigo n\u00ba 4. Tel 952 463 602<\/figcaption><\/figure>\n<p>A la entrada unos grandes posters nos explican sus ofertas:<\/p>\n<figure id=\"attachment_5435\" aria-describedby=\"caption-attachment-5435\" style=\"width: 213px\" class=\"wp-caption aligncenter\"><a href=\"http:\/\/felix.ares.fm\/?attachment_id=5435\" rel=\"attachment wp-att-5435\"><img loading=\"lazy\" decoding=\"async\" class=\"size-full wp-image-5435\" src=\"http:\/\/felix.ares.fm\/wp-content\/uploads\/2015\/04\/IMG_8974-e1427956737248.jpg\" alt=\"Ofertas. Copa de Rioja con tapa: 2,50\u20ac. Ca\u00f1a o refresco con tapa: 2,50\u20ac\" width=\"213\" height=\"320\" srcset=\"https:\/\/felix.ares.fm\/wp-content\/uploads\/2015\/04\/IMG_8974-e1427956737248.jpg 213w, https:\/\/felix.ares.fm\/wp-content\/uploads\/2015\/04\/IMG_8974-e1427956737248-199x300.jpg 199w\" sizes=\"auto, (max-width: 213px) 100vw, 213px\" \/><\/a><figcaption id=\"caption-attachment-5435\" class=\"wp-caption-text\">Ofertas. Copa de Rioja con tapa: 2,50\u20ac. Ca\u00f1a o refresco con tapa: 2,50\u20ac<\/figcaption><\/figure>\n<figure id=\"attachment_5437\" aria-describedby=\"caption-attachment-5437\" style=\"width: 213px\" class=\"wp-caption aligncenter\"><a href=\"http:\/\/felix.ares.fm\/?attachment_id=5437\" rel=\"attachment wp-att-5437\"><img loading=\"lazy\" decoding=\"async\" class=\"size-full wp-image-5437\" src=\"http:\/\/felix.ares.fm\/wp-content\/uploads\/2015\/04\/IMG_8987R.jpg\" alt=\"Men\u00fa del d\u00eda: 8,90 \u20ac Un ejemplo de lo que pudiera ser: Macarrones Bolo\u00f1esa, carne con champi\u00f1\u00f3n, pan, bebida y postre\" width=\"213\" height=\"320\" srcset=\"https:\/\/felix.ares.fm\/wp-content\/uploads\/2015\/04\/IMG_8987R.jpg 213w, https:\/\/felix.ares.fm\/wp-content\/uploads\/2015\/04\/IMG_8987R-199x300.jpg 199w\" sizes=\"auto, (max-width: 213px) 100vw, 213px\" \/><\/a><figcaption id=\"caption-attachment-5437\" class=\"wp-caption-text\">Men\u00fa del d\u00eda: 8,90 \u20ac Un ejemplo de lo que pudiera ser: Macarrones Bolo\u00f1esa, carne con champi\u00f1\u00f3n, pan, bebida y postre<\/figcaption><\/figure>\n<figure id=\"attachment_5438\" aria-describedby=\"caption-attachment-5438\" style=\"width: 213px\" class=\"wp-caption aligncenter\"><a href=\"http:\/\/felix.ares.fm\/?attachment_id=5438\" rel=\"attachment wp-att-5438\"><img loading=\"lazy\" decoding=\"async\" class=\"size-full wp-image-5438\" src=\"http:\/\/felix.ares.fm\/wp-content\/uploads\/2015\/04\/IMG_8975-e1427957034375.jpg\" alt=\"En otra pizarra\" width=\"213\" height=\"320\" srcset=\"https:\/\/felix.ares.fm\/wp-content\/uploads\/2015\/04\/IMG_8975-e1427957034375.jpg 213w, https:\/\/felix.ares.fm\/wp-content\/uploads\/2015\/04\/IMG_8975-e1427957034375-199x300.jpg 199w\" sizes=\"auto, (max-width: 213px) 100vw, 213px\" \/><\/a><figcaption id=\"caption-attachment-5438\" class=\"wp-caption-text\">En otra pizarra<\/figcaption><\/figure>\n<p>Nosotros en esta ocasi\u00f3n nos decidimos por dos coopas de Rioja &#8211;result\u00f3 ser un buen Rioja&#8211; y dos tapas. Primero nos trajeron unas aceitunas, con una sonrisa y gran amabilidad.<\/p>\n<p><a href=\"http:\/\/felix.ares.fm\/?attachment_id=5439\" rel=\"attachment wp-att-5439\"><img loading=\"lazy\" decoding=\"async\" class=\"aligncenter size-full wp-image-5439\" src=\"http:\/\/felix.ares.fm\/wp-content\/uploads\/2015\/04\/IMG_8977.jpg\" alt=\"IMG_8977\" width=\"320\" height=\"213\" srcset=\"https:\/\/felix.ares.fm\/wp-content\/uploads\/2015\/04\/IMG_8977.jpg 320w, https:\/\/felix.ares.fm\/wp-content\/uploads\/2015\/04\/IMG_8977-300x199.jpg 300w\" sizes=\"auto, (max-width: 320px) 100vw, 320px\" \/><\/a>Y pedimos como tapas ensaladilla rusa:<\/p>\n<figure id=\"attachment_5440\" aria-describedby=\"caption-attachment-5440\" style=\"width: 320px\" class=\"wp-caption aligncenter\"><a href=\"http:\/\/felix.ares.fm\/?attachment_id=5440\" rel=\"attachment wp-att-5440\"><img loading=\"lazy\" decoding=\"async\" class=\"size-full wp-image-5440\" src=\"http:\/\/felix.ares.fm\/wp-content\/uploads\/2015\/04\/IMG_8979.jpg\" alt=\"El recipiente enga\u00f1a, parece peque\u00f1o, pero realmente una vez comida esta tapa se nos quitaron las ganas de comer nada m\u00e1s.\" width=\"320\" height=\"213\" srcset=\"https:\/\/felix.ares.fm\/wp-content\/uploads\/2015\/04\/IMG_8979.jpg 320w, https:\/\/felix.ares.fm\/wp-content\/uploads\/2015\/04\/IMG_8979-300x199.jpg 300w\" sizes=\"auto, (max-width: 320px) 100vw, 320px\" \/><\/a><figcaption id=\"caption-attachment-5440\" class=\"wp-caption-text\">El recipiente enga\u00f1a, parece peque\u00f1o, pero realmente una vez comida esta tapa se nos quitaron las ganas de comer nada m\u00e1s.<\/figcaption><\/figure>\n<figure id=\"attachment_5441\" aria-describedby=\"caption-attachment-5441\" style=\"width: 320px\" class=\"wp-caption aligncenter\"><a href=\"http:\/\/felix.ares.fm\/?attachment_id=5441\" rel=\"attachment wp-att-5441\"><img loading=\"lazy\" decoding=\"async\" class=\"size-full wp-image-5441\" src=\"http:\/\/felix.ares.fm\/wp-content\/uploads\/2015\/04\/IMG_8980.jpg\" alt=\"Ensaladilla rusa \" width=\"320\" height=\"213\" srcset=\"https:\/\/felix.ares.fm\/wp-content\/uploads\/2015\/04\/IMG_8980.jpg 320w, https:\/\/felix.ares.fm\/wp-content\/uploads\/2015\/04\/IMG_8980-300x199.jpg 300w\" sizes=\"auto, (max-width: 320px) 100vw, 320px\" \/><\/a><figcaption id=\"caption-attachment-5441\" class=\"wp-caption-text\">Ensaladilla rusa<\/figcaption><\/figure>\n<p>La ensaladilla rusa muy bien hecha, muy sabrosa, con una mayonesa fresca&#8230;<\/p>\n<p>Todo ello acompa\u00f1ado de una raci\u00f3n de pan:<\/p>\n<figure id=\"attachment_5442\" aria-describedby=\"caption-attachment-5442\" style=\"width: 320px\" class=\"wp-caption aligncenter\"><a href=\"http:\/\/felix.ares.fm\/?attachment_id=5442\" rel=\"attachment wp-att-5442\"><img loading=\"lazy\" decoding=\"async\" class=\"size-full wp-image-5442\" src=\"http:\/\/felix.ares.fm\/wp-content\/uploads\/2015\/04\/IMG_8981.jpg\" alt=\"Rioja, pan, ensaladilla \" width=\"320\" height=\"213\" srcset=\"https:\/\/felix.ares.fm\/wp-content\/uploads\/2015\/04\/IMG_8981.jpg 320w, https:\/\/felix.ares.fm\/wp-content\/uploads\/2015\/04\/IMG_8981-300x199.jpg 300w\" sizes=\"auto, (max-width: 320px) 100vw, 320px\" \/><\/a><figcaption id=\"caption-attachment-5442\" class=\"wp-caption-text\">Rioja, pan, ensaladilla<\/figcaption><\/figure>\n<p>Este bar no est\u00e1 aislado se sit\u00faa al lado de otros tres. Uno de ellos estaba lleno, lo que nos hace sospechar que es un buen sitio, pero no lo hemos probado:<\/p>\n<figure id=\"attachment_5444\" aria-describedby=\"caption-attachment-5444\" style=\"width: 320px\" class=\"wp-caption aligncenter\"><a href=\"http:\/\/felix.ares.fm\/?attachment_id=5444\" rel=\"attachment wp-att-5444\"><img loading=\"lazy\" decoding=\"async\" class=\"size-full wp-image-5444\" src=\"http:\/\/felix.ares.fm\/wp-content\/uploads\/2015\/04\/IMG_8988.jpg\" alt=\"Fridur\u00eda el paisnao \" width=\"320\" height=\"213\" srcset=\"https:\/\/felix.ares.fm\/wp-content\/uploads\/2015\/04\/IMG_8988.jpg 320w, https:\/\/felix.ares.fm\/wp-content\/uploads\/2015\/04\/IMG_8988-300x199.jpg 300w\" sizes=\"auto, (max-width: 320px) 100vw, 320px\" \/><\/a><figcaption id=\"caption-attachment-5444\" class=\"wp-caption-text\">Freidur\u00eda el paisano<\/figcaption><\/figure>\n<p><strong>OTRAS COSAS DEL MEN\u00da<\/strong><\/p>\n<p>Con lo que hemos contado el men\u00fa no se agota ni mucho menos. Hemos sacado unas fotos a la carta para que se hagan una idea.<\/p>\n<p><a href=\"http:\/\/felix.ares.fm\/?attachment_id=5446\" rel=\"attachment wp-att-5446\"><img loading=\"lazy\" decoding=\"async\" class=\"aligncenter size-full wp-image-5446\" src=\"http:\/\/felix.ares.fm\/wp-content\/uploads\/2015\/04\/IMG_8973-e1427957624489.jpg\" alt=\"IMG_8973\" width=\"213\" height=\"320\" srcset=\"https:\/\/felix.ares.fm\/wp-content\/uploads\/2015\/04\/IMG_8973-e1427957624489.jpg 213w, https:\/\/felix.ares.fm\/wp-content\/uploads\/2015\/04\/IMG_8973-e1427957624489-199x300.jpg 199w\" sizes=\"auto, (max-width: 213px) 100vw, 213px\" \/><\/a><\/p>\n<p><a href=\"http:\/\/felix.ares.fm\/?attachment_id=5445\" rel=\"attachment wp-att-5445\"><img loading=\"lazy\" decoding=\"async\" class=\"aligncenter size-full wp-image-5445\" src=\"http:\/\/felix.ares.fm\/wp-content\/uploads\/2015\/04\/IMG_8972-e1427957615298.jpg\" alt=\"IMG_8972\" width=\"213\" height=\"320\" srcset=\"https:\/\/felix.ares.fm\/wp-content\/uploads\/2015\/04\/IMG_8972-e1427957615298.jpg 213w, https:\/\/felix.ares.fm\/wp-content\/uploads\/2015\/04\/IMG_8972-e1427957615298-199x300.jpg 199w\" sizes=\"auto, (max-width: 213px) 100vw, 213px\" \/><\/a><\/p>\n<p><strong>PERSONAL<\/strong><\/p>\n<p>Muy amable. El servicio fue r\u00e1pido, y como ya hemos indicado con una sonrisa y unas palabras de bienvenida.<\/p>\n<p><strong>UBICACI\u00d3N<\/strong><\/p>\n<p>Bar Restaurante Los Cinco Sentidos II.<\/p>\n<p>Calle General Rodrigo n\u00ba 4.<\/p>\n<p>Tel 952 463 602<\/p>\n<p><strong> OPINI\u00d3N GENERAL<\/strong><\/p>\n<p>Muy bien y volveremos, como hemos vuelto muchas veces a los Cinco Sentidos I.<\/p>\n<p>&nbsp;<\/p>\n<p style=\"text-align: center;\">* * *<\/p>\n<p>&nbsp;<\/p>\n<p><strong>Nota fotos y texto<\/strong>. Salvo las fotos que tienen un agradecimiento espec\u00edfico, como por ejemplo Wikipedia, son nuestras y las licenciamos con<\/p>\n<p><a href=\"http:\/\/creativecommons.org\/licenses\/by\/3.0\/deed.es_ES\" rel=\"license\"><img decoding=\"async\" src=\"http:\/\/i.creativecommons.org\/l\/by\/3.0\/88x31.png\" alt=\"Licencia de Creative Commons\" \/><\/a><br \/>\n<a href=\"viajes.ares.fm\" rel=\"cc:attributionURL\">F\u00e9lix Ares y Maricarmen Garmendia<\/a>\u00a0is licensed under a\u00a0<a href=\"http:\/\/creativecommons.org\/licenses\/by\/3.0\/deed.es_ES\" rel=\"license\">Creative Commons Reconocimiento 3.0 Unported License<\/a>.<br \/>\nCreado a partir de la obra en\u00a0<a href=\"viajes.ares.fm\" rel=\"dct:source\">felix.ares.fm<\/a>.<\/p>\n<p>Contacto con nosotros:<\/p>\n<p><a href=\"http:\/\/viajes.ares.fm\/wp-content\/uploads\/2013\/06\/emailTapasBr1.jpg\"><img loading=\"lazy\" decoding=\"async\" src=\"http:\/\/viajes.ares.fm\/wp-content\/uploads\/2013\/06\/emailTapasBr1-300x138.jpg\" alt=\"emailTapasBr\" width=\"300\" height=\"138\" \/><\/a><\/p>\n","protected":false},"excerpt":{"rendered":"<p>ANTES: Aqu\u00ed, en este mismo sitio, hab\u00eda un restaurante llamado Quillo&#8217;s, que ten\u00edan un excelente men\u00fa del d\u00eda, tambi\u00e9n por 8,90\u20ac. Nuestra intenci\u00f3n era ponerlo en este blog, pero las dos veces que fuimos lo hicimos sin c\u00e1mara. Nos da la sensaci\u00f3n de que Quillo&#8217;s es uno m\u00e1s de los muchos establecimientos que est\u00e1n cerrando &hellip; <a href=\"https:\/\/felix.ares.fm\/?p=5425\" class=\"more-link\">Seguir leyendo <span class=\"screen-reader-text\">Los Cinco Sentidos II<\/span> <span class=\"meta-nav\">&rarr;<\/span><\/a><\/p>\n","protected":false},"author":1,"featured_media":0,"comment_status":"closed","ping_status":"open","sticky":false,"template":"","format":"standard","meta":{"footnotes":""},"categories":[493,509,249,11,286],"tags":[],"class_list":["post-5425","post","type-post","status-publish","format-standard","hentry","category-al-lado-de-la-playa","category-chino","category-restaurante-2","category-tapas","category-tradicional"],"_links":{"self":[{"href":"https:\/\/felix.ares.fm\/index.php?rest_route=\/wp\/v2\/posts\/5425","targetHints":{"allow":["GET"]}}],"collection":[{"href":"https:\/\/felix.ares.fm\/index.php?rest_route=\/wp\/v2\/posts"}],"about":[{"href":"https:\/\/felix.ares.fm\/index.php?rest_route=\/wp\/v2\/types\/post"}],"author":[{"embeddable":true,"href":"https:\/\/felix.ares.fm\/index.php?rest_route=\/wp\/v2\/users\/1"}],"replies":[{"embeddable":true,"href":"https:\/\/felix.ares.fm\/index.php?rest_route=%2Fwp%2Fv2%2Fcomments&post=5425"}],"version-history":[{"count":0,"href":"https:\/\/felix.ares.fm\/index.php?rest_route=\/wp\/v2\/posts\/5425\/revisions"}],"wp:attachment":[{"href":"https:\/\/felix.ares.fm\/index.php?rest_route=%2Fwp%2Fv2%2Fmedia&parent=5425"}],"wp:term":[{"taxonomy":"category","embeddable":true,"href":"https:\/\/felix.ares.fm\/index.php?rest_route=%2Fwp%2Fv2%2Fcategories&post=5425"},{"taxonomy":"post_tag","embeddable":true,"href":"https:\/\/felix.ares.fm\/index.php?rest_route=%2Fwp%2Fv2%2Ftags&post=5425"}],"curies":[{"name":"wp","href":"https:\/\/api.w.org\/{rel}","templated":true}]}}