{"id":5391,"date":"2015-04-01T09:02:21","date_gmt":"2015-04-01T07:02:21","guid":{"rendered":"http:\/\/felix.ares.fm\/?p=5391"},"modified":"2015-05-05T17:06:57","modified_gmt":"2015-05-05T15:06:57","slug":"bar-marisqueria-freiduria-villalba-las-lagunas-mijas-excelentes-raciones-a-excelente-precio","status":"publish","type":"post","link":"https:\/\/felix.ares.fm\/?p=5391","title":{"rendered":"Bar-marisquer\u00eda-freidur\u00eda Villalba (Las Lagunas, Mijas): excelentes raciones a excelente precio"},"content":{"rendered":"<p>Hace ya mucho tiempo que<strong> nos hab\u00edan hablado muy bien de Villalba<\/strong>, pero no hab\u00edamos ido por varios motivos, uno de ellos que se escapa del \u00e1mbito principal de este blog: Fuengirola. Villalba no est\u00e1 en Fuengirola sino el Las Lagunas, Mijas. Pero tan cerca de la frontera que bastan unos pocos pasos para llegar a \u00e9l.<\/p>\n<p>Antes de ir visit\u00e9 <a href=\"http:\/\/www.tripadvisor.es\/Restaurant_Review-g580271-d3767870-Reviews-Freiduria_Marisqueria_Villalba-Mijas_Costa_del_Sol_Province_of_Malaga_Andalucia.html\">TripAdvisor<\/a> para ver que dec\u00edan del mismo y la mayor\u00eda lo calificaban de <strong>normal<\/strong>.<\/p>\n<p>Tras ir a \u00e9l tengo que discrepar no es normal, <strong>tiene una relaci\u00f3n calidad\/precio extraordinaria<\/strong>. \u00bfEntonces por qu\u00e9 nuestra opini\u00f3n difiera de la de la mayor\u00eda? No lo s\u00e9, pero quiz\u00e1 se trate de saber donde se enfoca. \u00bfEn el local? \u00bfEn la comodidad y tranquilidad del lugar? \u00bfEn la amabilidad? \u00bfEn la cocina?&#8230;<\/p>\n<p>Para que no haya confusi\u00f3n tratar\u00e9 de describirlo. Villalba es un bar-resturante de barrio. Con ello quiero decir que no es elegante y que no tiene una estrella Michel\u00edn.<\/p>\n<p>Dentro el bar est\u00e1 separado del comedor y tiene terraza en la acera como otros cientos de establecimientos en Fuengirola-Mijas.<\/p>\n<p>Dentro, hay unas mesas est\u00e1ndares de los restaurantes de barrio, con los manteles est\u00e1ndares. Sillas est\u00e1ndares.<\/p>\n<p>Nosotros llegamos cuando no hab\u00eda gente y nos pusimos en un rinc\u00f3n, para tener el menor n\u00famero de vecinos posibles. Fue un tremendo error. Mientras \u00e9ramos pocos, se estaba estupendamente, pudimos hablar, etc. Pero cuando se llen\u00f3 &#8211;y parece ser que tiene tanta demanda que se llena siempre&#8211;, el ruido se hizo bastante insoportable. Entonces nos dimos cuenta de que ni en las paredes ni en el techo hay paneles ac\u00fasticos. Y entonces pensamos que si nos hubi\u00e9ramos puesto m\u00e1s hacia la calle, o incluso en la terraza de la acera hubi\u00e9ramos estado mucho mejor.<\/p>\n<p>As\u00ed que e<strong>stablezcamos el primer punto<\/strong>: <strong>restaurante ruidoso si se llena de gente<\/strong>.<\/p>\n<p>Nada m\u00e1s llegar nos trataron con enorme amabilidad y una gran sinceridad. Por ejemplo, pedimos una raci\u00f3n de pulpo a la gallega y a mi se me ocurri\u00f3 preguntar si estaba bien hecha al estilo gallego y me dijeron que estaba muy bien, pero que no llegaba a la calidad de Galicia. Despu\u00e9s comprob\u00e9 que aquello era discutible, en Galicia no lo hacen mucho mejor. Pero ya llegar\u00e9 a ello.<\/p>\n<p><strong>PERSONAL: AMABLE Y SINCERO<\/strong><\/p>\n<p>Y pasemos a lo que nos llev\u00f3 al restaurante, la comida. Decidimos comer de raciones. Los precios de las mismas son:<\/p>\n<p>&nbsp;<\/p>\n<figure id=\"attachment_5393\" aria-describedby=\"caption-attachment-5393\" style=\"width: 180px\" class=\"wp-caption alignnone\"><a href=\"http:\/\/felix.ares.fm\/?attachment_id=5393\" rel=\"attachment wp-att-5393\"><img loading=\"lazy\" decoding=\"async\" class=\"wp-image-5393 size-full\" src=\"http:\/\/felix.ares.fm\/wp-content\/uploads\/2015\/04\/foto0346.jpg\" alt=\"Raciones de pescado, todas a 6,90\u20ac\" width=\"180\" height=\"240\" \/><\/a><figcaption id=\"caption-attachment-5393\" class=\"wp-caption-text\">Raciones de pescado, todas a 6,90\u20ac. lamento que la calidad de la c\u00e1mara del tel\u00e9fono sea tan mala.<\/figcaption><\/figure>\n<p>&nbsp;<\/p>\n<p>Pero vamos a ver unas pocas. La primera el pulpo a la gallega:<\/p>\n<figure id=\"attachment_5394\" aria-describedby=\"caption-attachment-5394\" style=\"width: 180px\" class=\"wp-caption aligncenter\"><a href=\"http:\/\/felix.ares.fm\/?attachment_id=5394\" rel=\"attachment wp-att-5394\"><img loading=\"lazy\" decoding=\"async\" class=\"size-full wp-image-5394\" src=\"http:\/\/felix.ares.fm\/wp-content\/uploads\/2015\/04\/foto0345.jpg\" alt=\"Raci\u00f3n de pulpo a la gallega\" width=\"180\" height=\"240\" \/><\/a><figcaption id=\"caption-attachment-5394\" class=\"wp-caption-text\">Raci\u00f3n de pulpo a la gallega<\/figcaption><\/figure>\n<p>Ya ven que se trata de un gran plato de pulpo. Estaba en su punto, ni blando que parece moco ni duro:<strong> al dente<\/strong>.Las patatas no eran cachelos, pero s\u00ed que eran patatas nuevas como exige la tradici\u00f3n.<\/p>\n<p>Ech\u00e9 de falta la sal gorda, ten\u00eda poca. A m\u00ed me parece que la sal gorda es decisiva en el pulpo a la gallega, pero la camarera nos explic\u00f3 que lo hac\u00edan para no pasarse. El cocinero pone poco y despu\u00e9s cada uno a\u00f1ade lo que quiera. La explicaci\u00f3n es correcta, pero si hemos de ser consecuentes con la tradici\u00f3n gallega, les faltaba un poquito de sal gorda. Por lo dem\u00e1s, tan bueno como es las pulper\u00edas de la R\u00eda de Ares. <strong>Y la relaci\u00f3n calidad\/precio magn\u00edfica<\/strong>.<\/p>\n<p>A la vez pedimos unas gambas:<\/p>\n<figure id=\"attachment_5395\" aria-describedby=\"caption-attachment-5395\" style=\"width: 180px\" class=\"wp-caption aligncenter\"><a href=\"http:\/\/felix.ares.fm\/?attachment_id=5395\" rel=\"attachment wp-att-5395\"><img loading=\"lazy\" decoding=\"async\" class=\"size-full wp-image-5395\" src=\"http:\/\/felix.ares.fm\/wp-content\/uploads\/2015\/04\/foto0342.jpg\" alt=\"Gambas muy frescas. \" width=\"180\" height=\"240\" \/><\/a><figcaption id=\"caption-attachment-5395\" class=\"wp-caption-text\">Gambas muy frescas.<\/figcaption><\/figure>\n<p>La raci\u00f3n que pueden ver 6,90\u20ac<\/p>\n<figure id=\"attachment_5396\" aria-describedby=\"caption-attachment-5396\" style=\"width: 320px\" class=\"wp-caption aligncenter\"><a href=\"http:\/\/felix.ares.fm\/?attachment_id=5396\" rel=\"attachment wp-att-5396\"><img loading=\"lazy\" decoding=\"async\" class=\"size-full wp-image-5396\" src=\"http:\/\/felix.ares.fm\/wp-content\/uploads\/2015\/04\/foto0357.jpg\" alt=\"Bacalao frito\" width=\"320\" height=\"240\" srcset=\"https:\/\/felix.ares.fm\/wp-content\/uploads\/2015\/04\/foto0357.jpg 320w, https:\/\/felix.ares.fm\/wp-content\/uploads\/2015\/04\/foto0357-300x225.jpg 300w\" sizes=\"auto, (max-width: 320px) 100vw, 320px\" \/><\/a><figcaption id=\"caption-attachment-5396\" class=\"wp-caption-text\">Bacalao frito<\/figcaption><\/figure>\n<figure id=\"attachment_5397\" aria-describedby=\"caption-attachment-5397\" style=\"width: 320px\" class=\"wp-caption aligncenter\"><a href=\"http:\/\/felix.ares.fm\/?attachment_id=5397\" rel=\"attachment wp-att-5397\"><img loading=\"lazy\" decoding=\"async\" class=\"size-full wp-image-5397\" src=\"http:\/\/felix.ares.fm\/wp-content\/uploads\/2015\/04\/foto0358.jpg\" alt=\"Bacalao frito. Vean arriba a la derecha la mayonesa.\" width=\"320\" height=\"240\" srcset=\"https:\/\/felix.ares.fm\/wp-content\/uploads\/2015\/04\/foto0358.jpg 320w, https:\/\/felix.ares.fm\/wp-content\/uploads\/2015\/04\/foto0358-300x225.jpg 300w\" sizes=\"auto, (max-width: 320px) 100vw, 320px\" \/><\/a><figcaption id=\"caption-attachment-5397\" class=\"wp-caption-text\">Bacalao frito. Vean arriba a la derecha la mayonesa.<\/figcaption><\/figure>\n<p>Estaba realmente sabroso. Nada que envidiara los \u00abFish &amp; chips\u00bb brit\u00e1nicos. Raci\u00f3n 6,90\u20ac.<\/p>\n<p>No todo fueron raciones de pescado. Tambi\u00e9n pedimos una ensalada mixta:<\/p>\n<p>&nbsp;<\/p>\n<figure id=\"attachment_5398\" aria-describedby=\"caption-attachment-5398\" style=\"width: 320px\" class=\"wp-caption aligncenter\"><a href=\"http:\/\/felix.ares.fm\/?attachment_id=5398\" rel=\"attachment wp-att-5398\"><img loading=\"lazy\" decoding=\"async\" class=\"size-full wp-image-5398\" src=\"http:\/\/felix.ares.fm\/wp-content\/uploads\/2015\/04\/foto0349.jpg\" alt=\"Ensalada mixta: 4,90\u20ac\" width=\"320\" height=\"240\" srcset=\"https:\/\/felix.ares.fm\/wp-content\/uploads\/2015\/04\/foto0349.jpg 320w, https:\/\/felix.ares.fm\/wp-content\/uploads\/2015\/04\/foto0349-300x225.jpg 300w\" sizes=\"auto, (max-width: 320px) 100vw, 320px\" \/><\/a><figcaption id=\"caption-attachment-5398\" class=\"wp-caption-text\">Ensalada mixta: 4,90\u20ac<\/figcaption><\/figure>\n<p>Las ensaladas, de at\u00fan, de caballa, salpic\u00f3n de marisco, ensaladilla rusa, etc. eran de 4,90\u20ac<\/p>\n<p>Las patatas bravas o ali-oli 2,90\u20ac<\/p>\n<p>Tambi\u00e9n pedimos carnes.<\/p>\n<figure id=\"attachment_5399\" aria-describedby=\"caption-attachment-5399\" style=\"width: 240px\" class=\"wp-caption aligncenter\"><a href=\"http:\/\/felix.ares.fm\/?attachment_id=5399\" rel=\"attachment wp-att-5399\"><img loading=\"lazy\" decoding=\"async\" class=\"size-full wp-image-5399\" src=\"http:\/\/felix.ares.fm\/wp-content\/uploads\/2015\/04\/foto0347-e1427870711888.jpg\" alt=\"Las raciones a 4,90\" width=\"240\" height=\"180\" \/><\/a><figcaption id=\"caption-attachment-5399\" class=\"wp-caption-text\">Las raciones a 4,90. Solomillo a la plancha, l\u00e1grimas de pollo, croquetas, alb\u00f3ndigas&#8230;<\/figcaption><\/figure>\n<p>Nosotros pedimos Plato de los montes: Lomo, pimientos, huevo y patatas: 4,90\u20ac. Vean lo que nos pusieron:<\/p>\n<figure id=\"attachment_5400\" aria-describedby=\"caption-attachment-5400\" style=\"width: 320px\" class=\"wp-caption aligncenter\"><a href=\"http:\/\/felix.ares.fm\/?attachment_id=5400\" rel=\"attachment wp-att-5400\"><img loading=\"lazy\" decoding=\"async\" class=\"size-full wp-image-5400\" src=\"http:\/\/felix.ares.fm\/wp-content\/uploads\/2015\/04\/foto0353.jpg\" alt=\"De izquierda a derecha: huevo, lomo, pimientos, patatas\" width=\"320\" height=\"240\" srcset=\"https:\/\/felix.ares.fm\/wp-content\/uploads\/2015\/04\/foto0353.jpg 320w, https:\/\/felix.ares.fm\/wp-content\/uploads\/2015\/04\/foto0353-300x225.jpg 300w\" sizes=\"auto, (max-width: 320px) 100vw, 320px\" \/><\/a><figcaption id=\"caption-attachment-5400\" class=\"wp-caption-text\">De izquierda a derecha: huevo, lomo, pimientos, patatas<\/figcaption><\/figure>\n<p><a href=\"http:\/\/felix.ares.fm\/?attachment_id=5402\" rel=\"attachment wp-att-5402\"><img loading=\"lazy\" decoding=\"async\" class=\"aligncenter size-full wp-image-5402\" src=\"http:\/\/felix.ares.fm\/wp-content\/uploads\/2015\/04\/foto0350.jpg\" alt=\"foto0350\" width=\"320\" height=\"240\" srcset=\"https:\/\/felix.ares.fm\/wp-content\/uploads\/2015\/04\/foto0350.jpg 320w, https:\/\/felix.ares.fm\/wp-content\/uploads\/2015\/04\/foto0350-300x225.jpg 300w\" sizes=\"auto, (max-width: 320px) 100vw, 320px\" \/><\/a><\/p>\n<p>Quiz\u00e1 el lomo no se vea muy bien; una vez partido, para que se vea por dentro, nos encontramos con:<\/p>\n<p><a href=\"http:\/\/felix.ares.fm\/?attachment_id=5401\" rel=\"attachment wp-att-5401\"><img loading=\"lazy\" decoding=\"async\" class=\"aligncenter size-full wp-image-5401\" src=\"http:\/\/felix.ares.fm\/wp-content\/uploads\/2015\/04\/foto0355.jpg\" alt=\"foto0355\" width=\"320\" height=\"240\" srcset=\"https:\/\/felix.ares.fm\/wp-content\/uploads\/2015\/04\/foto0355.jpg 320w, https:\/\/felix.ares.fm\/wp-content\/uploads\/2015\/04\/foto0355-300x225.jpg 300w\" sizes=\"auto, (max-width: 320px) 100vw, 320px\" \/><\/a><\/p>\n<p><a href=\"http:\/\/felix.ares.fm\/?attachment_id=5403\" rel=\"attachment wp-att-5403\"><img loading=\"lazy\" decoding=\"async\" class=\"aligncenter size-full wp-image-5403\" src=\"http:\/\/felix.ares.fm\/wp-content\/uploads\/2015\/04\/foto0360.jpg\" alt=\"foto0360\" width=\"180\" height=\"240\" \/><\/a><\/p>\n<p>&nbsp;<\/p>\n<p>Y todo ello por 4,90\u20ac.<\/p>\n<p>&nbsp;<\/p>\n<p>Ni que decir tiene que todo ello estuvo acompa\u00f1ado de un vino:<\/p>\n<figure id=\"attachment_5404\" aria-describedby=\"caption-attachment-5404\" style=\"width: 240px\" class=\"wp-caption aligncenter\"><a href=\"http:\/\/felix.ares.fm\/?attachment_id=5404\" rel=\"attachment wp-att-5404\"><img loading=\"lazy\" decoding=\"async\" class=\"size-full wp-image-5404\" src=\"http:\/\/felix.ares.fm\/wp-content\/uploads\/2015\/04\/foto0348-e1427871116253.jpg\" alt=\"kjgkjgb\" width=\"240\" height=\"180\" \/><\/a><figcaption id=\"caption-attachment-5404\" class=\"wp-caption-text\">Alcorta casi 13\u20ac, Marques de C\u00e1ceres17\u20ac<\/figcaption><\/figure>\n<p><strong>CONCLUSI\u00d3N<\/strong><\/p>\n<p>No puedo estar de acuerdo con TripAdvisor. No es normal. Es un restaurante de barrio, para ir con la familia, con una relaci\u00f3n calidad\/precio extraordinaria. Bien cocinado, bien servido, bien presentado y magn\u00edfico precio.<\/p>\n<p>La ac\u00fastica deja mucho que desear, pero es de f\u00e1cil arreglo.<\/p>\n<p>No me sorprende que hay que ir con cita previa. Sin ella es muy dif\u00edcil encontrar sitio.<\/p>\n<p><strong>UBICACI\u00d3N<\/strong><\/p>\n<p>Al lado de \u00abEl Corte Ingl\u00e9s\u00bb. Si nos situamos enfrente de la puerta principal de \u00abEl Corte Ingl\u00e9s\u00bb, no la de Hipercor, sino la del Corte. Detr\u00e1s tenemos la autov\u00eda. La fachada del Corte Ingl\u00e9s es paralela a la autov\u00eda. A la izquierda hay una calle. Vamos hacia el lado contrario de la autov\u00eda y en muy pocos metros nos encontramos con Villalba.<\/p>\n<figure id=\"attachment_5405\" aria-describedby=\"caption-attachment-5405\" style=\"width: 180px\" class=\"wp-caption aligncenter\"><a href=\"http:\/\/felix.ares.fm\/?attachment_id=5405\" rel=\"attachment wp-att-5405\"><img loading=\"lazy\" decoding=\"async\" class=\"wp-image-5405 size-full\" src=\"http:\/\/felix.ares.fm\/wp-content\/uploads\/2015\/04\/foto0343.jpg\" alt=\"foto0343\" width=\"180\" height=\"240\" \/><\/a><figcaption id=\"caption-attachment-5405\" class=\"wp-caption-text\">Calle3 de Santa Gema. Edificio \u00b7Fray Leopoldo\u00bb. Mijaas Costa. Tfno: 647938571<\/figcaption><\/figure>\n<p>Marisqueria Villaba<\/p>\n<address class=\"western\">Calle Santa Gema, 11<\/address>\n<address class=\"western\">Edificio Fray Leopoldo,<\/address>\n<address class=\"western\">29650 Mijas, Espa\u00f1a<\/address>\n<p>&nbsp;<\/p>\n<p>647938571<\/p>\n<p style=\"text-align: center;\">* * *<\/p>\n<p>&nbsp;<\/p>\n<p><strong>Nota fotos y texto<\/strong>. Salvo las fotos que tienen un agradecimiento espec\u00edfico, como por ejemplo Wikipedia, son nuestras y las licenciamos con<\/p>\n<p><a href=\"http:\/\/creativecommons.org\/licenses\/by\/3.0\/deed.es_ES\" rel=\"license\"><img decoding=\"async\" src=\"http:\/\/i.creativecommons.org\/l\/by\/3.0\/88x31.png\" alt=\"Licencia de Creative Commons\" \/><\/a><br \/>\n<a href=\"viajes.ares.fm\" rel=\"cc:attributionURL\">F\u00e9lix Ares y Maricarmen Garmendia<\/a>\u00a0is licensed under a\u00a0<a href=\"http:\/\/creativecommons.org\/licenses\/by\/3.0\/deed.es_ES\" rel=\"license\">Creative Commons Reconocimiento 3.0 Unported License<\/a>.<br \/>\nCreado a partir de la obra en\u00a0<a href=\"viajes.ares.fm\" rel=\"dct:source\">felix.ares.fm<\/a>.<\/p>\n<p>Contacto con nosotros:<\/p>\n<p><a href=\"http:\/\/viajes.ares.fm\/wp-content\/uploads\/2013\/06\/emailTapasBr1.jpg\"><img loading=\"lazy\" decoding=\"async\" src=\"http:\/\/viajes.ares.fm\/wp-content\/uploads\/2013\/06\/emailTapasBr1-300x138.jpg\" alt=\"emailTapasBr\" width=\"300\" height=\"138\" \/><\/a><\/p>\n","protected":false},"excerpt":{"rendered":"<p>Hace ya mucho tiempo que nos hab\u00edan hablado muy bien de Villalba, pero no hab\u00edamos ido por varios motivos, uno de ellos que se escapa del \u00e1mbito principal de este blog: Fuengirola. Villalba no est\u00e1 en Fuengirola sino el Las Lagunas, Mijas. Pero tan cerca de la frontera que bastan unos pocos pasos para llegar &hellip; <a href=\"https:\/\/felix.ares.fm\/?p=5391\" class=\"more-link\">Seguir leyendo <span class=\"screen-reader-text\">Bar-marisquer\u00eda-freidur\u00eda Villalba (Las Lagunas, Mijas): excelentes raciones a excelente precio<\/span> <span class=\"meta-nav\">&rarr;<\/span><\/a><\/p>\n","protected":false},"author":1,"featured_media":0,"comment_status":"closed","ping_status":"open","sticky":false,"template":"","format":"standard","meta":{"footnotes":""},"categories":[140,229,504],"tags":[],"class_list":["post-5391","post","type-post","status-publish","format-standard","hentry","category-mijas","category-raciones-2","category-villalba"],"_links":{"self":[{"href":"https:\/\/felix.ares.fm\/index.php?rest_route=\/wp\/v2\/posts\/5391","targetHints":{"allow":["GET"]}}],"collection":[{"href":"https:\/\/felix.ares.fm\/index.php?rest_route=\/wp\/v2\/posts"}],"about":[{"href":"https:\/\/felix.ares.fm\/index.php?rest_route=\/wp\/v2\/types\/post"}],"author":[{"embeddable":true,"href":"https:\/\/felix.ares.fm\/index.php?rest_route=\/wp\/v2\/users\/1"}],"replies":[{"embeddable":true,"href":"https:\/\/felix.ares.fm\/index.php?rest_route=%2Fwp%2Fv2%2Fcomments&post=5391"}],"version-history":[{"count":0,"href":"https:\/\/felix.ares.fm\/index.php?rest_route=\/wp\/v2\/posts\/5391\/revisions"}],"wp:attachment":[{"href":"https:\/\/felix.ares.fm\/index.php?rest_route=%2Fwp%2Fv2%2Fmedia&parent=5391"}],"wp:term":[{"taxonomy":"category","embeddable":true,"href":"https:\/\/felix.ares.fm\/index.php?rest_route=%2Fwp%2Fv2%2Fcategories&post=5391"},{"taxonomy":"post_tag","embeddable":true,"href":"https:\/\/felix.ares.fm\/index.php?rest_route=%2Fwp%2Fv2%2Ftags&post=5391"}],"curies":[{"name":"wp","href":"https:\/\/api.w.org\/{rel}","templated":true}]}}