{"id":5364,"date":"2015-03-30T09:08:06","date_gmt":"2015-03-30T07:08:06","guid":{"rendered":"http:\/\/felix.ares.fm\/?p=5364"},"modified":"2026-02-07T10:38:11","modified_gmt":"2026-02-07T08:38:11","slug":"unas-sencillas-fotos-de-fuengirola","status":"publish","type":"post","link":"https:\/\/felix.ares.fm\/?p=5364","title":{"rendered":"Unas sencillas fotos de Fuengirola"},"content":{"rendered":"<div class=\"wp-block-image\">\n<figure class=\"aligncenter\"><a href=\"http:\/\/felix.ares.fm\/?attachment_id=5365\" rel=\"attachment wp-att-5365\"><img loading=\"lazy\" decoding=\"async\" width=\"400\" height=\"300\" src=\"http:\/\/felix.ares.fm\/wp-content\/uploads\/2015\/03\/foto0165-e1427699023306.jpg\" alt=\"Escultura ni\u00f1os jugando. Paseo Mar\u00edtimo\" class=\"wp-image-5365\" srcset=\"https:\/\/felix.ares.fm\/wp-content\/uploads\/2015\/03\/foto0165-e1427699023306.jpg 400w, https:\/\/felix.ares.fm\/wp-content\/uploads\/2015\/03\/foto0165-e1427699023306-300x225.jpg 300w\" sizes=\"auto, (max-width: 400px) 100vw, 400px\" \/><\/a><figcaption class=\"wp-element-caption\">Escultura ni\u00f1os jugando. Paseo Mar\u00edtimo<\/figcaption><\/figure>\n<\/div>\n\n\n<p>Este grupo escult\u00f3rico es obra del artista y escultor local <a href=\"http:\/\/hotelyaramar.es\/monumento-a-la-peseta\/\"> <strong>Jos\u00e9 G\u00f3mez Guerrero<\/strong><\/a>. De \u00e9l tambi\u00e9n es el monumento a la peseta del que ya hemos hablado y el horrible, para mi gusto, monumento al 600 del que tambi\u00e9n hemos hablado.<\/p>\n\n\n<div class=\"wp-block-image\">\n<figure class=\"aligncenter\"><a href=\"http:\/\/felix.ares.fm\/?attachment_id=5456\" rel=\"attachment wp-att-5456\"><img loading=\"lazy\" decoding=\"async\" width=\"320\" height=\"213\" src=\"http:\/\/felix.ares.fm\/wp-content\/uploads\/2015\/03\/IMG_3879.jpg\" alt=\"Escultura ni\u00f1os jugando. Paseo Mar\u00edtimo. Detalle del castillo de arena que est\u00e1n haciendo: es castillo de Sohail\" class=\"wp-image-5456\" srcset=\"https:\/\/felix.ares.fm\/wp-content\/uploads\/2015\/03\/IMG_3879.jpg 320w, https:\/\/felix.ares.fm\/wp-content\/uploads\/2015\/03\/IMG_3879-300x199.jpg 300w\" sizes=\"auto, (max-width: 320px) 100vw, 320px\" \/><\/a><figcaption class=\"wp-element-caption\">Escultura ni\u00f1os jugando. Paseo Mar\u00edtimo. Detalle del castillo de arena que est\u00e1n haciendo: es castillo de Sohail<\/figcaption><\/figure>\n<\/div>\n\n<div class=\"wp-block-image\">\n<figure class=\"aligncenter\"><a href=\"http:\/\/felix.ares.fm\/?attachment_id=5366\" rel=\"attachment wp-att-5366\"><img loading=\"lazy\" decoding=\"async\" width=\"400\" height=\"300\" src=\"http:\/\/felix.ares.fm\/wp-content\/uploads\/2015\/03\/foto0167-e1427699173273.jpg\" alt=\"foto0167\" class=\"wp-image-5366\" srcset=\"https:\/\/felix.ares.fm\/wp-content\/uploads\/2015\/03\/foto0167-e1427699173273.jpg 400w, https:\/\/felix.ares.fm\/wp-content\/uploads\/2015\/03\/foto0167-e1427699173273-300x225.jpg 300w\" sizes=\"auto, (max-width: 400px) 100vw, 400px\" \/><\/a><figcaption class=\"wp-element-caption\">La playa al atardecer<\/figcaption><\/figure>\n<\/div>\n\n<div class=\"wp-block-image\">\n<figure class=\"aligncenter\"><a href=\"http:\/\/felix.ares.fm\/?attachment_id=5367\" rel=\"attachment wp-att-5367\"><img loading=\"lazy\" decoding=\"async\" width=\"400\" height=\"300\" src=\"http:\/\/felix.ares.fm\/wp-content\/uploads\/2015\/03\/foto0168-e1427699234368.jpg\" alt=\"foto0168\" class=\"wp-image-5367\" srcset=\"https:\/\/felix.ares.fm\/wp-content\/uploads\/2015\/03\/foto0168-e1427699234368.jpg 400w, https:\/\/felix.ares.fm\/wp-content\/uploads\/2015\/03\/foto0168-e1427699234368-300x225.jpg 300w\" sizes=\"auto, (max-width: 400px) 100vw, 400px\" \/><\/a><\/figure>\n<\/div>\n\n\n<p><\/p>\n\n\n\n<p>&nbsp;<\/p>\n\n\n<div class=\"wp-block-image\">\n<figure class=\"aligncenter\"><a href=\"http:\/\/felix.ares.fm\/?attachment_id=5458\" rel=\"attachment wp-att-5458\"><img loading=\"lazy\" decoding=\"async\" width=\"320\" height=\"213\" src=\"http:\/\/felix.ares.fm\/wp-content\/uploads\/2015\/03\/IMG_2355.jpg\" alt=\"Flor del para\u00edso (Strelitzia reginae)\" class=\"wp-image-5458\" srcset=\"https:\/\/felix.ares.fm\/wp-content\/uploads\/2015\/03\/IMG_2355.jpg 320w, https:\/\/felix.ares.fm\/wp-content\/uploads\/2015\/03\/IMG_2355-300x199.jpg 300w\" sizes=\"auto, (max-width: 320px) 100vw, 320px\" \/><\/a><figcaption class=\"wp-element-caption\">Flor del para\u00edso (<em>Strelitzia reginae<\/em>)<\/figcaption><\/figure>\n<\/div>\n\n<div class=\"wp-block-image\">\n<figure class=\"aligncenter\"><a href=\"http:\/\/felix.ares.fm\/?attachment_id=5462\" rel=\"attachment wp-att-5462\"><img loading=\"lazy\" decoding=\"async\" width=\"320\" height=\"213\" src=\"http:\/\/felix.ares.fm\/wp-content\/uploads\/2015\/03\/IMG_2245.jpg\" alt=\"Jazmin azul\" class=\"wp-image-5462\" srcset=\"https:\/\/felix.ares.fm\/wp-content\/uploads\/2015\/03\/IMG_2245.jpg 320w, https:\/\/felix.ares.fm\/wp-content\/uploads\/2015\/03\/IMG_2245-300x199.jpg 300w\" sizes=\"auto, (max-width: 320px) 100vw, 320px\" \/><\/a><figcaption class=\"wp-element-caption\">Jazmin azul<\/figcaption><\/figure>\n<\/div>\n\n\n<p>&nbsp;<\/p>\n\n\n<div class=\"wp-block-image\">\n<figure class=\"aligncenter\"><a href=\"http:\/\/felix.ares.fm\/?attachment_id=5459\" rel=\"attachment wp-att-5459\"><img loading=\"lazy\" decoding=\"async\" width=\"213\" height=\"320\" src=\"http:\/\/felix.ares.fm\/wp-content\/uploads\/2015\/03\/IMG_2250-e1428135759338.jpg\" alt=\"Adorno verja, \u00bfrepresenta una alcachofa?\" class=\"wp-image-5459\" srcset=\"https:\/\/felix.ares.fm\/wp-content\/uploads\/2015\/03\/IMG_2250-e1428135759338.jpg 213w, https:\/\/felix.ares.fm\/wp-content\/uploads\/2015\/03\/IMG_2250-e1428135759338-199x300.jpg 199w\" sizes=\"auto, (max-width: 213px) 100vw, 213px\" \/><\/a><figcaption class=\"wp-element-caption\">Adorno verja, \u00bfrepresenta una alcachofa?<\/figcaption><\/figure>\n<\/div>\n\n<div class=\"wp-block-image\">\n<figure class=\"aligncenter\"><a href=\"http:\/\/felix.ares.fm\/?attachment_id=5460\" rel=\"attachment wp-att-5460\"><img loading=\"lazy\" decoding=\"async\" width=\"320\" height=\"213\" src=\"http:\/\/felix.ares.fm\/wp-content\/uploads\/2015\/03\/IMG_2248.jpg\" alt=\"Adorno verja. Cabezas de caballos\" class=\"wp-image-5460\" srcset=\"https:\/\/felix.ares.fm\/wp-content\/uploads\/2015\/03\/IMG_2248.jpg 320w, https:\/\/felix.ares.fm\/wp-content\/uploads\/2015\/03\/IMG_2248-300x199.jpg 300w\" sizes=\"auto, (max-width: 320px) 100vw, 320px\" \/><\/a><figcaption class=\"wp-element-caption\">Adorno verja. Cabezas de caballos<\/figcaption><\/figure>\n<\/div>\n\n<div class=\"wp-block-image\">\n<figure class=\"aligncenter\"><a href=\"http:\/\/felix.ares.fm\/?attachment_id=5461\" rel=\"attachment wp-att-5461\"><img loading=\"lazy\" decoding=\"async\" width=\"320\" height=\"213\" src=\"http:\/\/felix.ares.fm\/wp-content\/uploads\/2015\/03\/IMG_2249.jpg\" alt=\"IMG_2249\" class=\"wp-image-5461\" srcset=\"https:\/\/felix.ares.fm\/wp-content\/uploads\/2015\/03\/IMG_2249.jpg 320w, https:\/\/felix.ares.fm\/wp-content\/uploads\/2015\/03\/IMG_2249-300x199.jpg 300w\" sizes=\"auto, (max-width: 320px) 100vw, 320px\" \/><\/a><\/figure>\n<\/div>\n\n\n<p><\/p>\n\n\n\n<p>&nbsp;<\/p>\n\n\n\n<p class=\"has-text-align-center\">* * *<\/p>\n\n\n\n<p>&nbsp;<\/p>\n\n\n\n<p><strong>Nota fotos y texto<\/strong>. Salvo las fotos que tienen un agradecimiento espec\u00edfico, como por ejemplo Wikipedia, son nuestras y las licenciamos con<\/p>\n\n\n\n<p><a href=\"http:\/\/creativecommons.org\/licenses\/by\/3.0\/deed.es_ES\" rel=\"license\"><img decoding=\"async\" src=\"http:\/\/i.creativecommons.org\/l\/by\/3.0\/88x31.png\" alt=\"Licencia de Creative Commons\"\/><\/a><br \/>\n<a href=\"viajes.ares.fm\" rel=\"cc:attributionURL\">F\u00e9lix Ares y Maricarmen Garmendia<\/a>&nbsp;is licensed under a&nbsp;<a href=\"http:\/\/creativecommons.org\/licenses\/by\/3.0\/deed.es_ES\" rel=\"license\">Creative Commons Reconocimiento 3.0 Unported License<\/a>.<br \/>\nCreado a partir de la obra en&nbsp;<a href=\"viajes.ares.fm\" rel=\"dct:source\">felix.ares.fm<\/a>.<\/p>\n\n\n\n<p>Contacto con nosotros:<\/p>\n\n\n\n<figure class=\"wp-block-image\"><a href=\"http:\/\/viajes.ares.fm\/wp-content\/uploads\/2013\/06\/emailTapasBr1.jpg\"><img decoding=\"async\" src=\"http:\/\/viajes.ares.fm\/wp-content\/uploads\/2013\/06\/emailTapasBr1-300x138.jpg\" alt=\"emailTapasBr\"\/><\/a><\/figure>\n\n\n\n<p><\/p>\n","protected":false},"excerpt":{"rendered":"<p>Este grupo escult\u00f3rico es obra del artista y escultor local Jos\u00e9 G\u00f3mez Guerrero. De \u00e9l tambi\u00e9n es el monumento a la peseta del que ya hemos hablado y el horrible, para mi gusto, monumento al 600 del que tambi\u00e9n hemos hablado. &nbsp; &nbsp; &nbsp; * * * &nbsp; Nota fotos y texto. Salvo las fotos &hellip; <a href=\"https:\/\/felix.ares.fm\/?p=5364\" class=\"more-link\">Seguir leyendo <span class=\"screen-reader-text\">Unas sencillas fotos de Fuengirola<\/span> <span class=\"meta-nav\">&rarr;<\/span><\/a><\/p>\n","protected":false},"author":1,"featured_media":0,"comment_status":"closed","ping_status":"open","sticky":false,"template":"","format":"standard","meta":{"footnotes":""},"categories":[493,292,503],"tags":[],"class_list":["post-5364","post","type-post","status-publish","format-standard","hentry","category-al-lado-de-la-playa","category-estatuas","category-ninos-de-bronce-jugando-en-el-paseo-maritimo"],"_links":{"self":[{"href":"https:\/\/felix.ares.fm\/index.php?rest_route=\/wp\/v2\/posts\/5364","targetHints":{"allow":["GET"]}}],"collection":[{"href":"https:\/\/felix.ares.fm\/index.php?rest_route=\/wp\/v2\/posts"}],"about":[{"href":"https:\/\/felix.ares.fm\/index.php?rest_route=\/wp\/v2\/types\/post"}],"author":[{"embeddable":true,"href":"https:\/\/felix.ares.fm\/index.php?rest_route=\/wp\/v2\/users\/1"}],"replies":[{"embeddable":true,"href":"https:\/\/felix.ares.fm\/index.php?rest_route=%2Fwp%2Fv2%2Fcomments&post=5364"}],"version-history":[{"count":1,"href":"https:\/\/felix.ares.fm\/index.php?rest_route=\/wp\/v2\/posts\/5364\/revisions"}],"predecessor-version":[{"id":19278,"href":"https:\/\/felix.ares.fm\/index.php?rest_route=\/wp\/v2\/posts\/5364\/revisions\/19278"}],"wp:attachment":[{"href":"https:\/\/felix.ares.fm\/index.php?rest_route=%2Fwp%2Fv2%2Fmedia&parent=5364"}],"wp:term":[{"taxonomy":"category","embeddable":true,"href":"https:\/\/felix.ares.fm\/index.php?rest_route=%2Fwp%2Fv2%2Fcategories&post=5364"},{"taxonomy":"post_tag","embeddable":true,"href":"https:\/\/felix.ares.fm\/index.php?rest_route=%2Fwp%2Fv2%2Ftags&post=5364"}],"curies":[{"name":"wp","href":"https:\/\/api.w.org\/{rel}","templated":true}]}}