{"id":5352,"date":"2015-03-29T10:33:28","date_gmt":"2015-03-29T08:33:28","guid":{"rendered":"http:\/\/felix.ares.fm\/?p=5352"},"modified":"2015-03-29T10:33:41","modified_gmt":"2015-03-29T08:33:41","slug":"bar-dracula-cervezas-de-miedo","status":"publish","type":"post","link":"https:\/\/felix.ares.fm\/?p=5352","title":{"rendered":"Bar Dr\u00e1cula: cervezas de miedo"},"content":{"rendered":"<p>Voy con retraso, con mucho retraso. la semana er\u00f3tica fue en noviembre de 2014 y hoy (2015) va a ser cuando empiece a comentar algo de ella.<\/p>\n<p>Pero no quisiera que el buen hacer de algunos establecimientos no recibieran mi reconocimiento. As\u00ed que hoy voy a hablar del bar Dr\u00e1cula.<\/p>\n<figure id=\"attachment_5353\" aria-describedby=\"caption-attachment-5353\" style=\"width: 320px\" class=\"wp-caption aligncenter\"><a href=\"http:\/\/felix.ares.fm\/?attachment_id=5353\" rel=\"attachment wp-att-5353\"><img loading=\"lazy\" decoding=\"async\" class=\"size-full wp-image-5353\" src=\"http:\/\/felix.ares.fm\/wp-content\/uploads\/2015\/03\/IMG_8474.jpg\" alt=\"Fachada del bar. La foto est\u00e1 sacada desde la terraza que tienen enfrente. Si el d\u00eda es bueno, un sitio muy bueno\" width=\"320\" height=\"213\" srcset=\"https:\/\/felix.ares.fm\/wp-content\/uploads\/2015\/03\/IMG_8474.jpg 320w, https:\/\/felix.ares.fm\/wp-content\/uploads\/2015\/03\/IMG_8474-300x199.jpg 300w\" sizes=\"auto, (max-width: 320px) 100vw, 320px\" \/><\/a><figcaption id=\"caption-attachment-5353\" class=\"wp-caption-text\">Fachada del bar. La foto est\u00e1 sacada desde la terraza que tienen enfrente. Si el d\u00eda es bueno, un sitio muy bueno<\/figcaption><\/figure>\n<p>En la puerta ten\u00edan el cartel que indicaba que participaban en el concurso de la Tapa Er\u00f3tica:<\/p>\n<p><a href=\"http:\/\/felix.ares.fm\/?attachment_id=5354\" rel=\"attachment wp-att-5354\"><img loading=\"lazy\" decoding=\"async\" class=\"aligncenter size-full wp-image-5354\" src=\"http:\/\/felix.ares.fm\/wp-content\/uploads\/2015\/03\/IMG_8475.jpg\" alt=\"IMG_8475\" width=\"320\" height=\"213\" srcset=\"https:\/\/felix.ares.fm\/wp-content\/uploads\/2015\/03\/IMG_8475.jpg 320w, https:\/\/felix.ares.fm\/wp-content\/uploads\/2015\/03\/IMG_8475-300x199.jpg 300w\" sizes=\"auto, (max-width: 320px) 100vw, 320px\" \/><\/a><\/p>\n<p>Pedimos dos vinos de Rioja:<\/p>\n<p><a href=\"http:\/\/felix.ares.fm\/?attachment_id=5355\" rel=\"attachment wp-att-5355\"><img loading=\"lazy\" decoding=\"async\" class=\"aligncenter size-full wp-image-5355\" src=\"http:\/\/felix.ares.fm\/wp-content\/uploads\/2015\/03\/IMG_8476-e1427615593841.jpg\" alt=\"IMG_8476\" width=\"213\" height=\"320\" srcset=\"https:\/\/felix.ares.fm\/wp-content\/uploads\/2015\/03\/IMG_8476-e1427615593841.jpg 213w, https:\/\/felix.ares.fm\/wp-content\/uploads\/2015\/03\/IMG_8476-e1427615593841-199x300.jpg 199w\" sizes=\"auto, (max-width: 213px) 100vw, 213px\" \/><\/a><\/p>\n<p>Y nos dieron las tapas del concurso:<\/p>\n<p><a href=\"http:\/\/felix.ares.fm\/?attachment_id=5357\" rel=\"attachment wp-att-5357\"><img loading=\"lazy\" decoding=\"async\" class=\"aligncenter size-full wp-image-5357\" src=\"http:\/\/felix.ares.fm\/wp-content\/uploads\/2015\/03\/IMG_8478.jpg\" alt=\"IMG_8478\" width=\"320\" height=\"213\" srcset=\"https:\/\/felix.ares.fm\/wp-content\/uploads\/2015\/03\/IMG_8478.jpg 320w, https:\/\/felix.ares.fm\/wp-content\/uploads\/2015\/03\/IMG_8478-300x199.jpg 300w\" sizes=\"auto, (max-width: 320px) 100vw, 320px\" \/><\/a><\/p>\n<figure id=\"attachment_5360\" aria-describedby=\"caption-attachment-5360\" style=\"width: 320px\" class=\"wp-caption aligncenter\"><a href=\"http:\/\/felix.ares.fm\/?attachment_id=5360\" rel=\"attachment wp-att-5360\"><img loading=\"lazy\" decoding=\"async\" class=\"size-full wp-image-5360\" src=\"http:\/\/felix.ares.fm\/wp-content\/uploads\/2015\/03\/IMG_8481.jpg\" alt=\"La tapa que concursaba\" width=\"320\" height=\"213\" srcset=\"https:\/\/felix.ares.fm\/wp-content\/uploads\/2015\/03\/IMG_8481.jpg 320w, https:\/\/felix.ares.fm\/wp-content\/uploads\/2015\/03\/IMG_8481-300x199.jpg 300w\" sizes=\"auto, (max-width: 320px) 100vw, 320px\" \/><\/a><figcaption id=\"caption-attachment-5360\" class=\"wp-caption-text\">La tapa que concursaba<\/figcaption><\/figure>\n<p><a href=\"http:\/\/felix.ares.fm\/?attachment_id=5359\" rel=\"attachment wp-att-5359\"><img loading=\"lazy\" decoding=\"async\" class=\"aligncenter size-full wp-image-5359\" src=\"http:\/\/felix.ares.fm\/wp-content\/uploads\/2015\/03\/IMG_8480.jpg\" alt=\"IMG_8480\" width=\"320\" height=\"213\" srcset=\"https:\/\/felix.ares.fm\/wp-content\/uploads\/2015\/03\/IMG_8480.jpg 320w, https:\/\/felix.ares.fm\/wp-content\/uploads\/2015\/03\/IMG_8480-300x199.jpg 300w\" sizes=\"auto, (max-width: 320px) 100vw, 320px\" \/><\/a><\/p>\n<p><a href=\"http:\/\/felix.ares.fm\/?attachment_id=5358\" rel=\"attachment wp-att-5358\"><img loading=\"lazy\" decoding=\"async\" class=\"aligncenter size-full wp-image-5358\" src=\"http:\/\/felix.ares.fm\/wp-content\/uploads\/2015\/03\/IMG_8479.jpg\" alt=\"IMG_8479\" width=\"320\" height=\"213\" srcset=\"https:\/\/felix.ares.fm\/wp-content\/uploads\/2015\/03\/IMG_8479.jpg 320w, https:\/\/felix.ares.fm\/wp-content\/uploads\/2015\/03\/IMG_8479-300x199.jpg 300w\" sizes=\"auto, (max-width: 320px) 100vw, 320px\" \/><\/a><\/p>\n<p>La tapa era muy sabrosa.<\/p>\n<p>Fuera del concurso, en la acera ten\u00edan este cartel que dice muchas cosas buenas del establecimiento. Por ejemplo, \u00abCerveza de Dr\u00e1cula\u00bb 2,50\u20ac.<\/p>\n<figure id=\"attachment_5361\" aria-describedby=\"caption-attachment-5361\" style=\"width: 213px\" class=\"wp-caption aligncenter\"><a href=\"http:\/\/felix.ares.fm\/?attachment_id=5361\" rel=\"attachment wp-att-5361\"><img loading=\"lazy\" decoding=\"async\" class=\"size-full wp-image-5361\" src=\"http:\/\/felix.ares.fm\/wp-content\/uploads\/2015\/03\/IMG_8482-e1427615704254.jpg\" alt=\"Pizarra con sus ofertas\" width=\"213\" height=\"320\" srcset=\"https:\/\/felix.ares.fm\/wp-content\/uploads\/2015\/03\/IMG_8482-e1427615704254.jpg 213w, https:\/\/felix.ares.fm\/wp-content\/uploads\/2015\/03\/IMG_8482-e1427615704254-199x300.jpg 199w\" sizes=\"auto, (max-width: 213px) 100vw, 213px\" \/><\/a><figcaption id=\"caption-attachment-5361\" class=\"wp-caption-text\">Pizarra con sus ofertas. Ca\u00f1a, vino de la casa, caf\u00e9 solo, te: 1 \u20ac. caf\u00e9 y Brandy 2\u20ac<\/figcaption><\/figure>\n<p>A m\u00ed me ha llamado la atenci\u00f3n la cerveza de Dr\u00e1cula; tendr\u00e9 que ir a probarla.<\/p>\n<p><strong>ATENCI\u00d3N<\/strong><\/p>\n<p>Nos atendi\u00f3 una camarera joven, siempre con una sonrisa en los labios y dispuesta a explicarnos todo. Francamente, muy buen servicio.<\/p>\n<p><strong>UBICACI\u00d3N<\/strong><\/p>\n<p><a href=\"http:\/\/felix.ares.fm\/?attachment_id=5356\" rel=\"attachment wp-att-5356\"><img loading=\"lazy\" decoding=\"async\" class=\"aligncenter size-full wp-image-5356\" src=\"http:\/\/felix.ares.fm\/wp-content\/uploads\/2015\/03\/IMG_8477.jpg\" alt=\"IMG_8477\" width=\"320\" height=\"213\" srcset=\"https:\/\/felix.ares.fm\/wp-content\/uploads\/2015\/03\/IMG_8477.jpg 320w, https:\/\/felix.ares.fm\/wp-content\/uploads\/2015\/03\/IMG_8477-300x199.jpg 300w\" sizes=\"auto, (max-width: 320px) 100vw, 320px\" \/><\/a><\/p>\n<p>Calle Reyes Cat\u00f3licos esquina Calle Col\u00f3n. Exactamente en<\/p>\n<p>Calle Col\u00f3n, 6, 29640 Fuengirola, M\u00e1laga<br \/>\nTel\u00e9fono m\u00f3vil: 677 10 32 48<\/p>\n<p style=\"text-align: center;\">* * *<\/p>\n<p><strong>Nota fotos y texto<\/strong>. Salvo las fotos que tienen un agradecimiento espec\u00edfico, como por ejemplo Wikipedia, son nuestras y las licenciamos con<\/p>\n<p><a href=\"http:\/\/creativecommons.org\/licenses\/by\/3.0\/deed.es_ES\" rel=\"license\"><img decoding=\"async\" src=\"http:\/\/i.creativecommons.org\/l\/by\/3.0\/88x31.png\" alt=\"Licencia de Creative Commons\" \/><\/a><br \/>\n<a href=\"viajes.ares.fm\" rel=\"cc:attributionURL\">F\u00e9lix Ares y Maricarmen Garmendia<\/a>\u00a0is licensed under a\u00a0<a href=\"http:\/\/creativecommons.org\/licenses\/by\/3.0\/deed.es_ES\" rel=\"license\">Creative Commons Reconocimiento 3.0 Unported License<\/a>.<br \/>\nCreado a partir de la obra en\u00a0<a href=\"viajes.ares.fm\" rel=\"dct:source\">felix.ares.fm<\/a>.<\/p>\n<p>Contacto con nosotros:<\/p>\n<p><a href=\"http:\/\/viajes.ares.fm\/wp-content\/uploads\/2013\/06\/emailTapasBr1.jpg\"><img loading=\"lazy\" decoding=\"async\" src=\"http:\/\/viajes.ares.fm\/wp-content\/uploads\/2013\/06\/emailTapasBr1-300x138.jpg\" alt=\"emailTapasBr\" width=\"300\" height=\"138\" \/><\/a><\/p>\n","protected":false},"excerpt":{"rendered":"<p>Voy con retraso, con mucho retraso. la semana er\u00f3tica fue en noviembre de 2014 y hoy (2015) va a ser cuando empiece a comentar algo de ella. Pero no quisiera que el buen hacer de algunos establecimientos no recibieran mi reconocimiento. As\u00ed que hoy voy a hablar del bar Dr\u00e1cula. En la puerta ten\u00edan el &hellip; <a href=\"https:\/\/felix.ares.fm\/?p=5352\" class=\"more-link\">Seguir leyendo <span class=\"screen-reader-text\">Bar Dr\u00e1cula: cervezas de miedo<\/span> <span class=\"meta-nav\">&rarr;<\/span><\/a><\/p>\n","protected":false},"author":1,"featured_media":0,"comment_status":"closed","ping_status":"open","sticky":false,"template":"","format":"standard","meta":{"footnotes":""},"categories":[493,501],"tags":[],"class_list":["post-5352","post","type-post","status-publish","format-standard","hentry","category-al-lado-de-la-playa","category-dracula-bar"],"_links":{"self":[{"href":"https:\/\/felix.ares.fm\/index.php?rest_route=\/wp\/v2\/posts\/5352","targetHints":{"allow":["GET"]}}],"collection":[{"href":"https:\/\/felix.ares.fm\/index.php?rest_route=\/wp\/v2\/posts"}],"about":[{"href":"https:\/\/felix.ares.fm\/index.php?rest_route=\/wp\/v2\/types\/post"}],"author":[{"embeddable":true,"href":"https:\/\/felix.ares.fm\/index.php?rest_route=\/wp\/v2\/users\/1"}],"replies":[{"embeddable":true,"href":"https:\/\/felix.ares.fm\/index.php?rest_route=%2Fwp%2Fv2%2Fcomments&post=5352"}],"version-history":[{"count":0,"href":"https:\/\/felix.ares.fm\/index.php?rest_route=\/wp\/v2\/posts\/5352\/revisions"}],"wp:attachment":[{"href":"https:\/\/felix.ares.fm\/index.php?rest_route=%2Fwp%2Fv2%2Fmedia&parent=5352"}],"wp:term":[{"taxonomy":"category","embeddable":true,"href":"https:\/\/felix.ares.fm\/index.php?rest_route=%2Fwp%2Fv2%2Fcategories&post=5352"},{"taxonomy":"post_tag","embeddable":true,"href":"https:\/\/felix.ares.fm\/index.php?rest_route=%2Fwp%2Fv2%2Ftags&post=5352"}],"curies":[{"name":"wp","href":"https:\/\/api.w.org\/{rel}","templated":true}]}}