{"id":5107,"date":"2015-02-24T23:50:39","date_gmt":"2015-02-24T21:50:39","guid":{"rendered":"http:\/\/felix.ares.fm\/?p=5107"},"modified":"2015-03-01T10:29:40","modified_gmt":"2015-03-01T08:29:40","slug":"al-anochecer-venus-y-marte-muy-juntos","status":"publish","type":"post","link":"https:\/\/felix.ares.fm\/?p=5107","title":{"rendered":"Al anochecer Venus y Marte muy juntos"},"content":{"rendered":"<p>Hoy, la primera \u00abestrella\u00bb que se vio tras la puesta del Sol &#8211;mirando al oeste&#8211; es Venus. He puesto \u00abestrella\u00bb entre comillas pues Venus no es una estrella sino un planeta.<\/p>\n<p>Un rato despu\u00e9s, cuando ya era un poco m\u00e1s de noche, debajo de Venus y hacia la derecha, pero muy cerquita, apareci\u00f3 otro objeto menos brillante, m\u00e1s peque\u00f1o y un poco rojizo. Se trata de Marte.<\/p>\n<p>Marte y Venus se ven casi juntos. Venus la diosa de la belleza, Marte el dios de la guerra unidos en el firmamento. Ma\u00f1ana podr\u00e1n verlo.<\/p>\n<figure id=\"attachment_5112\" aria-describedby=\"caption-attachment-5112\" style=\"width: 213px\" class=\"wp-caption aligncenter\"><a href=\"http:\/\/felix.ares.fm\/?attachment_id=5112\" rel=\"attachment wp-att-5112\"><img loading=\"lazy\" decoding=\"async\" class=\"size-full wp-image-5112\" src=\"http:\/\/felix.ares.fm\/wp-content\/uploads\/2015\/02\/IMG_8932-e1424901290230.jpg\" alt=\"Mirando al oeste. Poco despu\u00e9s de poner sel sol. Ven\" width=\"213\" height=\"320\" srcset=\"https:\/\/felix.ares.fm\/wp-content\/uploads\/2015\/02\/IMG_8932-e1424901290230.jpg 213w, https:\/\/felix.ares.fm\/wp-content\/uploads\/2015\/02\/IMG_8932-e1424901290230-199x300.jpg 199w\" sizes=\"auto, (max-width: 213px) 100vw, 213px\" \/><\/a><figcaption id=\"caption-attachment-5112\" class=\"wp-caption-text\">Mirando al oeste. Poco despu\u00e9s de poner el sol. Venus es el punto brillante. El que est\u00e1 debajo de \u00e9l, que se ve con dificultad, es Marte<\/figcaption><\/figure>\n<p>Un poco m\u00e1s tarde, Marte se ve mucho mejor.<\/p>\n<p>&nbsp;<\/p>\n<figure id=\"attachment_5114\" aria-describedby=\"caption-attachment-5114\" style=\"width: 320px\" class=\"wp-caption aligncenter\"><a href=\"http:\/\/felix.ares.fm\/?attachment_id=5114\" rel=\"attachment wp-att-5114\"><img loading=\"lazy\" decoding=\"async\" class=\"size-full wp-image-5114\" src=\"http:\/\/felix.ares.fm\/wp-content\/uploads\/2015\/02\/IMG_8931.jpg\" alt=\"El punto de abajo es Marte\" width=\"320\" height=\"213\" srcset=\"https:\/\/felix.ares.fm\/wp-content\/uploads\/2015\/02\/IMG_8931.jpg 320w, https:\/\/felix.ares.fm\/wp-content\/uploads\/2015\/02\/IMG_8931-300x199.jpg 300w\" sizes=\"auto, (max-width: 320px) 100vw, 320px\" \/><\/a><figcaption id=\"caption-attachment-5114\" class=\"wp-caption-text\">El punto de abajo es Marte<\/figcaption><\/figure>\n<figure id=\"attachment_5108\" aria-describedby=\"caption-attachment-5108\" style=\"width: 300px\" class=\"wp-caption aligncenter\"><a href=\"http:\/\/felix.ares.fm\/?attachment_id=5108\" rel=\"attachment wp-att-5108\"><img loading=\"lazy\" decoding=\"async\" class=\"wp-image-5108 size-medium\" src=\"http:\/\/felix.ares.fm\/wp-content\/uploads\/2015\/02\/700px-Venus_and_Mars-300x120.jpg\" alt=\"Venus y Marte de Boticelli. Gentileza de Wikimedia\" width=\"300\" height=\"120\" srcset=\"https:\/\/felix.ares.fm\/wp-content\/uploads\/2015\/02\/700px-Venus_and_Mars-300x120.jpg 300w, https:\/\/felix.ares.fm\/wp-content\/uploads\/2015\/02\/700px-Venus_and_Mars.jpg 700w\" sizes=\"auto, (max-width: 300px) 100vw, 300px\" \/><\/a><figcaption id=\"caption-attachment-5108\" class=\"wp-caption-text\">Venus y Marte de Botticelli. Gentileza de Wikimedia<\/figcaption><\/figure>\n<p>&nbsp;<\/p>\n<p style=\"text-align: center;\">* * *<\/p>\n<p><strong>Nota fotos y texto<\/strong>. Salvo las fotos que tienen un agradecimiento espec\u00edfico, como por ejemplo Wikipedia, son nuestras y las licenciamos con<\/p>\n<p><a href=\"http:\/\/creativecommons.org\/licenses\/by\/3.0\/deed.es_ES\" rel=\"license\"><img decoding=\"async\" src=\"http:\/\/i.creativecommons.org\/l\/by\/3.0\/88x31.png\" alt=\"Licencia de Creative Commons\" \/><\/a><br \/>\n<a href=\"viajes.ares.fm\" rel=\"cc:attributionURL\">F\u00e9lix Ares y Maricarmen Garmendia<\/a>\u00a0is licensed under a\u00a0<a href=\"http:\/\/creativecommons.org\/licenses\/by\/3.0\/deed.es_ES\" rel=\"license\">Creative Commons Reconocimiento 3.0 Unported License<\/a>.<br \/>\nCreado a partir de la obra en\u00a0<a href=\"viajes.ares.fm\" rel=\"dct:source\">felix.ares.fm<\/a>.<\/p>\n<p>Contacto con nosotros:<\/p>\n<p><a href=\"http:\/\/viajes.ares.fm\/wp-content\/uploads\/2013\/06\/emailTapasBr1.jpg\"><img loading=\"lazy\" decoding=\"async\" src=\"http:\/\/viajes.ares.fm\/wp-content\/uploads\/2013\/06\/emailTapasBr1-300x138.jpg\" alt=\"emailTapasBr\" width=\"300\" height=\"138\" \/><\/a><\/p>\n","protected":false},"excerpt":{"rendered":"<p>Hoy, la primera \u00abestrella\u00bb que se vio tras la puesta del Sol &#8211;mirando al oeste&#8211; es Venus. He puesto \u00abestrella\u00bb entre comillas pues Venus no es una estrella sino un planeta. Un rato despu\u00e9s, cuando ya era un poco m\u00e1s de noche, debajo de Venus y hacia la derecha, pero muy cerquita, apareci\u00f3 otro objeto &hellip; <a href=\"https:\/\/felix.ares.fm\/?p=5107\" class=\"more-link\">Seguir leyendo <span class=\"screen-reader-text\">Al anochecer Venus y Marte muy juntos<\/span> <span class=\"meta-nav\">&rarr;<\/span><\/a><\/p>\n","protected":false},"author":1,"featured_media":0,"comment_status":"closed","ping_status":"open","sticky":false,"template":"","format":"standard","meta":{"footnotes":""},"categories":[491,490],"tags":[],"class_list":["post-5107","post","type-post","status-publish","format-standard","hentry","category-marte","category-venus"],"_links":{"self":[{"href":"https:\/\/felix.ares.fm\/index.php?rest_route=\/wp\/v2\/posts\/5107","targetHints":{"allow":["GET"]}}],"collection":[{"href":"https:\/\/felix.ares.fm\/index.php?rest_route=\/wp\/v2\/posts"}],"about":[{"href":"https:\/\/felix.ares.fm\/index.php?rest_route=\/wp\/v2\/types\/post"}],"author":[{"embeddable":true,"href":"https:\/\/felix.ares.fm\/index.php?rest_route=\/wp\/v2\/users\/1"}],"replies":[{"embeddable":true,"href":"https:\/\/felix.ares.fm\/index.php?rest_route=%2Fwp%2Fv2%2Fcomments&post=5107"}],"version-history":[{"count":0,"href":"https:\/\/felix.ares.fm\/index.php?rest_route=\/wp\/v2\/posts\/5107\/revisions"}],"wp:attachment":[{"href":"https:\/\/felix.ares.fm\/index.php?rest_route=%2Fwp%2Fv2%2Fmedia&parent=5107"}],"wp:term":[{"taxonomy":"category","embeddable":true,"href":"https:\/\/felix.ares.fm\/index.php?rest_route=%2Fwp%2Fv2%2Fcategories&post=5107"},{"taxonomy":"post_tag","embeddable":true,"href":"https:\/\/felix.ares.fm\/index.php?rest_route=%2Fwp%2Fv2%2Ftags&post=5107"}],"curies":[{"name":"wp","href":"https:\/\/api.w.org\/{rel}","templated":true}]}}