{"id":4898,"date":"2014-06-29T22:32:03","date_gmt":"2014-06-29T20:32:03","guid":{"rendered":"http:\/\/felix.ares.fm\/?p=4898"},"modified":"2014-06-30T12:18:53","modified_gmt":"2014-06-30T10:18:53","slug":"la-cazuela-de-la-abuela-6-los-bolichitos","status":"publish","type":"post","link":"https:\/\/felix.ares.fm\/?p=4898","title":{"rendered":"La Cazuela de la Abuela (6): Los Bolichitos"},"content":{"rendered":"<p><strong>29 de junio de 2014<\/strong><\/p>\n<p>Otro de los participantes en \u00ab<a href=\"http:\/\/felix.ares.fm\/?p=4506\">La Cazuela de la Abuela<\/a>\u00bb fue \u00ab<a href=\"http:\/\/felix.ares.fm\/?p=44\">Los Bolichitos<\/a>\u00bb del que ya hemos hablado varias veces, por diversos motivos, uno de ellos su participaci\u00f3n en la \u00abCuarta ruta de la tapa er\u00f3tica\u00bb.<\/p>\n<figure id=\"attachment_4902\" aria-describedby=\"caption-attachment-4902\" style=\"width: 320px\" class=\"wp-caption aligncenter\"><a href=\"http:\/\/felix.ares.fm\/?attachment_id=4902\" rel=\"attachment wp-att-4902\"><img loading=\"lazy\" decoding=\"async\" class=\"size-full wp-image-4902\" alt=\"El interior de los Bolichitos. \" src=\"http:\/\/felix.ares.fm\/wp-content\/uploads\/2014\/06\/IMG_3940.jpg\" width=\"320\" height=\"213\" srcset=\"https:\/\/felix.ares.fm\/wp-content\/uploads\/2014\/06\/IMG_3940.jpg 320w, https:\/\/felix.ares.fm\/wp-content\/uploads\/2014\/06\/IMG_3940-300x199.jpg 300w\" sizes=\"auto, (max-width: 320px) 100vw, 320px\" \/><\/a><figcaption id=\"caption-attachment-4902\" class=\"wp-caption-text\">El interior de los Bolichitos.<\/figcaption><\/figure>\n<figure id=\"attachment_4903\" aria-describedby=\"caption-attachment-4903\" style=\"width: 320px\" class=\"wp-caption aligncenter\"><a href=\"http:\/\/felix.ares.fm\/?attachment_id=4903\" rel=\"attachment wp-att-4903\"><img loading=\"lazy\" decoding=\"async\" class=\"size-full wp-image-4903\" alt=\"En esta ocasi\u00f3n la bebida fue un moriles\" src=\"http:\/\/felix.ares.fm\/wp-content\/uploads\/2014\/06\/IMG_3941.jpg\" width=\"320\" height=\"213\" srcset=\"https:\/\/felix.ares.fm\/wp-content\/uploads\/2014\/06\/IMG_3941.jpg 320w, https:\/\/felix.ares.fm\/wp-content\/uploads\/2014\/06\/IMG_3941-300x199.jpg 300w\" sizes=\"auto, (max-width: 320px) 100vw, 320px\" \/><\/a><figcaption id=\"caption-attachment-4903\" class=\"wp-caption-text\">En esta ocasi\u00f3n la bebida fue un moriles<\/figcaption><\/figure>\n<p>Y su excelente propuesta era unas alubias blancas con pimiento verde y carne:<\/p>\n<p style=\"text-align: center;\"><a href=\"http:\/\/felix.ares.fm\/?attachment_id=4904\" rel=\"attachment wp-att-4904\"><img loading=\"lazy\" decoding=\"async\" class=\"aligncenter size-full wp-image-4904\" alt=\"IMG_3945\" src=\"http:\/\/felix.ares.fm\/wp-content\/uploads\/2014\/06\/IMG_3945.jpg\" width=\"320\" height=\"213\" srcset=\"https:\/\/felix.ares.fm\/wp-content\/uploads\/2014\/06\/IMG_3945.jpg 320w, https:\/\/felix.ares.fm\/wp-content\/uploads\/2014\/06\/IMG_3945-300x199.jpg 300w\" sizes=\"auto, (max-width: 320px) 100vw, 320px\" \/><\/a><\/p>\n<p style=\"text-align: center;\">* * *<\/p>\n<p style=\"text-align: left;\">tal como ya hemos dicho otras veces, este lugar tiene una relaci\u00f3n calidad\/precio excelente. Los camareros son muy amables. Quiz\u00e1 el \u00fanico inconveniente a se\u00f1alar es que <strong>se trata de un sal\u00f3n de juego, con dos televisiones<\/strong>, y eso hace que a veces sea demasiado ruidoso.<\/p>\n<p><strong>\u00a0UBICACI\u00d3N<\/strong><\/p>\n<address>Avda. de los Boliches 55<\/address>\n<address>Tel\u00e9fono: 952 47 21\u00a055<\/address>\n<p>En cuanto al tel\u00e9fono en otro sitio hemos encontrado otro (951 25 94 32), no s\u00e9 cu\u00e1l ser\u00e1 el bueno:<\/p>\n<figure id=\"attachment_4921\" aria-describedby=\"caption-attachment-4921\" style=\"width: 320px\" class=\"wp-caption aligncenter\"><a href=\"http:\/\/felix.ares.fm\/?attachment_id=4921\" rel=\"attachment wp-att-4921\"><img loading=\"lazy\" decoding=\"async\" class=\"size-full wp-image-4921\" alt=\"Foto basada en street view de Google. Observen el la columna del centro y en la derecha, el p\u00f3ster de participante en &quot;La Cazuela de la Abuela&quot;\" src=\"http:\/\/felix.ares.fm\/wp-content\/uploads\/2014\/06\/los_bolichitos1.jpg\" width=\"320\" height=\"227\" srcset=\"https:\/\/felix.ares.fm\/wp-content\/uploads\/2014\/06\/los_bolichitos1.jpg 320w, https:\/\/felix.ares.fm\/wp-content\/uploads\/2014\/06\/los_bolichitos1-300x212.jpg 300w\" sizes=\"auto, (max-width: 320px) 100vw, 320px\" \/><\/a><figcaption id=\"caption-attachment-4921\" class=\"wp-caption-text\">Foto basada en street view de Google. Observen el la columna del centro y en la derecha, el p\u00f3ster de participante en \u00abLa Cazuela de la Abuela\u00bb<\/figcaption><\/figure>\n<dl class=\"wp-caption aligncenter\" id=\"attachment_4922\" style=\"width: 330px;\">\n<dt class=\"wp-caption-dt\"><span style=\"background-color: #ffffff; line-height: 1.5em;\">* * *<\/span><\/dt>\n<\/dl>\n<p><strong>Nota fotos y texto<\/strong>. Salvo las fotos que tienen un agradecimiento espec\u00edfico, como por ejemplo Wikipedia, son nuestras y las licenciamos con<\/p>\n<p><a href=\"http:\/\/creativecommons.org\/licenses\/by\/3.0\/deed.es_ES\" rel=\"license\"><img decoding=\"async\" alt=\"Licencia de Creative Commons\" src=\"http:\/\/i.creativecommons.org\/l\/by\/3.0\/88x31.png\" \/><\/a><br \/>\n<a href=\"viajes.ares.fm\" rel=\"cc:attributionURL\">F\u00e9lix Ares y Maricarmen Garmendia<\/a>\u00a0is licensed under a\u00a0<a href=\"http:\/\/creativecommons.org\/licenses\/by\/3.0\/deed.es_ES\" rel=\"license\">Creative Commons Reconocimiento 3.0 Unported License<\/a>.<br \/>\nCreado a partir de la obra en\u00a0<a href=\"viajes.ares.fm\" rel=\"dct:source\">felix.ares.fm<\/a>.<\/p>\n<h5>\u00a0Contacto con nosotros:<\/h5>\n<h5>\u00a0<a href=\"http:\/\/viajes.ares.fm\/wp-content\/uploads\/2013\/06\/emailTapasBr1.jpg\"><img loading=\"lazy\" decoding=\"async\" alt=\"emailTapasBr\" src=\"http:\/\/viajes.ares.fm\/wp-content\/uploads\/2013\/06\/emailTapasBr1-300x138.jpg\" width=\"300\" height=\"138\" \/><\/a><\/h5>\n","protected":false},"excerpt":{"rendered":"<p>29 de junio de 2014 Otro de los participantes en \u00abLa Cazuela de la Abuela\u00bb fue \u00abLos Bolichitos\u00bb del que ya hemos hablado varias veces, por diversos motivos, uno de ellos su participaci\u00f3n en la \u00abCuarta ruta de la tapa er\u00f3tica\u00bb. Y su excelente propuesta era unas alubias blancas con pimiento verde y carne: * &hellip; <a href=\"https:\/\/felix.ares.fm\/?p=4898\" class=\"more-link\">Seguir leyendo <span class=\"screen-reader-text\">La Cazuela de la Abuela (6): Los Bolichitos<\/span> <span class=\"meta-nav\">&rarr;<\/span><\/a><\/p>\n","protected":false},"author":1,"featured_media":0,"comment_status":"open","ping_status":"open","sticky":false,"template":"","format":"standard","meta":{"footnotes":""},"categories":[428,456,258,221],"tags":[],"class_list":["post-4898","post","type-post","status-publish","format-standard","hentry","category-cazuela-de-la-abuela","category-los-bolichitos","category-salon-de-juego","category-taperia"],"_links":{"self":[{"href":"https:\/\/felix.ares.fm\/index.php?rest_route=\/wp\/v2\/posts\/4898","targetHints":{"allow":["GET"]}}],"collection":[{"href":"https:\/\/felix.ares.fm\/index.php?rest_route=\/wp\/v2\/posts"}],"about":[{"href":"https:\/\/felix.ares.fm\/index.php?rest_route=\/wp\/v2\/types\/post"}],"author":[{"embeddable":true,"href":"https:\/\/felix.ares.fm\/index.php?rest_route=\/wp\/v2\/users\/1"}],"replies":[{"embeddable":true,"href":"https:\/\/felix.ares.fm\/index.php?rest_route=%2Fwp%2Fv2%2Fcomments&post=4898"}],"version-history":[{"count":0,"href":"https:\/\/felix.ares.fm\/index.php?rest_route=\/wp\/v2\/posts\/4898\/revisions"}],"wp:attachment":[{"href":"https:\/\/felix.ares.fm\/index.php?rest_route=%2Fwp%2Fv2%2Fmedia&parent=4898"}],"wp:term":[{"taxonomy":"category","embeddable":true,"href":"https:\/\/felix.ares.fm\/index.php?rest_route=%2Fwp%2Fv2%2Fcategories&post=4898"},{"taxonomy":"post_tag","embeddable":true,"href":"https:\/\/felix.ares.fm\/index.php?rest_route=%2Fwp%2Fv2%2Ftags&post=4898"}],"curies":[{"name":"wp","href":"https:\/\/api.w.org\/{rel}","templated":true}]}}