{"id":4434,"date":"2013-12-29T12:05:02","date_gmt":"2013-12-29T10:05:02","guid":{"rendered":"http:\/\/felix.ares.fm\/?p=4434"},"modified":"2014-06-28T21:58:56","modified_gmt":"2014-06-28T19:58:56","slug":"la-bodeguita-del-tapeo","status":"publish","type":"post","link":"https:\/\/felix.ares.fm\/?p=4434","title":{"rendered":"La bodeguita del tapeo"},"content":{"rendered":"<p><strong>23 de diciembre de 2013<\/strong><\/p>\n<p>Hoy hemos visitado por primera vez<\/p>\n<figure id=\"attachment_4435\" aria-describedby=\"caption-attachment-4435\" style=\"width: 363px\" class=\"wp-caption aligncenter\"><a href=\"http:\/\/felix.ares.fm\/?attachment_id=4435\" rel=\"attachment wp-att-4435\"><img loading=\"lazy\" decoding=\"async\" class=\"size-full wp-image-4435\" alt=\"La bodeguita del tapeo\" src=\"http:\/\/felix.ares.fm\/wp-content\/uploads\/2013\/12\/IMG_3588.jpg\" width=\"363\" height=\"242\" srcset=\"https:\/\/felix.ares.fm\/wp-content\/uploads\/2013\/12\/IMG_3588.jpg 363w, https:\/\/felix.ares.fm\/wp-content\/uploads\/2013\/12\/IMG_3588-300x200.jpg 300w\" sizes=\"auto, (max-width: 363px) 100vw, 363px\" \/><\/a><figcaption id=\"caption-attachment-4435\" class=\"wp-caption-text\">La bodeguita del tapeo<\/figcaption><\/figure>\n<p>Nos ha gustado.<\/p>\n<p><a href=\"http:\/\/felix.ares.fm\/?attachment_id=4436\" rel=\"attachment wp-att-4436\"><img loading=\"lazy\" decoding=\"async\" class=\"aligncenter size-full wp-image-4436\" alt=\"IMG_3621_2\" src=\"http:\/\/felix.ares.fm\/wp-content\/uploads\/2013\/12\/IMG_3621_2.jpg\" width=\"363\" height=\"242\" srcset=\"https:\/\/felix.ares.fm\/wp-content\/uploads\/2013\/12\/IMG_3621_2.jpg 363w, https:\/\/felix.ares.fm\/wp-content\/uploads\/2013\/12\/IMG_3621_2-300x200.jpg 300w\" sizes=\"auto, (max-width: 363px) 100vw, 363px\" \/><\/a><\/p>\n<p>&nbsp;<\/p>\n<p>&nbsp;<\/p>\n<p>Como pueden ver a la derecha tienen una terreza. En verano debe ser estupenda, pero en verano no tanto, pues en ella fuman. Entramos y nos salimos por humo. Ya saben ustedes que a nosotros humo y televiones nos ponen un poco de los nervios y nos vamos. Pero, en el interior, el local es muy agradable, decorado como un viejo mes\u00f3n con sillas y mesas de madera. Ese ambiente r\u00fastico nos gusta.<\/p>\n<figure id=\"attachment_4444\" aria-describedby=\"caption-attachment-4444\" style=\"width: 316px\" class=\"wp-caption aligncenter\"><a href=\"http:\/\/felix.ares.fm\/?attachment_id=4444\" rel=\"attachment wp-att-4444\"><img loading=\"lazy\" decoding=\"async\" class=\"size-full wp-image-4444\" alt=\"Interior de la bodeguita del tapeo\" src=\"http:\/\/felix.ares.fm\/wp-content\/uploads\/2013\/12\/IMG_3585_2.jpg\" width=\"316\" height=\"241\" srcset=\"https:\/\/felix.ares.fm\/wp-content\/uploads\/2013\/12\/IMG_3585_2.jpg 316w, https:\/\/felix.ares.fm\/wp-content\/uploads\/2013\/12\/IMG_3585_2-300x228.jpg 300w\" sizes=\"auto, (max-width: 316px) 100vw, 316px\" \/><\/a><figcaption id=\"caption-attachment-4444\" class=\"wp-caption-text\">Interior de la bodeguita del tapeo<\/figcaption><\/figure>\n<p>&nbsp;<\/p>\n<p>Pedimos las bebidas habituales. Una ca\u00f1a y un tinto de verano.<\/p>\n<figure id=\"attachment_4818\" aria-describedby=\"caption-attachment-4818\" style=\"width: 320px\" class=\"wp-caption aligncenter\"><a href=\"http:\/\/felix.ares.fm\/?attachment_id=4818\" rel=\"attachment wp-att-4818\"><img loading=\"lazy\" decoding=\"async\" class=\"size-full wp-image-4818\" alt=\"La bodeguita del tapeo\" src=\"http:\/\/felix.ares.fm\/wp-content\/uploads\/2013\/12\/IMG_3764.jpg\" width=\"320\" height=\"213\" srcset=\"https:\/\/felix.ares.fm\/wp-content\/uploads\/2013\/12\/IMG_3764.jpg 320w, https:\/\/felix.ares.fm\/wp-content\/uploads\/2013\/12\/IMG_3764-300x199.jpg 300w\" sizes=\"auto, (max-width: 320px) 100vw, 320px\" \/><\/a><figcaption id=\"caption-attachment-4818\" class=\"wp-caption-text\">La bodeguita del tapeo<\/figcaption><\/figure>\n<p>Nos las sirvieron con prontitud y amabilidad y las acompa\u00f1aron con unas tapas obsequio de la casa consistentes en \u00abpatatas de Coin\u00bb, seg\u00fan entendimos, y unas hamburguesitas.<\/p>\n<p>Tamto las patatas como las hamburguesitas estaban excelente. Lo que no hemos logrado ver es qu\u00e9 son las patatas de Co\u00edn, aunque ya vimos que eran con pimiento y tomate.<\/p>\n<figure id=\"attachment_4437\" aria-describedby=\"caption-attachment-4437\" style=\"width: 363px\" class=\"wp-caption aligncenter\"><a href=\"http:\/\/felix.ares.fm\/?attachment_id=4437\" rel=\"attachment wp-att-4437\"><img loading=\"lazy\" decoding=\"async\" class=\"size-full wp-image-4437\" alt=\"Tinto de evrabo y patatas de Co\u00edn\" src=\"http:\/\/felix.ares.fm\/wp-content\/uploads\/2013\/12\/IMG_3580.jpg\" width=\"363\" height=\"242\" srcset=\"https:\/\/felix.ares.fm\/wp-content\/uploads\/2013\/12\/IMG_3580.jpg 363w, https:\/\/felix.ares.fm\/wp-content\/uploads\/2013\/12\/IMG_3580-300x200.jpg 300w\" sizes=\"auto, (max-width: 363px) 100vw, 363px\" \/><\/a><figcaption id=\"caption-attachment-4437\" class=\"wp-caption-text\">Tinto de verano y patatas de Co\u00edn<\/figcaption><\/figure>\n<p>Nos acercamos un poco a las patatas:<\/p>\n<p><a href=\"http:\/\/felix.ares.fm\/?attachment_id=4438\" rel=\"attachment wp-att-4438\"><img loading=\"lazy\" decoding=\"async\" class=\"aligncenter size-full wp-image-4438\" alt=\"IMG_3578\" src=\"http:\/\/felix.ares.fm\/wp-content\/uploads\/2013\/12\/IMG_3578.jpg\" width=\"363\" height=\"242\" srcset=\"https:\/\/felix.ares.fm\/wp-content\/uploads\/2013\/12\/IMG_3578.jpg 363w, https:\/\/felix.ares.fm\/wp-content\/uploads\/2013\/12\/IMG_3578-300x200.jpg 300w\" sizes=\"auto, (max-width: 363px) 100vw, 363px\" \/><\/a><\/p>\n<p>Y las hamburguesitas eran as\u00ed:<\/p>\n<figure id=\"attachment_4439\" aria-describedby=\"caption-attachment-4439\" style=\"width: 363px\" class=\"wp-caption aligncenter\"><a href=\"http:\/\/felix.ares.fm\/?attachment_id=4439\" rel=\"attachment wp-att-4439\"><img loading=\"lazy\" decoding=\"async\" class=\"size-full wp-image-4439\" alt=\"Hamburguesitas. Sabrosas y crujientes\" src=\"http:\/\/felix.ares.fm\/wp-content\/uploads\/2013\/12\/IMG_3575.jpg\" width=\"363\" height=\"242\" srcset=\"https:\/\/felix.ares.fm\/wp-content\/uploads\/2013\/12\/IMG_3575.jpg 363w, https:\/\/felix.ares.fm\/wp-content\/uploads\/2013\/12\/IMG_3575-300x200.jpg 300w\" sizes=\"auto, (max-width: 363px) 100vw, 363px\" \/><\/a><figcaption id=\"caption-attachment-4439\" class=\"wp-caption-text\">Hamburguesitas. Sabrosas y crujientes<\/figcaption><\/figure>\n<p>Adem\u00e1s pedimos una raci\u00f3n de ri\u00f1ones al jerez que result\u00f3 abundante y excelente. Los ri\u00f1ones adem\u00e1s de la salsa de jerez ten\u00eda pimienta negra que le daba un toque sumamente agradable. Esos ri\u00f1ones se merecen un sobresaliente.<\/p>\n<figure id=\"attachment_4440\" aria-describedby=\"caption-attachment-4440\" style=\"width: 363px\" class=\"wp-caption aligncenter\"><a href=\"http:\/\/felix.ares.fm\/?attachment_id=4440\" rel=\"attachment wp-att-4440\"><img loading=\"lazy\" decoding=\"async\" class=\"size-full wp-image-4440\" alt=\"Ri\u00f1ones al jerez con pimienta negra\" src=\"http:\/\/felix.ares.fm\/wp-content\/uploads\/2013\/12\/IMG_3577.jpg\" width=\"363\" height=\"242\" srcset=\"https:\/\/felix.ares.fm\/wp-content\/uploads\/2013\/12\/IMG_3577.jpg 363w, https:\/\/felix.ares.fm\/wp-content\/uploads\/2013\/12\/IMG_3577-300x200.jpg 300w\" sizes=\"auto, (max-width: 363px) 100vw, 363px\" \/><\/a><figcaption id=\"caption-attachment-4440\" class=\"wp-caption-text\">Ri\u00f1ones al jerez con pimienta negra. \u00a1De rechupete!<\/figcaption><\/figure>\n<figure id=\"attachment_4819\" aria-describedby=\"caption-attachment-4819\" style=\"width: 320px\" class=\"wp-caption aligncenter\"><a href=\"http:\/\/felix.ares.fm\/?attachment_id=4819\" rel=\"attachment wp-att-4819\"><img loading=\"lazy\" decoding=\"async\" class=\"size-full wp-image-4819\" alt=\"Pincho de gambas\" src=\"http:\/\/felix.ares.fm\/wp-content\/uploads\/2013\/12\/IMG_3765.jpg\" width=\"320\" height=\"213\" srcset=\"https:\/\/felix.ares.fm\/wp-content\/uploads\/2013\/12\/IMG_3765.jpg 320w, https:\/\/felix.ares.fm\/wp-content\/uploads\/2013\/12\/IMG_3765-300x199.jpg 300w\" sizes=\"auto, (max-width: 320px) 100vw, 320px\" \/><\/a><figcaption id=\"caption-attachment-4819\" class=\"wp-caption-text\">Pincho de gambas<\/figcaption><\/figure>\n<figure id=\"attachment_4820\" aria-describedby=\"caption-attachment-4820\" style=\"width: 320px\" class=\"wp-caption aligncenter\"><a href=\"http:\/\/felix.ares.fm\/?attachment_id=4820\" rel=\"attachment wp-att-4820\"><img loading=\"lazy\" decoding=\"async\" class=\"size-full wp-image-4820\" alt=\"Guisado de carne\" src=\"http:\/\/felix.ares.fm\/wp-content\/uploads\/2013\/12\/IMG_3776.jpg\" width=\"320\" height=\"213\" srcset=\"https:\/\/felix.ares.fm\/wp-content\/uploads\/2013\/12\/IMG_3776.jpg 320w, https:\/\/felix.ares.fm\/wp-content\/uploads\/2013\/12\/IMG_3776-300x199.jpg 300w\" sizes=\"auto, (max-width: 320px) 100vw, 320px\" \/><\/a><figcaption id=\"caption-attachment-4820\" class=\"wp-caption-text\">Guisado de carne<\/figcaption><\/figure>\n<p>&nbsp;<\/p>\n<p>&nbsp;<\/p>\n<p>La oferta, por supuesto, era mucho m\u00e1s amplia. Vamos a ver algunos detalles:<\/p>\n<figure id=\"attachment_4441\" aria-describedby=\"caption-attachment-4441\" style=\"width: 242px\" class=\"wp-caption aligncenter\"><a href=\"http:\/\/felix.ares.fm\/?attachment_id=4441\" rel=\"attachment wp-att-4441\"><img loading=\"lazy\" decoding=\"async\" class=\"size-full wp-image-4441\" alt=\"La oferta de arriba a la izquierda es un selecci\u00f3n de cinco tapas por 7,50\u20ac\" src=\"http:\/\/felix.ares.fm\/wp-content\/uploads\/2013\/12\/IMG_3574_2-e1388310586857.jpg\" width=\"242\" height=\"363\" srcset=\"https:\/\/felix.ares.fm\/wp-content\/uploads\/2013\/12\/IMG_3574_2-e1388310586857.jpg 242w, https:\/\/felix.ares.fm\/wp-content\/uploads\/2013\/12\/IMG_3574_2-e1388310586857-200x300.jpg 200w\" sizes=\"auto, (max-width: 242px) 100vw, 242px\" \/><\/a><figcaption id=\"caption-attachment-4441\" class=\"wp-caption-text\">La oferta de arriba a la izquierda es un selecci\u00f3n de cinco tapas por 7,50\u20ac. Magro con tomate 4,80\u20ac. Habas jam\u00f3m 1,50 \u00a0\u20ac, etc.<\/figcaption><\/figure>\n<figure id=\"attachment_4445\" aria-describedby=\"caption-attachment-4445\" style=\"width: 363px\" class=\"wp-caption aligncenter\"><a href=\"http:\/\/felix.ares.fm\/?attachment_id=4445\" rel=\"attachment wp-att-4445\"><img loading=\"lazy\" decoding=\"async\" class=\"size-full wp-image-4445 \" alt=\"dfdf\" src=\"http:\/\/felix.ares.fm\/wp-content\/uploads\/2013\/12\/IMG_3625.jpg\" width=\"363\" height=\"242\" srcset=\"https:\/\/felix.ares.fm\/wp-content\/uploads\/2013\/12\/IMG_3625.jpg 363w, https:\/\/felix.ares.fm\/wp-content\/uploads\/2013\/12\/IMG_3625-300x200.jpg 300w\" sizes=\"auto, (max-width: 363px) 100vw, 363px\" \/><\/a><figcaption id=\"caption-attachment-4445\" class=\"wp-caption-text\">Surtido de tostas 10\u20ac. La imagen es la de abajo a la izquierda<\/figcaption><\/figure>\n<figure id=\"attachment_4442\" aria-describedby=\"caption-attachment-4442\" style=\"width: 221px\" class=\"wp-caption aligncenter\"><a href=\"http:\/\/felix.ares.fm\/?attachment_id=4442\" rel=\"attachment wp-att-4442\"><img loading=\"lazy\" decoding=\"async\" class=\"size-full wp-image-4442\" alt=\"Surtido de tostas 10\u20ac; \" src=\"http:\/\/felix.ares.fm\/wp-content\/uploads\/2013\/12\/IMG_3581_2-e1388310760136.jpg\" width=\"221\" height=\"178\" \/><\/a><figcaption id=\"caption-attachment-4442\" class=\"wp-caption-text\">Surtido de tostas 10\u20ac; todta de jam\u00f3n 1,60\u20ac, tosta de cochinillo 1,60\u20ac&#8230;<\/figcaption><\/figure>\n<p>M\u00e1s cosas de la carta:<\/p>\n<p><a href=\"http:\/\/felix.ares.fm\/?attachment_id=4443\" rel=\"attachment wp-att-4443\"><img loading=\"lazy\" decoding=\"async\" class=\"aligncenter size-full wp-image-4443\" alt=\"IMG_3587\" src=\"http:\/\/felix.ares.fm\/wp-content\/uploads\/2013\/12\/IMG_3587.jpg\" width=\"363\" height=\"242\" srcset=\"https:\/\/felix.ares.fm\/wp-content\/uploads\/2013\/12\/IMG_3587.jpg 363w, https:\/\/felix.ares.fm\/wp-content\/uploads\/2013\/12\/IMG_3587-300x200.jpg 300w\" sizes=\"auto, (max-width: 363px) 100vw, 363px\" \/><\/a>Por ejemplo. Jam\u00f3n de resreva 3,50\u20ac. Tabla ib\u00e9rica 17,50\u20ac<\/p>\n<p><strong><span style=\"color: #ff0000;\" data-mce-mark=\"1\">UBICACI\u00d3N<\/span><\/strong><\/p>\n<p><a href=\"http:\/\/felix.ares.fm\/?attachment_id=4446\" rel=\"attachment wp-att-4446\"><img loading=\"lazy\" decoding=\"async\" class=\"aligncenter size-full wp-image-4446\" alt=\"IMG_3583\" src=\"http:\/\/felix.ares.fm\/wp-content\/uploads\/2013\/12\/IMG_3583.jpg\" width=\"363\" height=\"242\" srcset=\"https:\/\/felix.ares.fm\/wp-content\/uploads\/2013\/12\/IMG_3583.jpg 363w, https:\/\/felix.ares.fm\/wp-content\/uploads\/2013\/12\/IMG_3583-300x200.jpg 300w\" sizes=\"auto, (max-width: 363px) 100vw, 363px\" \/><\/a><\/p>\n<figure id=\"attachment_4447\" aria-describedby=\"caption-attachment-4447\" style=\"width: 363px\" class=\"wp-caption aligncenter\"><a href=\"http:\/\/felix.ares.fm\/?attachment_id=4447\" rel=\"attachment wp-att-4447\"><img loading=\"lazy\" decoding=\"async\" class=\"size-full wp-image-4447\" alt=\"C\/ Marconi esquina Calle Castillo\" src=\"http:\/\/felix.ares.fm\/wp-content\/uploads\/2013\/12\/IMG_3584.jpg\" width=\"363\" height=\"242\" srcset=\"https:\/\/felix.ares.fm\/wp-content\/uploads\/2013\/12\/IMG_3584.jpg 363w, https:\/\/felix.ares.fm\/wp-content\/uploads\/2013\/12\/IMG_3584-300x200.jpg 300w\" sizes=\"auto, (max-width: 363px) 100vw, 363px\" \/><\/a><figcaption id=\"caption-attachment-4447\" class=\"wp-caption-text\">C\/ Marconi esquina Calle Castillo<\/figcaption><\/figure>\n<figure id=\"attachment_4448\" aria-describedby=\"caption-attachment-4448\" style=\"width: 363px\" class=\"wp-caption aligncenter\"><a href=\"http:\/\/felix.ares.fm\/?attachment_id=4448\" rel=\"attachment wp-att-4448\"><img loading=\"lazy\" decoding=\"async\" class=\"size-full wp-image-4448\" alt=\"C\/ del castillo\" src=\"http:\/\/felix.ares.fm\/wp-content\/uploads\/2013\/12\/IMG_3589.jpg\" width=\"363\" height=\"242\" srcset=\"https:\/\/felix.ares.fm\/wp-content\/uploads\/2013\/12\/IMG_3589.jpg 363w, https:\/\/felix.ares.fm\/wp-content\/uploads\/2013\/12\/IMG_3589-300x200.jpg 300w\" sizes=\"auto, (max-width: 363px) 100vw, 363px\" \/><\/a><figcaption id=\"caption-attachment-4448\" class=\"wp-caption-text\">C\/ del castillo<\/figcaption><\/figure>\n<p>Calle Marconi esuqina a Calle del castillo.<\/p>\n<p><strong><span style=\"color: #ff0000;\" data-mce-mark=\"1\">CONCLUYENDO<\/span><\/strong><\/p>\n<p>Un sitio al que volveremos.<\/p>\n<figure id=\"attachment_4450\" aria-describedby=\"caption-attachment-4450\" style=\"width: 363px\" class=\"wp-caption aligncenter\"><a href=\"http:\/\/felix.ares.fm\/?attachment_id=4450\" rel=\"attachment wp-att-4450\"><img loading=\"lazy\" decoding=\"async\" class=\"size-full wp-image-4450\" alt=\"Un rioja con su aperivo\" src=\"http:\/\/felix.ares.fm\/wp-content\/uploads\/2013\/12\/IMG_3626.jpg\" width=\"363\" height=\"242\" srcset=\"https:\/\/felix.ares.fm\/wp-content\/uploads\/2013\/12\/IMG_3626.jpg 363w, https:\/\/felix.ares.fm\/wp-content\/uploads\/2013\/12\/IMG_3626-300x200.jpg 300w\" sizes=\"auto, (max-width: 363px) 100vw, 363px\" \/><\/a><figcaption id=\"caption-attachment-4450\" class=\"wp-caption-text\">Un rioja con su aperivo<\/figcaption><\/figure>\n<p style=\"text-align: center;\">* * *<\/p>\n<p>&nbsp;<\/p>\n<p><strong>Nota fotos y texto<\/strong>. Salvo las fotos que tienen un agradecimiento espec\u00edfico, como por ejemplo Wikipedia, son nuestras y las licenciamos con<\/p>\n<p><a href=\"http:\/\/creativecommons.org\/licenses\/by\/3.0\/deed.es_ES\" rel=\"license\"><img decoding=\"async\" alt=\"Licencia de Creative Commons\" src=\"http:\/\/i.creativecommons.org\/l\/by\/3.0\/88x31.png\" \/><\/a><br \/>\n<a href=\"viajes.ares.fm\" rel=\"cc:attributionURL\">F\u00e9lix Ares y Maricarmen Garmendia<\/a>\u00a0is licensed under a\u00a0<a href=\"http:\/\/creativecommons.org\/licenses\/by\/3.0\/deed.es_ES\" rel=\"license\">Creative Commons Reconocimiento 3.0 Unported License<\/a>.<br \/>\nCreado a partir de la obra en\u00a0<a href=\"viajes.ares.fm\" rel=\"dct:source\">felix.ares.fm<\/a>.<\/p>\n<p>Contacto con nosotros:<\/p>\n<p><a href=\"http:\/\/viajes.ares.fm\/wp-content\/uploads\/2013\/06\/emailTapasBr1.jpg\"><img loading=\"lazy\" decoding=\"async\" alt=\"emailTapasBr\" src=\"http:\/\/viajes.ares.fm\/wp-content\/uploads\/2013\/06\/emailTapasBr1-300x138.jpg\" width=\"300\" height=\"138\" \/><\/a><\/p>\n","protected":false},"excerpt":{"rendered":"<p>23 de diciembre de 2013 Hoy hemos visitado por primera vez Nos ha gustado. &nbsp; &nbsp; Como pueden ver a la derecha tienen una terreza. En verano debe ser estupenda, pero en verano no tanto, pues en ella fuman. Entramos y nos salimos por humo. Ya saben ustedes que a nosotros humo y televiones nos &hellip; <a href=\"https:\/\/felix.ares.fm\/?p=4434\" class=\"more-link\">Seguir leyendo <span class=\"screen-reader-text\">La bodeguita del tapeo<\/span> <span class=\"meta-nav\">&rarr;<\/span><\/a><\/p>\n","protected":false},"author":1,"featured_media":0,"comment_status":"closed","ping_status":"open","sticky":false,"template":"","format":"standard","meta":{"footnotes":""},"categories":[387,426,282,11,221],"tags":[],"class_list":["post-4434","post","type-post","status-publish","format-standard","hentry","category-bodega","category-la-bodeguita-del-tapeo","category-meson","category-tapas","category-taperia"],"_links":{"self":[{"href":"https:\/\/felix.ares.fm\/index.php?rest_route=\/wp\/v2\/posts\/4434","targetHints":{"allow":["GET"]}}],"collection":[{"href":"https:\/\/felix.ares.fm\/index.php?rest_route=\/wp\/v2\/posts"}],"about":[{"href":"https:\/\/felix.ares.fm\/index.php?rest_route=\/wp\/v2\/types\/post"}],"author":[{"embeddable":true,"href":"https:\/\/felix.ares.fm\/index.php?rest_route=\/wp\/v2\/users\/1"}],"replies":[{"embeddable":true,"href":"https:\/\/felix.ares.fm\/index.php?rest_route=%2Fwp%2Fv2%2Fcomments&post=4434"}],"version-history":[{"count":0,"href":"https:\/\/felix.ares.fm\/index.php?rest_route=\/wp\/v2\/posts\/4434\/revisions"}],"wp:attachment":[{"href":"https:\/\/felix.ares.fm\/index.php?rest_route=%2Fwp%2Fv2%2Fmedia&parent=4434"}],"wp:term":[{"taxonomy":"category","embeddable":true,"href":"https:\/\/felix.ares.fm\/index.php?rest_route=%2Fwp%2Fv2%2Fcategories&post=4434"},{"taxonomy":"post_tag","embeddable":true,"href":"https:\/\/felix.ares.fm\/index.php?rest_route=%2Fwp%2Fv2%2Ftags&post=4434"}],"curies":[{"name":"wp","href":"https:\/\/api.w.org\/{rel}","templated":true}]}}