{"id":4410,"date":"2013-12-09T11:46:26","date_gmt":"2013-12-09T09:46:26","guid":{"rendered":"http:\/\/felix.ares.fm\/?p=4410"},"modified":"2013-12-09T11:46:26","modified_gmt":"2013-12-09T09:46:26","slug":"ma-isabel-bernal-confiteria-panaderia","status":"publish","type":"post","link":"https:\/\/felix.ares.fm\/?p=4410","title":{"rendered":"M\u00aa Isabel Bernal, confiter\u00eda panader\u00eda"},"content":{"rendered":"<p><strong>30 de noviembre de 2013<\/strong><\/p>\n<figure id=\"attachment_4411\" aria-describedby=\"caption-attachment-4411\" style=\"width: 363px\" class=\"wp-caption aligncenter\"><a href=\"http:\/\/felix.ares.fm\/?attachment_id=4411\" rel=\"attachment wp-att-4411\"><img loading=\"lazy\" decoding=\"async\" class=\"size-full wp-image-4411\" alt=\"M\u00aa Isabel Bernal, confiter\u00eda pasteler\u00eda\" src=\"http:\/\/felix.ares.fm\/wp-content\/uploads\/2013\/12\/IMG_3473.jpg\" width=\"363\" height=\"242\" srcset=\"https:\/\/felix.ares.fm\/wp-content\/uploads\/2013\/12\/IMG_3473.jpg 363w, https:\/\/felix.ares.fm\/wp-content\/uploads\/2013\/12\/IMG_3473-300x200.jpg 300w\" sizes=\"auto, (max-width: 363px) 100vw, 363px\" \/><\/a><figcaption id=\"caption-attachment-4411\" class=\"wp-caption-text\">M\u00aa Isabel Bernal, confiter\u00eda panader\u00eda&#8230; y aunque no lo dice bar<\/figcaption><\/figure>\n<p><a href=\"http:\/\/felix.ares.fm\/?attachment_id=4412\" rel=\"attachment wp-att-4412\"><img loading=\"lazy\" decoding=\"async\" class=\"aligncenter size-full wp-image-4412\" alt=\"IMG_3460\" src=\"http:\/\/felix.ares.fm\/wp-content\/uploads\/2013\/12\/IMG_3460.jpg\" width=\"363\" height=\"242\" srcset=\"https:\/\/felix.ares.fm\/wp-content\/uploads\/2013\/12\/IMG_3460.jpg 363w, https:\/\/felix.ares.fm\/wp-content\/uploads\/2013\/12\/IMG_3460-300x200.jpg 300w\" sizes=\"auto, (max-width: 363px) 100vw, 363px\" \/><\/a><\/p>\n<p>&nbsp;<\/p>\n<p>&nbsp;<\/p>\n<p>El establecimiento en su interior tine el aspecto de un mes\u00f3n tradicional, con sus bancos y mesas de madera, las paredes tambi\u00e9n recubiertas de madera y sus tonos marrones&#8230;<\/p>\n<p><a href=\"http:\/\/felix.ares.fm\/?attachment_id=4414\" rel=\"attachment wp-att-4414\"><img loading=\"lazy\" decoding=\"async\" class=\"aligncenter size-full wp-image-4414\" alt=\"IMG_3461\" src=\"http:\/\/felix.ares.fm\/wp-content\/uploads\/2013\/12\/IMG_3461.jpg\" width=\"363\" height=\"242\" srcset=\"https:\/\/felix.ares.fm\/wp-content\/uploads\/2013\/12\/IMG_3461.jpg 363w, https:\/\/felix.ares.fm\/wp-content\/uploads\/2013\/12\/IMG_3461-300x200.jpg 300w\" sizes=\"auto, (max-width: 363px) 100vw, 363px\" \/><\/a><\/p>\n<p>&nbsp;<\/p>\n<p><a href=\"http:\/\/felix.ares.fm\/?attachment_id=4415\" rel=\"attachment wp-att-4415\"><img loading=\"lazy\" decoding=\"async\" class=\"aligncenter size-full wp-image-4415\" alt=\"IMG_3462_2\" src=\"http:\/\/felix.ares.fm\/wp-content\/uploads\/2013\/12\/IMG_3462_2.jpg\" width=\"338\" height=\"224\" srcset=\"https:\/\/felix.ares.fm\/wp-content\/uploads\/2013\/12\/IMG_3462_2.jpg 338w, https:\/\/felix.ares.fm\/wp-content\/uploads\/2013\/12\/IMG_3462_2-300x198.jpg 300w\" sizes=\"auto, (max-width: 338px) 100vw, 338px\" \/><\/a><\/p>\n<p>&nbsp;<\/p>\n<p>En la puerta ten\u00edan una oferta que fue la que nos anim\u00f3 a entrar, ya saben nuestros lectores &#8211;si es que tenemos alguno&#8211; que las ofertas nos atraen.<\/p>\n<figure id=\"attachment_4416\" aria-describedby=\"caption-attachment-4416\" style=\"width: 363px\" class=\"wp-caption aligncenter\"><a href=\"http:\/\/felix.ares.fm\/?attachment_id=4416\" rel=\"attachment wp-att-4416\"><img loading=\"lazy\" decoding=\"async\" class=\"size-full wp-image-4416\" alt=\"Ca\u00f1a y tapa 1,50\u20ac\" src=\"http:\/\/felix.ares.fm\/wp-content\/uploads\/2013\/12\/IMG_3468.jpg\" width=\"363\" height=\"242\" srcset=\"https:\/\/felix.ares.fm\/wp-content\/uploads\/2013\/12\/IMG_3468.jpg 363w, https:\/\/felix.ares.fm\/wp-content\/uploads\/2013\/12\/IMG_3468-300x200.jpg 300w\" sizes=\"auto, (max-width: 363px) 100vw, 363px\" \/><\/a><figcaption id=\"caption-attachment-4416\" class=\"wp-caption-text\">Ca\u00f1a y tapa 1,50\u20ac<\/figcaption><\/figure>\n<p>Nada m\u00e1s entrar les preguntamos si en la oferta pod\u00edamos sustituir la ca\u00f1a por un vino de la casa. Nos dijeron que \u00abpor supuesto\u00bb. Les agradecemos el \u00abpor supuesto\u00bb pero hay otros sitios en Fuengirola que son tremendamente r\u00edgidos, si la oferta dice ca\u00f1a, es ca\u00f1a y no otra cosa&#8230; la rigidez suele coincidir con grandes franquicias. La flexibilidad con establecimientos familiares como este. Ni que decir tiene que muchas veces la inflexibilidad ha hecho que nos fu\u00e9ramos.<\/p>\n<figure id=\"attachment_4417\" aria-describedby=\"caption-attachment-4417\" style=\"width: 363px\" class=\"wp-caption aligncenter\"><a href=\"http:\/\/felix.ares.fm\/?attachment_id=4417\" rel=\"attachment wp-att-4417\"><img loading=\"lazy\" decoding=\"async\" class=\"size-full wp-image-4417\" alt=\"Ca\u00f1a con su tapa de chorizos al vino\" src=\"http:\/\/felix.ares.fm\/wp-content\/uploads\/2013\/12\/IMG_3465.jpg\" width=\"363\" height=\"242\" srcset=\"https:\/\/felix.ares.fm\/wp-content\/uploads\/2013\/12\/IMG_3465.jpg 363w, https:\/\/felix.ares.fm\/wp-content\/uploads\/2013\/12\/IMG_3465-300x200.jpg 300w\" sizes=\"auto, (max-width: 363px) 100vw, 363px\" \/><\/a><figcaption id=\"caption-attachment-4417\" class=\"wp-caption-text\">Ca\u00f1a con su tapa de chorizos al vino<\/figcaption><\/figure>\n<figure id=\"attachment_4418\" aria-describedby=\"caption-attachment-4418\" style=\"width: 363px\" class=\"wp-caption aligncenter\"><a href=\"http:\/\/felix.ares.fm\/?attachment_id=4418\" rel=\"attachment wp-att-4418\"><img loading=\"lazy\" decoding=\"async\" class=\"size-full wp-image-4418\" alt=\"Vino tinto y dos medios huevos rellenos\" src=\"http:\/\/felix.ares.fm\/wp-content\/uploads\/2013\/12\/IMG_3464.jpg\" width=\"363\" height=\"242\" srcset=\"https:\/\/felix.ares.fm\/wp-content\/uploads\/2013\/12\/IMG_3464.jpg 363w, https:\/\/felix.ares.fm\/wp-content\/uploads\/2013\/12\/IMG_3464-300x200.jpg 300w\" sizes=\"auto, (max-width: 363px) 100vw, 363px\" \/><\/a><figcaption id=\"caption-attachment-4418\" class=\"wp-caption-text\">Vino tinto y dos medios huevos rellenos<\/figcaption><\/figure>\n<p>Ambas cosas, huevos y chorizo, muy buenos.<\/p>\n<p><strong>OTRAS OFERTAS<\/strong><\/p>\n<figure id=\"attachment_4419\" aria-describedby=\"caption-attachment-4419\" style=\"width: 363px\" class=\"wp-caption aligncenter\"><a href=\"http:\/\/felix.ares.fm\/?attachment_id=4419\" rel=\"attachment wp-att-4419\"><img loading=\"lazy\" decoding=\"async\" class=\"size-full wp-image-4419\" alt=\"Licores, ejemplos:\" src=\"http:\/\/felix.ares.fm\/wp-content\/uploads\/2013\/12\/IMG_3467.jpg\" width=\"363\" height=\"242\" srcset=\"https:\/\/felix.ares.fm\/wp-content\/uploads\/2013\/12\/IMG_3467.jpg 363w, https:\/\/felix.ares.fm\/wp-content\/uploads\/2013\/12\/IMG_3467-300x200.jpg 300w\" sizes=\"auto, (max-width: 363px) 100vw, 363px\" \/><\/a><figcaption id=\"caption-attachment-4419\" class=\"wp-caption-text\">Licores, ejemplos: Copa de licor\/ Brandy 2\u20ac; Amaretto 3\u20ac&#8230;<\/figcaption><\/figure>\n<p>Tambi\u00e9n hay men\u00fas del d\u00eda:<\/p>\n<figure id=\"attachment_4420\" aria-describedby=\"caption-attachment-4420\" style=\"width: 242px\" class=\"wp-caption aligncenter\"><a href=\"http:\/\/felix.ares.fm\/?attachment_id=4420\" rel=\"attachment wp-att-4420\"><img loading=\"lazy\" decoding=\"async\" class=\"size-full wp-image-4420\" alt=\"Men\u00fa del d\u00eda: 6 \u20ac e incluye: primero, segundo y postre; no incluye bebida\" src=\"http:\/\/felix.ares.fm\/wp-content\/uploads\/2013\/12\/IMG_3470-e1386581850908.jpg\" width=\"242\" height=\"363\" srcset=\"https:\/\/felix.ares.fm\/wp-content\/uploads\/2013\/12\/IMG_3470-e1386581850908.jpg 242w, https:\/\/felix.ares.fm\/wp-content\/uploads\/2013\/12\/IMG_3470-e1386581850908-200x300.jpg 200w\" sizes=\"auto, (max-width: 242px) 100vw, 242px\" \/><\/a><figcaption id=\"caption-attachment-4420\" class=\"wp-caption-text\">Men\u00fa del d\u00eda: 6 \u20ac e incluye: primero, segundo y postre; no incluye bebida<\/figcaption><\/figure>\n<figure id=\"attachment_4421\" aria-describedby=\"caption-attachment-4421\" style=\"width: 242px\" class=\"wp-caption aligncenter\"><a href=\"http:\/\/felix.ares.fm\/?attachment_id=4421\" rel=\"attachment wp-att-4421\"><img loading=\"lazy\" decoding=\"async\" class=\"size-full wp-image-4421\" alt=\"Por las tardes bu\u00f1uelos\" src=\"http:\/\/felix.ares.fm\/wp-content\/uploads\/2013\/12\/IMG_3471-e1386581947500.jpg\" width=\"242\" height=\"363\" srcset=\"https:\/\/felix.ares.fm\/wp-content\/uploads\/2013\/12\/IMG_3471-e1386581947500.jpg 242w, https:\/\/felix.ares.fm\/wp-content\/uploads\/2013\/12\/IMG_3471-e1386581947500-200x300.jpg 200w\" sizes=\"auto, (max-width: 242px) 100vw, 242px\" \/><\/a><figcaption id=\"caption-attachment-4421\" class=\"wp-caption-text\">Por las tardes bu\u00f1uelos<\/figcaption><\/figure>\n<p>&nbsp;<\/p>\n<p>El men\u00fa del d\u00eda cambia cada d\u00eda de la semana para que se pueda ir continuamente sin aburrirse del men\u00fa:<\/p>\n<figure id=\"attachment_4422\" aria-describedby=\"caption-attachment-4422\" style=\"width: 242px\" class=\"wp-caption aligncenter\"><a href=\"http:\/\/felix.ares.fm\/?attachment_id=4422\" rel=\"attachment wp-att-4422\"><img loading=\"lazy\" decoding=\"async\" class=\"size-full wp-image-4422\" alt=\"Men\u00fa semanal\" src=\"http:\/\/felix.ares.fm\/wp-content\/uploads\/2013\/12\/IMG_3472-e1386582060658.jpg\" width=\"242\" height=\"363\" srcset=\"https:\/\/felix.ares.fm\/wp-content\/uploads\/2013\/12\/IMG_3472-e1386582060658.jpg 242w, https:\/\/felix.ares.fm\/wp-content\/uploads\/2013\/12\/IMG_3472-e1386582060658-200x300.jpg 200w\" sizes=\"auto, (max-width: 242px) 100vw, 242px\" \/><\/a><figcaption id=\"caption-attachment-4422\" class=\"wp-caption-text\">Men\u00fa semanal. Y muy claro que no incluye bebidas. Como debe ser, las cosas claras.<\/figcaption><\/figure>\n<p><strong>ATENCI\u00d3N<\/strong><\/p>\n<p>Correcta y r\u00e1pida.<\/p>\n<p><strong>UBICACI\u00d3N<\/strong><\/p>\n<figure id=\"attachment_4423\" aria-describedby=\"caption-attachment-4423\" style=\"width: 363px\" class=\"wp-caption aligncenter\"><a href=\"http:\/\/felix.ares.fm\/?attachment_id=4423\" rel=\"attachment wp-att-4423\"><img loading=\"lazy\" decoding=\"async\" class=\"size-full wp-image-4423\" alt=\"C\/ Miguel Bueno n\u00ba 12\" src=\"http:\/\/felix.ares.fm\/wp-content\/uploads\/2013\/12\/IMG_3475.jpg\" width=\"363\" height=\"242\" srcset=\"https:\/\/felix.ares.fm\/wp-content\/uploads\/2013\/12\/IMG_3475.jpg 363w, https:\/\/felix.ares.fm\/wp-content\/uploads\/2013\/12\/IMG_3475-300x200.jpg 300w\" sizes=\"auto, (max-width: 363px) 100vw, 363px\" \/><\/a><figcaption id=\"caption-attachment-4423\" class=\"wp-caption-text\">C\/ Miguel Bueno n\u00ba 14<\/figcaption><\/figure>\n<p>Calle Miguel Bueno n\u00famero 14.<\/p>\n<p>Tel\u00e9fono: \u00a0952475495<\/p>\n<p style=\"text-align: center;\">* * *<\/p>\n<p>&nbsp;<\/p>\n<p><strong>Nota fotos y texto<\/strong>. Salvo las fotos que tienen un agradecimiento espec\u00edfico, como por ejemplo Wikipedia, son nuestras y las licenciamos con<\/p>\n<p><a href=\"http:\/\/creativecommons.org\/licenses\/by\/3.0\/deed.es_ES\" rel=\"license\"><img decoding=\"async\" alt=\"Licencia de Creative Commons\" src=\"http:\/\/i.creativecommons.org\/l\/by\/3.0\/88x31.png\" \/><\/a><br \/>\n<a href=\"viajes.ares.fm\" rel=\"cc:attributionURL\">F\u00e9lix Ares y Maricarmen Garmendia<\/a>\u00a0is licensed under a\u00a0<a href=\"http:\/\/creativecommons.org\/licenses\/by\/3.0\/deed.es_ES\" rel=\"license\">Creative Commons Reconocimiento 3.0 Unported License<\/a>.<br \/>\nCreado a partir de la obra en\u00a0<a href=\"viajes.ares.fm\" rel=\"dct:source\">felix.ares.fm<\/a>.<\/p>\n<p>Contacto con nosotros:<\/p>\n<p><a href=\"http:\/\/viajes.ares.fm\/wp-content\/uploads\/2013\/06\/emailTapasBr1.jpg\"><img loading=\"lazy\" decoding=\"async\" alt=\"emailTapasBr\" src=\"http:\/\/viajes.ares.fm\/wp-content\/uploads\/2013\/06\/emailTapasBr1-300x138.jpg\" width=\"300\" height=\"138\" \/><\/a><\/p>\n","protected":false},"excerpt":{"rendered":"<p>30 de noviembre de 2013 &nbsp; &nbsp; El establecimiento en su interior tine el aspecto de un mes\u00f3n tradicional, con sus bancos y mesas de madera, las paredes tambi\u00e9n recubiertas de madera y sus tonos marrones&#8230; &nbsp; &nbsp; En la puerta ten\u00edan una oferta que fue la que nos anim\u00f3 a entrar, ya saben nuestros &hellip; <a href=\"https:\/\/felix.ares.fm\/?p=4410\" class=\"more-link\">Seguir leyendo <span class=\"screen-reader-text\">M\u00aa Isabel Bernal, confiter\u00eda panader\u00eda<\/span> <span class=\"meta-nav\">&rarr;<\/span><\/a><\/p>\n","protected":false},"author":1,"featured_media":0,"comment_status":"closed","ping_status":"open","sticky":false,"template":"","format":"standard","meta":{"footnotes":""},"categories":[257,418,27,221],"tags":[],"class_list":["post-4410","post","type-post","status-publish","format-standard","hentry","category-bar-2","category-confiteria","category-menu-del-dia","category-taperia"],"_links":{"self":[{"href":"https:\/\/felix.ares.fm\/index.php?rest_route=\/wp\/v2\/posts\/4410","targetHints":{"allow":["GET"]}}],"collection":[{"href":"https:\/\/felix.ares.fm\/index.php?rest_route=\/wp\/v2\/posts"}],"about":[{"href":"https:\/\/felix.ares.fm\/index.php?rest_route=\/wp\/v2\/types\/post"}],"author":[{"embeddable":true,"href":"https:\/\/felix.ares.fm\/index.php?rest_route=\/wp\/v2\/users\/1"}],"replies":[{"embeddable":true,"href":"https:\/\/felix.ares.fm\/index.php?rest_route=%2Fwp%2Fv2%2Fcomments&post=4410"}],"version-history":[{"count":0,"href":"https:\/\/felix.ares.fm\/index.php?rest_route=\/wp\/v2\/posts\/4410\/revisions"}],"wp:attachment":[{"href":"https:\/\/felix.ares.fm\/index.php?rest_route=%2Fwp%2Fv2%2Fmedia&parent=4410"}],"wp:term":[{"taxonomy":"category","embeddable":true,"href":"https:\/\/felix.ares.fm\/index.php?rest_route=%2Fwp%2Fv2%2Fcategories&post=4410"},{"taxonomy":"post_tag","embeddable":true,"href":"https:\/\/felix.ares.fm\/index.php?rest_route=%2Fwp%2Fv2%2Ftags&post=4410"}],"curies":[{"name":"wp","href":"https:\/\/api.w.org\/{rel}","templated":true}]}}