{"id":4388,"date":"2013-12-09T11:15:37","date_gmt":"2013-12-09T09:15:37","guid":{"rendered":"http:\/\/felix.ares.fm\/?p=4388"},"modified":"2015-04-01T21:29:58","modified_gmt":"2015-04-01T19:29:58","slug":"karibu-bar-restaurante","status":"publish","type":"post","link":"https:\/\/felix.ares.fm\/?p=4388","title":{"rendered":"Karibu, bar restaurante"},"content":{"rendered":"<p><strong>ACTUALIZACI\u00d3N 16 de junio de 2014: Ahora tiene un letrero que dice se vende y siempre est\u00e1 cerrado. Parece que ha fracasado. En la puerta un letrero anuncia su traspaso:<br \/>\n<\/strong><\/p>\n<p><a href=\"http:\/\/felix.ares.fm\/?attachment_id=4815\" rel=\"attachment wp-att-4815\"><img loading=\"lazy\" decoding=\"async\" class=\"aligncenter size-full wp-image-4815\" src=\"http:\/\/felix.ares.fm\/wp-content\/uploads\/2013\/12\/IMG_4954.jpg\" alt=\"IMG_4954\" width=\"320\" height=\"213\" srcset=\"https:\/\/felix.ares.fm\/wp-content\/uploads\/2013\/12\/IMG_4954.jpg 320w, https:\/\/felix.ares.fm\/wp-content\/uploads\/2013\/12\/IMG_4954-300x199.jpg 300w\" sizes=\"auto, (max-width: 320px) 100vw, 320px\" \/><\/a><\/p>\n<p><strong>30 de noviembre de 2013<\/strong><\/p>\n<figure id=\"attachment_4390\" aria-describedby=\"caption-attachment-4390\" style=\"width: 363px\" class=\"wp-caption aligncenter\"><a href=\"http:\/\/felix.ares.fm\/?attachment_id=4390\" rel=\"attachment wp-att-4390\"><img loading=\"lazy\" decoding=\"async\" class=\"size-full wp-image-4390\" src=\"http:\/\/felix.ares.fm\/wp-content\/uploads\/2013\/12\/IMG_3442.jpg\" alt=\"Karibu\" width=\"363\" height=\"242\" srcset=\"https:\/\/felix.ares.fm\/wp-content\/uploads\/2013\/12\/IMG_3442.jpg 363w, https:\/\/felix.ares.fm\/wp-content\/uploads\/2013\/12\/IMG_3442-300x200.jpg 300w\" sizes=\"auto, (max-width: 363px) 100vw, 363px\" \/><\/a><figcaption id=\"caption-attachment-4390\" class=\"wp-caption-text\">Karibu<\/figcaption><\/figure>\n<p>Es bar y tambi\u00e9n restaurante. Su decoraci\u00f3n es muy curiosa: barriles en azul y blanco.<\/p>\n<p><a href=\"http:\/\/felix.ares.fm\/?attachment_id=4391\" rel=\"attachment wp-att-4391\"><img loading=\"lazy\" decoding=\"async\" class=\"aligncenter size-full wp-image-4391\" src=\"http:\/\/felix.ares.fm\/wp-content\/uploads\/2013\/12\/IMG_3435.jpg\" alt=\"IMG_3435\" width=\"363\" height=\"242\" srcset=\"https:\/\/felix.ares.fm\/wp-content\/uploads\/2013\/12\/IMG_3435.jpg 363w, https:\/\/felix.ares.fm\/wp-content\/uploads\/2013\/12\/IMG_3435-300x200.jpg 300w\" sizes=\"auto, (max-width: 363px) 100vw, 363px\" \/><\/a><\/p>\n<p><a href=\"http:\/\/felix.ares.fm\/?attachment_id=4392\" rel=\"attachment wp-att-4392\"><img loading=\"lazy\" decoding=\"async\" class=\"aligncenter size-full wp-image-4392\" src=\"http:\/\/felix.ares.fm\/wp-content\/uploads\/2013\/12\/IMG_3436.jpg\" alt=\"IMG_3436\" width=\"363\" height=\"242\" srcset=\"https:\/\/felix.ares.fm\/wp-content\/uploads\/2013\/12\/IMG_3436.jpg 363w, https:\/\/felix.ares.fm\/wp-content\/uploads\/2013\/12\/IMG_3436-300x200.jpg 300w\" sizes=\"auto, (max-width: 363px) 100vw, 363px\" \/><\/a><\/p>\n<p><a href=\"http:\/\/felix.ares.fm\/?attachment_id=4394\" rel=\"attachment wp-att-4394\"><img loading=\"lazy\" decoding=\"async\" class=\"aligncenter size-full wp-image-4394\" src=\"http:\/\/felix.ares.fm\/wp-content\/uploads\/2013\/12\/IMG_3439_2.jpg\" alt=\"IMG_3439_2\" width=\"242\" height=\"363\" srcset=\"https:\/\/felix.ares.fm\/wp-content\/uploads\/2013\/12\/IMG_3439_2.jpg 242w, https:\/\/felix.ares.fm\/wp-content\/uploads\/2013\/12\/IMG_3439_2-200x300.jpg 200w\" sizes=\"auto, (max-width: 242px) 100vw, 242px\" \/><\/a><\/p>\n<figure id=\"attachment_4403\" aria-describedby=\"caption-attachment-4403\" style=\"width: 363px\" class=\"wp-caption aligncenter\"><a href=\"http:\/\/felix.ares.fm\/?attachment_id=4403\" rel=\"attachment wp-att-4403\"><img loading=\"lazy\" decoding=\"async\" class=\"size-full wp-image-4403\" src=\"http:\/\/felix.ares.fm\/wp-content\/uploads\/2013\/12\/IMG_3446.jpg\" alt=\"Grifo de Sarango\" width=\"363\" height=\"242\" srcset=\"https:\/\/felix.ares.fm\/wp-content\/uploads\/2013\/12\/IMG_3446.jpg 363w, https:\/\/felix.ares.fm\/wp-content\/uploads\/2013\/12\/IMG_3446-300x200.jpg 300w\" sizes=\"auto, (max-width: 363px) 100vw, 363px\" \/><\/a><figcaption id=\"caption-attachment-4403\" class=\"wp-caption-text\">Grifo de tinto de verano<\/figcaption><\/figure>\n<figure id=\"attachment_4404\" aria-describedby=\"caption-attachment-4404\" style=\"width: 363px\" class=\"wp-caption aligncenter\"><a href=\"http:\/\/felix.ares.fm\/?attachment_id=4404\" rel=\"attachment wp-att-4404\"><img loading=\"lazy\" decoding=\"async\" class=\"size-full wp-image-4404\" src=\"http:\/\/felix.ares.fm\/wp-content\/uploads\/2013\/12\/IMG_3447.jpg\" alt=\"La cerveza es San Miguel\" width=\"363\" height=\"242\" srcset=\"https:\/\/felix.ares.fm\/wp-content\/uploads\/2013\/12\/IMG_3447.jpg 363w, https:\/\/felix.ares.fm\/wp-content\/uploads\/2013\/12\/IMG_3447-300x200.jpg 300w\" sizes=\"auto, (max-width: 363px) 100vw, 363px\" \/><\/a><figcaption id=\"caption-attachment-4404\" class=\"wp-caption-text\">La cerveza es San Miguel<\/figcaption><\/figure>\n<p>&nbsp;<\/p>\n<p>&nbsp;<\/p>\n<p>El vino tinto normal que utilizan es el Serr\u00e9s, que me da la sensaci\u00f3n de que se ha hecho muy popular despu\u00e9s de la \u00abQuinta ruta de la tapa er\u00f3tica\u00bb. Es un rioja con mucho cuerpo y afrutado, muy agradable y con una estupenda relaci\u00f3n calidad precio.<\/p>\n<figure id=\"attachment_4393\" aria-describedby=\"caption-attachment-4393\" style=\"width: 242px\" class=\"wp-caption aligncenter\"><a href=\"http:\/\/felix.ares.fm\/?attachment_id=4393\" rel=\"attachment wp-att-4393\"><img loading=\"lazy\" decoding=\"async\" class=\"size-full wp-image-4393\" src=\"http:\/\/felix.ares.fm\/wp-content\/uploads\/2013\/12\/IMG_3437-e1386579119345.jpg\" alt=\"Serr\u00e9s. Rioja. Tempranillo\" width=\"242\" height=\"363\" srcset=\"https:\/\/felix.ares.fm\/wp-content\/uploads\/2013\/12\/IMG_3437-e1386579119345.jpg 242w, https:\/\/felix.ares.fm\/wp-content\/uploads\/2013\/12\/IMG_3437-e1386579119345-200x300.jpg 200w\" sizes=\"auto, (max-width: 242px) 100vw, 242px\" \/><\/a><figcaption id=\"caption-attachment-4393\" class=\"wp-caption-text\">Serr\u00e9s. Rioja. Tempranillo<\/figcaption><\/figure>\n<p>Tienen tapas por 1 \u20ac. Por ejemplo, montadito de chistorra con pimiento. Recomiendo que la prueben pues la chistorra es buen\u00edsima.<\/p>\n<figure id=\"attachment_4396\" aria-describedby=\"caption-attachment-4396\" style=\"width: 242px\" class=\"wp-caption aligncenter\"><a href=\"http:\/\/felix.ares.fm\/?attachment_id=4396\" rel=\"attachment wp-att-4396\"><img loading=\"lazy\" decoding=\"async\" class=\"size-full wp-image-4396\" src=\"http:\/\/felix.ares.fm\/wp-content\/uploads\/2013\/12\/IMG_3445-e1386579509801.jpg\" alt=\"Copa de vino Serr\u00e9s\" width=\"242\" height=\"363\" srcset=\"https:\/\/felix.ares.fm\/wp-content\/uploads\/2013\/12\/IMG_3445-e1386579509801.jpg 242w, https:\/\/felix.ares.fm\/wp-content\/uploads\/2013\/12\/IMG_3445-e1386579509801-200x300.jpg 200w\" sizes=\"auto, (max-width: 242px) 100vw, 242px\" \/><\/a><figcaption id=\"caption-attachment-4396\" class=\"wp-caption-text\">Copa de vino Serr\u00e9s<\/figcaption><\/figure>\n<figure id=\"attachment_4395\" aria-describedby=\"caption-attachment-4395\" style=\"width: 363px\" class=\"wp-caption aligncenter\"><a href=\"http:\/\/felix.ares.fm\/?attachment_id=4395\" rel=\"attachment wp-att-4395\"><img loading=\"lazy\" decoding=\"async\" class=\"size-full wp-image-4395\" src=\"http:\/\/felix.ares.fm\/wp-content\/uploads\/2013\/12\/IMG_3453.jpg\" alt=\"Tapa de chistorra con pimiento verde\" width=\"363\" height=\"242\" srcset=\"https:\/\/felix.ares.fm\/wp-content\/uploads\/2013\/12\/IMG_3453.jpg 363w, https:\/\/felix.ares.fm\/wp-content\/uploads\/2013\/12\/IMG_3453-300x200.jpg 300w\" sizes=\"auto, (max-width: 363px) 100vw, 363px\" \/><\/a><figcaption id=\"caption-attachment-4395\" class=\"wp-caption-text\">Tapa de chistorra con pimiento verde<\/figcaption><\/figure>\n<p><strong>OTRAS OFERTAS<\/strong><\/p>\n<figure id=\"attachment_4397\" aria-describedby=\"caption-attachment-4397\" style=\"width: 242px\" class=\"wp-caption aligncenter\"><a href=\"http:\/\/felix.ares.fm\/?attachment_id=4397\" rel=\"attachment wp-att-4397\"><img loading=\"lazy\" decoding=\"async\" class=\"size-full wp-image-4397\" src=\"http:\/\/felix.ares.fm\/wp-content\/uploads\/2013\/12\/IMG_3440-e1386579586789.jpg\" alt=\"Tapas desde 1\u20ac\" width=\"242\" height=\"363\" srcset=\"https:\/\/felix.ares.fm\/wp-content\/uploads\/2013\/12\/IMG_3440-e1386579586789.jpg 242w, https:\/\/felix.ares.fm\/wp-content\/uploads\/2013\/12\/IMG_3440-e1386579586789-200x300.jpg 200w\" sizes=\"auto, (max-width: 242px) 100vw, 242px\" \/><\/a><figcaption id=\"caption-attachment-4397\" class=\"wp-caption-text\">Tapas desde 1\u20ac. Ejemplos montadito de tortilla espa\u00f1ola o montadito de serrano<\/figcaption><\/figure>\n<figure id=\"attachment_4398\" aria-describedby=\"caption-attachment-4398\" style=\"width: 242px\" class=\"wp-caption aligncenter\"><a href=\"http:\/\/felix.ares.fm\/?attachment_id=4398\" rel=\"attachment wp-att-4398\"><img loading=\"lazy\" decoding=\"async\" class=\"size-full wp-image-4398\" src=\"http:\/\/felix.ares.fm\/wp-content\/uploads\/2013\/12\/IMG_3441-e1386579704847.jpg\" alt=\"Raciones y medias raciones desde 3,5\u20ac\" width=\"242\" height=\"363\" srcset=\"https:\/\/felix.ares.fm\/wp-content\/uploads\/2013\/12\/IMG_3441-e1386579704847.jpg 242w, https:\/\/felix.ares.fm\/wp-content\/uploads\/2013\/12\/IMG_3441-e1386579704847-200x300.jpg 200w\" sizes=\"auto, (max-width: 242px) 100vw, 242px\" \/><\/a><figcaption id=\"caption-attachment-4398\" class=\"wp-caption-text\">Raciones y medias raciones desde 3,5\u20ac. Ejemplo, pollo al curry media raci\u00f3n 3, raci\u00f3n 5. Estofado Belga, media 4,50; raci\u00f3n 7&#8230;<\/figcaption><\/figure>\n<p>El due\u00f1o es Belga por lo que prepara muy bien la comida Belga y como gran parte de los clientes son finlandeses ha aprendido muy bien sus gustos y su cocina.<\/p>\n<figure id=\"attachment_4399\" aria-describedby=\"caption-attachment-4399\" style=\"width: 242px\" class=\"wp-caption aligncenter\"><a href=\"http:\/\/felix.ares.fm\/?attachment_id=4399\" rel=\"attachment wp-att-4399\"><img loading=\"lazy\" decoding=\"async\" class=\"size-full wp-image-4399\" src=\"http:\/\/felix.ares.fm\/wp-content\/uploads\/2013\/12\/IMG_3448-e1386579947371.jpg\" alt=\"Men\u00fa del d\u00eda 9,95\u20ac. Por ejemplo, entrandas\" width=\"242\" height=\"363\" srcset=\"https:\/\/felix.ares.fm\/wp-content\/uploads\/2013\/12\/IMG_3448-e1386579947371.jpg 242w, https:\/\/felix.ares.fm\/wp-content\/uploads\/2013\/12\/IMG_3448-e1386579947371-200x300.jpg 200w\" sizes=\"auto, (max-width: 242px) 100vw, 242px\" \/><\/a><figcaption id=\"caption-attachment-4399\" class=\"wp-caption-text\">Men\u00fa del d\u00eda 9,95\u20ac. Por ejemplo, entrandas pasta del d\u00eda; plato principal: dorada a la plancha o pollo karibu. Postre: macedonia de fruta fresca.<\/figcaption><\/figure>\n<p><a href=\"http:\/\/felix.ares.fm\/?attachment_id=4400\" rel=\"attachment wp-att-4400\"><img loading=\"lazy\" decoding=\"async\" class=\"aligncenter size-full wp-image-4400\" src=\"http:\/\/felix.ares.fm\/wp-content\/uploads\/2013\/12\/IMG_3450.jpg\" alt=\"IMG_3450\" width=\"363\" height=\"242\" srcset=\"https:\/\/felix.ares.fm\/wp-content\/uploads\/2013\/12\/IMG_3450.jpg 363w, https:\/\/felix.ares.fm\/wp-content\/uploads\/2013\/12\/IMG_3450-300x200.jpg 300w\" sizes=\"auto, (max-width: 363px) 100vw, 363px\" \/><\/a><\/p>\n<p><strong>ATENCI\u00d3N<\/strong><\/p>\n<p>En todo momento profesional, atenta y muy amable.<\/p>\n<p><strong>UBICACI\u00d3N<\/strong><\/p>\n<p>En la calle Santa Ana esquina a Acapulco.<\/p>\n<p><a href=\"http:\/\/felix.ares.fm\/?attachment_id=4401\" rel=\"attachment wp-att-4401\"><img loading=\"lazy\" decoding=\"async\" class=\"aligncenter size-full wp-image-4401\" src=\"http:\/\/felix.ares.fm\/wp-content\/uploads\/2013\/12\/IMG_3443.jpg\" alt=\"IMG_3443\" width=\"363\" height=\"242\" srcset=\"https:\/\/felix.ares.fm\/wp-content\/uploads\/2013\/12\/IMG_3443.jpg 363w, https:\/\/felix.ares.fm\/wp-content\/uploads\/2013\/12\/IMG_3443-300x200.jpg 300w\" sizes=\"auto, (max-width: 363px) 100vw, 363px\" \/><\/a><\/p>\n<figure id=\"attachment_4402\" aria-describedby=\"caption-attachment-4402\" style=\"width: 242px\" class=\"wp-caption aligncenter\"><a href=\"http:\/\/felix.ares.fm\/?attachment_id=4402\" rel=\"attachment wp-att-4402\"><img loading=\"lazy\" decoding=\"async\" class=\"size-full wp-image-4402\" src=\"http:\/\/felix.ares.fm\/wp-content\/uploads\/2013\/12\/IMG_3444-e1386580211415.jpg\" alt=\"Observen el excelente sol en su terraza\" width=\"242\" height=\"363\" srcset=\"https:\/\/felix.ares.fm\/wp-content\/uploads\/2013\/12\/IMG_3444-e1386580211415.jpg 242w, https:\/\/felix.ares.fm\/wp-content\/uploads\/2013\/12\/IMG_3444-e1386580211415-200x300.jpg 200w\" sizes=\"auto, (max-width: 242px) 100vw, 242px\" \/><\/a><figcaption id=\"caption-attachment-4402\" class=\"wp-caption-text\">Observen el excelente sol en su terraza<\/figcaption><\/figure>\n<p>En Tripadvisor coinciden con nuestra opini\u00f3n y lo ponen muy bien: <a href=\"http:\/\/www.tripadvisor.es\/Restaurant_Review-g315915-d4154785-Reviews-Karibu-Fuengirola_Costa_del_Sol_Province_of_Malaga_Andalucia.html\">http:\/\/www.tripadvisor.es\/Restaurant_Review-g315915-d4154785-Reviews-Karibu-Fuengirola_Costa_del_Sol_Province_of_Malaga_Andalucia.html<\/a><\/p>\n<p style=\"text-align: center;\">* * *<\/p>\n<p>&nbsp;<\/p>\n<p>&nbsp;<\/p>\n<p><strong>Nota fotos y texto<\/strong>. Salvo las fotos que tienen un agradecimiento espec\u00edfico, como por ejemplo Wikipedia, son nuestras y las licenciamos con<\/p>\n<p><a href=\"http:\/\/creativecommons.org\/licenses\/by\/3.0\/deed.es_ES\" rel=\"license\"><img decoding=\"async\" src=\"http:\/\/i.creativecommons.org\/l\/by\/3.0\/88x31.png\" alt=\"Licencia de Creative Commons\" \/><\/a><br \/>\n<a href=\"viajes.ares.fm\" rel=\"cc:attributionURL\">F\u00e9lix Ares y Maricarmen Garmendia<\/a>\u00a0is licensed under a\u00a0<a href=\"http:\/\/creativecommons.org\/licenses\/by\/3.0\/deed.es_ES\" rel=\"license\">Creative Commons Reconocimiento 3.0 Unported License<\/a>.<br \/>\nCreado a partir de la obra en\u00a0<a href=\"viajes.ares.fm\" rel=\"dct:source\">felix.ares.fm<\/a>.<\/p>\n<p>Contacto con nosotros:<\/p>\n<p><a href=\"http:\/\/viajes.ares.fm\/wp-content\/uploads\/2013\/06\/emailTapasBr1.jpg\"><img loading=\"lazy\" decoding=\"async\" src=\"http:\/\/viajes.ares.fm\/wp-content\/uploads\/2013\/06\/emailTapasBr1-300x138.jpg\" alt=\"emailTapasBr\" width=\"300\" height=\"138\" \/><\/a><\/p>\n","protected":false},"excerpt":{"rendered":"<p>ACTUALIZACI\u00d3N 16 de junio de 2014: Ahora tiene un letrero que dice se vende y siempre est\u00e1 cerrado. Parece que ha fracasado. En la puerta un letrero anuncia su traspaso: 30 de noviembre de 2013 Es bar y tambi\u00e9n restaurante. Su decoraci\u00f3n es muy curiosa: barriles en azul y blanco. &nbsp; &nbsp; El vino tinto &hellip; <a href=\"https:\/\/felix.ares.fm\/?p=4388\" class=\"more-link\">Seguir leyendo <span class=\"screen-reader-text\">Karibu, bar restaurante<\/span> <span class=\"meta-nav\">&rarr;<\/span><\/a><\/p>\n","protected":false},"author":1,"featured_media":0,"comment_status":"closed","ping_status":"open","sticky":false,"template":"","format":"standard","meta":{"footnotes":""},"categories":[257,417,249,221],"tags":[],"class_list":["post-4388","post","type-post","status-publish","format-standard","hentry","category-bar-2","category-karibu","category-restaurante-2","category-taperia"],"_links":{"self":[{"href":"https:\/\/felix.ares.fm\/index.php?rest_route=\/wp\/v2\/posts\/4388","targetHints":{"allow":["GET"]}}],"collection":[{"href":"https:\/\/felix.ares.fm\/index.php?rest_route=\/wp\/v2\/posts"}],"about":[{"href":"https:\/\/felix.ares.fm\/index.php?rest_route=\/wp\/v2\/types\/post"}],"author":[{"embeddable":true,"href":"https:\/\/felix.ares.fm\/index.php?rest_route=\/wp\/v2\/users\/1"}],"replies":[{"embeddable":true,"href":"https:\/\/felix.ares.fm\/index.php?rest_route=%2Fwp%2Fv2%2Fcomments&post=4388"}],"version-history":[{"count":0,"href":"https:\/\/felix.ares.fm\/index.php?rest_route=\/wp\/v2\/posts\/4388\/revisions"}],"wp:attachment":[{"href":"https:\/\/felix.ares.fm\/index.php?rest_route=%2Fwp%2Fv2%2Fmedia&parent=4388"}],"wp:term":[{"taxonomy":"category","embeddable":true,"href":"https:\/\/felix.ares.fm\/index.php?rest_route=%2Fwp%2Fv2%2Fcategories&post=4388"},{"taxonomy":"post_tag","embeddable":true,"href":"https:\/\/felix.ares.fm\/index.php?rest_route=%2Fwp%2Fv2%2Ftags&post=4388"}],"curies":[{"name":"wp","href":"https:\/\/api.w.org\/{rel}","templated":true}]}}