{"id":4357,"date":"2013-12-08T10:48:07","date_gmt":"2013-12-08T08:48:07","guid":{"rendered":"http:\/\/felix.ares.fm\/?p=4357"},"modified":"2013-12-09T10:38:16","modified_gmt":"2013-12-09T08:38:16","slug":"torremolinos-feria-del-vino","status":"publish","type":"post","link":"https:\/\/felix.ares.fm\/?p=4357","title":{"rendered":"Torremolinos, Feria del vino"},"content":{"rendered":"<p><strong>25 de noviembre de 2013<\/strong><\/p>\n<p>Los d\u00edas 23, 24 y 25 de noviembre se ha celebrado la Fer\u00eda del Vino. Decidimos ir a darnos una vuelta. Parece ser que el domingo 24 fue terrible, hubo demasiada gente, pero nosotros estuvimos el lunes muy bien, viendo, probando y comprando excelentes embutidos, quesos y vinos.<\/p>\n<figure id=\"attachment_4358\" aria-describedby=\"caption-attachment-4358\" style=\"width: 363px\" class=\"wp-caption aligncenter\"><a href=\"http:\/\/felix.ares.fm\/?attachment_id=4358\" rel=\"attachment wp-att-4358\"><img loading=\"lazy\" decoding=\"async\" class=\"size-full wp-image-4358\" alt=\"Plaza al salir del tren. Nacimiento de Eva\" src=\"http:\/\/felix.ares.fm\/wp-content\/uploads\/2013\/12\/IMG_3408.jpg\" width=\"363\" height=\"242\" srcset=\"https:\/\/felix.ares.fm\/wp-content\/uploads\/2013\/12\/IMG_3408.jpg 363w, https:\/\/felix.ares.fm\/wp-content\/uploads\/2013\/12\/IMG_3408-300x200.jpg 300w\" sizes=\"auto, (max-width: 363px) 100vw, 363px\" \/><\/a><figcaption id=\"caption-attachment-4358\" class=\"wp-caption-text\">Plaza al salir del tren. Nacimiento de Eva<\/figcaption><\/figure>\n<p><a href=\"http:\/\/felix.ares.fm\/?attachment_id=4359\" rel=\"attachment wp-att-4359\"><img loading=\"lazy\" decoding=\"async\" class=\"aligncenter size-full wp-image-4359\" alt=\"IMG_3409\" src=\"http:\/\/felix.ares.fm\/wp-content\/uploads\/2013\/12\/IMG_3409.jpg\" width=\"363\" height=\"242\" srcset=\"https:\/\/felix.ares.fm\/wp-content\/uploads\/2013\/12\/IMG_3409.jpg 363w, https:\/\/felix.ares.fm\/wp-content\/uploads\/2013\/12\/IMG_3409-300x200.jpg 300w\" sizes=\"auto, (max-width: 363px) 100vw, 363px\" \/><\/a>Torremolinos ya estaba vestido de Navidad:<\/p>\n<p><a href=\"http:\/\/felix.ares.fm\/?attachment_id=4360\" rel=\"attachment wp-att-4360\"><img loading=\"lazy\" decoding=\"async\" class=\"aligncenter size-full wp-image-4360\" alt=\"IMG_3410\" src=\"http:\/\/felix.ares.fm\/wp-content\/uploads\/2013\/12\/IMG_3410.jpg\" width=\"363\" height=\"242\" srcset=\"https:\/\/felix.ares.fm\/wp-content\/uploads\/2013\/12\/IMG_3410.jpg 363w, https:\/\/felix.ares.fm\/wp-content\/uploads\/2013\/12\/IMG_3410-300x200.jpg 300w\" sizes=\"auto, (max-width: 363px) 100vw, 363px\" \/><\/a><\/p>\n<p><a href=\"http:\/\/felix.ares.fm\/?attachment_id=4361\" rel=\"attachment wp-att-4361\"><img loading=\"lazy\" decoding=\"async\" class=\"aligncenter size-full wp-image-4361\" alt=\"IMG_3411\" src=\"http:\/\/felix.ares.fm\/wp-content\/uploads\/2013\/12\/IMG_3411.jpg\" width=\"363\" height=\"242\" srcset=\"https:\/\/felix.ares.fm\/wp-content\/uploads\/2013\/12\/IMG_3411.jpg 363w, https:\/\/felix.ares.fm\/wp-content\/uploads\/2013\/12\/IMG_3411-300x200.jpg 300w\" sizes=\"auto, (max-width: 363px) 100vw, 363px\" \/><\/a><\/p>\n<p><a href=\"http:\/\/felix.ares.fm\/?attachment_id=4362\" rel=\"attachment wp-att-4362\"><img loading=\"lazy\" decoding=\"async\" class=\"aligncenter size-full wp-image-4362\" alt=\"IMG_3412\" src=\"http:\/\/felix.ares.fm\/wp-content\/uploads\/2013\/12\/IMG_3412.jpg\" width=\"363\" height=\"242\" srcset=\"https:\/\/felix.ares.fm\/wp-content\/uploads\/2013\/12\/IMG_3412.jpg 363w, https:\/\/felix.ares.fm\/wp-content\/uploads\/2013\/12\/IMG_3412-300x200.jpg 300w\" sizes=\"auto, (max-width: 363px) 100vw, 363px\" \/><\/a><\/p>\n<p>Desde la estaci\u00f3n de tren de Torremolinos hasta el Palacio de Congresos, donde se celebra la Feria del Vino, hay un buen trecho; as\u00ed que lo mejor es coger un taxi de los que hay en la misma plaza.<\/p>\n<figure id=\"attachment_4363\" aria-describedby=\"caption-attachment-4363\" style=\"width: 363px\" class=\"wp-caption aligncenter\"><a href=\"http:\/\/felix.ares.fm\/?attachment_id=4363\" rel=\"attachment wp-att-4363\"><img loading=\"lazy\" decoding=\"async\" class=\"size-full wp-image-4363\" alt=\"Palacio de Congresos\" src=\"http:\/\/felix.ares.fm\/wp-content\/uploads\/2013\/12\/IMG_3413.jpg\" width=\"363\" height=\"242\" srcset=\"https:\/\/felix.ares.fm\/wp-content\/uploads\/2013\/12\/IMG_3413.jpg 363w, https:\/\/felix.ares.fm\/wp-content\/uploads\/2013\/12\/IMG_3413-300x200.jpg 300w\" sizes=\"auto, (max-width: 363px) 100vw, 363px\" \/><\/a><figcaption id=\"caption-attachment-4363\" class=\"wp-caption-text\">Palacio de Congresos<\/figcaption><\/figure>\n<p><a href=\"http:\/\/felix.ares.fm\/?attachment_id=4376\" rel=\"attachment wp-att-4376\"><img loading=\"lazy\" decoding=\"async\" class=\"aligncenter size-full wp-image-4376\" alt=\"IMG_3428\" src=\"http:\/\/felix.ares.fm\/wp-content\/uploads\/2013\/12\/IMG_3428.jpg\" width=\"363\" height=\"242\" srcset=\"https:\/\/felix.ares.fm\/wp-content\/uploads\/2013\/12\/IMG_3428.jpg 363w, https:\/\/felix.ares.fm\/wp-content\/uploads\/2013\/12\/IMG_3428-300x200.jpg 300w\" sizes=\"auto, (max-width: 363px) 100vw, 363px\" \/><\/a><\/p>\n<p>Hab\u00eda un pasillo de los vinos, donde deb\u00edamos valorar el que nos parec\u00eda mejor. En nuestra valoraci\u00f3n tuvimos en cuenta la relaci\u00f3n calidad percibida por nosotros\/precio. Y el ganador fue:<\/p>\n<figure id=\"attachment_4364\" aria-describedby=\"caption-attachment-4364\" style=\"width: 242px\" class=\"wp-caption aligncenter\"><a href=\"http:\/\/felix.ares.fm\/?attachment_id=4364\" rel=\"attachment wp-att-4364\"><img loading=\"lazy\" decoding=\"async\" class=\"size-full wp-image-4364\" alt=\"Xentia\" src=\"http:\/\/felix.ares.fm\/wp-content\/uploads\/2013\/12\/IMG_3415-e1386491110626.jpg\" width=\"242\" height=\"363\" srcset=\"https:\/\/felix.ares.fm\/wp-content\/uploads\/2013\/12\/IMG_3415-e1386491110626.jpg 242w, https:\/\/felix.ares.fm\/wp-content\/uploads\/2013\/12\/IMG_3415-e1386491110626-200x300.jpg 200w\" sizes=\"auto, (max-width: 242px) 100vw, 242px\" \/><\/a><figcaption id=\"caption-attachment-4364\" class=\"wp-caption-text\">Xentia. Un exclente vino de Extremadura<\/figcaption><\/figure>\n<p>Una descripci\u00f3n de este nuevo vino de extremadura est\u00e1 aqu\u00ed: <a href=\"http:\/\/www.vinosdeextremadura.es\/2009\/04\/presentacion-de-xentia.html\">http:\/\/www.vinosdeextremadura.es\/2009\/04\/presentacion-de-xentia.html<\/a>. Con este producto &#8211;y otros&#8211; poco a poco Extremadura se va configurando como una gran zona vin\u00edcola.<\/p>\n<p>El Novellum qued\u00f3 finalista (en nuestros gustos):<\/p>\n<p><a href=\"http:\/\/felix.ares.fm\/?attachment_id=4365\" rel=\"attachment wp-att-4365\"><img loading=\"lazy\" decoding=\"async\" class=\"aligncenter size-full wp-image-4365\" alt=\"IMG_3416\" src=\"http:\/\/felix.ares.fm\/wp-content\/uploads\/2013\/12\/IMG_3416-e1386491300498.jpg\" width=\"242\" height=\"363\" srcset=\"https:\/\/felix.ares.fm\/wp-content\/uploads\/2013\/12\/IMG_3416-e1386491300498.jpg 242w, https:\/\/felix.ares.fm\/wp-content\/uploads\/2013\/12\/IMG_3416-e1386491300498-200x300.jpg 200w\" sizes=\"auto, (max-width: 242px) 100vw, 242px\" \/><\/a><\/p>\n<p>&nbsp;<\/p>\n<p>&nbsp;<\/p>\n<p>y el Caraval:<\/p>\n<p><a href=\"http:\/\/felix.ares.fm\/?attachment_id=4366\" rel=\"attachment wp-att-4366\"><img loading=\"lazy\" decoding=\"async\" class=\"aligncenter size-full wp-image-4366\" alt=\"IMG_3418\" src=\"http:\/\/felix.ares.fm\/wp-content\/uploads\/2013\/12\/IMG_3418-e1386491369891.jpg\" width=\"242\" height=\"363\" srcset=\"https:\/\/felix.ares.fm\/wp-content\/uploads\/2013\/12\/IMG_3418-e1386491369891.jpg 242w, https:\/\/felix.ares.fm\/wp-content\/uploads\/2013\/12\/IMG_3418-e1386491369891-200x300.jpg 200w\" sizes=\"auto, (max-width: 242px) 100vw, 242px\" \/><\/a><\/p>\n<p>&nbsp;<\/p>\n<p>&nbsp;<\/p>\n<p>Paseando por la Feria nos lleg\u00f3 la hora de comer y lo que hicimos fue ir al restaurante de la misma y pedir el men\u00fa del d\u00eda, por tan solo 9\u20ac. Barato pero excelente calidad y ec\u00a1excelente atenci\u00f3n. En los 9\u20ac se incluye bebida.<\/p>\n<figure id=\"attachment_4367\" aria-describedby=\"caption-attachment-4367\" style=\"width: 363px\" class=\"wp-caption aligncenter\"><a href=\"http:\/\/felix.ares.fm\/?attachment_id=4367\" rel=\"attachment wp-att-4367\"><img loading=\"lazy\" decoding=\"async\" class=\"size-full wp-image-4367\" alt=\"Mesas del restaurante\" src=\"http:\/\/felix.ares.fm\/wp-content\/uploads\/2013\/12\/IMG_3419.jpg\" width=\"363\" height=\"242\" srcset=\"https:\/\/felix.ares.fm\/wp-content\/uploads\/2013\/12\/IMG_3419.jpg 363w, https:\/\/felix.ares.fm\/wp-content\/uploads\/2013\/12\/IMG_3419-300x200.jpg 300w\" sizes=\"auto, (max-width: 363px) 100vw, 363px\" \/><\/a><figcaption id=\"caption-attachment-4367\" class=\"wp-caption-text\">Mesas del restaurante Lepanto<\/figcaption><\/figure>\n<p><a href=\"http:\/\/felix.ares.fm\/?attachment_id=4369\" rel=\"attachment wp-att-4369\"><img loading=\"lazy\" decoding=\"async\" class=\"aligncenter size-full wp-image-4369\" alt=\"IMG_3421\" src=\"http:\/\/felix.ares.fm\/wp-content\/uploads\/2013\/12\/IMG_3421.jpg\" width=\"363\" height=\"242\" srcset=\"https:\/\/felix.ares.fm\/wp-content\/uploads\/2013\/12\/IMG_3421.jpg 363w, https:\/\/felix.ares.fm\/wp-content\/uploads\/2013\/12\/IMG_3421-300x200.jpg 300w\" sizes=\"auto, (max-width: 363px) 100vw, 363px\" \/><\/a><\/p>\n<p>Desde la terraza del mismo se ve el mar.<\/p>\n<p><a href=\"http:\/\/felix.ares.fm\/?attachment_id=4368\" rel=\"attachment wp-att-4368\"><img loading=\"lazy\" decoding=\"async\" class=\"aligncenter size-full wp-image-4368\" alt=\"IMG_3420\" src=\"http:\/\/felix.ares.fm\/wp-content\/uploads\/2013\/12\/IMG_3420.jpg\" width=\"363\" height=\"242\" srcset=\"https:\/\/felix.ares.fm\/wp-content\/uploads\/2013\/12\/IMG_3420.jpg 363w, https:\/\/felix.ares.fm\/wp-content\/uploads\/2013\/12\/IMG_3420-300x200.jpg 300w\" sizes=\"auto, (max-width: 363px) 100vw, 363px\" \/><\/a><\/p>\n<p>&nbsp;<\/p>\n<p>El primer plato fue un paella de marisco.<\/p>\n<p>&nbsp;<\/p>\n<p>El segundo plato fue un pescado en salsa, pero ahora mismo no recuerdo cu\u00e1l era. Tal vez rosada.<\/p>\n<p><a href=\"http:\/\/felix.ares.fm\/?attachment_id=4370\" rel=\"attachment wp-att-4370\"><img loading=\"lazy\" decoding=\"async\" class=\"aligncenter size-full wp-image-4370\" alt=\"IMG_3425\" src=\"http:\/\/felix.ares.fm\/wp-content\/uploads\/2013\/12\/IMG_3425.jpg\" width=\"363\" height=\"242\" srcset=\"https:\/\/felix.ares.fm\/wp-content\/uploads\/2013\/12\/IMG_3425.jpg 363w, https:\/\/felix.ares.fm\/wp-content\/uploads\/2013\/12\/IMG_3425-300x200.jpg 300w\" sizes=\"auto, (max-width: 363px) 100vw, 363px\" \/><\/a><\/p>\n<p><a style=\"font-size: 13px; line-height: 19px;\" href=\"http:\/\/felix.ares.fm\/?attachment_id=4373\" rel=\"attachment wp-att-4373\"><img loading=\"lazy\" decoding=\"async\" class=\"size-full wp-image-4373 aligncenter\" alt=\"IMG_3424\" src=\"http:\/\/felix.ares.fm\/wp-content\/uploads\/2013\/12\/IMG_3424.jpg\" width=\"363\" height=\"242\" srcset=\"https:\/\/felix.ares.fm\/wp-content\/uploads\/2013\/12\/IMG_3424.jpg 363w, https:\/\/felix.ares.fm\/wp-content\/uploads\/2013\/12\/IMG_3424-300x200.jpg 300w\" sizes=\"auto, (max-width: 363px) 100vw, 363px\" \/><\/a><\/p>\n<p><a href=\"http:\/\/felix.ares.fm\/?attachment_id=4374\" rel=\"attachment wp-att-4374\"><img loading=\"lazy\" decoding=\"async\" class=\"aligncenter size-full wp-image-4374\" alt=\"IMG_3426\" src=\"http:\/\/felix.ares.fm\/wp-content\/uploads\/2013\/12\/IMG_3426.jpg\" width=\"363\" height=\"242\" srcset=\"https:\/\/felix.ares.fm\/wp-content\/uploads\/2013\/12\/IMG_3426.jpg 363w, https:\/\/felix.ares.fm\/wp-content\/uploads\/2013\/12\/IMG_3426-300x200.jpg 300w\" sizes=\"auto, (max-width: 363px) 100vw, 363px\" \/><\/a><\/p>\n<p><a href=\"http:\/\/felix.ares.fm\/?attachment_id=4375\" rel=\"attachment wp-att-4375\"><img loading=\"lazy\" decoding=\"async\" class=\"aligncenter size-full wp-image-4375\" alt=\"IMG_3427\" src=\"http:\/\/felix.ares.fm\/wp-content\/uploads\/2013\/12\/IMG_3427.jpg\" width=\"363\" height=\"242\" srcset=\"https:\/\/felix.ares.fm\/wp-content\/uploads\/2013\/12\/IMG_3427.jpg 363w, https:\/\/felix.ares.fm\/wp-content\/uploads\/2013\/12\/IMG_3427-300x200.jpg 300w\" sizes=\"auto, (max-width: 363px) 100vw, 363px\" \/><\/a><\/p>\n<p>&nbsp;<\/p>\n<p>&nbsp;<\/p>\n<p>La se\u00f1alizaci\u00f3n de los servicios era un poco sorprendente por lo inusual:<\/p>\n<p><a href=\"http:\/\/felix.ares.fm\/?attachment_id=4377\" rel=\"attachment wp-att-4377\"><img loading=\"lazy\" decoding=\"async\" class=\"aligncenter size-full wp-image-4377\" alt=\"IMG_3429\" src=\"http:\/\/felix.ares.fm\/wp-content\/uploads\/2013\/12\/IMG_3429.jpg\" width=\"363\" height=\"242\" srcset=\"https:\/\/felix.ares.fm\/wp-content\/uploads\/2013\/12\/IMG_3429.jpg 363w, https:\/\/felix.ares.fm\/wp-content\/uploads\/2013\/12\/IMG_3429-300x200.jpg 300w\" sizes=\"auto, (max-width: 363px) 100vw, 363px\" \/><\/a><\/p>\n<p>&nbsp;<\/p>\n<p>El vino que nos sirvieron durante la comida y que ven\u00eda incluido en el men\u00fa del d\u00eda era un Rioja Bordon.<\/p>\n<p>Seguimos por la feria probando algunos vinos y nos resultaron muy agradables y de buena relaci\u00f3n calidad\/precio:<\/p>\n<p><a href=\"http:\/\/felix.ares.fm\/?attachment_id=4378\" rel=\"attachment wp-att-4378\"><img loading=\"lazy\" decoding=\"async\" class=\"aligncenter size-full wp-image-4378\" alt=\"IMG_3430\" src=\"http:\/\/felix.ares.fm\/wp-content\/uploads\/2013\/12\/IMG_3430.jpg\" width=\"363\" height=\"242\" srcset=\"https:\/\/felix.ares.fm\/wp-content\/uploads\/2013\/12\/IMG_3430.jpg 363w, https:\/\/felix.ares.fm\/wp-content\/uploads\/2013\/12\/IMG_3430-300x200.jpg 300w\" sizes=\"auto, (max-width: 363px) 100vw, 363px\" \/><\/a><\/p>\n<p>&nbsp;<\/p>\n<p>&nbsp;<\/p>\n<p>Tambi\u00e9n probamos algunos aceites.<\/p>\n<figure id=\"attachment_4379\" aria-describedby=\"caption-attachment-4379\" style=\"width: 363px\" class=\"wp-caption aligncenter\"><a href=\"http:\/\/felix.ares.fm\/?attachment_id=4379\" rel=\"attachment wp-att-4379\"><img loading=\"lazy\" decoding=\"async\" class=\"size-full wp-image-4379\" alt=\"IMG_3432\" src=\"http:\/\/felix.ares.fm\/wp-content\/uploads\/2013\/12\/IMG_3432.jpg\" width=\"363\" height=\"242\" srcset=\"https:\/\/felix.ares.fm\/wp-content\/uploads\/2013\/12\/IMG_3432.jpg 363w, https:\/\/felix.ares.fm\/wp-content\/uploads\/2013\/12\/IMG_3432-300x200.jpg 300w\" sizes=\"auto, (max-width: 363px) 100vw, 363px\" \/><\/a><figcaption id=\"caption-attachment-4379\" class=\"wp-caption-text\">Aceite verde esmeralda<\/figcaption><\/figure>\n<p>El verde esmeralda es magn\u00edfico. Se trata del aceite obtenido el primer d\u00eda de recolecci\u00f3n y exprimido a baja temepratita por procedimientos mec\u00e1nicos. Afrutado, sabroso, excelente, pero un problema: esa botella que ven cuesta 90\u20ac. Supera nuestra capacidad de compra, al menos, en la Feria, pudimos probarlo.<\/p>\n<p style=\"text-align: center;\">* * *<\/p>\n<p style=\"text-align: center;\">Nuestra intenci\u00f3n era tan solo de dar una vuelta. La dimos y creemos que mereci\u00f3 la pena.<\/p>\n<p style=\"text-align: center;\">***<\/p>\n<p>\u00a0<strong style=\"font-size: 13px; line-height: 19px;\">Nota fotos y texto<\/strong>. Salvo las fotos que tienen un agradecimiento espec\u00edfico, como por ejemplo Wikipedia, son nuestras y las licenciamos con<\/p>\n<p><a href=\"http:\/\/creativecommons.org\/licenses\/by\/3.0\/deed.es_ES\" rel=\"license\"><img decoding=\"async\" alt=\"Licencia de Creative Commons\" src=\"http:\/\/i.creativecommons.org\/l\/by\/3.0\/88x31.png\" \/><\/a><br \/>\n<a href=\"viajes.ares.fm\" rel=\"cc:attributionURL\">F\u00e9lix Ares y Maricarmen Garmendia<\/a>\u00a0is licensed under a\u00a0<a href=\"http:\/\/creativecommons.org\/licenses\/by\/3.0\/deed.es_ES\" rel=\"license\">Creative Commons Reconocimiento 3.0 Unported License<\/a>.<br \/>\nCreado a partir de la obra en\u00a0<a href=\"viajes.ares.fm\" rel=\"dct:source\">felix.ares.fm<\/a>.<\/p>\n<p>Contacto con nosotros:<\/p>\n<p><a href=\"http:\/\/viajes.ares.fm\/wp-content\/uploads\/2013\/06\/emailTapasBr1.jpg\"><img loading=\"lazy\" decoding=\"async\" alt=\"emailTapasBr\" src=\"http:\/\/viajes.ares.fm\/wp-content\/uploads\/2013\/06\/emailTapasBr1-300x138.jpg\" width=\"300\" height=\"138\" \/><\/a><\/p>\n","protected":false},"excerpt":{"rendered":"<p>25 de noviembre de 2013 Los d\u00edas 23, 24 y 25 de noviembre se ha celebrado la Fer\u00eda del Vino. Decidimos ir a darnos una vuelta. Parece ser que el domingo 24 fue terrible, hubo demasiada gente, pero nosotros estuvimos el lunes muy bien, viendo, probando y comprando excelentes embutidos, quesos y vinos. Torremolinos ya &hellip; <a href=\"https:\/\/felix.ares.fm\/?p=4357\" class=\"more-link\">Seguir leyendo <span class=\"screen-reader-text\">Torremolinos, Feria del vino<\/span> <span class=\"meta-nav\">&rarr;<\/span><\/a><\/p>\n","protected":false},"author":1,"featured_media":0,"comment_status":"closed","ping_status":"open","sticky":false,"template":"","format":"standard","meta":{"footnotes":""},"categories":[221],"tags":[],"class_list":["post-4357","post","type-post","status-publish","format-standard","hentry","category-taperia"],"_links":{"self":[{"href":"https:\/\/felix.ares.fm\/index.php?rest_route=\/wp\/v2\/posts\/4357","targetHints":{"allow":["GET"]}}],"collection":[{"href":"https:\/\/felix.ares.fm\/index.php?rest_route=\/wp\/v2\/posts"}],"about":[{"href":"https:\/\/felix.ares.fm\/index.php?rest_route=\/wp\/v2\/types\/post"}],"author":[{"embeddable":true,"href":"https:\/\/felix.ares.fm\/index.php?rest_route=\/wp\/v2\/users\/1"}],"replies":[{"embeddable":true,"href":"https:\/\/felix.ares.fm\/index.php?rest_route=%2Fwp%2Fv2%2Fcomments&post=4357"}],"version-history":[{"count":0,"href":"https:\/\/felix.ares.fm\/index.php?rest_route=\/wp\/v2\/posts\/4357\/revisions"}],"wp:attachment":[{"href":"https:\/\/felix.ares.fm\/index.php?rest_route=%2Fwp%2Fv2%2Fmedia&parent=4357"}],"wp:term":[{"taxonomy":"category","embeddable":true,"href":"https:\/\/felix.ares.fm\/index.php?rest_route=%2Fwp%2Fv2%2Fcategories&post=4357"},{"taxonomy":"post_tag","embeddable":true,"href":"https:\/\/felix.ares.fm\/index.php?rest_route=%2Fwp%2Fv2%2Ftags&post=4357"}],"curies":[{"name":"wp","href":"https:\/\/api.w.org\/{rel}","templated":true}]}}