{"id":4324,"date":"2013-12-06T11:22:16","date_gmt":"2013-12-06T09:22:16","guid":{"rendered":"http:\/\/felix.ares.fm\/?p=4324"},"modified":"2013-12-06T11:37:20","modified_gmt":"2013-12-06T09:37:20","slug":"plaza-andres-lopez-yebra-fuente-de-los-peces","status":"publish","type":"post","link":"https:\/\/felix.ares.fm\/?p=4324","title":{"rendered":"Plaza Andr\u00e9s L\u00f3pez Yebra, fuente de los peces"},"content":{"rendered":"<p><strong>23 de noviembre de 2013<\/strong><\/p>\n<p>En el paseo mar\u00edtimo, muy cerca del puerto, hay una plaza que se llama Andr\u00e9s L\u00f3pez Yebra, en la que est\u00e1 la replica de una bonita fuente hecha por \u00e9l: la fuente de los peces.<\/p>\n<figure id=\"attachment_4325\" aria-describedby=\"caption-attachment-4325\" style=\"width: 363px\" class=\"wp-caption aligncenter\"><a href=\"http:\/\/felix.ares.fm\/?attachment_id=4325\" rel=\"attachment wp-att-4325\"><img loading=\"lazy\" decoding=\"async\" class=\"size-full wp-image-4325\" alt=\"asefef\" src=\"http:\/\/felix.ares.fm\/wp-content\/uploads\/2013\/12\/IMG_3379.jpg\" width=\"363\" height=\"242\" srcset=\"https:\/\/felix.ares.fm\/wp-content\/uploads\/2013\/12\/IMG_3379.jpg 363w, https:\/\/felix.ares.fm\/wp-content\/uploads\/2013\/12\/IMG_3379-300x200.jpg 300w\" sizes=\"auto, (max-width: 363px) 100vw, 363px\" \/><\/a><figcaption id=\"caption-attachment-4325\" class=\"wp-caption-text\">Placa conmemorativa de la escultura, r\u00e9plica de la \u00abFuente de los peces\u00bb cuyo autor es el escultor fuengirole\u00f1o Andr\u00e9 L\u00f3pez Yebra.<\/figcaption><\/figure>\n<figure id=\"attachment_4326\" aria-describedby=\"caption-attachment-4326\" style=\"width: 363px\" class=\"wp-caption aligncenter\"><a href=\"http:\/\/felix.ares.fm\/?attachment_id=4326\" rel=\"attachment wp-att-4326\"><img loading=\"lazy\" decoding=\"async\" class=\"size-full wp-image-4326\" alt=\"La fuente de los peces de Andr\u00e9 L\u00f3pez Yebra\" src=\"http:\/\/felix.ares.fm\/wp-content\/uploads\/2013\/12\/IMG_3380.jpg\" width=\"363\" height=\"242\" srcset=\"https:\/\/felix.ares.fm\/wp-content\/uploads\/2013\/12\/IMG_3380.jpg 363w, https:\/\/felix.ares.fm\/wp-content\/uploads\/2013\/12\/IMG_3380-300x200.jpg 300w\" sizes=\"auto, (max-width: 363px) 100vw, 363px\" \/><\/a><figcaption id=\"caption-attachment-4326\" class=\"wp-caption-text\">La fuente de los peces de Andr\u00e9 L\u00f3pez Yebra<\/figcaption><\/figure>\n<figure id=\"attachment_4327\" aria-describedby=\"caption-attachment-4327\" style=\"width: 363px\" class=\"wp-caption aligncenter\"><a href=\"http:\/\/felix.ares.fm\/?attachment_id=4327\" rel=\"attachment wp-att-4327\"><img loading=\"lazy\" decoding=\"async\" class=\"size-full wp-image-4327\" alt=\"La fuente de los peces de Andr\u00e9 L\u00f3pez Yebra\" src=\"http:\/\/felix.ares.fm\/wp-content\/uploads\/2013\/12\/IMG_3381.jpg\" width=\"363\" height=\"242\" srcset=\"https:\/\/felix.ares.fm\/wp-content\/uploads\/2013\/12\/IMG_3381.jpg 363w, https:\/\/felix.ares.fm\/wp-content\/uploads\/2013\/12\/IMG_3381-300x200.jpg 300w\" sizes=\"auto, (max-width: 363px) 100vw, 363px\" \/><\/a><figcaption id=\"caption-attachment-4327\" class=\"wp-caption-text\">La fuente de los peces de Andr\u00e9 L\u00f3pez Yebra<\/figcaption><\/figure>\n<figure id=\"attachment_4328\" aria-describedby=\"caption-attachment-4328\" style=\"width: 363px\" class=\"wp-caption aligncenter\"><a href=\"http:\/\/felix.ares.fm\/?attachment_id=4328\" rel=\"attachment wp-att-4328\"><img loading=\"lazy\" decoding=\"async\" class=\"size-full wp-image-4328\" alt=\"La fuente de los peces de Andr\u00e9 L\u00f3pez Yebra\" src=\"http:\/\/felix.ares.fm\/wp-content\/uploads\/2013\/12\/IMG_3382.jpg\" width=\"363\" height=\"242\" srcset=\"https:\/\/felix.ares.fm\/wp-content\/uploads\/2013\/12\/IMG_3382.jpg 363w, https:\/\/felix.ares.fm\/wp-content\/uploads\/2013\/12\/IMG_3382-300x200.jpg 300w\" sizes=\"auto, (max-width: 363px) 100vw, 363px\" \/><\/a><figcaption id=\"caption-attachment-4328\" class=\"wp-caption-text\">La fuente de los peces de Andr\u00e9 L\u00f3pez Yebra<\/figcaption><\/figure>\n<figure id=\"attachment_4329\" aria-describedby=\"caption-attachment-4329\" style=\"width: 363px\" class=\"wp-caption aligncenter\"><a href=\"http:\/\/felix.ares.fm\/?attachment_id=4329\" rel=\"attachment wp-att-4329\"><img loading=\"lazy\" decoding=\"async\" class=\"size-full wp-image-4329\" alt=\"La fuente de los peces de Andr\u00e9 L\u00f3pez Yebra\" src=\"http:\/\/felix.ares.fm\/wp-content\/uploads\/2013\/12\/IMG_3383.jpg\" width=\"363\" height=\"242\" srcset=\"https:\/\/felix.ares.fm\/wp-content\/uploads\/2013\/12\/IMG_3383.jpg 363w, https:\/\/felix.ares.fm\/wp-content\/uploads\/2013\/12\/IMG_3383-300x200.jpg 300w\" sizes=\"auto, (max-width: 363px) 100vw, 363px\" \/><\/a><figcaption id=\"caption-attachment-4329\" class=\"wp-caption-text\">La fuente de los peces de Andr\u00e9 L\u00f3pez Yebra<\/figcaption><\/figure>\n<figure id=\"attachment_4330\" aria-describedby=\"caption-attachment-4330\" style=\"width: 363px\" class=\"wp-caption aligncenter\"><a href=\"http:\/\/felix.ares.fm\/?attachment_id=4330\" rel=\"attachment wp-att-4330\"><img loading=\"lazy\" decoding=\"async\" class=\"size-full wp-image-4330\" alt=\"La fuente de los peces de Andr\u00e9 L\u00f3pez Yebra\" src=\"http:\/\/felix.ares.fm\/wp-content\/uploads\/2013\/12\/IMG_3384.jpg\" width=\"363\" height=\"242\" srcset=\"https:\/\/felix.ares.fm\/wp-content\/uploads\/2013\/12\/IMG_3384.jpg 363w, https:\/\/felix.ares.fm\/wp-content\/uploads\/2013\/12\/IMG_3384-300x200.jpg 300w\" sizes=\"auto, (max-width: 363px) 100vw, 363px\" \/><\/a><figcaption id=\"caption-attachment-4330\" class=\"wp-caption-text\">La fuente de los peces de Andr\u00e9 L\u00f3pez Yebra<\/figcaption><\/figure>\n<figure id=\"attachment_4331\" aria-describedby=\"caption-attachment-4331\" style=\"width: 363px\" class=\"wp-caption aligncenter\"><a href=\"http:\/\/felix.ares.fm\/?attachment_id=4331\" rel=\"attachment wp-att-4331\"><img loading=\"lazy\" decoding=\"async\" class=\"size-full wp-image-4331\" alt=\"La fuente de los peces de Andr\u00e9 L\u00f3pez Yebra\" src=\"http:\/\/felix.ares.fm\/wp-content\/uploads\/2013\/12\/IMG_3385.jpg\" width=\"363\" height=\"242\" srcset=\"https:\/\/felix.ares.fm\/wp-content\/uploads\/2013\/12\/IMG_3385.jpg 363w, https:\/\/felix.ares.fm\/wp-content\/uploads\/2013\/12\/IMG_3385-300x200.jpg 300w\" sizes=\"auto, (max-width: 363px) 100vw, 363px\" \/><\/a><figcaption id=\"caption-attachment-4331\" class=\"wp-caption-text\">La fuente de los peces de Andr\u00e9 L\u00f3pez Yebra<\/figcaption><\/figure>\n<figure id=\"attachment_4332\" aria-describedby=\"caption-attachment-4332\" style=\"width: 363px\" class=\"wp-caption aligncenter\"><a href=\"http:\/\/felix.ares.fm\/?attachment_id=4332\" rel=\"attachment wp-att-4332\"><img loading=\"lazy\" decoding=\"async\" class=\"size-full wp-image-4332\" alt=\"La fuente de los peces de Andr\u00e9 L\u00f3pez Yebra\" src=\"http:\/\/felix.ares.fm\/wp-content\/uploads\/2013\/12\/IMG_3386.jpg\" width=\"363\" height=\"242\" srcset=\"https:\/\/felix.ares.fm\/wp-content\/uploads\/2013\/12\/IMG_3386.jpg 363w, https:\/\/felix.ares.fm\/wp-content\/uploads\/2013\/12\/IMG_3386-300x200.jpg 300w\" sizes=\"auto, (max-width: 363px) 100vw, 363px\" \/><\/a><figcaption id=\"caption-attachment-4332\" class=\"wp-caption-text\">La fuente de los peces de Andr\u00e9 L\u00f3pez Yebra<\/figcaption><\/figure>\n<p><strong>UBICACI\u00d3N<\/strong><\/p>\n<p>Plaza de Andr\u00e9s L\u00f3pez Yebra, en el paseo mar\u00edtimo, enfrente de las torres del puerto:<\/p>\n<p><a href=\"http:\/\/felix.ares.fm\/?attachment_id=4333\" rel=\"attachment wp-att-4333\"><img loading=\"lazy\" decoding=\"async\" class=\"aligncenter size-full wp-image-4333\" alt=\"IMG_3387\" src=\"http:\/\/felix.ares.fm\/wp-content\/uploads\/2013\/12\/IMG_3387.jpg\" width=\"363\" height=\"242\" srcset=\"https:\/\/felix.ares.fm\/wp-content\/uploads\/2013\/12\/IMG_3387.jpg 363w, https:\/\/felix.ares.fm\/wp-content\/uploads\/2013\/12\/IMG_3387-300x200.jpg 300w\" sizes=\"auto, (max-width: 363px) 100vw, 363px\" \/><\/a><\/p>\n<p style=\"text-align: center;\">* * *<\/p>\n<p>&nbsp;<\/p>\n<p>&nbsp;<\/p>\n<p><strong>Nota fotos y texto<\/strong>. Salvo las fotos que tienen un agradecimiento espec\u00edfico, como por ejemplo Wikipedia, son nuestras y las licenciamos con<\/p>\n<p><a href=\"http:\/\/creativecommons.org\/licenses\/by\/3.0\/deed.es_ES\" rel=\"license\"><img decoding=\"async\" alt=\"Licencia de Creative Commons\" src=\"http:\/\/i.creativecommons.org\/l\/by\/3.0\/88x31.png\" \/><\/a><br \/>\n<a href=\"viajes.ares.fm\" rel=\"cc:attributionURL\">F\u00e9lix Ares y Maricarmen Garmendia<\/a>\u00a0is licensed under a\u00a0<a href=\"http:\/\/creativecommons.org\/licenses\/by\/3.0\/deed.es_ES\" rel=\"license\">Creative Commons Reconocimiento 3.0 Unported License<\/a>.<br \/>\nCreado a partir de la obra en\u00a0<a href=\"viajes.ares.fm\" rel=\"dct:source\">felix.ares.fm<\/a>.<\/p>\n<p>Contacto con nosotros:<\/p>\n<p><a href=\"http:\/\/viajes.ares.fm\/wp-content\/uploads\/2013\/06\/emailTapasBr1.jpg\"><img loading=\"lazy\" decoding=\"async\" alt=\"emailTapasBr\" src=\"http:\/\/viajes.ares.fm\/wp-content\/uploads\/2013\/06\/emailTapasBr1-300x138.jpg\" width=\"300\" height=\"138\" \/><\/a><\/p>\n","protected":false},"excerpt":{"rendered":"<p>23 de noviembre de 2013 En el paseo mar\u00edtimo, muy cerca del puerto, hay una plaza que se llama Andr\u00e9s L\u00f3pez Yebra, en la que est\u00e1 la replica de una bonita fuente hecha por \u00e9l: la fuente de los peces. UBICACI\u00d3N Plaza de Andr\u00e9s L\u00f3pez Yebra, en el paseo mar\u00edtimo, enfrente de las torres del &hellip; <a href=\"https:\/\/felix.ares.fm\/?p=4324\" class=\"more-link\">Seguir leyendo <span class=\"screen-reader-text\">Plaza Andr\u00e9s L\u00f3pez Yebra, fuente de los peces<\/span> <span class=\"meta-nav\">&rarr;<\/span><\/a><\/p>\n","protected":false},"author":1,"featured_media":0,"comment_status":"closed","ping_status":"open","sticky":false,"template":"","format":"standard","meta":{"footnotes":""},"categories":[336,413,412,291],"tags":[],"class_list":["post-4324","post","type-post","status-publish","format-standard","hentry","category-fuente","category-fuente-de-los-peces","category-plaza-andres-lopez-yebra","category-plazas"],"_links":{"self":[{"href":"https:\/\/felix.ares.fm\/index.php?rest_route=\/wp\/v2\/posts\/4324","targetHints":{"allow":["GET"]}}],"collection":[{"href":"https:\/\/felix.ares.fm\/index.php?rest_route=\/wp\/v2\/posts"}],"about":[{"href":"https:\/\/felix.ares.fm\/index.php?rest_route=\/wp\/v2\/types\/post"}],"author":[{"embeddable":true,"href":"https:\/\/felix.ares.fm\/index.php?rest_route=\/wp\/v2\/users\/1"}],"replies":[{"embeddable":true,"href":"https:\/\/felix.ares.fm\/index.php?rest_route=%2Fwp%2Fv2%2Fcomments&post=4324"}],"version-history":[{"count":0,"href":"https:\/\/felix.ares.fm\/index.php?rest_route=\/wp\/v2\/posts\/4324\/revisions"}],"wp:attachment":[{"href":"https:\/\/felix.ares.fm\/index.php?rest_route=%2Fwp%2Fv2%2Fmedia&parent=4324"}],"wp:term":[{"taxonomy":"category","embeddable":true,"href":"https:\/\/felix.ares.fm\/index.php?rest_route=%2Fwp%2Fv2%2Fcategories&post=4324"},{"taxonomy":"post_tag","embeddable":true,"href":"https:\/\/felix.ares.fm\/index.php?rest_route=%2Fwp%2Fv2%2Ftags&post=4324"}],"curies":[{"name":"wp","href":"https:\/\/api.w.org\/{rel}","templated":true}]}}