{"id":4120,"date":"2013-11-28T09:13:31","date_gmt":"2013-11-28T07:13:31","guid":{"rendered":"http:\/\/felix.ares.fm\/?p=4120"},"modified":"2024-04-18T06:24:18","modified_gmt":"2024-04-18T04:24:18","slug":"escapada-a-priego-y-rute-en-cordoba","status":"publish","type":"post","link":"https:\/\/felix.ares.fm\/?p=4120","title":{"rendered":"Escapada a Priego y Rute en C\u00f3rdoba"},"content":{"rendered":"\n<p><strong>16 de noviembre de 2013 &nbsp;&nbsp;<\/strong><\/p>\n\n\n\n<p>En Fuengirola hay muchas ofertas de excursiones de uno a dos d\u00edas a infinidad de sitios. Vimos una que nos gust\u00f3 y nos apuntamos. La excursi\u00f3n nos llevaba a ver una almazara, el pueblo de Priego, el pueblo de Rute e inclu\u00eda desayuno y comida.<\/p>\n\n\n\n<p>Sal\u00eda aproximadamente a las 8 de la ma\u00f1ana y volv\u00eda hacia las 9 de la noche.<\/p>\n\n\n\n<p><a href=\"#encinas\">Encinas Reales<\/a><br \/><a href=\"#carcabuey\">Carcabuey<\/a><br \/><a href=\"#priego\">Priego<\/a><br \/><a href=\"#rute\">Rute<\/a><\/p>\n\n\n\n<p>Nuestra primera parada fue en <a href=\"http:\/\/encinasreales.turismodelasubbetica.es\/estatic\/index\/seccion\/87\">Encinas Reales<\/a>, un pueblo de la subb\u00e9tica de la provincia de C\u00f3rdoba.<\/p>\n\n\n\n<p><a name=\"encinas\"><\/a><\/p>\n\n\n\n<p><strong>ENCINAS REALES<\/strong><\/p>\n\n\n\n<p>La parada en Encinas Reales fue para desayunar. Un buen desayuno al estilo de C\u00f3rdoba. El lugar elegido fue el Restaurante \u00abEl Palomar\u00bb<\/p>\n\n\n<div class=\"wp-block-image\">\n<figure class=\"aligncenter\"><a href=\"http:\/\/felix.ares.fm\/?attachment_id=4121\" rel=\"attachment wp-att-4121\"><img loading=\"lazy\" decoding=\"async\" width=\"363\" height=\"242\" src=\"http:\/\/felix.ares.fm\/wp-content\/uploads\/2013\/11\/IMG_2977.jpg\" alt=\"IMG_2977\" class=\"wp-image-4121\" srcset=\"https:\/\/felix.ares.fm\/wp-content\/uploads\/2013\/11\/IMG_2977.jpg 363w, https:\/\/felix.ares.fm\/wp-content\/uploads\/2013\/11\/IMG_2977-300x200.jpg 300w\" sizes=\"auto, (max-width: 363px) 100vw, 363px\" \/><\/a><\/figure>\n<\/div>\n\n<div class=\"wp-block-image\">\n<figure class=\"aligncenter\"><a href=\"http:\/\/felix.ares.fm\/?attachment_id=4122\" rel=\"attachment wp-att-4122\"><img loading=\"lazy\" decoding=\"async\" width=\"363\" height=\"242\" src=\"http:\/\/felix.ares.fm\/wp-content\/uploads\/2013\/11\/IMG_2978.jpg\" alt=\"IMG_2978\" class=\"wp-image-4122\" srcset=\"https:\/\/felix.ares.fm\/wp-content\/uploads\/2013\/11\/IMG_2978.jpg 363w, https:\/\/felix.ares.fm\/wp-content\/uploads\/2013\/11\/IMG_2978-300x200.jpg 300w\" sizes=\"auto, (max-width: 363px) 100vw, 363px\" \/><\/a><\/figure>\n<\/div>\n\n<div class=\"wp-block-image\">\n<figure class=\"aligncenter\"><a href=\"http:\/\/felix.ares.fm\/?attachment_id=4132\" rel=\"attachment wp-att-4132\"><img loading=\"lazy\" decoding=\"async\" width=\"363\" height=\"242\" src=\"http:\/\/felix.ares.fm\/wp-content\/uploads\/2013\/11\/IMG_2992.jpg\" alt=\"A la entrada del restaurante hay una bonita fuente. Aqu\u00ed un detalle\" class=\"wp-image-4132\" srcset=\"https:\/\/felix.ares.fm\/wp-content\/uploads\/2013\/11\/IMG_2992.jpg 363w, https:\/\/felix.ares.fm\/wp-content\/uploads\/2013\/11\/IMG_2992-300x200.jpg 300w\" sizes=\"auto, (max-width: 363px) 100vw, 363px\" \/><\/a><figcaption class=\"wp-element-caption\">A la entrada del restaurante hay una bonita fuente. Aqu\u00ed un detalle<\/figcaption><\/figure>\n<\/div>\n\n<div class=\"wp-block-image\">\n<figure class=\"aligncenter\"><a href=\"http:\/\/felix.ares.fm\/?attachment_id=4123\" rel=\"attachment wp-att-4123\"><img loading=\"lazy\" decoding=\"async\" width=\"363\" height=\"242\" src=\"http:\/\/felix.ares.fm\/wp-content\/uploads\/2013\/11\/IMG_2979.jpg\" alt=\"Imponente sala donde desayunamos\" class=\"wp-image-4123\" srcset=\"https:\/\/felix.ares.fm\/wp-content\/uploads\/2013\/11\/IMG_2979.jpg 363w, https:\/\/felix.ares.fm\/wp-content\/uploads\/2013\/11\/IMG_2979-300x200.jpg 300w\" sizes=\"auto, (max-width: 363px) 100vw, 363px\" \/><\/a><figcaption class=\"wp-element-caption\">Imponente sala donde desayunamos<\/figcaption><\/figure>\n<\/div>\n\n<div class=\"wp-block-image\">\n<figure class=\"aligncenter\"><a href=\"http:\/\/felix.ares.fm\/?attachment_id=4131\" rel=\"attachment wp-att-4131\"><img loading=\"lazy\" decoding=\"async\" width=\"222\" height=\"345\" src=\"http:\/\/felix.ares.fm\/wp-content\/uploads\/2013\/11\/IMG_29901.jpg\" alt=\"IMG_2990\" class=\"wp-image-4131\" srcset=\"https:\/\/felix.ares.fm\/wp-content\/uploads\/2013\/11\/IMG_29901.jpg 222w, https:\/\/felix.ares.fm\/wp-content\/uploads\/2013\/11\/IMG_29901-193x300.jpg 193w\" sizes=\"auto, (max-width: 222px) 100vw, 222px\" \/><\/a><\/figure>\n<\/div>\n\n<div class=\"wp-block-image\">\n<figure class=\"aligncenter\"><a href=\"http:\/\/felix.ares.fm\/?attachment_id=4124\" rel=\"attachment wp-att-4124\"><img loading=\"lazy\" decoding=\"async\" width=\"363\" height=\"242\" src=\"http:\/\/felix.ares.fm\/wp-content\/uploads\/2013\/11\/IMG_2980.jpg\" alt=\"Mesa de desayuno\" class=\"wp-image-4124\" srcset=\"https:\/\/felix.ares.fm\/wp-content\/uploads\/2013\/11\/IMG_2980.jpg 363w, https:\/\/felix.ares.fm\/wp-content\/uploads\/2013\/11\/IMG_2980-300x200.jpg 300w\" sizes=\"auto, (max-width: 363px) 100vw, 363px\" \/><\/a><figcaption class=\"wp-element-caption\">Mesa de desayuno<\/figcaption><\/figure>\n<\/div>\n\n<div class=\"wp-block-image\">\n<figure class=\"aligncenter\"><a href=\"http:\/\/felix.ares.fm\/?attachment_id=4125\" rel=\"attachment wp-att-4125\"><img loading=\"lazy\" decoding=\"async\" width=\"363\" height=\"242\" src=\"http:\/\/felix.ares.fm\/wp-content\/uploads\/2013\/11\/IMG_2981.jpg\" alt=\"En la mesa no faltaba un buen aceite de oliva virgen de C\u00f3rdoba\" class=\"wp-image-4125\" srcset=\"https:\/\/felix.ares.fm\/wp-content\/uploads\/2013\/11\/IMG_2981.jpg 363w, https:\/\/felix.ares.fm\/wp-content\/uploads\/2013\/11\/IMG_2981-300x200.jpg 300w\" sizes=\"auto, (max-width: 363px) 100vw, 363px\" \/><\/a><figcaption class=\"wp-element-caption\">En la mesa no faltaba un buen aceite de oliva virgen de C\u00f3rdoba<\/figcaption><\/figure>\n<\/div>\n\n\n<p>Este imponente sal\u00f3n tiene nombre: Sala Do\u00f1a In\u00e9s<\/p>\n\n\n<div class=\"wp-block-image\">\n<figure class=\"aligncenter\"><a href=\"http:\/\/felix.ares.fm\/?attachment_id=4126\" rel=\"attachment wp-att-4126\"><img loading=\"lazy\" decoding=\"async\" width=\"363\" height=\"242\" src=\"http:\/\/felix.ares.fm\/wp-content\/uploads\/2013\/11\/IMG_2984.jpg\" alt=\"Sala Do\u00f1a In\u00e9s\" class=\"wp-image-4126\" srcset=\"https:\/\/felix.ares.fm\/wp-content\/uploads\/2013\/11\/IMG_2984.jpg 363w, https:\/\/felix.ares.fm\/wp-content\/uploads\/2013\/11\/IMG_2984-300x200.jpg 300w\" sizes=\"auto, (max-width: 363px) 100vw, 363px\" \/><\/a><figcaption class=\"wp-element-caption\">Sala Do\u00f1a In\u00e9s<\/figcaption><\/figure>\n<\/div>\n\n\n<p>Por mi parte ped\u00ed un caf\u00e9 solo, que me lo sirvieron en vaso largo:<\/p>\n\n\n<div class=\"wp-block-image\">\n<figure class=\"aligncenter\"><a href=\"http:\/\/felix.ares.fm\/?attachment_id=4127\" rel=\"attachment wp-att-4127\"><img loading=\"lazy\" decoding=\"async\" width=\"242\" height=\"363\" src=\"http:\/\/felix.ares.fm\/wp-content\/uploads\/2013\/11\/IMG_2985-e1385621733342.jpg\" alt=\"IMG_2985\" class=\"wp-image-4127\" srcset=\"https:\/\/felix.ares.fm\/wp-content\/uploads\/2013\/11\/IMG_2985-e1385621733342.jpg 242w, https:\/\/felix.ares.fm\/wp-content\/uploads\/2013\/11\/IMG_2985-e1385621733342-200x300.jpg 200w\" sizes=\"auto, (max-width: 242px) 100vw, 242px\" \/><\/a><\/figure>\n<\/div>\n\n\n<p>En la mesa hab\u00eda tostadas y tarros de zurrapa. Los andaluces saben perfectamente lo que es la zurrapa, pero no tanto los que acabamos de llegar. Se trata de lomo de cerdo frito en manteca y sal que se va deshilachando. En wikipedia nos lo cuentas as\u00ed:<\/p>\n\n\n\n<p>\u00abSe llama&nbsp;<b>zurrapa de lomo<\/b>&nbsp;al&nbsp;<a title=\"Lomo de cerdo\" href=\"https:\/\/es.wikipedia.org\/wiki\/Lomo_de_cerdo\">lomo de cerdo<\/a>&nbsp;que frito en<a title=\"Manteca de cerdo\" href=\"https:\/\/es.wikipedia.org\/wiki\/Manteca_de_cerdo\">manteca de cerdo<\/a>&nbsp;y&nbsp;<a title=\"Sal\" href=\"https:\/\/es.wikipedia.org\/wiki\/Sal\">sal<\/a>&nbsp;se va deshilachando y al que, opcionalmente y dependiendo de cada cocinero, se le van a\u00f1adiendo determinadas especias como&nbsp;<a title=\"Ajo\" href=\"https:\/\/es.wikipedia.org\/wiki\/Ajo\">ajo<\/a>,&nbsp;<a title=\"Or\u00e9gano\" href=\"https:\/\/es.wikipedia.org\/wiki\/Or%C3%A9gano\">or\u00e9gano<\/a>,<a title=\"Piment\u00f3n\" href=\"https:\/\/es.wikipedia.org\/wiki\/Piment%C3%B3n\">piment\u00f3n<\/a>, etc. Tambi\u00e9n puede incluir algo de vinagre. Tiene cierto parecido con los&nbsp;<a title=\"Rillettes\" href=\"https:\/\/es.wikipedia.org\/wiki\/Rillettes\">rillettes<\/a>. En semiconserva se puede encontrar tambi\u00e9n&nbsp;<i>zurrapa de h\u00edgado<\/i>&nbsp;o&nbsp;<i>zurrapa de sobrasada<\/i>.\u00bb<\/p>\n\n\n\n<p>M\u00e1s datos aqu\u00ed:<a href=\"https:\/\/es.wikipedia.org\/wiki\/Zurrapa_de_lomo\">&nbsp;https:\/\/es.wikipedia.org\/wiki\/Zurrapa_de_lomo<\/a><\/p>\n\n\n<div class=\"wp-block-image\">\n<figure class=\"aligncenter\"><a href=\"http:\/\/felix.ares.fm\/?attachment_id=4128\" rel=\"attachment wp-att-4128\"><img loading=\"lazy\" decoding=\"async\" width=\"363\" height=\"242\" src=\"http:\/\/felix.ares.fm\/wp-content\/uploads\/2013\/11\/IMG_2987.jpg\" alt=\"Tarrina de zurrapa\" class=\"wp-image-4128\" srcset=\"https:\/\/felix.ares.fm\/wp-content\/uploads\/2013\/11\/IMG_2987.jpg 363w, https:\/\/felix.ares.fm\/wp-content\/uploads\/2013\/11\/IMG_2987-300x200.jpg 300w\" sizes=\"auto, (max-width: 363px) 100vw, 363px\" \/><\/a><figcaption class=\"wp-element-caption\">Tarrina de zurrapa<\/figcaption><\/figure>\n<\/div>\n\n<div class=\"wp-block-image\">\n<figure class=\"aligncenter\"><a href=\"http:\/\/felix.ares.fm\/?attachment_id=4129\" rel=\"attachment wp-att-4129\"><img loading=\"lazy\" decoding=\"async\" width=\"363\" height=\"242\" src=\"http:\/\/felix.ares.fm\/wp-content\/uploads\/2013\/11\/IMG_2988.jpg\" alt=\"Pan tostado con aceite de oliva\" class=\"wp-image-4129\" srcset=\"https:\/\/felix.ares.fm\/wp-content\/uploads\/2013\/11\/IMG_2988.jpg 363w, https:\/\/felix.ares.fm\/wp-content\/uploads\/2013\/11\/IMG_2988-300x200.jpg 300w\" sizes=\"auto, (max-width: 363px) 100vw, 363px\" \/><\/a><figcaption class=\"wp-element-caption\">Pan tostado con aceite de oliva<\/figcaption><\/figure>\n<\/div>\n\n\n<p>El desayuno result\u00f3 ser estupendo. Y con el est\u00f3mago lleno nos fuimos hac\u00eda Priego.<\/p>\n\n\n\n<p><a name=\"carcabuey\"><\/a><\/p>\n\n\n\n<p><strong>CARCABUEY&nbsp;<\/strong><\/p>\n\n\n\n<p>Nuestra primera parada cerca de Priego fue una almazara, \u00ab<a href=\"http:\/\/www.subifor.es\/Portal\/Default.aspx?alias=www.subifor.es\/portal\/almazarassubbetica\">La Virgen del Castillo\u00bb<\/a> que est\u00e1 en le pueblo de <a href=\"https:\/\/es.wikipedia.org\/wiki\/Carcabuey\">Carcabuey<\/a>.<\/p>\n\n\n<div class=\"wp-block-image\">\n<figure class=\"aligncenter\"><a href=\"http:\/\/felix.ares.fm\/?attachment_id=4136\" rel=\"attachment wp-att-4136\"><img loading=\"lazy\" decoding=\"async\" width=\"363\" height=\"242\" src=\"http:\/\/felix.ares.fm\/wp-content\/uploads\/2013\/11\/IMG_2998.jpg\" alt=\"Cooperativa Virgen del Castillo, de las almazaras de la subb\u00e9tica\" class=\"wp-image-4136\" srcset=\"https:\/\/felix.ares.fm\/wp-content\/uploads\/2013\/11\/IMG_2998.jpg 363w, https:\/\/felix.ares.fm\/wp-content\/uploads\/2013\/11\/IMG_2998-300x200.jpg 300w\" sizes=\"auto, (max-width: 363px) 100vw, 363px\" \/><\/a><figcaption class=\"wp-element-caption\">Cooperativa Virgen del Castillo, de las almazaras de la subb\u00e9tica<\/figcaption><\/figure>\n<\/div>\n\n<div class=\"wp-block-image\">\n<figure class=\"aligncenter\"><a href=\"http:\/\/felix.ares.fm\/?attachment_id=4137\" rel=\"attachment wp-att-4137\"><img loading=\"lazy\" decoding=\"async\" width=\"363\" height=\"242\" src=\"http:\/\/felix.ares.fm\/wp-content\/uploads\/2013\/11\/IMG_3017.jpg\" alt=\"Cooperativa de Carcabuey\" class=\"wp-image-4137\" srcset=\"https:\/\/felix.ares.fm\/wp-content\/uploads\/2013\/11\/IMG_3017.jpg 363w, https:\/\/felix.ares.fm\/wp-content\/uploads\/2013\/11\/IMG_3017-300x200.jpg 300w\" sizes=\"auto, (max-width: 363px) 100vw, 363px\" \/><\/a><figcaption class=\"wp-element-caption\">Cooperativa de Carcabuey<\/figcaption><\/figure>\n<\/div>\n\n<div class=\"wp-block-image\">\n<figure class=\"aligncenter\"><a href=\"http:\/\/felix.ares.fm\/?attachment_id=4138\" rel=\"attachment wp-att-4138\"><img loading=\"lazy\" decoding=\"async\" width=\"363\" height=\"242\" src=\"http:\/\/felix.ares.fm\/wp-content\/uploads\/2013\/11\/IMG_3001.jpg\" alt=\"IMG_3001\" class=\"wp-image-4138\" srcset=\"https:\/\/felix.ares.fm\/wp-content\/uploads\/2013\/11\/IMG_3001.jpg 363w, https:\/\/felix.ares.fm\/wp-content\/uploads\/2013\/11\/IMG_3001-300x200.jpg 300w\" sizes=\"auto, (max-width: 363px) 100vw, 363px\" \/><\/a><\/figure>\n<\/div>\n\n\n<p>Se trata de una gran almazara que fabrica una gran cantidad de aciete de diversas calidades. Adem\u00e1s de la gran almazara hay una peque\u00f1ita para que los socios de la cooperativa hagan sus propios aceites.<\/p>\n\n\n\n<p>Subimos al primer piso donde estaba la peque\u00f1a almazara y lo primero que nos encontramos fue con aceitunas de alg\u00fan socio:<\/p>\n\n\n<div class=\"wp-block-image\">\n<figure class=\"aligncenter\"><a href=\"http:\/\/felix.ares.fm\/?attachment_id=4139\" rel=\"attachment wp-att-4139\"><img loading=\"lazy\" decoding=\"async\" width=\"363\" height=\"242\" src=\"http:\/\/felix.ares.fm\/wp-content\/uploads\/2013\/11\/IMG_3002.jpg\" alt=\"Aceitunas de un socio, de las que va a hacer sus botellas de aceite. \" class=\"wp-image-4139\" srcset=\"https:\/\/felix.ares.fm\/wp-content\/uploads\/2013\/11\/IMG_3002.jpg 363w, https:\/\/felix.ares.fm\/wp-content\/uploads\/2013\/11\/IMG_3002-300x200.jpg 300w\" sizes=\"auto, (max-width: 363px) 100vw, 363px\" \/><\/a><figcaption class=\"wp-element-caption\">Aceitunas de un socio, de las que va a hacer sus botellas de aceite.<\/figcaption><\/figure>\n<\/div>\n\n\n<p>Al lado estaba la peque\u00f1a almazara:<\/p>\n\n\n<div class=\"wp-block-image\">\n<figure class=\"aligncenter\"><a href=\"http:\/\/felix.ares.fm\/?attachment_id=4140\" rel=\"attachment wp-att-4140\"><img loading=\"lazy\" decoding=\"async\" width=\"363\" height=\"242\" src=\"http:\/\/felix.ares.fm\/wp-content\/uploads\/2013\/11\/IMG_3003.jpg\" alt=\"Almazara\" class=\"wp-image-4140\" srcset=\"https:\/\/felix.ares.fm\/wp-content\/uploads\/2013\/11\/IMG_3003.jpg 363w, https:\/\/felix.ares.fm\/wp-content\/uploads\/2013\/11\/IMG_3003-300x200.jpg 300w\" sizes=\"auto, (max-width: 363px) 100vw, 363px\" \/><\/a><figcaption class=\"wp-element-caption\">Almazara<\/figcaption><\/figure>\n<\/div>\n\n\n<p>En la almazara hay tres partes. Primeo vemos una tolva por la que se echan las aceitunas enteras, con hueso y todo, la m\u00e1quina del primer plano es una trituradora que las convierte en una pasta de un intenso olor afrutado.<\/p>\n\n\n<div class=\"wp-block-image\">\n<figure class=\"aligncenter\"><a href=\"http:\/\/felix.ares.fm\/?attachment_id=4142\" rel=\"attachment wp-att-4142\"><img loading=\"lazy\" decoding=\"async\" width=\"363\" height=\"242\" src=\"http:\/\/felix.ares.fm\/wp-content\/uploads\/2013\/11\/IMG_3006.jpg\" alt=\"Ah\u00ed se ve el estado de la pasta\" class=\"wp-image-4142\" srcset=\"https:\/\/felix.ares.fm\/wp-content\/uploads\/2013\/11\/IMG_3006.jpg 363w, https:\/\/felix.ares.fm\/wp-content\/uploads\/2013\/11\/IMG_3006-300x200.jpg 300w\" sizes=\"auto, (max-width: 363px) 100vw, 363px\" \/><\/a><figcaption class=\"wp-element-caption\">Ah\u00ed se ve el estado de la pasta con un excelente olor afrutado<\/figcaption><\/figure>\n<\/div>\n\n\n<p>De ah\u00ed pasa a una centrifugadora donde se separa el aceite de los restos s\u00f3lidos.<\/p>\n\n\n<div class=\"wp-block-image\">\n<figure class=\"aligncenter\"><a href=\"http:\/\/felix.ares.fm\/?attachment_id=4143\" rel=\"attachment wp-att-4143\"><img loading=\"lazy\" decoding=\"async\" width=\"363\" height=\"242\" src=\"http:\/\/felix.ares.fm\/wp-content\/uploads\/2013\/11\/IMG_3007.jpg\" alt=\"Centrifugadora, por la tuber\u00eda verde sale el aceite\" class=\"wp-image-4143\" srcset=\"https:\/\/felix.ares.fm\/wp-content\/uploads\/2013\/11\/IMG_3007.jpg 363w, https:\/\/felix.ares.fm\/wp-content\/uploads\/2013\/11\/IMG_3007-300x200.jpg 300w\" sizes=\"auto, (max-width: 363px) 100vw, 363px\" \/><\/a><figcaption class=\"wp-element-caption\">Centrifugadora, por la tuber\u00eda verde sale el aceite<\/figcaption><\/figure>\n<\/div>\n\n\n<p>El aceite tiene este aspecto:<\/p>\n\n\n<div class=\"wp-block-image\">\n<figure class=\"aligncenter\"><a href=\"http:\/\/felix.ares.fm\/?attachment_id=4141\" rel=\"attachment wp-att-4141\"><img loading=\"lazy\" decoding=\"async\" width=\"363\" height=\"242\" src=\"http:\/\/felix.ares.fm\/wp-content\/uploads\/2013\/11\/IMG_3004.jpg\" alt=\"Aceite sin filtrar\" class=\"wp-image-4141\" srcset=\"https:\/\/felix.ares.fm\/wp-content\/uploads\/2013\/11\/IMG_3004.jpg 363w, https:\/\/felix.ares.fm\/wp-content\/uploads\/2013\/11\/IMG_3004-300x200.jpg 300w\" sizes=\"auto, (max-width: 363px) 100vw, 363px\" \/><\/a><figcaption class=\"wp-element-caption\">Aceite sin filtrar<\/figcaption><\/figure>\n<\/div>\n\n\n<p>Este aceite tiene un sabor fuerte y es turbio. Hay mucha gente a la que le gusta as\u00ed &#8211;por ejemplo, a m\u00ed, para una ensalada, me gusta as\u00ed&#8211;. Pero hay muchas personas que lo prefieren menos turbio o que lo prefieren menos turbio para fre\u00edr.<\/p>\n\n\n\n<p>Los restos s\u00f3lidos salen por otro tubo:<\/p>\n\n\n<div class=\"wp-block-image\">\n<figure class=\"aligncenter\"><a href=\"http:\/\/felix.ares.fm\/?attachment_id=4144\" rel=\"attachment wp-att-4144\"><img loading=\"lazy\" decoding=\"async\" width=\"363\" height=\"242\" src=\"http:\/\/felix.ares.fm\/wp-content\/uploads\/2013\/11\/IMG_3008.jpg\" alt=\"IMG_3008\" class=\"wp-image-4144\" srcset=\"https:\/\/felix.ares.fm\/wp-content\/uploads\/2013\/11\/IMG_3008.jpg 363w, https:\/\/felix.ares.fm\/wp-content\/uploads\/2013\/11\/IMG_3008-300x200.jpg 300w\" sizes=\"auto, (max-width: 363px) 100vw, 363px\" \/><\/a><\/figure>\n<\/div>\n\n\n<p>Para quitar la turbiedad se pasa por la m\u00e1quina del fondo, que no es nada m\u00e1s que una filtradora.<\/p>\n\n\n<div class=\"wp-block-image\">\n<figure class=\"aligncenter\"><a href=\"http:\/\/felix.ares.fm\/?attachment_id=4145\" rel=\"attachment wp-att-4145\"><img loading=\"lazy\" decoding=\"async\" width=\"242\" height=\"363\" src=\"http:\/\/felix.ares.fm\/wp-content\/uploads\/2013\/11\/IMG_3009-e1385625240487.jpg\" alt=\"Filtradora\" class=\"wp-image-4145\" srcset=\"https:\/\/felix.ares.fm\/wp-content\/uploads\/2013\/11\/IMG_3009-e1385625240487.jpg 242w, https:\/\/felix.ares.fm\/wp-content\/uploads\/2013\/11\/IMG_3009-e1385625240487-200x300.jpg 200w\" sizes=\"auto, (max-width: 242px) 100vw, 242px\" \/><\/a><figcaption class=\"wp-element-caption\">Filtradora<\/figcaption><\/figure>\n<\/div>\n\n\n<p>El resultado se embotella. En este caso, el cooperativista, ha preferido el aceite sin filtrar:<\/p>\n\n\n<div class=\"wp-block-image\">\n<figure class=\"aligncenter\"><a href=\"http:\/\/felix.ares.fm\/?attachment_id=4146\" rel=\"attachment wp-att-4146\"><img loading=\"lazy\" decoding=\"async\" width=\"242\" height=\"363\" src=\"http:\/\/felix.ares.fm\/wp-content\/uploads\/2013\/11\/IMG_3010-e1385625317389.jpg\" alt=\"Aceite sin filtrar\" class=\"wp-image-4146\" srcset=\"https:\/\/felix.ares.fm\/wp-content\/uploads\/2013\/11\/IMG_3010-e1385625317389.jpg 242w, https:\/\/felix.ares.fm\/wp-content\/uploads\/2013\/11\/IMG_3010-e1385625317389-200x300.jpg 200w\" sizes=\"auto, (max-width: 242px) 100vw, 242px\" \/><\/a><figcaption class=\"wp-element-caption\">Aceite sin filtrar<\/figcaption><\/figure>\n<\/div>\n\n\n<p>El resultado es un excelente aceite de alta calidad. Todo lo que ha hecho ha sido triturar y separar los s\u00f3lidos, todo ello a baja temperatura. Y todo ello con aceitunas reci\u00e9n cogidas del \u00e1rbol todav\u00eda poco maduras. De ese modo la cantidad de aceite que produce es menor, pero es mucho m\u00e1s afrutado,<\/p>\n\n\n\n<p>Cuando las aceitunas est\u00e1n mucho m\u00e1s maduras sale m\u00e1s aceite pero es menos sabroso. No es que sea peor, es que tiene otros usos.<\/p>\n\n\n\n<p>Cuando las aceitunas est\u00e1n en peores condiciones, el resultado es muy amargo. Quitar ese amargor se hace en otras f\u00e1bricas y son aceites de inferior calidad.<\/p>\n\n\n\n<p>Normalmente las patatas fritas se hacen con diversos aceites vegetales, y algunas con aceite de oliva virgen, y todav\u00eda algunas m\u00e1s lo hacen a menos temperatura.<\/p>\n\n\n\n<p>En la almazara nos ofrecieron unas patatas fritas con aceite de oliva virgen de la almazara a \u00abbaja\u00bb temperatura. El resultado es excelente:<\/p>\n\n\n<div class=\"wp-block-image\">\n<figure class=\"aligncenter\"><a href=\"http:\/\/felix.ares.fm\/?attachment_id=4147\" rel=\"attachment wp-att-4147\"><img loading=\"lazy\" decoding=\"async\" width=\"363\" height=\"242\" src=\"http:\/\/felix.ares.fm\/wp-content\/uploads\/2013\/11\/IMG_3011.jpg\" alt=\"Patatas fritas con aceite de oliva virgen\" class=\"wp-image-4147\" srcset=\"https:\/\/felix.ares.fm\/wp-content\/uploads\/2013\/11\/IMG_3011.jpg 363w, https:\/\/felix.ares.fm\/wp-content\/uploads\/2013\/11\/IMG_3011-300x200.jpg 300w\" sizes=\"auto, (max-width: 363px) 100vw, 363px\" \/><\/a><figcaption class=\"wp-element-caption\">Patatas fritas con aceite de oliva virgen<\/figcaption><\/figure>\n<\/div>\n\n\n<p>Una de las empresas que hacen estas patatas es San Nicasio de Priego, C\u00f3rdoba.<\/p>\n\n\n<div class=\"wp-block-image\">\n<figure class=\"aligncenter\"><a href=\"http:\/\/felix.ares.fm\/?attachment_id=4148\" rel=\"attachment wp-att-4148\"><img loading=\"lazy\" decoding=\"async\" width=\"242\" height=\"363\" src=\"http:\/\/felix.ares.fm\/wp-content\/uploads\/2013\/11\/IMG_3012-e1385625986895.jpg\" alt=\"Patatas San Nicasio\" class=\"wp-image-4148\" srcset=\"https:\/\/felix.ares.fm\/wp-content\/uploads\/2013\/11\/IMG_3012-e1385625986895.jpg 242w, https:\/\/felix.ares.fm\/wp-content\/uploads\/2013\/11\/IMG_3012-e1385625986895-200x300.jpg 200w\" sizes=\"auto, (max-width: 242px) 100vw, 242px\" \/><\/a><figcaption class=\"wp-element-caption\">Patatas San Nicasio<\/figcaption><\/figure>\n<\/div>\n\n\n<p>La almazara dispone de una tienda y un jard\u00edn para pasear. En la tienda venden muchos productos de alta calidad que tienen que ver con el aceite:<\/p>\n\n\n<div class=\"wp-block-image\">\n<figure class=\"aligncenter\"><a href=\"http:\/\/felix.ares.fm\/?attachment_id=4149\" rel=\"attachment wp-att-4149\"><img loading=\"lazy\" decoding=\"async\" width=\"363\" height=\"242\" src=\"http:\/\/felix.ares.fm\/wp-content\/uploads\/2013\/11\/IMG_2996.jpg\" alt=\"IMG_2996\" class=\"wp-image-4149\" srcset=\"https:\/\/felix.ares.fm\/wp-content\/uploads\/2013\/11\/IMG_2996.jpg 363w, https:\/\/felix.ares.fm\/wp-content\/uploads\/2013\/11\/IMG_2996-300x200.jpg 300w\" sizes=\"auto, (max-width: 363px) 100vw, 363px\" \/><\/a><\/figure>\n<\/div>\n\n<div class=\"wp-block-image\">\n<figure class=\"aligncenter\"><a href=\"http:\/\/felix.ares.fm\/?attachment_id=4150\" rel=\"attachment wp-att-4150\"><img loading=\"lazy\" decoding=\"async\" width=\"363\" height=\"242\" src=\"http:\/\/felix.ares.fm\/wp-content\/uploads\/2013\/11\/IMG_3013.jpg\" alt=\"Uno de los aceites que venden\" class=\"wp-image-4150\" srcset=\"https:\/\/felix.ares.fm\/wp-content\/uploads\/2013\/11\/IMG_3013.jpg 363w, https:\/\/felix.ares.fm\/wp-content\/uploads\/2013\/11\/IMG_3013-300x200.jpg 300w\" sizes=\"auto, (max-width: 363px) 100vw, 363px\" \/><\/a><figcaption class=\"wp-element-caption\">Uno de los aceites que venden<\/figcaption><\/figure>\n<\/div>\n\n<div class=\"wp-block-image\">\n<figure class=\"aligncenter\"><a href=\"http:\/\/felix.ares.fm\/?attachment_id=4152\" rel=\"attachment wp-att-4152\"><img loading=\"lazy\" decoding=\"async\" width=\"363\" height=\"242\" src=\"http:\/\/felix.ares.fm\/wp-content\/uploads\/2013\/11\/IMG_3015.jpg\" alt=\"IMG_3015\" class=\"wp-image-4152\" srcset=\"https:\/\/felix.ares.fm\/wp-content\/uploads\/2013\/11\/IMG_3015.jpg 363w, https:\/\/felix.ares.fm\/wp-content\/uploads\/2013\/11\/IMG_3015-300x200.jpg 300w\" sizes=\"auto, (max-width: 363px) 100vw, 363px\" \/><\/a><\/figure>\n<\/div>\n\n\n<p>Una vieja prensa de aceite en la tienda:<\/p>\n\n\n<div class=\"wp-block-image\">\n<figure class=\"aligncenter\"><a href=\"http:\/\/felix.ares.fm\/?attachment_id=4153\" rel=\"attachment wp-att-4153\"><img loading=\"lazy\" decoding=\"async\" width=\"363\" height=\"242\" src=\"http:\/\/felix.ares.fm\/wp-content\/uploads\/2013\/11\/IMG_3018.jpg\" alt=\"IMG_3018\" class=\"wp-image-4153\" srcset=\"https:\/\/felix.ares.fm\/wp-content\/uploads\/2013\/11\/IMG_3018.jpg 363w, https:\/\/felix.ares.fm\/wp-content\/uploads\/2013\/11\/IMG_3018-300x200.jpg 300w\" sizes=\"auto, (max-width: 363px) 100vw, 363px\" \/><\/a><\/figure>\n<\/div>\n\n\n<p>Tambi\u00e9n venden queso con denominaci\u00f3n de origen de la subb\u00e9tica:<\/p>\n\n\n<div class=\"wp-block-image\">\n<figure class=\"aligncenter\"><a href=\"http:\/\/felix.ares.fm\/?attachment_id=4154\" rel=\"attachment wp-att-4154\"><img loading=\"lazy\" decoding=\"async\" width=\"363\" height=\"242\" src=\"http:\/\/felix.ares.fm\/wp-content\/uploads\/2013\/11\/IMG_3019.jpg\" alt=\"IMG_3019\" class=\"wp-image-4154\" srcset=\"https:\/\/felix.ares.fm\/wp-content\/uploads\/2013\/11\/IMG_3019.jpg 363w, https:\/\/felix.ares.fm\/wp-content\/uploads\/2013\/11\/IMG_3019-300x200.jpg 300w\" sizes=\"auto, (max-width: 363px) 100vw, 363px\" \/><\/a><\/figure>\n<\/div>\n\n\n<p>Tienen una sala de degustaci\u00f3n en la que est\u00e1n expuestos los trofeos que han obtenido y son muchos. Entre otros el premio al \u00abMejor aceite del mundo\u00bb en alg\u00fan concurso. Aunque, personalmente, no creo que se pueda hablar del mejor aceite del mundo, pues \u00abel mejor\u00bb depende de para qu\u00e9 y para qui\u00e9n. No es lo mismo el aceite parta ensalda que para fritos, etc, etc.<br \/><a name=\"priego\"><\/a><\/p>\n\n\n\n<h2 class=\"wp-block-heading\">PRIEGO<\/h2>\n\n\n\n<p><a href=\"https:\/\/es.wikipedia.org\/wiki\/Priego_de_C%C3%B3rdoba\">Priego<\/a> es una ciudad del sur de C\u00f3rdoba, en las monta\u00f1as de la <a href=\"https:\/\/es.wikipedia.org\/wiki\/Cordilleras_B%C3%A9ticas\">subb\u00e9tica<\/a>. Es una ciudad bonita, con muchos monumentos y muchas fuentes&#8230; Tiene muchos monumentos barrocos, el llamado Barroco Cordob\u00e9s. La ciudad est\u00e1 amurallada. En esta p\u00e1gina de Mar\u00eda del Mar L\u00f3pez, hay una bonita foto de la ciudad amurallada:&nbsp;<a href=\"http:\/\/www.sienteandalucia.com\/priego-de-cordoba-ciudad-barroca-por-excelencia\/\">http:\/\/www.sienteandalucia.com\/priego-de-cordoba-ciudad-barroca-por-excelencia\/<\/a><\/p>\n\n\n<div class=\"wp-block-image\">\n<figure class=\"aligncenter\"><a href=\"http:\/\/felix.ares.fm\/?attachment_id=4163\" rel=\"attachment wp-att-4163\"><img loading=\"lazy\" decoding=\"async\" width=\"363\" height=\"242\" src=\"http:\/\/felix.ares.fm\/wp-content\/uploads\/2013\/11\/IMG_3022.jpg\" alt=\"Priego\" class=\"wp-image-4163\" srcset=\"https:\/\/felix.ares.fm\/wp-content\/uploads\/2013\/11\/IMG_3022.jpg 363w, https:\/\/felix.ares.fm\/wp-content\/uploads\/2013\/11\/IMG_3022-300x200.jpg 300w\" sizes=\"auto, (max-width: 363px) 100vw, 363px\" \/><\/a><figcaption class=\"wp-element-caption\">Priego<\/figcaption><\/figure>\n<\/div>\n\n<div class=\"wp-block-image\">\n<figure class=\"aligncenter\"><a href=\"http:\/\/felix.ares.fm\/?attachment_id=4164\" rel=\"attachment wp-att-4164\"><img loading=\"lazy\" decoding=\"async\" width=\"242\" height=\"363\" src=\"http:\/\/felix.ares.fm\/wp-content\/uploads\/2013\/11\/IMG_3023-e1385712458765.jpg\" alt=\"Calle de Priego. A la derecha, al fondo la iglesia de Las Mercedes???\" class=\"wp-image-4164\" srcset=\"https:\/\/felix.ares.fm\/wp-content\/uploads\/2013\/11\/IMG_3023-e1385712458765.jpg 242w, https:\/\/felix.ares.fm\/wp-content\/uploads\/2013\/11\/IMG_3023-e1385712458765-200x300.jpg 200w\" sizes=\"auto, (max-width: 242px) 100vw, 242px\" \/><\/a><figcaption class=\"wp-element-caption\">Calle de Priego. A la derecha, al fondo la iglesia de Las Mercedes<\/figcaption><\/figure>\n<\/div>\n\n<div class=\"wp-block-image\">\n<figure class=\"aligncenter\"><a href=\"http:\/\/felix.ares.fm\/?attachment_id=4209\" rel=\"attachment wp-att-4209\"><img loading=\"lazy\" decoding=\"async\" width=\"242\" height=\"363\" src=\"http:\/\/felix.ares.fm\/wp-content\/uploads\/2013\/11\/IMG_3087-e1385717599720.jpg\" alt=\"Iglesia de Las Mercedes\" class=\"wp-image-4209\" srcset=\"https:\/\/felix.ares.fm\/wp-content\/uploads\/2013\/11\/IMG_3087-e1385717599720.jpg 242w, https:\/\/felix.ares.fm\/wp-content\/uploads\/2013\/11\/IMG_3087-e1385717599720-200x300.jpg 200w\" sizes=\"auto, (max-width: 242px) 100vw, 242px\" \/><\/a><figcaption class=\"wp-element-caption\">Iglesia de Las Mercedes<\/figcaption><\/figure>\n<\/div>\n\n<div class=\"wp-block-image\">\n<figure class=\"aligncenter\"><a href=\"http:\/\/felix.ares.fm\/?attachment_id=4210\" rel=\"attachment wp-att-4210\"><img loading=\"lazy\" decoding=\"async\" width=\"242\" height=\"363\" src=\"http:\/\/felix.ares.fm\/wp-content\/uploads\/2013\/11\/IMG_3088-e1385717651330.jpg\" alt=\"Iglesia de Las Mercedes\" class=\"wp-image-4210\" srcset=\"https:\/\/felix.ares.fm\/wp-content\/uploads\/2013\/11\/IMG_3088-e1385717651330.jpg 242w, https:\/\/felix.ares.fm\/wp-content\/uploads\/2013\/11\/IMG_3088-e1385717651330-200x300.jpg 200w\" sizes=\"auto, (max-width: 242px) 100vw, 242px\" \/><\/a><figcaption class=\"wp-element-caption\">Iglesia de Las Mercedes<\/figcaption><\/figure>\n<\/div>\n\n<div class=\"wp-block-image\">\n<figure class=\"aligncenter\"><a href=\"http:\/\/felix.ares.fm\/?attachment_id=4165\" rel=\"attachment wp-att-4165\"><img loading=\"lazy\" decoding=\"async\" width=\"363\" height=\"242\" src=\"http:\/\/felix.ares.fm\/wp-content\/uploads\/2013\/11\/IMG_3024.jpg\" alt=\"Plaza del ayuntamiento\" class=\"wp-image-4165\" srcset=\"https:\/\/felix.ares.fm\/wp-content\/uploads\/2013\/11\/IMG_3024.jpg 363w, https:\/\/felix.ares.fm\/wp-content\/uploads\/2013\/11\/IMG_3024-300x200.jpg 300w\" sizes=\"auto, (max-width: 363px) 100vw, 363px\" \/><\/a><figcaption class=\"wp-element-caption\">Plaza de la Constituci\u00f3n (Ayuntamiento)<\/figcaption><\/figure>\n<\/div>\n\n<div class=\"wp-block-image\">\n<figure class=\"aligncenter\"><a href=\"http:\/\/felix.ares.fm\/?attachment_id=4166\" rel=\"attachment wp-att-4166\"><img loading=\"lazy\" decoding=\"async\" width=\"363\" height=\"242\" src=\"http:\/\/felix.ares.fm\/wp-content\/uploads\/2013\/11\/IMG_3026.jpg\" alt=\"Fuente plaza Constituci\u00f3n\" class=\"wp-image-4166\" srcset=\"https:\/\/felix.ares.fm\/wp-content\/uploads\/2013\/11\/IMG_3026.jpg 363w, https:\/\/felix.ares.fm\/wp-content\/uploads\/2013\/11\/IMG_3026-300x200.jpg 300w\" sizes=\"auto, (max-width: 363px) 100vw, 363px\" \/><\/a><figcaption class=\"wp-element-caption\">Fuente plaza Constituci\u00f3n<\/figcaption><\/figure>\n<\/div>\n\n<div class=\"wp-block-image\">\n<figure class=\"aligncenter\"><a href=\"http:\/\/felix.ares.fm\/?attachment_id=4167\" rel=\"attachment wp-att-4167\"><img loading=\"lazy\" decoding=\"async\" width=\"363\" height=\"242\" src=\"http:\/\/felix.ares.fm\/wp-content\/uploads\/2013\/11\/IMG_3028.jpg\" alt=\"Fuente plaza Constituci\u00f3n\" class=\"wp-image-4167\" srcset=\"https:\/\/felix.ares.fm\/wp-content\/uploads\/2013\/11\/IMG_3028.jpg 363w, https:\/\/felix.ares.fm\/wp-content\/uploads\/2013\/11\/IMG_3028-300x200.jpg 300w\" sizes=\"auto, (max-width: 363px) 100vw, 363px\" \/><\/a><figcaption class=\"wp-element-caption\">Fuente plaza Constituci\u00f3n<\/figcaption><\/figure>\n<\/div>\n\n\n<p>Recientemente en Priego han abierto un camino peatonal que coincide con el medieval que estaba entre el castillo y la ciudad.<\/p>\n\n\n<div class=\"wp-block-image\">\n<figure class=\"aligncenter\"><a href=\"http:\/\/felix.ares.fm\/?attachment_id=4168\" rel=\"attachment wp-att-4168\"><img loading=\"lazy\" decoding=\"async\" width=\"363\" height=\"242\" src=\"http:\/\/felix.ares.fm\/wp-content\/uploads\/2013\/11\/IMG_3030.jpg\" alt=\"IMG_3030\" class=\"wp-image-4168\" srcset=\"https:\/\/felix.ares.fm\/wp-content\/uploads\/2013\/11\/IMG_3030.jpg 363w, https:\/\/felix.ares.fm\/wp-content\/uploads\/2013\/11\/IMG_3030-300x200.jpg 300w\" sizes=\"auto, (max-width: 363px) 100vw, 363px\" \/><\/a><\/figure>\n<\/div>\n\n<div class=\"wp-block-image\">\n<figure class=\"aligncenter\"><a href=\"http:\/\/felix.ares.fm\/?attachment_id=4169\" rel=\"attachment wp-att-4169\"><img loading=\"lazy\" decoding=\"async\" width=\"363\" height=\"242\" src=\"http:\/\/felix.ares.fm\/wp-content\/uploads\/2013\/11\/IMG_3031.jpg\" alt=\"Vial del castillo\" class=\"wp-image-4169\" srcset=\"https:\/\/felix.ares.fm\/wp-content\/uploads\/2013\/11\/IMG_3031.jpg 363w, https:\/\/felix.ares.fm\/wp-content\/uploads\/2013\/11\/IMG_3031-300x200.jpg 300w\" sizes=\"auto, (max-width: 363px) 100vw, 363px\" \/><\/a><figcaption class=\"wp-element-caption\">Vial del castillo<\/figcaption><\/figure>\n<\/div>\n\n<div class=\"wp-block-image\">\n<figure class=\"aligncenter\"><a href=\"http:\/\/felix.ares.fm\/?attachment_id=4170\" rel=\"attachment wp-att-4170\"><img loading=\"lazy\" decoding=\"async\" width=\"242\" height=\"363\" src=\"http:\/\/felix.ares.fm\/wp-content\/uploads\/2013\/11\/IMG_3032-e1385714335550.jpg\" alt=\"Castillo\" class=\"wp-image-4170\" srcset=\"https:\/\/felix.ares.fm\/wp-content\/uploads\/2013\/11\/IMG_3032-e1385714335550.jpg 242w, https:\/\/felix.ares.fm\/wp-content\/uploads\/2013\/11\/IMG_3032-e1385714335550-200x300.jpg 200w\" sizes=\"auto, (max-width: 242px) 100vw, 242px\" \/><\/a><figcaption class=\"wp-element-caption\">Castillo<\/figcaption><\/figure>\n<\/div>\n\n<div class=\"wp-block-image\">\n<figure class=\"aligncenter\"><a href=\"http:\/\/felix.ares.fm\/?attachment_id=4171\" rel=\"attachment wp-att-4171\"><img loading=\"lazy\" decoding=\"async\" width=\"363\" height=\"242\" src=\"http:\/\/felix.ares.fm\/wp-content\/uploads\/2013\/11\/IMG_3033.jpg\" alt=\"Castillo\" class=\"wp-image-4171\" srcset=\"https:\/\/felix.ares.fm\/wp-content\/uploads\/2013\/11\/IMG_3033.jpg 363w, https:\/\/felix.ares.fm\/wp-content\/uploads\/2013\/11\/IMG_3033-300x200.jpg 300w\" sizes=\"auto, (max-width: 363px) 100vw, 363px\" \/><\/a><figcaption class=\"wp-element-caption\">Castillo<\/figcaption><\/figure>\n<\/div>\n\n<div class=\"wp-block-image\">\n<figure class=\"aligncenter\"><a href=\"http:\/\/felix.ares.fm\/?attachment_id=4172\" rel=\"attachment wp-att-4172\"><img loading=\"lazy\" decoding=\"async\" width=\"242\" height=\"363\" src=\"http:\/\/felix.ares.fm\/wp-content\/uploads\/2013\/11\/IMG_3034-e1385714377260.jpg\" alt=\"Castillo\" class=\"wp-image-4172\" srcset=\"https:\/\/felix.ares.fm\/wp-content\/uploads\/2013\/11\/IMG_3034-e1385714377260.jpg 242w, https:\/\/felix.ares.fm\/wp-content\/uploads\/2013\/11\/IMG_3034-e1385714377260-200x300.jpg 200w\" sizes=\"auto, (max-width: 242px) 100vw, 242px\" \/><\/a><figcaption class=\"wp-element-caption\">Castillo<\/figcaption><\/figure>\n<\/div>\n\n<div class=\"wp-block-image\">\n<figure class=\"aligncenter\"><a href=\"http:\/\/felix.ares.fm\/?attachment_id=4173\" rel=\"attachment wp-att-4173\"><img loading=\"lazy\" decoding=\"async\" width=\"363\" height=\"242\" src=\"http:\/\/felix.ares.fm\/wp-content\/uploads\/2013\/11\/IMG_3035.jpg\" alt=\"Vistas desde el castillo\" class=\"wp-image-4173\" srcset=\"https:\/\/felix.ares.fm\/wp-content\/uploads\/2013\/11\/IMG_3035.jpg 363w, https:\/\/felix.ares.fm\/wp-content\/uploads\/2013\/11\/IMG_3035-300x200.jpg 300w\" sizes=\"auto, (max-width: 363px) 100vw, 363px\" \/><\/a><figcaption class=\"wp-element-caption\">Vistas desde el castillo<\/figcaption><\/figure>\n<\/div>\n\n<div class=\"wp-block-image\">\n<figure class=\"aligncenter\"><a href=\"http:\/\/felix.ares.fm\/?attachment_id=4174\" rel=\"attachment wp-att-4174\"><img loading=\"lazy\" decoding=\"async\" width=\"242\" height=\"363\" src=\"http:\/\/felix.ares.fm\/wp-content\/uploads\/2013\/11\/IMG_3036-e1385714562339.jpg\" alt=\"Estatua Sagrado Coraz\u00f3n\" class=\"wp-image-4174\" srcset=\"https:\/\/felix.ares.fm\/wp-content\/uploads\/2013\/11\/IMG_3036-e1385714562339.jpg 242w, https:\/\/felix.ares.fm\/wp-content\/uploads\/2013\/11\/IMG_3036-e1385714562339-200x300.jpg 200w\" sizes=\"auto, (max-width: 242px) 100vw, 242px\" \/><\/a><figcaption class=\"wp-element-caption\">Estatua Sagrado Coraz\u00f3n<\/figcaption><\/figure>\n<\/div>\n\n<div class=\"wp-block-image\">\n<figure class=\"aligncenter\"><a href=\"http:\/\/felix.ares.fm\/?attachment_id=4175\" rel=\"attachment wp-att-4175\"><img loading=\"lazy\" decoding=\"async\" width=\"242\" height=\"363\" src=\"http:\/\/felix.ares.fm\/wp-content\/uploads\/2013\/11\/IMG_3037-e1385714589924.jpg\" alt=\"Estatua Sagrado Coraz\u00f3n\" class=\"wp-image-4175\" srcset=\"https:\/\/felix.ares.fm\/wp-content\/uploads\/2013\/11\/IMG_3037-e1385714589924.jpg 242w, https:\/\/felix.ares.fm\/wp-content\/uploads\/2013\/11\/IMG_3037-e1385714589924-200x300.jpg 200w\" sizes=\"auto, (max-width: 242px) 100vw, 242px\" \/><\/a><figcaption class=\"wp-element-caption\">Estatua Sagrado Coraz\u00f3n<\/figcaption><\/figure>\n<\/div>\n\n<div class=\"wp-block-image\">\n<figure class=\"aligncenter\"><a href=\"http:\/\/felix.ares.fm\/?attachment_id=4176\" rel=\"attachment wp-att-4176\"><img loading=\"lazy\" decoding=\"async\" width=\"242\" height=\"363\" src=\"http:\/\/felix.ares.fm\/wp-content\/uploads\/2013\/11\/IMG_3039-e1385714667783.jpg\" alt=\"Detalles del grupo escult\u00f3rico del Sagrado coraz\u00f3n\" class=\"wp-image-4176\" srcset=\"https:\/\/felix.ares.fm\/wp-content\/uploads\/2013\/11\/IMG_3039-e1385714667783.jpg 242w, https:\/\/felix.ares.fm\/wp-content\/uploads\/2013\/11\/IMG_3039-e1385714667783-200x300.jpg 200w\" sizes=\"auto, (max-width: 242px) 100vw, 242px\" \/><\/a><figcaption class=\"wp-element-caption\">Detalles del grupo escult\u00f3rico del Sagrado coraz\u00f3n<\/figcaption><\/figure>\n<\/div>\n\n<div class=\"wp-block-image\">\n<figure class=\"aligncenter\"><a href=\"http:\/\/felix.ares.fm\/?attachment_id=4177\" rel=\"attachment wp-att-4177\"><img loading=\"lazy\" decoding=\"async\" width=\"242\" height=\"363\" src=\"http:\/\/felix.ares.fm\/wp-content\/uploads\/2013\/11\/IMG_3040-e1385714711378.jpg\" alt=\"Detalles del grupo escult\u00f3rico del Sagrado coraz\u00f3n\" class=\"wp-image-4177\" srcset=\"https:\/\/felix.ares.fm\/wp-content\/uploads\/2013\/11\/IMG_3040-e1385714711378.jpg 242w, https:\/\/felix.ares.fm\/wp-content\/uploads\/2013\/11\/IMG_3040-e1385714711378-200x300.jpg 200w\" sizes=\"auto, (max-width: 242px) 100vw, 242px\" \/><\/a><figcaption class=\"wp-element-caption\">Detalles del grupo escult\u00f3rico del Sagrado coraz\u00f3n<\/figcaption><\/figure>\n<\/div>\n\n<div class=\"wp-block-image\">\n<figure class=\"aligncenter\"><a href=\"http:\/\/felix.ares.fm\/?attachment_id=4178\" rel=\"attachment wp-att-4178\"><img loading=\"lazy\" decoding=\"async\" width=\"242\" height=\"363\" src=\"http:\/\/felix.ares.fm\/wp-content\/uploads\/2013\/11\/IMG_3041-e1385714740656.jpg\" alt=\"Fuente en la plaza del Sagrado coraz\u00f3n\" class=\"wp-image-4178\" srcset=\"https:\/\/felix.ares.fm\/wp-content\/uploads\/2013\/11\/IMG_3041-e1385714740656.jpg 242w, https:\/\/felix.ares.fm\/wp-content\/uploads\/2013\/11\/IMG_3041-e1385714740656-200x300.jpg 200w\" sizes=\"auto, (max-width: 242px) 100vw, 242px\" \/><\/a><figcaption class=\"wp-element-caption\">Fuente en la plaza del Sagrado coraz\u00f3n<\/figcaption><\/figure>\n<\/div>\n\n<div class=\"wp-block-image\">\n<figure class=\"aligncenter\"><a href=\"http:\/\/felix.ares.fm\/?attachment_id=4180\" rel=\"attachment wp-att-4180\"><img loading=\"lazy\" decoding=\"async\" width=\"242\" height=\"363\" src=\"http:\/\/felix.ares.fm\/wp-content\/uploads\/2013\/11\/IMG_3038-e1385715055390.jpg\" alt=\"Torre de la iglesia de Nuestra Se\u00f1ora de la Asunci\u00f3n\" class=\"wp-image-4180\" srcset=\"https:\/\/felix.ares.fm\/wp-content\/uploads\/2013\/11\/IMG_3038-e1385715055390.jpg 242w, https:\/\/felix.ares.fm\/wp-content\/uploads\/2013\/11\/IMG_3038-e1385715055390-200x300.jpg 200w\" sizes=\"auto, (max-width: 242px) 100vw, 242px\" \/><\/a><figcaption class=\"wp-element-caption\">Torre de la iglesia de Nuestra Se\u00f1ora de la Asunci\u00f3n<\/figcaption><\/figure>\n<\/div>\n\n<div class=\"wp-block-image\">\n<figure class=\"aligncenter\"><a href=\"http:\/\/felix.ares.fm\/?attachment_id=4181\" rel=\"attachment wp-att-4181\"><img loading=\"lazy\" decoding=\"async\" width=\"242\" height=\"363\" src=\"http:\/\/felix.ares.fm\/wp-content\/uploads\/2013\/11\/IMG_3042-e1385715112880.jpg\" alt=\"Torre de Nuestra Se\u00f1ora de la Asunci\u00f3n\" class=\"wp-image-4181\" srcset=\"https:\/\/felix.ares.fm\/wp-content\/uploads\/2013\/11\/IMG_3042-e1385715112880.jpg 242w, https:\/\/felix.ares.fm\/wp-content\/uploads\/2013\/11\/IMG_3042-e1385715112880-200x300.jpg 200w\" sizes=\"auto, (max-width: 242px) 100vw, 242px\" \/><\/a><figcaption class=\"wp-element-caption\">Torre de Nuestra Se\u00f1ora de la Asunci\u00f3n<\/figcaption><\/figure>\n<\/div>\n\n<div class=\"wp-block-image\">\n<figure class=\"aligncenter\"><a href=\"http:\/\/felix.ares.fm\/?attachment_id=4182\" rel=\"attachment wp-att-4182\"><img loading=\"lazy\" decoding=\"async\" width=\"363\" height=\"242\" src=\"http:\/\/felix.ares.fm\/wp-content\/uploads\/2013\/11\/IMG_3043.jpg\" alt=\"Seguimos nuestro paseo hacia el balc\u00f3n del Adarve\" class=\"wp-image-4182\" srcset=\"https:\/\/felix.ares.fm\/wp-content\/uploads\/2013\/11\/IMG_3043.jpg 363w, https:\/\/felix.ares.fm\/wp-content\/uploads\/2013\/11\/IMG_3043-300x200.jpg 300w\" sizes=\"auto, (max-width: 363px) 100vw, 363px\" \/><\/a><figcaption class=\"wp-element-caption\">Seguimos nuestro paseo hacia el balc\u00f3n del Adarve<\/figcaption><\/figure>\n<\/div>\n\n<div class=\"wp-block-image\">\n<figure class=\"aligncenter\"><a href=\"http:\/\/felix.ares.fm\/?attachment_id=4183\" rel=\"attachment wp-att-4183\"><img loading=\"lazy\" decoding=\"async\" width=\"242\" height=\"363\" src=\"http:\/\/felix.ares.fm\/wp-content\/uploads\/2013\/11\/IMG_3044-e1385715551368.jpg\" alt=\"Detalle de la iglesia de la Asunci\u00f3n\" class=\"wp-image-4183\" srcset=\"https:\/\/felix.ares.fm\/wp-content\/uploads\/2013\/11\/IMG_3044-e1385715551368.jpg 242w, https:\/\/felix.ares.fm\/wp-content\/uploads\/2013\/11\/IMG_3044-e1385715551368-200x300.jpg 200w\" sizes=\"auto, (max-width: 242px) 100vw, 242px\" \/><\/a><figcaption class=\"wp-element-caption\">Detalle de la iglesia de la Asunci\u00f3n<\/figcaption><\/figure>\n<\/div>\n\n<div class=\"wp-block-image\">\n<figure class=\"aligncenter\"><a href=\"http:\/\/felix.ares.fm\/?attachment_id=4184\" rel=\"attachment wp-att-4184\"><img loading=\"lazy\" decoding=\"async\" width=\"242\" height=\"363\" src=\"http:\/\/felix.ares.fm\/wp-content\/uploads\/2013\/11\/IMG_3045-e1385715598744.jpg\" alt=\"IMG_3045\" class=\"wp-image-4184\" srcset=\"https:\/\/felix.ares.fm\/wp-content\/uploads\/2013\/11\/IMG_3045-e1385715598744.jpg 242w, https:\/\/felix.ares.fm\/wp-content\/uploads\/2013\/11\/IMG_3045-e1385715598744-200x300.jpg 200w\" sizes=\"auto, (max-width: 242px) 100vw, 242px\" \/><\/a><\/figure>\n<\/div>\n\n<div class=\"wp-block-image\">\n<figure class=\"aligncenter\"><a href=\"http:\/\/felix.ares.fm\/?attachment_id=4185\" rel=\"attachment wp-att-4185\"><img loading=\"lazy\" decoding=\"async\" width=\"242\" height=\"363\" src=\"http:\/\/felix.ares.fm\/wp-content\/uploads\/2013\/11\/IMG_3048-e1385715791942.jpg\" alt=\"Callejeando por sus calles blancas con tiestos en los balcones\" class=\"wp-image-4185\" srcset=\"https:\/\/felix.ares.fm\/wp-content\/uploads\/2013\/11\/IMG_3048-e1385715791942.jpg 242w, https:\/\/felix.ares.fm\/wp-content\/uploads\/2013\/11\/IMG_3048-e1385715791942-200x300.jpg 200w\" sizes=\"auto, (max-width: 242px) 100vw, 242px\" \/><\/a><figcaption class=\"wp-element-caption\">Callejeando por sus calles blancas con tiestos en los balcones<\/figcaption><\/figure>\n<\/div>\n\n<div class=\"wp-block-image\">\n<figure class=\"aligncenter\"><a href=\"http:\/\/felix.ares.fm\/?attachment_id=4186\" rel=\"attachment wp-att-4186\"><img loading=\"lazy\" decoding=\"async\" width=\"242\" height=\"363\" src=\"http:\/\/felix.ares.fm\/wp-content\/uploads\/2013\/11\/IMG_3049-e1385715869693.jpg\" alt=\"IMG_3049\" class=\"wp-image-4186\" srcset=\"https:\/\/felix.ares.fm\/wp-content\/uploads\/2013\/11\/IMG_3049-e1385715869693.jpg 242w, https:\/\/felix.ares.fm\/wp-content\/uploads\/2013\/11\/IMG_3049-e1385715869693-200x300.jpg 200w\" sizes=\"auto, (max-width: 242px) 100vw, 242px\" \/><\/a><\/figure>\n<\/div>\n\n<div class=\"wp-block-image\">\n<figure class=\"aligncenter\"><a href=\"http:\/\/felix.ares.fm\/?attachment_id=4187\" rel=\"attachment wp-att-4187\"><img loading=\"lazy\" decoding=\"async\" width=\"363\" height=\"242\" src=\"http:\/\/felix.ares.fm\/wp-content\/uploads\/2013\/11\/IMG_3050.jpg\" alt=\"IMG_3050\" class=\"wp-image-4187\" srcset=\"https:\/\/felix.ares.fm\/wp-content\/uploads\/2013\/11\/IMG_3050.jpg 363w, https:\/\/felix.ares.fm\/wp-content\/uploads\/2013\/11\/IMG_3050-300x200.jpg 300w\" sizes=\"auto, (max-width: 363px) 100vw, 363px\" \/><\/a><\/figure>\n<\/div>\n\n<div class=\"wp-block-image\">\n<figure class=\"aligncenter\"><a href=\"http:\/\/felix.ares.fm\/?attachment_id=4188\" rel=\"attachment wp-att-4188\"><img loading=\"lazy\" decoding=\"async\" width=\"363\" height=\"242\" src=\"http:\/\/felix.ares.fm\/wp-content\/uploads\/2013\/11\/IMG_3051.jpg\" alt=\"IMG_3051\" class=\"wp-image-4188\" srcset=\"https:\/\/felix.ares.fm\/wp-content\/uploads\/2013\/11\/IMG_3051.jpg 363w, https:\/\/felix.ares.fm\/wp-content\/uploads\/2013\/11\/IMG_3051-300x200.jpg 300w\" sizes=\"auto, (max-width: 363px) 100vw, 363px\" \/><\/a><\/figure>\n<\/div>\n\n<div class=\"wp-block-image\">\n<figure class=\"aligncenter\"><a href=\"http:\/\/felix.ares.fm\/?attachment_id=4189\" rel=\"attachment wp-att-4189\"><img loading=\"lazy\" decoding=\"async\" width=\"363\" height=\"242\" src=\"http:\/\/felix.ares.fm\/wp-content\/uploads\/2013\/11\/IMG_3053.jpg\" alt=\"Los turistas pasean por esatas callejuelas\" class=\"wp-image-4189\" srcset=\"https:\/\/felix.ares.fm\/wp-content\/uploads\/2013\/11\/IMG_3053.jpg 363w, https:\/\/felix.ares.fm\/wp-content\/uploads\/2013\/11\/IMG_3053-300x200.jpg 300w\" sizes=\"auto, (max-width: 363px) 100vw, 363px\" \/><\/a><figcaption class=\"wp-element-caption\">Los turistas pasean por estas callejuelas<\/figcaption><\/figure>\n<\/div>\n\n<div class=\"wp-block-image\">\n<figure class=\"aligncenter\"><a href=\"http:\/\/felix.ares.fm\/?attachment_id=4190\" rel=\"attachment wp-att-4190\"><img loading=\"lazy\" decoding=\"async\" width=\"363\" height=\"242\" src=\"http:\/\/felix.ares.fm\/wp-content\/uploads\/2013\/11\/IMG_3054.jpg\" alt=\"A veces, un sencillo geranio sobre una pared encalada produce una extra\u00f1a sensaci\u00f3n de paz y belleza\" class=\"wp-image-4190\" srcset=\"https:\/\/felix.ares.fm\/wp-content\/uploads\/2013\/11\/IMG_3054.jpg 363w, https:\/\/felix.ares.fm\/wp-content\/uploads\/2013\/11\/IMG_3054-300x200.jpg 300w\" sizes=\"auto, (max-width: 363px) 100vw, 363px\" \/><\/a><figcaption class=\"wp-element-caption\">A veces, un sencillo geranio sobre una pared encalada produce una extra\u00f1a sensaci\u00f3n de paz y belleza<\/figcaption><\/figure>\n<\/div>\n\n<div class=\"wp-block-image\">\n<figure class=\"aligncenter\"><a href=\"http:\/\/felix.ares.fm\/?attachment_id=4191\" rel=\"attachment wp-att-4191\"><img loading=\"lazy\" decoding=\"async\" width=\"363\" height=\"242\" src=\"http:\/\/felix.ares.fm\/wp-content\/uploads\/2013\/11\/IMG_3057.jpg\" alt=\"IMG_3057\" class=\"wp-image-4191\" srcset=\"https:\/\/felix.ares.fm\/wp-content\/uploads\/2013\/11\/IMG_3057.jpg 363w, https:\/\/felix.ares.fm\/wp-content\/uploads\/2013\/11\/IMG_3057-300x200.jpg 300w\" sizes=\"auto, (max-width: 363px) 100vw, 363px\" \/><\/a><\/figure>\n<\/div>\n\n\n<p>Y as\u00ed llegamos al balc\u00f3n del Adarve<\/p>\n\n\n<div class=\"wp-block-image\">\n<figure class=\"aligncenter\"><a href=\"http:\/\/felix.ares.fm\/?attachment_id=4192\" rel=\"attachment wp-att-4192\"><img loading=\"lazy\" decoding=\"async\" width=\"363\" height=\"242\" src=\"http:\/\/felix.ares.fm\/wp-content\/uploads\/2013\/11\/IMG_3058.jpg\" alt=\"IMG_3058\" class=\"wp-image-4192\" srcset=\"https:\/\/felix.ares.fm\/wp-content\/uploads\/2013\/11\/IMG_3058.jpg 363w, https:\/\/felix.ares.fm\/wp-content\/uploads\/2013\/11\/IMG_3058-300x200.jpg 300w\" sizes=\"auto, (max-width: 363px) 100vw, 363px\" \/><\/a><\/figure>\n<\/div>\n\n<div class=\"wp-block-image\">\n<figure class=\"aligncenter\"><a href=\"http:\/\/felix.ares.fm\/?attachment_id=4193\" rel=\"attachment wp-att-4193\"><img loading=\"lazy\" decoding=\"async\" width=\"363\" height=\"242\" src=\"http:\/\/felix.ares.fm\/wp-content\/uploads\/2013\/11\/IMG_3059.jpg\" alt=\"IMG_3059\" class=\"wp-image-4193\" srcset=\"https:\/\/felix.ares.fm\/wp-content\/uploads\/2013\/11\/IMG_3059.jpg 363w, https:\/\/felix.ares.fm\/wp-content\/uploads\/2013\/11\/IMG_3059-300x200.jpg 300w\" sizes=\"auto, (max-width: 363px) 100vw, 363px\" \/><\/a><\/figure>\n<\/div>\n\n<div class=\"wp-block-image\">\n<figure class=\"aligncenter\"><a href=\"http:\/\/felix.ares.fm\/?attachment_id=4194\" rel=\"attachment wp-att-4194\"><img loading=\"lazy\" decoding=\"async\" width=\"363\" height=\"242\" src=\"http:\/\/felix.ares.fm\/wp-content\/uploads\/2013\/11\/IMG_3061.jpg\" alt=\"IMG_3061\" class=\"wp-image-4194\" srcset=\"https:\/\/felix.ares.fm\/wp-content\/uploads\/2013\/11\/IMG_3061.jpg 363w, https:\/\/felix.ares.fm\/wp-content\/uploads\/2013\/11\/IMG_3061-300x200.jpg 300w\" sizes=\"auto, (max-width: 363px) 100vw, 363px\" \/><\/a><\/figure>\n<\/div>\n\n<div class=\"wp-block-image\">\n<figure class=\"aligncenter\"><a href=\"http:\/\/felix.ares.fm\/?attachment_id=4195\" rel=\"attachment wp-att-4195\"><img loading=\"lazy\" decoding=\"async\" width=\"363\" height=\"242\" src=\"http:\/\/felix.ares.fm\/wp-content\/uploads\/2013\/11\/IMG_3062.jpg\" alt=\"IMG_3062\" class=\"wp-image-4195\" srcset=\"https:\/\/felix.ares.fm\/wp-content\/uploads\/2013\/11\/IMG_3062.jpg 363w, https:\/\/felix.ares.fm\/wp-content\/uploads\/2013\/11\/IMG_3062-300x200.jpg 300w\" sizes=\"auto, (max-width: 363px) 100vw, 363px\" \/><\/a><\/figure>\n<\/div>\n\n<div class=\"wp-block-image\">\n<figure class=\"aligncenter\"><a href=\"http:\/\/felix.ares.fm\/?attachment_id=4196\" rel=\"attachment wp-att-4196\"><img loading=\"lazy\" decoding=\"async\" width=\"363\" height=\"242\" src=\"http:\/\/felix.ares.fm\/wp-content\/uploads\/2013\/11\/IMG_3063.jpg\" alt=\"IMG_3063\" class=\"wp-image-4196\" srcset=\"https:\/\/felix.ares.fm\/wp-content\/uploads\/2013\/11\/IMG_3063.jpg 363w, https:\/\/felix.ares.fm\/wp-content\/uploads\/2013\/11\/IMG_3063-300x200.jpg 300w\" sizes=\"auto, (max-width: 363px) 100vw, 363px\" \/><\/a><\/figure>\n<\/div>\n\n\n<p>En la plaza Puerta del Sol, en el balc\u00f3n del Adarve, hay una estatua que recuerda las peliculas de Joselito. La estatua es de tama\u00f1o real:<\/p>\n\n\n<div class=\"wp-block-image\">\n<figure class=\"aligncenter\"><a href=\"http:\/\/felix.ares.fm\/?attachment_id=4197\" rel=\"attachment wp-att-4197\"><img loading=\"lazy\" decoding=\"async\" width=\"242\" height=\"363\" src=\"http:\/\/felix.ares.fm\/wp-content\/uploads\/2013\/11\/IMG_3064-e1385716310463.jpg\" alt=\"Joselito, en una escena de El peque\u00f1o ruise\u00f1or\" class=\"wp-image-4197\" srcset=\"https:\/\/felix.ares.fm\/wp-content\/uploads\/2013\/11\/IMG_3064-e1385716310463.jpg 242w, https:\/\/felix.ares.fm\/wp-content\/uploads\/2013\/11\/IMG_3064-e1385716310463-200x300.jpg 200w\" sizes=\"auto, (max-width: 242px) 100vw, 242px\" \/><\/a><figcaption class=\"wp-element-caption\">Joselito.<\/figcaption><\/figure>\n<\/div>\n\n\n<p>Volviendo hacia el interior de la ciudad, por la calle Colombia, nos encontramos con esta escultura homenaje a los celadores del patrimonio art\u00edstico:<\/p>\n\n\n<div class=\"wp-block-image\">\n<figure class=\"aligncenter\"><a href=\"http:\/\/felix.ares.fm\/?attachment_id=4199\" rel=\"attachment wp-att-4199\"><img loading=\"lazy\" decoding=\"async\" width=\"242\" height=\"363\" src=\"http:\/\/felix.ares.fm\/wp-content\/uploads\/2013\/11\/IMG_3067-e1385716838403.jpg\" alt=\"Escultura homenaje a los celadores del patrimonio art\u00edstico\" class=\"wp-image-4199\" srcset=\"https:\/\/felix.ares.fm\/wp-content\/uploads\/2013\/11\/IMG_3067-e1385716838403.jpg 242w, https:\/\/felix.ares.fm\/wp-content\/uploads\/2013\/11\/IMG_3067-e1385716838403-200x300.jpg 200w\" sizes=\"auto, (max-width: 242px) 100vw, 242px\" \/><\/a><figcaption class=\"wp-element-caption\">Escultura homenaje a los celadores del patrimonio art\u00edstico<\/figcaption><\/figure>\n<\/div>\n\n<div class=\"wp-block-image\">\n<figure class=\"aligncenter\"><a href=\"http:\/\/felix.ares.fm\/?attachment_id=4200\" rel=\"attachment wp-att-4200\"><img loading=\"lazy\" decoding=\"async\" width=\"363\" height=\"242\" src=\"http:\/\/felix.ares.fm\/wp-content\/uploads\/2013\/11\/IMG_3068.jpg\" alt=\"Escultura homenaje a los celadores del patrimonio art\u00edstico\" class=\"wp-image-4200\" srcset=\"https:\/\/felix.ares.fm\/wp-content\/uploads\/2013\/11\/IMG_3068.jpg 363w, https:\/\/felix.ares.fm\/wp-content\/uploads\/2013\/11\/IMG_3068-300x200.jpg 300w\" sizes=\"auto, (max-width: 363px) 100vw, 363px\" \/><\/a><figcaption class=\"wp-element-caption\">Escultura homenaje a los celadores del patrimonio art\u00edstico<\/figcaption><\/figure>\n<\/div>\n\n<div class=\"wp-block-image\">\n<figure class=\"aligncenter\"><a href=\"http:\/\/felix.ares.fm\/?attachment_id=4202\" rel=\"attachment wp-att-4202\"><img loading=\"lazy\" decoding=\"async\" width=\"242\" height=\"363\" src=\"http:\/\/felix.ares.fm\/wp-content\/uploads\/2013\/11\/IMG_3072-e1385717029544.jpg\" alt=\"Copia de &quot;La defensa de Zaragoza&quot; cuy original est\u00e1 en el Museo del Prado. Obra de \u00c1lvarez Cubero de 1818. El escultor naci\u00f3 en Priego\" class=\"wp-image-4202\" srcset=\"https:\/\/felix.ares.fm\/wp-content\/uploads\/2013\/11\/IMG_3072-e1385717029544.jpg 242w, https:\/\/felix.ares.fm\/wp-content\/uploads\/2013\/11\/IMG_3072-e1385717029544-200x300.jpg 200w\" sizes=\"auto, (max-width: 242px) 100vw, 242px\" \/><\/a><figcaption class=\"wp-element-caption\">Copia de \u00abLa defensa de Zaragoza\u00bb cuy original est\u00e1 en el Museo del Prado. Obra de \u00c1lvarez Cubero de 1818. El escultor naci\u00f3 en Priego<\/figcaption><\/figure>\n<\/div>\n\n<div class=\"wp-block-image\">\n<figure class=\"aligncenter\"><a href=\"http:\/\/felix.ares.fm\/?attachment_id=4203\" rel=\"attachment wp-att-4203\"><img loading=\"lazy\" decoding=\"async\" width=\"363\" height=\"242\" src=\"http:\/\/felix.ares.fm\/wp-content\/uploads\/2013\/11\/IMG_3075.jpg\" alt=\"Busto al obispo\" class=\"wp-image-4203\" srcset=\"https:\/\/felix.ares.fm\/wp-content\/uploads\/2013\/11\/IMG_3075.jpg 363w, https:\/\/felix.ares.fm\/wp-content\/uploads\/2013\/11\/IMG_3075-300x200.jpg 300w\" sizes=\"auto, (max-width: 363px) 100vw, 363px\" \/><\/a><figcaption class=\"wp-element-caption\">Busto al obispo. Detr\u00e1s la conquista de Zaragoza.<\/figcaption><\/figure>\n<\/div>\n\n<div class=\"wp-block-image\">\n<figure class=\"aligncenter\"><a href=\"http:\/\/felix.ares.fm\/?attachment_id=4204\" rel=\"attachment wp-att-4204\"><img loading=\"lazy\" decoding=\"async\" width=\"242\" height=\"363\" src=\"http:\/\/felix.ares.fm\/wp-content\/uploads\/2013\/11\/IMG_3078-e1385717299795.jpg\" alt=\"IMG_3078\" class=\"wp-image-4204\" srcset=\"https:\/\/felix.ares.fm\/wp-content\/uploads\/2013\/11\/IMG_3078-e1385717299795.jpg 242w, https:\/\/felix.ares.fm\/wp-content\/uploads\/2013\/11\/IMG_3078-e1385717299795-200x300.jpg 200w\" sizes=\"auto, (max-width: 242px) 100vw, 242px\" \/><\/a><\/figure>\n<\/div>\n\n<div class=\"wp-block-image\">\n<figure class=\"aligncenter\"><a href=\"http:\/\/felix.ares.fm\/?attachment_id=4205\" rel=\"attachment wp-att-4205\"><img loading=\"lazy\" decoding=\"async\" width=\"242\" height=\"363\" src=\"http:\/\/felix.ares.fm\/wp-content\/uploads\/2013\/11\/IMG_3079-e1385717367493.jpg\" alt=\"IMG_3079\" class=\"wp-image-4205\" srcset=\"https:\/\/felix.ares.fm\/wp-content\/uploads\/2013\/11\/IMG_3079-e1385717367493.jpg 242w, https:\/\/felix.ares.fm\/wp-content\/uploads\/2013\/11\/IMG_3079-e1385717367493-200x300.jpg 200w\" sizes=\"auto, (max-width: 242px) 100vw, 242px\" \/><\/a><\/figure>\n<\/div>\n\n<div class=\"wp-block-image\">\n<figure class=\"aligncenter\"><a href=\"http:\/\/felix.ares.fm\/?attachment_id=4206\" rel=\"attachment wp-att-4206\"><img loading=\"lazy\" decoding=\"async\" width=\"363\" height=\"242\" src=\"http:\/\/felix.ares.fm\/wp-content\/uploads\/2013\/11\/IMG_3081.jpg\" alt=\"IMG_3081\" class=\"wp-image-4206\" srcset=\"https:\/\/felix.ares.fm\/wp-content\/uploads\/2013\/11\/IMG_3081.jpg 363w, https:\/\/felix.ares.fm\/wp-content\/uploads\/2013\/11\/IMG_3081-300x200.jpg 300w\" sizes=\"auto, (max-width: 363px) 100vw, 363px\" \/><\/a><\/figure>\n<\/div>\n\n<div class=\"wp-block-image\">\n<figure class=\"aligncenter\"><a href=\"http:\/\/felix.ares.fm\/?attachment_id=4207\" rel=\"attachment wp-att-4207\"><img loading=\"lazy\" decoding=\"async\" width=\"363\" height=\"242\" src=\"http:\/\/felix.ares.fm\/wp-content\/uploads\/2013\/11\/IMG_3080.jpg\" alt=\"IMG_3080\" class=\"wp-image-4207\" srcset=\"https:\/\/felix.ares.fm\/wp-content\/uploads\/2013\/11\/IMG_3080.jpg 363w, https:\/\/felix.ares.fm\/wp-content\/uploads\/2013\/11\/IMG_3080-300x200.jpg 300w\" sizes=\"auto, (max-width: 363px) 100vw, 363px\" \/><\/a><\/figure>\n<\/div>\n\n<div class=\"wp-block-image\">\n<figure class=\"aligncenter\"><a href=\"http:\/\/felix.ares.fm\/?attachment_id=4208\" rel=\"attachment wp-att-4208\"><img loading=\"lazy\" decoding=\"async\" width=\"363\" height=\"242\" src=\"http:\/\/felix.ares.fm\/wp-content\/uploads\/2013\/11\/IMG_3082.jpg\" alt=\"IMG_3082\" class=\"wp-image-4208\" srcset=\"https:\/\/felix.ares.fm\/wp-content\/uploads\/2013\/11\/IMG_3082.jpg 363w, https:\/\/felix.ares.fm\/wp-content\/uploads\/2013\/11\/IMG_3082-300x200.jpg 300w\" sizes=\"auto, (max-width: 363px) 100vw, 363px\" \/><\/a><figcaption class=\"wp-element-caption\">Volvemos al Sagrado Coraz\u00f3n<\/figcaption><\/figure>\n<\/div>\n\n<div class=\"wp-block-image\">\n<figure class=\"aligncenter\"><a href=\"http:\/\/felix.ares.fm\/?attachment_id=4211\" rel=\"attachment wp-att-4211\"><img loading=\"lazy\" decoding=\"async\" width=\"363\" height=\"242\" src=\"http:\/\/felix.ares.fm\/wp-content\/uploads\/2013\/11\/IMG_3089.jpg\" alt=\"Biblioteca p\u00fablica\" class=\"wp-image-4211\" srcset=\"https:\/\/felix.ares.fm\/wp-content\/uploads\/2013\/11\/IMG_3089.jpg 363w, https:\/\/felix.ares.fm\/wp-content\/uploads\/2013\/11\/IMG_3089-300x200.jpg 300w\" sizes=\"auto, (max-width: 363px) 100vw, 363px\" \/><\/a><figcaption class=\"wp-element-caption\">Biblioteca p\u00fablica<\/figcaption><\/figure>\n<\/div>\n\n\n<p>En priego tambi\u00e9n se pr\u00e1ctica la bella costumbre de las tapas:<\/p>\n\n\n<div class=\"wp-block-image\">\n<figure class=\"aligncenter\"><a href=\"http:\/\/felix.ares.fm\/?attachment_id=4212\" rel=\"attachment wp-att-4212\"><img loading=\"lazy\" decoding=\"async\" width=\"242\" height=\"363\" src=\"http:\/\/felix.ares.fm\/wp-content\/uploads\/2013\/11\/IMG_3091-e1385717794765.jpg\" alt=\"Paella como tapa\" class=\"wp-image-4212\" srcset=\"https:\/\/felix.ares.fm\/wp-content\/uploads\/2013\/11\/IMG_3091-e1385717794765.jpg 242w, https:\/\/felix.ares.fm\/wp-content\/uploads\/2013\/11\/IMG_3091-e1385717794765-200x300.jpg 200w\" sizes=\"auto, (max-width: 242px) 100vw, 242px\" \/><\/a><figcaption class=\"wp-element-caption\">Paella como tapa. En la cervecer\u00eda Napolitan<\/figcaption><\/figure>\n<\/div>\n\n<div class=\"wp-block-image\">\n<figure class=\"aligncenter\"><a href=\"http:\/\/felix.ares.fm\/?attachment_id=4213\" rel=\"attachment wp-att-4213\"><img loading=\"lazy\" decoding=\"async\" width=\"242\" height=\"363\" src=\"http:\/\/felix.ares.fm\/wp-content\/uploads\/2013\/11\/IMG_3093-e1385717860625.jpg\" alt=\"S\u00e1bado fideu\u00e1 con la consumici\u00f3n\" class=\"wp-image-4213\" srcset=\"https:\/\/felix.ares.fm\/wp-content\/uploads\/2013\/11\/IMG_3093-e1385717860625.jpg 242w, https:\/\/felix.ares.fm\/wp-content\/uploads\/2013\/11\/IMG_3093-e1385717860625-200x300.jpg 200w\" sizes=\"auto, (max-width: 242px) 100vw, 242px\" \/><\/a><figcaption class=\"wp-element-caption\">S\u00e1bado fideu\u00e1 con la consumici\u00f3n. En \u00a0el bar Estrella Roja<\/figcaption><\/figure>\n<\/div>\n\n<div class=\"wp-block-image\">\n<figure class=\"aligncenter\"><a href=\"http:\/\/felix.ares.fm\/?attachment_id=4214\" rel=\"attachment wp-att-4214\"><img loading=\"lazy\" decoding=\"async\" width=\"242\" height=\"363\" src=\"http:\/\/felix.ares.fm\/wp-content\/uploads\/2013\/11\/IMG_3094-e1385717998557.jpg\" alt=\"Estrella roja\" class=\"wp-image-4214\" srcset=\"https:\/\/felix.ares.fm\/wp-content\/uploads\/2013\/11\/IMG_3094-e1385717998557.jpg 242w, https:\/\/felix.ares.fm\/wp-content\/uploads\/2013\/11\/IMG_3094-e1385717998557-200x300.jpg 200w\" sizes=\"auto, (max-width: 242px) 100vw, 242px\" \/><\/a><figcaption class=\"wp-element-caption\">Estrella roja<\/figcaption><\/figure>\n<\/div>\n\n\n<p>Lleg\u00f3 la hora de comer y lo hicimos en el Restaurante Alhambra. Un men\u00fa que estaba incluido en la excursi\u00f3n.<\/p>\n\n\n<div class=\"wp-block-image\">\n<figure class=\"aligncenter\"><a href=\"http:\/\/felix.ares.fm\/?attachment_id=4215\" rel=\"attachment wp-att-4215\"><img loading=\"lazy\" decoding=\"async\" width=\"363\" height=\"242\" src=\"http:\/\/felix.ares.fm\/wp-content\/uploads\/2013\/11\/IMG_3097.jpg\" alt=\"Una ensalada mixta de entrante\" class=\"wp-image-4215\" srcset=\"https:\/\/felix.ares.fm\/wp-content\/uploads\/2013\/11\/IMG_3097.jpg 363w, https:\/\/felix.ares.fm\/wp-content\/uploads\/2013\/11\/IMG_3097-300x200.jpg 300w\" sizes=\"auto, (max-width: 363px) 100vw, 363px\" \/><\/a><figcaption class=\"wp-element-caption\">Una ensalada mixta de entrante<\/figcaption><\/figure>\n<\/div>\n\n\n<p>Como vino nos pusieron un tinto de toro, cuya calidad me sorprendi\u00f3 por lo buena. Es un tinto elaborado con la varietal de toro.<\/p>\n\n\n<div class=\"wp-block-image\">\n<figure class=\"aligncenter\"><a href=\"http:\/\/felix.ares.fm\/?attachment_id=4216\" rel=\"attachment wp-att-4216\"><img loading=\"lazy\" decoding=\"async\" width=\"363\" height=\"242\" src=\"http:\/\/felix.ares.fm\/wp-content\/uploads\/2013\/11\/IMG_3099.jpg\" alt=\"Vino Cerme\u00f1o\" class=\"wp-image-4216\" srcset=\"https:\/\/felix.ares.fm\/wp-content\/uploads\/2013\/11\/IMG_3099.jpg 363w, https:\/\/felix.ares.fm\/wp-content\/uploads\/2013\/11\/IMG_3099-300x200.jpg 300w\" sizes=\"auto, (max-width: 363px) 100vw, 363px\" \/><\/a><figcaption class=\"wp-element-caption\">Vino Cerme\u00f1o<\/figcaption><\/figure>\n<\/div>\n\n<div class=\"wp-block-image\">\n<figure class=\"aligncenter\"><a href=\"http:\/\/felix.ares.fm\/?attachment_id=4217\" rel=\"attachment wp-att-4217\"><img loading=\"lazy\" decoding=\"async\" width=\"363\" height=\"242\" src=\"http:\/\/felix.ares.fm\/wp-content\/uploads\/2013\/11\/IMG_3100.jpg\" alt=\"Denominaci\u00f3n de Origen Toro\" class=\"wp-image-4217\" srcset=\"https:\/\/felix.ares.fm\/wp-content\/uploads\/2013\/11\/IMG_3100.jpg 363w, https:\/\/felix.ares.fm\/wp-content\/uploads\/2013\/11\/IMG_3100-300x200.jpg 300w\" sizes=\"auto, (max-width: 363px) 100vw, 363px\" \/><\/a><figcaption class=\"wp-element-caption\">Denominaci\u00f3n de Origen Toro<\/figcaption><\/figure>\n<\/div>\n\n<div class=\"wp-block-image\">\n<figure class=\"aligncenter\"><a href=\"http:\/\/felix.ares.fm\/?attachment_id=4220\" rel=\"attachment wp-att-4220\"><img loading=\"lazy\" decoding=\"async\" width=\"242\" height=\"363\" src=\"http:\/\/felix.ares.fm\/wp-content\/uploads\/2013\/11\/IMG_3105-e1385718353235.jpg\" alt=\"IMG_3105\" class=\"wp-image-4220\" srcset=\"https:\/\/felix.ares.fm\/wp-content\/uploads\/2013\/11\/IMG_3105-e1385718353235.jpg 242w, https:\/\/felix.ares.fm\/wp-content\/uploads\/2013\/11\/IMG_3105-e1385718353235-200x300.jpg 200w\" sizes=\"auto, (max-width: 242px) 100vw, 242px\" \/><\/a><\/figure>\n<\/div>\n\n<div class=\"wp-block-image\">\n<figure class=\"aligncenter\"><a href=\"http:\/\/felix.ares.fm\/?attachment_id=4218\" rel=\"attachment wp-att-4218\"><img loading=\"lazy\" decoding=\"async\" width=\"363\" height=\"242\" src=\"http:\/\/felix.ares.fm\/wp-content\/uploads\/2013\/11\/IMG_3101.jpg\" alt=\"Sopa de marisco\" class=\"wp-image-4218\" srcset=\"https:\/\/felix.ares.fm\/wp-content\/uploads\/2013\/11\/IMG_3101.jpg 363w, https:\/\/felix.ares.fm\/wp-content\/uploads\/2013\/11\/IMG_3101-300x200.jpg 300w\" sizes=\"auto, (max-width: 363px) 100vw, 363px\" \/><\/a><figcaption class=\"wp-element-caption\">Sopa de marisco<\/figcaption><\/figure>\n<\/div>\n\n<div class=\"wp-block-image\">\n<figure class=\"aligncenter\"><a href=\"http:\/\/felix.ares.fm\/?attachment_id=4219\" rel=\"attachment wp-att-4219\"><img loading=\"lazy\" decoding=\"async\" width=\"363\" height=\"242\" src=\"http:\/\/felix.ares.fm\/wp-content\/uploads\/2013\/11\/IMG_3103.jpg\" alt=\"Segundo plato.\" class=\"wp-image-4219\" srcset=\"https:\/\/felix.ares.fm\/wp-content\/uploads\/2013\/11\/IMG_3103.jpg 363w, https:\/\/felix.ares.fm\/wp-content\/uploads\/2013\/11\/IMG_3103-300x200.jpg 300w\" sizes=\"auto, (max-width: 363px) 100vw, 363px\" \/><\/a><figcaption class=\"wp-element-caption\">Segundo plato.<\/figcaption><\/figure>\n<\/div>\n\n<div class=\"wp-block-image\">\n<figure class=\"aligncenter\"><a href=\"http:\/\/felix.ares.fm\/?attachment_id=4221\" rel=\"attachment wp-att-4221\"><img loading=\"lazy\" decoding=\"async\" width=\"363\" height=\"242\" src=\"http:\/\/felix.ares.fm\/wp-content\/uploads\/2013\/11\/IMG_3107.jpg\" alt=\"Postre flan con nata\" class=\"wp-image-4221\" srcset=\"https:\/\/felix.ares.fm\/wp-content\/uploads\/2013\/11\/IMG_3107.jpg 363w, https:\/\/felix.ares.fm\/wp-content\/uploads\/2013\/11\/IMG_3107-300x200.jpg 300w\" sizes=\"auto, (max-width: 363px) 100vw, 363px\" \/><\/a><figcaption class=\"wp-element-caption\">Postre flan con nata<\/figcaption><\/figure>\n<\/div>\n\n<div class=\"wp-block-image\">\n<figure class=\"aligncenter\"><a href=\"http:\/\/felix.ares.fm\/?attachment_id=4222\" rel=\"attachment wp-att-4222\"><img loading=\"lazy\" decoding=\"async\" width=\"363\" height=\"242\" src=\"http:\/\/felix.ares.fm\/wp-content\/uploads\/2013\/11\/IMG_3109.jpg\" alt=\"Decoraci\u00f3n el local\" class=\"wp-image-4222\" srcset=\"https:\/\/felix.ares.fm\/wp-content\/uploads\/2013\/11\/IMG_3109.jpg 363w, https:\/\/felix.ares.fm\/wp-content\/uploads\/2013\/11\/IMG_3109-300x200.jpg 300w\" sizes=\"auto, (max-width: 363px) 100vw, 363px\" \/><\/a><figcaption class=\"wp-element-caption\">Decoraci\u00f3n el local<\/figcaption><\/figure>\n<\/div>\n\n<div class=\"wp-block-image\">\n<figure class=\"aligncenter\"><a href=\"http:\/\/felix.ares.fm\/?attachment_id=4223\" rel=\"attachment wp-att-4223\"><img loading=\"lazy\" decoding=\"async\" width=\"242\" height=\"363\" src=\"http:\/\/felix.ares.fm\/wp-content\/uploads\/2013\/11\/IMG_3111-e1385718507940.jpg\" alt=\"Bonito grifo de cerveza\" class=\"wp-image-4223\" srcset=\"https:\/\/felix.ares.fm\/wp-content\/uploads\/2013\/11\/IMG_3111-e1385718507940.jpg 242w, https:\/\/felix.ares.fm\/wp-content\/uploads\/2013\/11\/IMG_3111-e1385718507940-200x300.jpg 200w\" sizes=\"auto, (max-width: 242px) 100vw, 242px\" \/><\/a><figcaption class=\"wp-element-caption\">Bonito grifo de cerveza<\/figcaption><\/figure>\n<\/div>\n\n\n<p>El men\u00fa del d\u00eda en este estupendo lugar cuesta 8\u20ac<\/p>\n\n\n<div class=\"wp-block-image\">\n<figure class=\"aligncenter\"><a href=\"http:\/\/felix.ares.fm\/?attachment_id=4224\" rel=\"attachment wp-att-4224\"><img loading=\"lazy\" decoding=\"async\" width=\"363\" height=\"242\" src=\"http:\/\/felix.ares.fm\/wp-content\/uploads\/2013\/11\/IMG_3112.jpg\" alt=\"Men\u00fa del d\u00eda 8\u20ac\" class=\"wp-image-4224\" srcset=\"https:\/\/felix.ares.fm\/wp-content\/uploads\/2013\/11\/IMG_3112.jpg 363w, https:\/\/felix.ares.fm\/wp-content\/uploads\/2013\/11\/IMG_3112-300x200.jpg 300w\" sizes=\"auto, (max-width: 363px) 100vw, 363px\" \/><\/a><figcaption class=\"wp-element-caption\">Men\u00fa del d\u00eda 8\u20ac<\/figcaption><\/figure>\n<\/div>\n\n<div class=\"wp-block-image\">\n<figure class=\"aligncenter\"><a href=\"http:\/\/felix.ares.fm\/?attachment_id=4225\" rel=\"attachment wp-att-4225\"><img loading=\"lazy\" decoding=\"async\" width=\"363\" height=\"242\" src=\"http:\/\/felix.ares.fm\/wp-content\/uploads\/2013\/11\/IMG_3114.jpg\" alt=\"Tambi\u00e9n tienen una amplia carta a precios razonables. Por ejemplo,\" class=\"wp-image-4225\" srcset=\"https:\/\/felix.ares.fm\/wp-content\/uploads\/2013\/11\/IMG_3114.jpg 363w, https:\/\/felix.ares.fm\/wp-content\/uploads\/2013\/11\/IMG_3114-300x200.jpg 300w\" sizes=\"auto, (max-width: 363px) 100vw, 363px\" \/><\/a><figcaption class=\"wp-element-caption\">Tambi\u00e9n tienen una amplia carta a precios razonables. Por ejemplo, calamares fritos a la plancha 7,50\u20ac filete de pez espada 9\u20ac&#8230;<\/figcaption><\/figure>\n<\/div>\n\n\n<p>Una \u00faltima mirada a los montes de Priego y salimos hacia Rute:<\/p>\n\n\n<div class=\"wp-block-image\">\n<figure class=\"aligncenter\"><a href=\"http:\/\/felix.ares.fm\/?attachment_id=4226\" rel=\"attachment wp-att-4226\"><img loading=\"lazy\" decoding=\"async\" width=\"363\" height=\"242\" src=\"http:\/\/felix.ares.fm\/wp-content\/uploads\/2013\/11\/IMG_3117.jpg\" alt=\"IMG_3117\" class=\"wp-image-4226\" srcset=\"https:\/\/felix.ares.fm\/wp-content\/uploads\/2013\/11\/IMG_3117.jpg 363w, https:\/\/felix.ares.fm\/wp-content\/uploads\/2013\/11\/IMG_3117-300x200.jpg 300w\" sizes=\"auto, (max-width: 363px) 100vw, 363px\" \/><\/a><\/figure>\n<\/div>\n\n\n<p class=\"has-text-align-center\">* * * * *<\/p>\n\n\n\n<p>&nbsp; <a name=\"rute\"><\/a><\/p>\n\n\n\n<h2 class=\"wp-block-heading\">RUTE<\/h2>\n\n\n\n<p><a href=\"https:\/\/es.wikipedia.org\/wiki\/Rute\">Rute<\/a> es un municipio de la provincia de C\u00f3rdoba situado al sur de la misma.<\/p>\n\n\n<div class=\"wp-block-image\">\n<figure class=\"aligncenter\"><a href=\"http:\/\/felix.ares.fm\/?attachment_id=4228\" rel=\"attachment wp-att-4228\"><img loading=\"lazy\" decoding=\"async\" width=\"251\" height=\"312\" src=\"http:\/\/felix.ares.fm\/wp-content\/uploads\/2013\/11\/Rute-mapa.jpg\" alt=\"Ubicaci\u00f3n de Rute\" class=\"wp-image-4228\" srcset=\"https:\/\/felix.ares.fm\/wp-content\/uploads\/2013\/11\/Rute-mapa.jpg 251w, https:\/\/felix.ares.fm\/wp-content\/uploads\/2013\/11\/Rute-mapa-241x300.jpg 241w\" sizes=\"auto, (max-width: 251px) 100vw, 251px\" \/><\/a><figcaption class=\"wp-element-caption\">Ubicaci\u00f3n de Rute<\/figcaption><\/figure>\n<\/div>\n\n\n<p>Rute tiene muchas cosas que ver, pero nosotros fuimos en una ruta gastron\u00f3mica para ver, probar y comprar, exquisiteces. En Rute hay varios museitos sobre distintos temas gastron\u00f3micos: un bel\u00e9n de chocolate, un palacio del az\u00facar, el mayor salchich\u00f3n del mundo seg\u00fan Guinnes, un museito del jam\u00f3n, etc.<\/p>\n\n\n\n<p>Nuestra primera parada fue el bel\u00e9n de chocolate.<\/p>\n\n\n<div class=\"wp-block-image\">\n<figure class=\"aligncenter\"><a href=\"http:\/\/felix.ares.fm\/?attachment_id=4229\" rel=\"attachment wp-att-4229\"><img loading=\"lazy\" decoding=\"async\" width=\"363\" height=\"242\" src=\"http:\/\/felix.ares.fm\/wp-content\/uploads\/2013\/11\/IMG_3127.jpg\" alt=\"Bel\u00e9n\" class=\"wp-image-4229\" srcset=\"https:\/\/felix.ares.fm\/wp-content\/uploads\/2013\/11\/IMG_3127.jpg 363w, https:\/\/felix.ares.fm\/wp-content\/uploads\/2013\/11\/IMG_3127-300x200.jpg 300w\" sizes=\"auto, (max-width: 363px) 100vw, 363px\" \/><\/a><figcaption class=\"wp-element-caption\">Bel\u00e9n<\/figcaption><\/figure>\n<\/div>\n\n\n<p>El bel\u00e9n de chocolate ha sido realizado por la f\u00e1brica de dulces Galleros.<\/p>\n\n\n<div class=\"wp-block-image\">\n<figure class=\"aligncenter\"><a href=\"http:\/\/felix.ares.fm\/?attachment_id=4230\" rel=\"attachment wp-att-4230\"><img loading=\"lazy\" decoding=\"async\" width=\"363\" height=\"242\" src=\"http:\/\/felix.ares.fm\/wp-content\/uploads\/2013\/11\/IMG_3128.jpg\" alt=\"Galleros\" class=\"wp-image-4230\" srcset=\"https:\/\/felix.ares.fm\/wp-content\/uploads\/2013\/11\/IMG_3128.jpg 363w, https:\/\/felix.ares.fm\/wp-content\/uploads\/2013\/11\/IMG_3128-300x200.jpg 300w\" sizes=\"auto, (max-width: 363px) 100vw, 363px\" \/><\/a><figcaption class=\"wp-element-caption\">Galleros<\/figcaption><\/figure>\n<\/div>\n\n\n<p>Esta f\u00e1brica artesana, desde hace a\u00f1os, viene construyendo un extraordinario bel\u00e9n de chocolates que exhiben gratuitamente al p\u00fablico.<\/p>\n\n\n\n<p>Antes de llegar al bel\u00e9n, hay cosas muy curiosas, por ejemplo, este t\u00edpico patio cordob\u00e9s:<\/p>\n\n\n<div class=\"wp-block-image\">\n<figure class=\"aligncenter\"><a href=\"http:\/\/felix.ares.fm\/?attachment_id=4231\" rel=\"attachment wp-att-4231\"><img loading=\"lazy\" decoding=\"async\" width=\"363\" height=\"242\" src=\"http:\/\/felix.ares.fm\/wp-content\/uploads\/2013\/11\/IMG_3138.jpg\" alt=\"Dulce patio cordob\u00e9s\" class=\"wp-image-4231\" srcset=\"https:\/\/felix.ares.fm\/wp-content\/uploads\/2013\/11\/IMG_3138.jpg 363w, https:\/\/felix.ares.fm\/wp-content\/uploads\/2013\/11\/IMG_3138-300x200.jpg 300w\" sizes=\"auto, (max-width: 363px) 100vw, 363px\" \/><\/a><figcaption class=\"wp-element-caption\">Dulce patio cordob\u00e9s<\/figcaption><\/figure>\n<\/div>\n\n\n<p>Tambi\u00e9n hay reproducciones de personajes televisivos como bob esponja:<\/p>\n\n\n<div class=\"wp-block-image\">\n<figure class=\"aligncenter\"><a href=\"http:\/\/felix.ares.fm\/?attachment_id=4232\" rel=\"attachment wp-att-4232\"><img loading=\"lazy\" decoding=\"async\" width=\"363\" height=\"242\" src=\"http:\/\/felix.ares.fm\/wp-content\/uploads\/2013\/11\/IMG_3141.jpg\" alt=\"Bob esponja\" class=\"wp-image-4232\" srcset=\"https:\/\/felix.ares.fm\/wp-content\/uploads\/2013\/11\/IMG_3141.jpg 363w, https:\/\/felix.ares.fm\/wp-content\/uploads\/2013\/11\/IMG_3141-300x200.jpg 300w\" sizes=\"auto, (max-width: 363px) 100vw, 363px\" \/><\/a><figcaption class=\"wp-element-caption\">Bob esponja<\/figcaption><\/figure>\n<\/div>\n\n\n<p>Isabel Pantoja:<\/p>\n\n\n<div class=\"wp-block-image\">\n<figure class=\"aligncenter\"><a href=\"http:\/\/felix.ares.fm\/?attachment_id=4233\" rel=\"attachment wp-att-4233\"><img loading=\"lazy\" decoding=\"async\" width=\"363\" height=\"242\" src=\"http:\/\/felix.ares.fm\/wp-content\/uploads\/2013\/11\/IMG_3142.jpg\" alt=\"Isabel Pantoja\" class=\"wp-image-4233\" srcset=\"https:\/\/felix.ares.fm\/wp-content\/uploads\/2013\/11\/IMG_3142.jpg 363w, https:\/\/felix.ares.fm\/wp-content\/uploads\/2013\/11\/IMG_3142-300x200.jpg 300w\" sizes=\"auto, (max-width: 363px) 100vw, 363px\" \/><\/a><figcaption class=\"wp-element-caption\">Isabel Pantoja<\/figcaption><\/figure>\n<\/div>\n\n\n<p>O la Familia Real:<\/p>\n\n\n<div class=\"wp-block-image\">\n<figure class=\"aligncenter\"><a href=\"http:\/\/felix.ares.fm\/?attachment_id=4234\" rel=\"attachment wp-att-4234\"><img loading=\"lazy\" decoding=\"async\" width=\"363\" height=\"242\" src=\"http:\/\/felix.ares.fm\/wp-content\/uploads\/2013\/11\/IMG_3145.jpg\" alt=\"Familia Real en chocolate\" class=\"wp-image-4234\" srcset=\"https:\/\/felix.ares.fm\/wp-content\/uploads\/2013\/11\/IMG_3145.jpg 363w, https:\/\/felix.ares.fm\/wp-content\/uploads\/2013\/11\/IMG_3145-300x200.jpg 300w\" sizes=\"auto, (max-width: 363px) 100vw, 363px\" \/><\/a><figcaption class=\"wp-element-caption\">Familia Real en chocolate<\/figcaption><\/figure>\n<\/div>\n\n\n<p>Tras ver estas figuras, de lo que no nos cabe duda es de que los autores son unos aut\u00e9nticos artistas. Tambi\u00e9n hay informaciones indicando el nombre del artista y las horas dedicadas a su obra.<\/p>\n\n\n<div class=\"wp-block-image\">\n<figure class=\"aligncenter\"><a href=\"http:\/\/felix.ares.fm\/?attachment_id=4235\" rel=\"attachment wp-att-4235\"><img loading=\"lazy\" decoding=\"async\" width=\"242\" height=\"363\" src=\"http:\/\/felix.ares.fm\/wp-content\/uploads\/2013\/11\/IMG_3146-e1385801313813.jpg\" alt=\"Reina Sofia. 280 kg\" class=\"wp-image-4235\" srcset=\"https:\/\/felix.ares.fm\/wp-content\/uploads\/2013\/11\/IMG_3146-e1385801313813.jpg 242w, https:\/\/felix.ares.fm\/wp-content\/uploads\/2013\/11\/IMG_3146-e1385801313813-200x300.jpg 200w\" sizes=\"auto, (max-width: 242px) 100vw, 242px\" \/><\/a><figcaption class=\"wp-element-caption\">Reina Sofia. 280 kg de chocolate. Los autores son dos maestros pasteleros y les ha costado tres meses de trabajo<\/figcaption><\/figure>\n<\/div>\n\n\n<p>Cuando llegamos a la obra cumbre, nos dicen que se trata de un bel\u00e9n de tipo jienense. Veamos algunas im\u00e1genes:<\/p>\n\n\n<div class=\"wp-block-image\">\n<figure class=\"aligncenter\"><a href=\"http:\/\/felix.ares.fm\/?attachment_id=4236\" rel=\"attachment wp-att-4236\"><img loading=\"lazy\" decoding=\"async\" width=\"363\" height=\"242\" src=\"http:\/\/felix.ares.fm\/wp-content\/uploads\/2013\/11\/IMG_3150.jpg\" alt=\"Bel\u00e9n de chocolate\" class=\"wp-image-4236\" srcset=\"https:\/\/felix.ares.fm\/wp-content\/uploads\/2013\/11\/IMG_3150.jpg 363w, https:\/\/felix.ares.fm\/wp-content\/uploads\/2013\/11\/IMG_3150-300x200.jpg 300w\" sizes=\"auto, (max-width: 363px) 100vw, 363px\" \/><\/a><figcaption class=\"wp-element-caption\">Bel\u00e9n de chocolate<\/figcaption><\/figure>\n<\/div>\n\n<div class=\"wp-block-image\">\n<figure class=\"aligncenter\"><a href=\"http:\/\/felix.ares.fm\/?attachment_id=4237\" rel=\"attachment wp-att-4237\"><img loading=\"lazy\" decoding=\"async\" width=\"363\" height=\"242\" src=\"http:\/\/felix.ares.fm\/wp-content\/uploads\/2013\/11\/IMG_3153.jpg\" alt=\"Bel\u00e9n de chocolate\" class=\"wp-image-4237\" srcset=\"https:\/\/felix.ares.fm\/wp-content\/uploads\/2013\/11\/IMG_3153.jpg 363w, https:\/\/felix.ares.fm\/wp-content\/uploads\/2013\/11\/IMG_3153-300x200.jpg 300w\" sizes=\"auto, (max-width: 363px) 100vw, 363px\" \/><\/a><figcaption class=\"wp-element-caption\">Bel\u00e9n de chocolate<\/figcaption><\/figure>\n<\/div>\n\n\n<p>El detalle con el que est\u00e1 hecho es sorprendente. F\u00edjense, por ejemplo, en las vasijas:<\/p>\n\n\n<div class=\"wp-block-image\">\n<figure class=\"aligncenter\"><a href=\"http:\/\/felix.ares.fm\/?attachment_id=4238\" rel=\"attachment wp-att-4238\"><img loading=\"lazy\" decoding=\"async\" width=\"363\" height=\"242\" src=\"http:\/\/felix.ares.fm\/wp-content\/uploads\/2013\/11\/IMG_3154.jpg\" alt=\"Bel\u00e9n de chocolate\" class=\"wp-image-4238\" srcset=\"https:\/\/felix.ares.fm\/wp-content\/uploads\/2013\/11\/IMG_3154.jpg 363w, https:\/\/felix.ares.fm\/wp-content\/uploads\/2013\/11\/IMG_3154-300x200.jpg 300w\" sizes=\"auto, (max-width: 363px) 100vw, 363px\" \/><\/a><figcaption class=\"wp-element-caption\">Bel\u00e9n de chocolate<\/figcaption><\/figure>\n<\/div>\n\n<div class=\"wp-block-image\">\n<figure class=\"aligncenter\"><a href=\"http:\/\/felix.ares.fm\/?attachment_id=4239\" rel=\"attachment wp-att-4239\"><img loading=\"lazy\" decoding=\"async\" width=\"363\" height=\"242\" src=\"http:\/\/felix.ares.fm\/wp-content\/uploads\/2013\/11\/IMG_3156.jpg\" alt=\"Bel\u00e9n de chocolate\" class=\"wp-image-4239\" srcset=\"https:\/\/felix.ares.fm\/wp-content\/uploads\/2013\/11\/IMG_3156.jpg 363w, https:\/\/felix.ares.fm\/wp-content\/uploads\/2013\/11\/IMG_3156-300x200.jpg 300w\" sizes=\"auto, (max-width: 363px) 100vw, 363px\" \/><\/a><figcaption class=\"wp-element-caption\">Bel\u00e9n de chocolate<\/figcaption><\/figure>\n<\/div>\n\n<div class=\"wp-block-image\">\n<figure class=\"aligncenter\"><a href=\"http:\/\/felix.ares.fm\/?attachment_id=4240\" rel=\"attachment wp-att-4240\"><img loading=\"lazy\" decoding=\"async\" width=\"363\" height=\"242\" src=\"http:\/\/felix.ares.fm\/wp-content\/uploads\/2013\/11\/IMG_3157.jpg\" alt=\"Bel\u00e9n de chocolate\" class=\"wp-image-4240\" srcset=\"https:\/\/felix.ares.fm\/wp-content\/uploads\/2013\/11\/IMG_3157.jpg 363w, https:\/\/felix.ares.fm\/wp-content\/uploads\/2013\/11\/IMG_3157-300x200.jpg 300w\" sizes=\"auto, (max-width: 363px) 100vw, 363px\" \/><\/a><figcaption class=\"wp-element-caption\">Bel\u00e9n de chocolate<\/figcaption><\/figure>\n<\/div>\n\n<div class=\"wp-block-image\">\n<figure class=\"aligncenter\"><a href=\"http:\/\/felix.ares.fm\/?attachment_id=4241\" rel=\"attachment wp-att-4241\"><img loading=\"lazy\" decoding=\"async\" width=\"363\" height=\"242\" src=\"http:\/\/felix.ares.fm\/wp-content\/uploads\/2013\/11\/IMG_3159.jpg\" alt=\"Bel\u00e9n de chocolate\" class=\"wp-image-4241\" srcset=\"https:\/\/felix.ares.fm\/wp-content\/uploads\/2013\/11\/IMG_3159.jpg 363w, https:\/\/felix.ares.fm\/wp-content\/uploads\/2013\/11\/IMG_3159-300x200.jpg 300w\" sizes=\"auto, (max-width: 363px) 100vw, 363px\" \/><\/a><figcaption class=\"wp-element-caption\">Bel\u00e9n de chocolate<\/figcaption><\/figure>\n<\/div>\n\n<div class=\"wp-block-image\">\n<figure class=\"aligncenter\"><a href=\"http:\/\/felix.ares.fm\/?attachment_id=4242\" rel=\"attachment wp-att-4242\"><img loading=\"lazy\" decoding=\"async\" width=\"363\" height=\"242\" src=\"http:\/\/felix.ares.fm\/wp-content\/uploads\/2013\/11\/IMG_3160.jpg\" alt=\"Bel\u00e9n de chocolate\" class=\"wp-image-4242\" srcset=\"https:\/\/felix.ares.fm\/wp-content\/uploads\/2013\/11\/IMG_3160.jpg 363w, https:\/\/felix.ares.fm\/wp-content\/uploads\/2013\/11\/IMG_3160-300x200.jpg 300w\" sizes=\"auto, (max-width: 363px) 100vw, 363px\" \/><\/a><figcaption class=\"wp-element-caption\">Bel\u00e9n de chocolate<\/figcaption><\/figure>\n<\/div>\n\n<div class=\"wp-block-image\">\n<figure class=\"aligncenter\"><a href=\"http:\/\/felix.ares.fm\/?attachment_id=4243\" rel=\"attachment wp-att-4243\"><img loading=\"lazy\" decoding=\"async\" width=\"363\" height=\"242\" src=\"http:\/\/felix.ares.fm\/wp-content\/uploads\/2013\/11\/IMG_3164.jpg\" alt=\"Bel\u00e9n de chocolate\" class=\"wp-image-4243\" srcset=\"https:\/\/felix.ares.fm\/wp-content\/uploads\/2013\/11\/IMG_3164.jpg 363w, https:\/\/felix.ares.fm\/wp-content\/uploads\/2013\/11\/IMG_3164-300x200.jpg 300w\" sizes=\"auto, (max-width: 363px) 100vw, 363px\" \/><\/a><figcaption class=\"wp-element-caption\">Bel\u00e9n de chocolate<\/figcaption><\/figure>\n<\/div>\n\n\n<p>hay reproducciones de edificios de la provincia de Ja\u00e9n. Por ejemplo, el hospital de Santiago en \u00dabeda.<\/p>\n\n\n<div class=\"wp-block-image\">\n<figure class=\"aligncenter\"><a href=\"http:\/\/felix.ares.fm\/?attachment_id=4244\" rel=\"attachment wp-att-4244\"><img loading=\"lazy\" decoding=\"async\" width=\"363\" height=\"242\" src=\"http:\/\/felix.ares.fm\/wp-content\/uploads\/2013\/11\/IMG_3169.jpg\" alt=\"Hospital de Santiago (\u00dabeda)\" class=\"wp-image-4244\" srcset=\"https:\/\/felix.ares.fm\/wp-content\/uploads\/2013\/11\/IMG_3169.jpg 363w, https:\/\/felix.ares.fm\/wp-content\/uploads\/2013\/11\/IMG_3169-300x200.jpg 300w\" sizes=\"auto, (max-width: 363px) 100vw, 363px\" \/><\/a><figcaption class=\"wp-element-caption\">Hospital de Santiago (\u00dabeda)<\/figcaption><\/figure>\n<\/div>\n\n<div class=\"wp-block-image\">\n<figure class=\"aligncenter\"><a href=\"http:\/\/felix.ares.fm\/?attachment_id=4245\" rel=\"attachment wp-att-4245\"><img loading=\"lazy\" decoding=\"async\" width=\"363\" height=\"242\" src=\"http:\/\/felix.ares.fm\/wp-content\/uploads\/2013\/11\/IMG_3168.jpg\" alt=\"Hospital de Santiago\" class=\"wp-image-4245\" srcset=\"https:\/\/felix.ares.fm\/wp-content\/uploads\/2013\/11\/IMG_3168.jpg 363w, https:\/\/felix.ares.fm\/wp-content\/uploads\/2013\/11\/IMG_3168-300x200.jpg 300w\" sizes=\"auto, (max-width: 363px) 100vw, 363px\" \/><\/a><figcaption class=\"wp-element-caption\">Hospital de Santiago<\/figcaption><\/figure>\n<\/div>\n\n<div class=\"wp-block-image\">\n<figure class=\"aligncenter\"><a href=\"http:\/\/felix.ares.fm\/?attachment_id=4247\" rel=\"attachment wp-att-4247\"><img loading=\"lazy\" decoding=\"async\" width=\"363\" height=\"242\" src=\"http:\/\/felix.ares.fm\/wp-content\/uploads\/2013\/11\/IMG_3173.jpg\" alt=\"Plaza del pueblo (Baeza)\" class=\"wp-image-4247\" srcset=\"https:\/\/felix.ares.fm\/wp-content\/uploads\/2013\/11\/IMG_3173.jpg 363w, https:\/\/felix.ares.fm\/wp-content\/uploads\/2013\/11\/IMG_3173-300x200.jpg 300w\" sizes=\"auto, (max-width: 363px) 100vw, 363px\" \/><\/a><figcaption class=\"wp-element-caption\">Plaza del pueblo (Baeza)<\/figcaption><\/figure>\n<\/div>\n\n<div class=\"wp-block-image\">\n<figure class=\"aligncenter\"><a href=\"http:\/\/felix.ares.fm\/?attachment_id=4248\" rel=\"attachment wp-att-4248\"><img loading=\"lazy\" decoding=\"async\" width=\"363\" height=\"242\" src=\"http:\/\/felix.ares.fm\/wp-content\/uploads\/2013\/11\/IMG_31721.jpg\" alt=\"IMG_3172\" class=\"wp-image-4248\" srcset=\"https:\/\/felix.ares.fm\/wp-content\/uploads\/2013\/11\/IMG_31721.jpg 363w, https:\/\/felix.ares.fm\/wp-content\/uploads\/2013\/11\/IMG_31721-300x200.jpg 300w\" sizes=\"auto, (max-width: 363px) 100vw, 363px\" \/><\/a><\/figure>\n<\/div>\n\n<div class=\"wp-block-image\">\n<figure class=\"aligncenter\"><a href=\"http:\/\/felix.ares.fm\/?attachment_id=4249\" rel=\"attachment wp-att-4249\"><img loading=\"lazy\" decoding=\"async\" width=\"363\" height=\"242\" src=\"http:\/\/felix.ares.fm\/wp-content\/uploads\/2013\/11\/IMG_3182.jpg\" alt=\"IMG_3182\" class=\"wp-image-4249\" srcset=\"https:\/\/felix.ares.fm\/wp-content\/uploads\/2013\/11\/IMG_3182.jpg 363w, https:\/\/felix.ares.fm\/wp-content\/uploads\/2013\/11\/IMG_3182-300x200.jpg 300w\" sizes=\"auto, (max-width: 363px) 100vw, 363px\" \/><\/a><\/figure>\n<\/div>\n\n\n<p>Fuera del bel\u00e9n hay otrs cosas por ejemplo, la reproducci\u00f3n de este castillo de Halloween:<\/p>\n\n\n<div class=\"wp-block-image\">\n<figure class=\"aligncenter\"><a href=\"http:\/\/felix.ares.fm\/?attachment_id=4250\" rel=\"attachment wp-att-4250\"><img loading=\"lazy\" decoding=\"async\" width=\"363\" height=\"242\" src=\"http:\/\/felix.ares.fm\/wp-content\/uploads\/2013\/11\/IMG_3184.jpg\" alt=\"Castillo de Halloween\" class=\"wp-image-4250\" srcset=\"https:\/\/felix.ares.fm\/wp-content\/uploads\/2013\/11\/IMG_3184.jpg 363w, https:\/\/felix.ares.fm\/wp-content\/uploads\/2013\/11\/IMG_3184-300x200.jpg 300w\" sizes=\"auto, (max-width: 363px) 100vw, 363px\" \/><\/a><figcaption class=\"wp-element-caption\">Castillo de Halloween<\/figcaption><\/figure>\n<\/div>\n\n<div class=\"wp-block-image\">\n<figure class=\"aligncenter\"><a href=\"http:\/\/felix.ares.fm\/?attachment_id=4251\" rel=\"attachment wp-att-4251\"><img loading=\"lazy\" decoding=\"async\" width=\"363\" height=\"242\" src=\"http:\/\/felix.ares.fm\/wp-content\/uploads\/2013\/11\/IMG_3185.jpg\" alt=\"IMG_3185\" class=\"wp-image-4251\" srcset=\"https:\/\/felix.ares.fm\/wp-content\/uploads\/2013\/11\/IMG_3185.jpg 363w, https:\/\/felix.ares.fm\/wp-content\/uploads\/2013\/11\/IMG_3185-300x200.jpg 300w\" sizes=\"auto, (max-width: 363px) 100vw, 363px\" \/><\/a><\/figure>\n<\/div>\n\n\n<p>Tras ver el bel\u00e9n, si ustedes quieren pueden comprar los extraordinarios productos que elabora esta fabrica artesanal.<\/p>\n\n\n<div class=\"wp-block-image\">\n<figure class=\"aligncenter\"><a href=\"http:\/\/felix.ares.fm\/?attachment_id=4252\" rel=\"attachment wp-att-4252\"><img loading=\"lazy\" decoding=\"async\" width=\"363\" height=\"242\" src=\"http:\/\/felix.ares.fm\/wp-content\/uploads\/2013\/11\/IMG_3188.jpg\" alt=\"Un detalle de lo que vende. Por ejemplo, estuche surtido navidad 9,50\u20ac\" class=\"wp-image-4252\" srcset=\"https:\/\/felix.ares.fm\/wp-content\/uploads\/2013\/11\/IMG_3188.jpg 363w, https:\/\/felix.ares.fm\/wp-content\/uploads\/2013\/11\/IMG_3188-300x200.jpg 300w\" sizes=\"auto, (max-width: 363px) 100vw, 363px\" \/><\/a><figcaption class=\"wp-element-caption\">Un detalle de lo que vende. Por ejemplo, estuche surtido navidad 9,50\u20ac<\/figcaption><\/figure>\n<\/div>\n\n\n<p>La f\u00e1brica est\u00e1 rodeada de arboles y mientras esper\u00e1bamos a que nuestros compa\u00f1eros de viaje terminaran las compras, me fije es estos arboles.<\/p>\n\n\n<div class=\"wp-block-image\">\n<figure class=\"aligncenter\"><a href=\"http:\/\/felix.ares.fm\/?attachment_id=4253\" rel=\"attachment wp-att-4253\"><img loading=\"lazy\" decoding=\"async\" width=\"363\" height=\"242\" src=\"http:\/\/felix.ares.fm\/wp-content\/uploads\/2013\/11\/IMG_3190.jpg\" alt=\"IMG_3190\" class=\"wp-image-4253\" srcset=\"https:\/\/felix.ares.fm\/wp-content\/uploads\/2013\/11\/IMG_3190.jpg 363w, https:\/\/felix.ares.fm\/wp-content\/uploads\/2013\/11\/IMG_3190-300x200.jpg 300w\" sizes=\"auto, (max-width: 363px) 100vw, 363px\" \/><\/a><\/figure>\n<\/div>\n\n\n<p>Quiz\u00e1 fuera por la influencia del bel\u00e9n y de los cuentos del museo, pero el \u00e1rbol de la derecha, en su parte superior me parece un perro sentado hacia la erecha, con las patas delanteras y traseras hacia la derecha, pero con cabeza vuelta. Y en la mitad izquierda de la imagen me parece ver una bruja mala con sombrero.<\/p>\n\n\n\n<p>Nos montamos en el autob\u00fas y en unos minutos llegamos al centro de Rute. Lo primero que vimos fue el Museo del Jam\u00f3n.<\/p>\n\n\n<div class=\"wp-block-image\">\n<figure class=\"aligncenter\"><a href=\"http:\/\/felix.ares.fm\/?attachment_id=4254\" rel=\"attachment wp-att-4254\"><img loading=\"lazy\" decoding=\"async\" width=\"363\" height=\"242\" src=\"http:\/\/felix.ares.fm\/wp-content\/uploads\/2013\/11\/IMG_3196.jpg\" alt=\"Museo del jam\u00f3n. Jamones de Rute\" class=\"wp-image-4254\" srcset=\"https:\/\/felix.ares.fm\/wp-content\/uploads\/2013\/11\/IMG_3196.jpg 363w, https:\/\/felix.ares.fm\/wp-content\/uploads\/2013\/11\/IMG_3196-300x200.jpg 300w\" sizes=\"auto, (max-width: 363px) 100vw, 363px\" \/><\/a><figcaption class=\"wp-element-caption\">Museo del jam\u00f3n. Jamones de Rute<\/figcaption><\/figure>\n<\/div>\n\n<div class=\"wp-block-image\">\n<figure class=\"aligncenter\"><a href=\"http:\/\/felix.ares.fm\/?attachment_id=4256\" rel=\"attachment wp-att-4256\"><img loading=\"lazy\" decoding=\"async\" width=\"242\" height=\"363\" src=\"http:\/\/felix.ares.fm\/wp-content\/uploads\/2013\/11\/IMG_3198-e1385802914805.jpg\" alt=\"Casa Museo del jam\u00f3n\" class=\"wp-image-4256\" srcset=\"https:\/\/felix.ares.fm\/wp-content\/uploads\/2013\/11\/IMG_3198-e1385802914805.jpg 242w, https:\/\/felix.ares.fm\/wp-content\/uploads\/2013\/11\/IMG_3198-e1385802914805-200x300.jpg 200w\" sizes=\"auto, (max-width: 242px) 100vw, 242px\" \/><\/a><figcaption class=\"wp-element-caption\">Casa museo del jam\u00f3n. Con citas de Cervantes sobre el jam\u00f3n de Rute<\/figcaption><\/figure>\n<\/div>\n\n\n<p>Aqu\u00ed nos indican que la entrada es gratuita:<\/p>\n\n\n<div class=\"wp-block-image\">\n<figure class=\"aligncenter\"><a href=\"http:\/\/felix.ares.fm\/?attachment_id=4257\" rel=\"attachment wp-att-4257\"><img loading=\"lazy\" decoding=\"async\" width=\"363\" height=\"242\" src=\"http:\/\/felix.ares.fm\/wp-content\/uploads\/2013\/11\/IMG_3199.jpg\" alt=\"IMG_3199\" class=\"wp-image-4257\" srcset=\"https:\/\/felix.ares.fm\/wp-content\/uploads\/2013\/11\/IMG_3199.jpg 363w, https:\/\/felix.ares.fm\/wp-content\/uploads\/2013\/11\/IMG_3199-300x200.jpg 300w\" sizes=\"auto, (max-width: 363px) 100vw, 363px\" \/><\/a><\/figure>\n<\/div>\n\n<div class=\"wp-block-image\">\n<figure class=\"aligncenter\"><a href=\"http:\/\/felix.ares.fm\/?attachment_id=4258\" rel=\"attachment wp-att-4258\"><img loading=\"lazy\" decoding=\"async\" width=\"242\" height=\"363\" src=\"http:\/\/felix.ares.fm\/wp-content\/uploads\/2013\/11\/IMG_3205-e1385803104350.jpg\" alt=\"Y si la convalescencia xxx \" class=\"wp-image-4258\" srcset=\"https:\/\/felix.ares.fm\/wp-content\/uploads\/2013\/11\/IMG_3205-e1385803104350.jpg 242w, https:\/\/felix.ares.fm\/wp-content\/uploads\/2013\/11\/IMG_3205-e1385803104350-200x300.jpg 200w\" sizes=\"auto, (max-width: 242px) 100vw, 242px\" \/><\/a><figcaption class=\"wp-element-caption\">Y si la convalescencia lo sufre \u00abUnas lonjas de jam\u00f3n de Rute\u00bb nos har\u00e1n la salva. Miguel de Cervantes<\/figcaption><\/figure>\n<\/div>\n\n<div class=\"wp-block-image\">\n<figure class=\"aligncenter\"><a href=\"http:\/\/felix.ares.fm\/?attachment_id=4259\" rel=\"attachment wp-att-4259\"><img loading=\"lazy\" decoding=\"async\" width=\"363\" height=\"242\" src=\"http:\/\/felix.ares.fm\/wp-content\/uploads\/2013\/11\/IMG_3206.jpg\" alt=\"IMG_3206\" class=\"wp-image-4259\" srcset=\"https:\/\/felix.ares.fm\/wp-content\/uploads\/2013\/11\/IMG_3206.jpg 363w, https:\/\/felix.ares.fm\/wp-content\/uploads\/2013\/11\/IMG_3206-300x200.jpg 300w\" sizes=\"auto, (max-width: 363px) 100vw, 363px\" \/><\/a><\/figure>\n<\/div>\n\n<div class=\"wp-block-image\">\n<figure class=\"aligncenter\"><a href=\"http:\/\/felix.ares.fm\/?attachment_id=4262\" rel=\"attachment wp-att-4262\"><img decoding=\"async\" src=\"http:\/\/felix.ares.fm\/wp-content\/uploads\/2013\/11\/IMG_3210.jpg\" alt=\"IMG_3210\"\/><\/a><\/figure>\n<\/div>\n\n\n<p class=\"has-text-align-center\"><\/p>\n\n\n<div class=\"wp-block-image\">\n<figure class=\"aligncenter\"><a href=\"http:\/\/felix.ares.fm\/?attachment_id=4261\" rel=\"attachment wp-att-4261\"><img loading=\"lazy\" decoding=\"async\" width=\"363\" height=\"242\" src=\"http:\/\/felix.ares.fm\/wp-content\/uploads\/2013\/11\/IMG_3209.jpg\" alt=\"IMG_3209\" class=\"wp-image-4261\" srcset=\"https:\/\/felix.ares.fm\/wp-content\/uploads\/2013\/11\/IMG_3209.jpg 363w, https:\/\/felix.ares.fm\/wp-content\/uploads\/2013\/11\/IMG_3209-300x200.jpg 300w\" sizes=\"auto, (max-width: 363px) 100vw, 363px\" \/><\/a><\/figure>\n<\/div>\n\n<div class=\"wp-block-image\">\n<figure class=\"aligncenter\"><a href=\"http:\/\/felix.ares.fm\/?attachment_id=4263\" rel=\"attachment wp-att-4263\"><img loading=\"lazy\" decoding=\"async\" width=\"363\" height=\"242\" src=\"http:\/\/felix.ares.fm\/wp-content\/uploads\/2013\/11\/IMG_3215.jpg\" alt=\"Antiguos utensilios de la matanza\" class=\"wp-image-4263\" srcset=\"https:\/\/felix.ares.fm\/wp-content\/uploads\/2013\/11\/IMG_3215.jpg 363w, https:\/\/felix.ares.fm\/wp-content\/uploads\/2013\/11\/IMG_3215-300x200.jpg 300w\" sizes=\"auto, (max-width: 363px) 100vw, 363px\" \/><\/a><figcaption class=\"wp-element-caption\">Antiguos utensilios de la matanza<\/figcaption><\/figure>\n<\/div>\n\n<div class=\"wp-block-image\">\n<figure class=\"aligncenter\"><a href=\"http:\/\/felix.ares.fm\/?attachment_id=4264\" rel=\"attachment wp-att-4264\"><img loading=\"lazy\" decoding=\"async\" width=\"363\" height=\"242\" src=\"http:\/\/felix.ares.fm\/wp-content\/uploads\/2013\/11\/IMG_3216.jpg\" alt=\"Vasijas de matanza\" class=\"wp-image-4264\" srcset=\"https:\/\/felix.ares.fm\/wp-content\/uploads\/2013\/11\/IMG_3216.jpg 363w, https:\/\/felix.ares.fm\/wp-content\/uploads\/2013\/11\/IMG_3216-300x200.jpg 300w\" sizes=\"auto, (max-width: 363px) 100vw, 363px\" \/><\/a><figcaption class=\"wp-element-caption\">Vasijas de matanza<\/figcaption><\/figure>\n<\/div>\n\n<div class=\"wp-block-image\">\n<figure class=\"aligncenter\"><a href=\"http:\/\/felix.ares.fm\/?attachment_id=4265\" rel=\"attachment wp-att-4265\"><img loading=\"lazy\" decoding=\"async\" width=\"242\" height=\"363\" src=\"http:\/\/felix.ares.fm\/wp-content\/uploads\/2013\/11\/IMG_3217.jpg\" alt=\"Guindillas como conservante\" class=\"wp-image-4265\" srcset=\"https:\/\/felix.ares.fm\/wp-content\/uploads\/2013\/11\/IMG_3217.jpg 242w, https:\/\/felix.ares.fm\/wp-content\/uploads\/2013\/11\/IMG_3217-200x300.jpg 200w\" sizes=\"auto, (max-width: 242px) 100vw, 242px\" \/><\/a><figcaption class=\"wp-element-caption\">Guindillas como conservante<\/figcaption><\/figure>\n<\/div>\n\n<div class=\"wp-block-image\">\n<figure class=\"aligncenter\"><a href=\"http:\/\/felix.ares.fm\/?attachment_id=4266\" rel=\"attachment wp-att-4266\"><img loading=\"lazy\" decoding=\"async\" width=\"363\" height=\"242\" src=\"http:\/\/felix.ares.fm\/wp-content\/uploads\/2013\/11\/IMG_3218.jpg\" alt=\"Diversos instrumentos de la matanza. En este caso picadoras y embutidoras para hacer chorizos y morcillas\" class=\"wp-image-4266\" srcset=\"https:\/\/felix.ares.fm\/wp-content\/uploads\/2013\/11\/IMG_3218.jpg 363w, https:\/\/felix.ares.fm\/wp-content\/uploads\/2013\/11\/IMG_3218-300x200.jpg 300w\" sizes=\"auto, (max-width: 363px) 100vw, 363px\" \/><\/a><figcaption class=\"wp-element-caption\">Diversos instrumentos de la matanza. En este caso picadoras y embutidoras para hacer chorizos y morcillas<\/figcaption><\/figure>\n<\/div>\n\n<div class=\"wp-block-image\">\n<figure class=\"aligncenter\"><a href=\"http:\/\/felix.ares.fm\/?attachment_id=4267\" rel=\"attachment wp-att-4267\"><img loading=\"lazy\" decoding=\"async\" width=\"363\" height=\"242\" src=\"http:\/\/felix.ares.fm\/wp-content\/uploads\/2013\/11\/IMG_3221.jpg\" alt=\"IMG_3221\" class=\"wp-image-4267\" srcset=\"https:\/\/felix.ares.fm\/wp-content\/uploads\/2013\/11\/IMG_3221.jpg 363w, https:\/\/felix.ares.fm\/wp-content\/uploads\/2013\/11\/IMG_3221-300x200.jpg 300w\" sizes=\"auto, (max-width: 363px) 100vw, 363px\" \/><\/a><\/figure>\n<\/div>\n\n<div class=\"wp-block-image\">\n<figure class=\"aligncenter\"><a href=\"http:\/\/felix.ares.fm\/?attachment_id=4268\" rel=\"attachment wp-att-4268\"><img loading=\"lazy\" decoding=\"async\" width=\"363\" height=\"242\" src=\"http:\/\/felix.ares.fm\/wp-content\/uploads\/2013\/11\/IMG_3222.jpg\" alt=\"IMG_3222\" class=\"wp-image-4268\" srcset=\"https:\/\/felix.ares.fm\/wp-content\/uploads\/2013\/11\/IMG_3222.jpg 363w, https:\/\/felix.ares.fm\/wp-content\/uploads\/2013\/11\/IMG_3222-300x200.jpg 300w\" sizes=\"auto, (max-width: 363px) 100vw, 363px\" \/><\/a><\/figure>\n<\/div>\n\n<div class=\"wp-block-image\">\n<figure class=\"aligncenter\"><a href=\"http:\/\/felix.ares.fm\/?attachment_id=4269\" rel=\"attachment wp-att-4269\"><img loading=\"lazy\" decoding=\"async\" width=\"363\" height=\"242\" src=\"http:\/\/felix.ares.fm\/wp-content\/uploads\/2013\/11\/IMG_3224.jpg\" alt=\"Tabla de lavar\" class=\"wp-image-4269\" srcset=\"https:\/\/felix.ares.fm\/wp-content\/uploads\/2013\/11\/IMG_3224.jpg 363w, https:\/\/felix.ares.fm\/wp-content\/uploads\/2013\/11\/IMG_3224-300x200.jpg 300w\" sizes=\"auto, (max-width: 363px) 100vw, 363px\" \/><\/a><figcaption class=\"wp-element-caption\">Tabla de lavar<\/figcaption><\/figure>\n<\/div>\n\n<div class=\"wp-block-image\">\n<figure class=\"aligncenter\"><a href=\"http:\/\/felix.ares.fm\/?attachment_id=4270\" rel=\"attachment wp-att-4270\"><img loading=\"lazy\" decoding=\"async\" width=\"363\" height=\"242\" src=\"http:\/\/felix.ares.fm\/wp-content\/uploads\/2013\/11\/IMG_3225.jpg\" alt=\"Embutidora\" class=\"wp-image-4270\" srcset=\"https:\/\/felix.ares.fm\/wp-content\/uploads\/2013\/11\/IMG_3225.jpg 363w, https:\/\/felix.ares.fm\/wp-content\/uploads\/2013\/11\/IMG_3225-300x200.jpg 300w\" sizes=\"auto, (max-width: 363px) 100vw, 363px\" \/><\/a><figcaption class=\"wp-element-caption\">Embutidora<\/figcaption><\/figure>\n<\/div>\n\n<div class=\"wp-block-image\">\n<figure class=\"aligncenter\"><a href=\"http:\/\/felix.ares.fm\/?attachment_id=4271\" rel=\"attachment wp-att-4271\"><img loading=\"lazy\" decoding=\"async\" width=\"363\" height=\"242\" src=\"http:\/\/felix.ares.fm\/wp-content\/uploads\/2013\/11\/IMG_3226.jpg\" alt=\"Diversas c\u00e1nulas para diversos productos: chorizos finos, morcillas f\u00a1gordas, etc\" class=\"wp-image-4271\" srcset=\"https:\/\/felix.ares.fm\/wp-content\/uploads\/2013\/11\/IMG_3226.jpg 363w, https:\/\/felix.ares.fm\/wp-content\/uploads\/2013\/11\/IMG_3226-300x200.jpg 300w\" sizes=\"auto, (max-width: 363px) 100vw, 363px\" \/><\/a><figcaption class=\"wp-element-caption\">Diversas c\u00e1nulas para diversos productos: chorizos finos, morcillas f\u00a1gordas, etc<\/figcaption><\/figure>\n<\/div>\n\n\n<p>No solo tienen cosas relativas a la matanza, tambi\u00e9n tienen otras cosas:<\/p>\n\n\n<div class=\"wp-block-image\">\n<figure class=\"aligncenter\"><a href=\"http:\/\/felix.ares.fm\/?attachment_id=4272\" rel=\"attachment wp-att-4272\"><img loading=\"lazy\" decoding=\"async\" width=\"363\" height=\"242\" src=\"http:\/\/felix.ares.fm\/wp-content\/uploads\/2013\/11\/IMG_3228.jpg\" alt=\"IMG_3228\" class=\"wp-image-4272\" srcset=\"https:\/\/felix.ares.fm\/wp-content\/uploads\/2013\/11\/IMG_3228.jpg 363w, https:\/\/felix.ares.fm\/wp-content\/uploads\/2013\/11\/IMG_3228-300x200.jpg 300w\" sizes=\"auto, (max-width: 363px) 100vw, 363px\" \/><\/a><\/figure>\n<\/div>\n\n<div class=\"wp-block-image\">\n<figure class=\"aligncenter\"><a href=\"http:\/\/felix.ares.fm\/?attachment_id=4273\" rel=\"attachment wp-att-4273\"><img loading=\"lazy\" decoding=\"async\" width=\"363\" height=\"242\" src=\"http:\/\/felix.ares.fm\/wp-content\/uploads\/2013\/11\/IMG_3229.jpg\" alt=\"IMG_3229\" class=\"wp-image-4273\" srcset=\"https:\/\/felix.ares.fm\/wp-content\/uploads\/2013\/11\/IMG_3229.jpg 363w, https:\/\/felix.ares.fm\/wp-content\/uploads\/2013\/11\/IMG_3229-300x200.jpg 300w\" sizes=\"auto, (max-width: 363px) 100vw, 363px\" \/><\/a><\/figure>\n<\/div>\n\n<div class=\"wp-block-image\">\n<figure class=\"aligncenter\"><a href=\"http:\/\/felix.ares.fm\/?attachment_id=4274\" rel=\"attachment wp-att-4274\"><img loading=\"lazy\" decoding=\"async\" width=\"242\" height=\"363\" src=\"http:\/\/felix.ares.fm\/wp-content\/uploads\/2013\/11\/IMG_3230-e1385803978409.jpg\" alt=\"IMG_3230\" class=\"wp-image-4274\" srcset=\"https:\/\/felix.ares.fm\/wp-content\/uploads\/2013\/11\/IMG_3230-e1385803978409.jpg 242w, https:\/\/felix.ares.fm\/wp-content\/uploads\/2013\/11\/IMG_3230-e1385803978409-200x300.jpg 200w\" sizes=\"auto, (max-width: 242px) 100vw, 242px\" \/><\/a><\/figure>\n<\/div>\n\n<div class=\"wp-block-image\">\n<figure class=\"aligncenter\"><a href=\"http:\/\/felix.ares.fm\/?attachment_id=4275\" rel=\"attachment wp-att-4275\"><img loading=\"lazy\" decoding=\"async\" width=\"363\" height=\"242\" src=\"http:\/\/felix.ares.fm\/wp-content\/uploads\/2013\/11\/IMG_3248.jpg\" alt=\"El salchich\u00f3n m\u00e1s gordo del mundo. 280 kg\" class=\"wp-image-4275\" srcset=\"https:\/\/felix.ares.fm\/wp-content\/uploads\/2013\/11\/IMG_3248.jpg 363w, https:\/\/felix.ares.fm\/wp-content\/uploads\/2013\/11\/IMG_3248-300x200.jpg 300w\" sizes=\"auto, (max-width: 363px) 100vw, 363px\" \/><\/a><figcaption class=\"wp-element-caption\">El salchich\u00f3n m\u00e1s gordo del mundo. 280 kg<\/figcaption><\/figure>\n<\/div>\n\n\n<p>Por desgracia el autob\u00fas se nos iba y no tuvimos tiempo de entrar en este museo ni en el del az\u00facar, ni la f\u00e1brica de an\u00eds,&#8230;lo que significa que tenemos que volver.<\/p>\n\n\n<div class=\"wp-block-image\">\n<figure class=\"aligncenter\"><a href=\"http:\/\/felix.ares.fm\/?attachment_id=4276\" rel=\"attachment wp-att-4276\"><img loading=\"lazy\" decoding=\"async\" width=\"363\" height=\"242\" src=\"http:\/\/felix.ares.fm\/wp-content\/uploads\/2013\/11\/IMG_3250.jpg\" alt=\"F\u00e1brica de an\u00eds que admite visitas\" class=\"wp-image-4276\" srcset=\"https:\/\/felix.ares.fm\/wp-content\/uploads\/2013\/11\/IMG_3250.jpg 363w, https:\/\/felix.ares.fm\/wp-content\/uploads\/2013\/11\/IMG_3250-300x200.jpg 300w\" sizes=\"auto, (max-width: 363px) 100vw, 363px\" \/><\/a><figcaption class=\"wp-element-caption\">F\u00e1brica de an\u00eds que admite visitas<\/figcaption><\/figure>\n<\/div>\n\n<div class=\"wp-block-image\">\n<figure class=\"aligncenter\"><a href=\"http:\/\/felix.ares.fm\/?attachment_id=4277\" rel=\"attachment wp-att-4277\"><img loading=\"lazy\" decoding=\"async\" width=\"363\" height=\"242\" src=\"http:\/\/felix.ares.fm\/wp-content\/uploads\/2013\/11\/IMG_3253.jpg\" alt=\"Museo del az\u00facar\" class=\"wp-image-4277\" srcset=\"https:\/\/felix.ares.fm\/wp-content\/uploads\/2013\/11\/IMG_3253.jpg 363w, https:\/\/felix.ares.fm\/wp-content\/uploads\/2013\/11\/IMG_3253-300x200.jpg 300w\" sizes=\"auto, (max-width: 363px) 100vw, 363px\" \/><\/a><figcaption class=\"wp-element-caption\">Museo del az\u00facar<\/figcaption><\/figure>\n<\/div>\n\n\n<p>As\u00ed nos fuimos de Rute con la idea de volver.<\/p>\n\n\n\n<p>Por el camino nos encontramos con bellos pueblos iluminados, aunque con el movimiento del autob\u00fas era imposible hacer una foto sin movimiento, no obstante hay algunas que para mi tienen su encanto:<\/p>\n\n\n<div class=\"wp-block-image\">\n<figure class=\"aligncenter\"><a href=\"http:\/\/felix.ares.fm\/?attachment_id=4278\" rel=\"attachment wp-att-4278\"><img loading=\"lazy\" decoding=\"async\" width=\"363\" height=\"242\" src=\"http:\/\/felix.ares.fm\/wp-content\/uploads\/2013\/11\/IMG_3262.jpg\" alt=\"IMG_3262\" class=\"wp-image-4278\" srcset=\"https:\/\/felix.ares.fm\/wp-content\/uploads\/2013\/11\/IMG_3262.jpg 363w, https:\/\/felix.ares.fm\/wp-content\/uploads\/2013\/11\/IMG_3262-300x200.jpg 300w\" sizes=\"auto, (max-width: 363px) 100vw, 363px\" \/><\/a><\/figure>\n<\/div>\n\n\n<p class=\"has-text-align-center\">* * * *<\/p>\n\n\n\n<p><strong>Nota fotos y texto<\/strong>. Salvo las fotos que tienen un agradecimiento espec\u00edfico, como por ejemplo Wikipedia, son nuestras y las licenciamos con<\/p>\n\n\n\n<p><a href=\"http:\/\/creativecommons.org\/licenses\/by\/3.0\/deed.es_ES\" rel=\"license\"><img decoding=\"async\" src=\"http:\/\/i.creativecommons.org\/l\/by\/3.0\/88x31.png\" alt=\"Licencia de Creative Commons\"\/><\/a><br \/><a href=\"viajes.ares.fm\" rel=\"cc:attributionURL\">F\u00e9lix Ares y Maricarmen Garmendia<\/a>&nbsp;is licensed under a&nbsp;<a href=\"http:\/\/creativecommons.org\/licenses\/by\/3.0\/deed.es_ES\" rel=\"license\">Creative Commons Reconocimiento 3.0 Unported License<\/a>.<br \/>Creado a partir de la obra en&nbsp;<a href=\"viajes.ares.fm\" rel=\"dct:source\">felix.ares.fm<\/a>.<\/p>\n\n\n\n<p>Contacto con nosotros:<\/p>\n\n\n\n<figure class=\"wp-block-image\"><a href=\"http:\/\/viajes.ares.fm\/wp-content\/uploads\/2013\/06\/emailTapasBr1.jpg\"><img decoding=\"async\" src=\"http:\/\/viajes.ares.fm\/wp-content\/uploads\/2013\/06\/emailTapasBr1-300x138.jpg\" alt=\"emailTapasBr\"\/><\/a><\/figure>\n","protected":false},"excerpt":{"rendered":"<p>16 de noviembre de 2013 &nbsp;&nbsp; En Fuengirola hay muchas ofertas de excursiones de uno a dos d\u00edas a infinidad de sitios. Vimos una que nos gust\u00f3 y nos apuntamos. La excursi\u00f3n nos llevaba a ver una almazara, el pueblo de Priego, el pueblo de Rute e inclu\u00eda desayuno y comida. Sal\u00eda aproximadamente a las &hellip; <a href=\"https:\/\/felix.ares.fm\/?p=4120\" class=\"more-link\">Seguir leyendo <span class=\"screen-reader-text\">Escapada a Priego y Rute en C\u00f3rdoba<\/span> <span class=\"meta-nav\">&rarr;<\/span><\/a><\/p>\n","protected":false},"author":1,"featured_media":0,"comment_status":"closed","ping_status":"open","sticky":false,"template":"","format":"standard","meta":{"footnotes":""},"categories":[402,404,403,398,237,405,399,400,401],"tags":[],"class_list":["post-4120","post","type-post","status-publish","format-standard","hentry","category-almazara","category-belen-de-chocolate","category-carcabuey","category-encinas-reales-cordoba","category-excursiones-desde-fuengirola","category-museo-del-jamon","category-priego-cordoba","category-rute-cordoba","category-zurrapa"],"_links":{"self":[{"href":"https:\/\/felix.ares.fm\/index.php?rest_route=\/wp\/v2\/posts\/4120","targetHints":{"allow":["GET"]}}],"collection":[{"href":"https:\/\/felix.ares.fm\/index.php?rest_route=\/wp\/v2\/posts"}],"about":[{"href":"https:\/\/felix.ares.fm\/index.php?rest_route=\/wp\/v2\/types\/post"}],"author":[{"embeddable":true,"href":"https:\/\/felix.ares.fm\/index.php?rest_route=\/wp\/v2\/users\/1"}],"replies":[{"embeddable":true,"href":"https:\/\/felix.ares.fm\/index.php?rest_route=%2Fwp%2Fv2%2Fcomments&post=4120"}],"version-history":[{"count":1,"href":"https:\/\/felix.ares.fm\/index.php?rest_route=\/wp\/v2\/posts\/4120\/revisions"}],"predecessor-version":[{"id":15252,"href":"https:\/\/felix.ares.fm\/index.php?rest_route=\/wp\/v2\/posts\/4120\/revisions\/15252"}],"wp:attachment":[{"href":"https:\/\/felix.ares.fm\/index.php?rest_route=%2Fwp%2Fv2%2Fmedia&parent=4120"}],"wp:term":[{"taxonomy":"category","embeddable":true,"href":"https:\/\/felix.ares.fm\/index.php?rest_route=%2Fwp%2Fv2%2Fcategories&post=4120"},{"taxonomy":"post_tag","embeddable":true,"href":"https:\/\/felix.ares.fm\/index.php?rest_route=%2Fwp%2Fv2%2Ftags&post=4120"}],"curies":[{"name":"wp","href":"https:\/\/api.w.org\/{rel}","templated":true}]}}