{"id":4106,"date":"2013-11-22T09:41:50","date_gmt":"2013-11-22T07:41:50","guid":{"rendered":"http:\/\/felix.ares.fm\/?p=4106"},"modified":"2015-04-01T21:31:15","modified_gmt":"2015-04-01T19:31:15","slug":"taberna-de-flore-tapas-050e","status":"publish","type":"post","link":"https:\/\/felix.ares.fm\/?p=4106","title":{"rendered":"Taberna de Flore. Tapas 0,50\u20ac"},"content":{"rendered":"<p><span style=\"color: #ff0000;\"><strong>Actualizaci\u00f3n abril 2015: han cerrado<\/strong><\/span><\/p>\n<p>&nbsp;<\/p>\n<p><strong>17 de noviembre de 2013<\/strong><\/p>\n<p>En la calle Acapulco 2, frente a Eroski, en los Boliches, est\u00e1 esta taberna, con una peque\u00f1a terraza exterior y con una relaci\u00f3n precio\/calidad extraordinaria.<\/p>\n<figure id=\"attachment_4107\" aria-describedby=\"caption-attachment-4107\" style=\"width: 363px\" class=\"wp-caption aligncenter\"><a href=\"http:\/\/felix.ares.fm\/?attachment_id=4107\" rel=\"attachment wp-att-4107\"><img loading=\"lazy\" decoding=\"async\" class=\"size-full wp-image-4107\" src=\"http:\/\/felix.ares.fm\/wp-content\/uploads\/2013\/11\/IMG_3306.jpg\" alt=\"Taberna de Flore\" width=\"363\" height=\"242\" srcset=\"https:\/\/felix.ares.fm\/wp-content\/uploads\/2013\/11\/IMG_3306.jpg 363w, https:\/\/felix.ares.fm\/wp-content\/uploads\/2013\/11\/IMG_3306-300x200.jpg 300w\" sizes=\"auto, (max-width: 363px) 100vw, 363px\" \/><\/a><figcaption id=\"caption-attachment-4107\" class=\"wp-caption-text\">Taberna de Flore<\/figcaption><\/figure>\n<figure id=\"attachment_4108\" aria-describedby=\"caption-attachment-4108\" style=\"width: 242px\" class=\"wp-caption aligncenter\"><a href=\"http:\/\/felix.ares.fm\/?attachment_id=4108\" rel=\"attachment wp-att-4108\"><img loading=\"lazy\" decoding=\"async\" class=\"size-full wp-image-4108\" src=\"http:\/\/felix.ares.fm\/wp-content\/uploads\/2013\/11\/IMG_3307-e1385105241602.jpg\" alt=\"Hay Mojitos cubanos a 3\u20ac\" width=\"242\" height=\"363\" srcset=\"https:\/\/felix.ares.fm\/wp-content\/uploads\/2013\/11\/IMG_3307-e1385105241602.jpg 242w, https:\/\/felix.ares.fm\/wp-content\/uploads\/2013\/11\/IMG_3307-e1385105241602-200x300.jpg 200w\" sizes=\"auto, (max-width: 242px) 100vw, 242px\" \/><\/a><figcaption id=\"caption-attachment-4108\" class=\"wp-caption-text\">Hay mojito cubano a 3\u20ac. Al decir \u00abHoy\u00bb entendemos que esta oferta no est\u00e1 todos los d\u00edas<\/figcaption><\/figure>\n<p>En la pizarra hay una oferta sorprendente: Mojito cubano por 3\u20ac. Nunca lo hab\u00edamos visto tan barato. Lo pedimos para probar. No sab\u00edamos la calidad que iba a tener el mojito. Tal vez el precio tan barato significase una baja calidad o una peque\u00f1a cantidad. El resultado es el contrario: una excelente calidad. De los mejores que hemos tomado en Fuengirola.<\/p>\n<figure id=\"attachment_4109\" aria-describedby=\"caption-attachment-4109\" style=\"width: 363px\" class=\"wp-caption aligncenter\"><a href=\"http:\/\/felix.ares.fm\/?attachment_id=4109\" rel=\"attachment wp-att-4109\"><img loading=\"lazy\" decoding=\"async\" class=\"size-full wp-image-4109\" src=\"http:\/\/felix.ares.fm\/wp-content\/uploads\/2013\/11\/IMG_3316.jpg\" alt=\"Mojitos cubanos 2\u20ac\" width=\"363\" height=\"242\" srcset=\"https:\/\/felix.ares.fm\/wp-content\/uploads\/2013\/11\/IMG_3316.jpg 363w, https:\/\/felix.ares.fm\/wp-content\/uploads\/2013\/11\/IMG_3316-300x200.jpg 300w\" sizes=\"auto, (max-width: 363px) 100vw, 363px\" \/><\/a><figcaption id=\"caption-attachment-4109\" class=\"wp-caption-text\">Mojitos cubanos 2\u20ac<\/figcaption><\/figure>\n<p>&nbsp;<\/p>\n<figure id=\"attachment_4110\" aria-describedby=\"caption-attachment-4110\" style=\"width: 242px\" class=\"wp-caption aligncenter\"><a href=\"http:\/\/felix.ares.fm\/?attachment_id=4110\" rel=\"attachment wp-att-4110\"><img loading=\"lazy\" decoding=\"async\" class=\"size-full wp-image-4110\" src=\"http:\/\/felix.ares.fm\/wp-content\/uploads\/2013\/11\/IMG_3317-e1385105468844.jpg\" alt=\"Detalle del mojitp\" width=\"242\" height=\"363\" srcset=\"https:\/\/felix.ares.fm\/wp-content\/uploads\/2013\/11\/IMG_3317-e1385105468844.jpg 242w, https:\/\/felix.ares.fm\/wp-content\/uploads\/2013\/11\/IMG_3317-e1385105468844-200x300.jpg 200w\" sizes=\"auto, (max-width: 242px) 100vw, 242px\" \/><\/a><figcaption id=\"caption-attachment-4110\" class=\"wp-caption-text\">Detalle del mojitp<\/figcaption><\/figure>\n<p>Tambi\u00e9n pedimos unas tapas para ver qu\u00e9 tal eran. Una de ellas eran tres troziztos de queso manchego bien curado con unas gotas de aceite de oliva: estupendos. La otra eran albondigas caseras. Muy ricas y bien hechas.<\/p>\n<figure id=\"attachment_4111\" aria-describedby=\"caption-attachment-4111\" style=\"width: 363px\" class=\"wp-caption aligncenter\"><a href=\"http:\/\/felix.ares.fm\/?attachment_id=4111\" rel=\"attachment wp-att-4111\"><img loading=\"lazy\" decoding=\"async\" class=\"size-full wp-image-4111\" src=\"http:\/\/felix.ares.fm\/wp-content\/uploads\/2013\/11\/IMG_3315.jpg\" alt=\"Tapa de albongigas: 0,50\u20ac\" width=\"363\" height=\"242\" srcset=\"https:\/\/felix.ares.fm\/wp-content\/uploads\/2013\/11\/IMG_3315.jpg 363w, https:\/\/felix.ares.fm\/wp-content\/uploads\/2013\/11\/IMG_3315-300x200.jpg 300w\" sizes=\"auto, (max-width: 363px) 100vw, 363px\" \/><\/a><figcaption id=\"caption-attachment-4111\" class=\"wp-caption-text\">Tapa de alb\u00f3ngigas: 0,50\u20ac<\/figcaption><\/figure>\n<p><span style=\"color: #ff0000;\" data-mce-mark=\"1\"><strong>ATENCI\u00d3N<\/strong><\/span><\/p>\n<p>En todo momento amable y correcta.<\/p>\n<p><span style=\"color: #ff0000;\" data-mce-mark=\"1\"><strong>OTRAS OFERTAS<\/strong><\/span><\/p>\n<figure id=\"attachment_4112\" aria-describedby=\"caption-attachment-4112\" style=\"width: 242px\" class=\"wp-caption aligncenter\"><a href=\"http:\/\/felix.ares.fm\/?attachment_id=4112\" rel=\"attachment wp-att-4112\"><img loading=\"lazy\" decoding=\"async\" class=\"size-full wp-image-4112\" src=\"http:\/\/felix.ares.fm\/wp-content\/uploads\/2013\/11\/IMG_3308-e1385105756810.jpg\" alt=\"caf\u00e9\" width=\"242\" height=\"363\" srcset=\"https:\/\/felix.ares.fm\/wp-content\/uploads\/2013\/11\/IMG_3308-e1385105756810.jpg 242w, https:\/\/felix.ares.fm\/wp-content\/uploads\/2013\/11\/IMG_3308-e1385105756810-200x300.jpg 200w\" sizes=\"auto, (max-width: 242px) 100vw, 242px\" \/><\/a><figcaption id=\"caption-attachment-4112\" class=\"wp-caption-text\">Caf\u00e9, te, colacao: 1\u20ac. Caf\u00e9+pitufo+zumo: 1,90\u20ac, Vinos (de Rioja)=1,60\u20ac. Ca\u00f1a 1\u20ac. Tapas: 0,50\u20ac. Mojitos: 3\u20ac. Cubatas y pelotazos: 3,50\u20ac. Botellines de 1\/3 o latas: 1,50\u20ac<\/figcaption><\/figure>\n<p>Y dispone de<span style=\"color: #ff0000;\" data-mce-mark=\"1\"><strong> WIFI<\/strong><\/span> para los clientes:<\/p>\n<figure id=\"attachment_4113\" aria-describedby=\"caption-attachment-4113\" style=\"width: 363px\" class=\"wp-caption aligncenter\"><a href=\"http:\/\/felix.ares.fm\/?attachment_id=4113\" rel=\"attachment wp-att-4113\"><img loading=\"lazy\" decoding=\"async\" class=\"size-full wp-image-4113\" src=\"http:\/\/felix.ares.fm\/wp-content\/uploads\/2013\/11\/IMG_3310.jpg\" alt=\"Zona Wifi\" width=\"363\" height=\"242\" srcset=\"https:\/\/felix.ares.fm\/wp-content\/uploads\/2013\/11\/IMG_3310.jpg 363w, https:\/\/felix.ares.fm\/wp-content\/uploads\/2013\/11\/IMG_3310-300x200.jpg 300w\" sizes=\"auto, (max-width: 363px) 100vw, 363px\" \/><\/a><figcaption id=\"caption-attachment-4113\" class=\"wp-caption-text\">Zona Wifi<\/figcaption><\/figure>\n<p><span style=\"color: #ff0000;\" data-mce-mark=\"1\"><strong>UBICACI\u00d3N<\/strong><\/span><\/p>\n<p>Calle Acapulco n\u00ba 2, frente a Eroski:<\/p>\n<p><a href=\"http:\/\/felix.ares.fm\/?attachment_id=4114\" rel=\"attachment wp-att-4114\"><img loading=\"lazy\" decoding=\"async\" class=\"aligncenter size-full wp-image-4114\" src=\"http:\/\/felix.ares.fm\/wp-content\/uploads\/2013\/11\/IMG_3320.jpg\" alt=\"IMG_3320\" width=\"363\" height=\"242\" srcset=\"https:\/\/felix.ares.fm\/wp-content\/uploads\/2013\/11\/IMG_3320.jpg 363w, https:\/\/felix.ares.fm\/wp-content\/uploads\/2013\/11\/IMG_3320-300x200.jpg 300w\" sizes=\"auto, (max-width: 363px) 100vw, 363px\" \/><\/a><\/p>\n<p>&nbsp;<\/p>\n<p style=\"text-align: center;\">* * *<\/p>\n<p><strong>Nota fotos y texto<\/strong>. Salvo las fotos que tienen un agradecimiento espec\u00edfico, como por ejemplo Wikipedia, son nuestras y las licenciamos con<\/p>\n<p><a href=\"http:\/\/creativecommons.org\/licenses\/by\/3.0\/deed.es_ES\" rel=\"license\"><img decoding=\"async\" src=\"http:\/\/i.creativecommons.org\/l\/by\/3.0\/88x31.png\" alt=\"Licencia de Creative Commons\" \/><\/a><br \/>\n<a href=\"viajes.ares.fm\" rel=\"cc:attributionURL\">F\u00e9lix Ares y Maricarmen Garmendia<\/a>\u00a0is licensed under a\u00a0<a href=\"http:\/\/creativecommons.org\/licenses\/by\/3.0\/deed.es_ES\" rel=\"license\">Creative Commons Reconocimiento 3.0 Unported License<\/a>.<br \/>\nCreado a partir de la obra en\u00a0<a href=\"viajes.ares.fm\" rel=\"dct:source\">felix.ares.fm<\/a>.<\/p>\n<p>Contacto con nosotros:<\/p>\n<p><a href=\"http:\/\/viajes.ares.fm\/wp-content\/uploads\/2013\/06\/emailTapasBr1.jpg\"><img loading=\"lazy\" decoding=\"async\" src=\"http:\/\/viajes.ares.fm\/wp-content\/uploads\/2013\/06\/emailTapasBr1-300x138.jpg\" alt=\"emailTapasBr\" width=\"300\" height=\"138\" \/><\/a><\/p>\n","protected":false},"excerpt":{"rendered":"<p>Actualizaci\u00f3n abril 2015: han cerrado &nbsp; 17 de noviembre de 2013 En la calle Acapulco 2, frente a Eroski, en los Boliches, est\u00e1 esta taberna, con una peque\u00f1a terraza exterior y con una relaci\u00f3n precio\/calidad extraordinaria. En la pizarra hay una oferta sorprendente: Mojito cubano por 3\u20ac. Nunca lo hab\u00edamos visto tan barato. Lo pedimos &hellip; <a href=\"https:\/\/felix.ares.fm\/?p=4106\" class=\"more-link\">Seguir leyendo <span class=\"screen-reader-text\">Taberna de Flore. Tapas 0,50\u20ac<\/span> <span class=\"meta-nav\">&rarr;<\/span><\/a><\/p>\n","protected":false},"author":1,"featured_media":0,"comment_status":"closed","ping_status":"open","sticky":false,"template":"","format":"standard","meta":{"footnotes":""},"categories":[257,142,230,396,316],"tags":[397],"class_list":["post-4106","post","type-post","status-publish","format-standard","hentry","category-bar-2","category-cerveceria","category-taberna","category-taberna-de-flore","category-wifi-2","tag-tapas-0-50e"],"_links":{"self":[{"href":"https:\/\/felix.ares.fm\/index.php?rest_route=\/wp\/v2\/posts\/4106","targetHints":{"allow":["GET"]}}],"collection":[{"href":"https:\/\/felix.ares.fm\/index.php?rest_route=\/wp\/v2\/posts"}],"about":[{"href":"https:\/\/felix.ares.fm\/index.php?rest_route=\/wp\/v2\/types\/post"}],"author":[{"embeddable":true,"href":"https:\/\/felix.ares.fm\/index.php?rest_route=\/wp\/v2\/users\/1"}],"replies":[{"embeddable":true,"href":"https:\/\/felix.ares.fm\/index.php?rest_route=%2Fwp%2Fv2%2Fcomments&post=4106"}],"version-history":[{"count":0,"href":"https:\/\/felix.ares.fm\/index.php?rest_route=\/wp\/v2\/posts\/4106\/revisions"}],"wp:attachment":[{"href":"https:\/\/felix.ares.fm\/index.php?rest_route=%2Fwp%2Fv2%2Fmedia&parent=4106"}],"wp:term":[{"taxonomy":"category","embeddable":true,"href":"https:\/\/felix.ares.fm\/index.php?rest_route=%2Fwp%2Fv2%2Fcategories&post=4106"},{"taxonomy":"post_tag","embeddable":true,"href":"https:\/\/felix.ares.fm\/index.php?rest_route=%2Fwp%2Fv2%2Ftags&post=4106"}],"curies":[{"name":"wp","href":"https:\/\/api.w.org\/{rel}","templated":true}]}}