{"id":3826,"date":"2013-11-10T11:54:30","date_gmt":"2013-11-10T09:54:30","guid":{"rendered":"http:\/\/felix.ares.fm\/?p=3826"},"modified":"2013-11-10T13:00:39","modified_gmt":"2013-11-10T11:00:39","slug":"quinta-ruta-de-la-tapa-erotica-9","status":"publish","type":"post","link":"https:\/\/felix.ares.fm\/?p=3826","title":{"rendered":"Quinta Ruta de la Tapa Er\u00f3tica (9)"},"content":{"rendered":"<p><strong>8 de noviembre de 2013<\/strong><\/p>\n<p>Hoy hemos visitado:<br \/>\n<a href=\"#cepa\">La Cepa<\/a><br \/>\n<a href=\"#picoteo\">El Picoteo<\/a><\/p>\n<h2><span style=\"color: #ff0000;\" data-mce-mark=\"1\"><strong>LA CEPA, concursante 32<\/strong><\/span><\/h2>\n<p>Nombre de la tapa concursante:\u00a0<strong>Marcelino Pan y Vino<\/strong><\/p>\n<p>De <a title=\"La Cepa: las mejores tapas de Fuengirola,seg\u00fan ellos mismos\" href=\"http:\/\/felix.ares.fm\/?p=2435\">La Cepa<\/a>\u00a0ya hemos hablado en otras ocasiones. En esta vamos a referirnos exclusivamente a la tapa de concurso:<\/p>\n<figure id=\"attachment_3829\" aria-describedby=\"caption-attachment-3829\" style=\"width: 363px\" class=\"wp-caption aligncenter\"><a href=\"http:\/\/felix.ares.fm\/?attachment_id=3829\" rel=\"attachment wp-att-3829\"><img loading=\"lazy\" decoding=\"async\" class=\"size-full wp-image-3829\" alt=\"Tapa: Marcelino pan y vino\" src=\"http:\/\/felix.ares.fm\/wp-content\/uploads\/2013\/11\/IMG_2651.jpg\" width=\"363\" height=\"242\" srcset=\"https:\/\/felix.ares.fm\/wp-content\/uploads\/2013\/11\/IMG_2651.jpg 363w, https:\/\/felix.ares.fm\/wp-content\/uploads\/2013\/11\/IMG_2651-300x200.jpg 300w\" sizes=\"auto, (max-width: 363px) 100vw, 363px\" \/><\/a><figcaption id=\"caption-attachment-3829\" class=\"wp-caption-text\">Tapa: Marcelino pan y vino<\/figcaption><\/figure>\n<p>Vamos a tratar de describirla. hay dos partes, una, la m\u00e1s cercana a la c\u00e1mara, que es un pincho con varias cosas. Y m\u00e1s alejado hay un postre: una crema de pl\u00e1tano.<\/p>\n<p>El pincho contiene una bolita de carne, dos langistinos y entre ellos hay una crema de queso envuelta por panceta.<\/p>\n<p>La idea de que una tapa contenga el plato y el postre nos ha parecido sumamente original. El postre, tal como ya hemos dicho es una crema de pl\u00e1tano.<\/p>\n<p><span style=\"color: #ff0000;\" data-mce-mark=\"1\"><strong>OTRA OFERTAS<\/strong><\/span><\/p>\n<p>Tal como <a title=\"Bar Cafeter\u00eda la Cepa\" href=\"http:\/\/felix.ares.fm\/?p=511\">ya hemos se\u00f1alado<\/a>, tiene una carta \u00a0muy amplia de muchas cosas, entre ellas tapas muy originales, d\u00edficiles de encontrar en otros sitios de Fuengirola.<\/p>\n<figure id=\"attachment_3830\" aria-describedby=\"caption-attachment-3830\" style=\"width: 363px\" class=\"wp-caption aligncenter\"><a href=\"http:\/\/felix.ares.fm\/?attachment_id=3830\" rel=\"attachment wp-att-3830\"><img loading=\"lazy\" decoding=\"async\" class=\"size-full wp-image-3830\" alt=\"La cepa\" src=\"http:\/\/felix.ares.fm\/wp-content\/uploads\/2013\/11\/IMG_2655.jpg\" width=\"363\" height=\"242\" srcset=\"https:\/\/felix.ares.fm\/wp-content\/uploads\/2013\/11\/IMG_2655.jpg 363w, https:\/\/felix.ares.fm\/wp-content\/uploads\/2013\/11\/IMG_2655-300x200.jpg 300w\" sizes=\"auto, (max-width: 363px) 100vw, 363px\" \/><\/a><figcaption id=\"caption-attachment-3830\" class=\"wp-caption-text\">La cepa<\/figcaption><\/figure>\n<p><span style=\"color: #ff0000;\" data-mce-mark=\"1\"><strong>UBICACI\u00d3N<\/strong><\/span><\/p>\n<figure id=\"attachment_3831\" aria-describedby=\"caption-attachment-3831\" style=\"width: 363px\" class=\"wp-caption aligncenter\"><a href=\"http:\/\/felix.ares.fm\/?attachment_id=3831\" rel=\"attachment wp-att-3831\"><img loading=\"lazy\" decoding=\"async\" class=\"size-full wp-image-3831\" alt=\"Detalle de las mesas de &quot;La Cepa&quot;\" src=\"http:\/\/felix.ares.fm\/wp-content\/uploads\/2013\/11\/IMG_2656.jpg\" width=\"363\" height=\"242\" srcset=\"https:\/\/felix.ares.fm\/wp-content\/uploads\/2013\/11\/IMG_2656.jpg 363w, https:\/\/felix.ares.fm\/wp-content\/uploads\/2013\/11\/IMG_2656-300x200.jpg 300w\" sizes=\"auto, (max-width: 363px) 100vw, 363px\" \/><\/a><figcaption id=\"caption-attachment-3831\" class=\"wp-caption-text\">Detalle de las mesas de \u00abLa Cepa\u00bb<\/figcaption><\/figure>\n<p>&nbsp;<\/p>\n<p>&nbsp;<\/p>\n<p>Calle\u00a0Cuesta. Edificio Plaza Yate. Fuengirola.<\/p>\n<p>Tel\u00e9fono: 687 611 703<\/p>\n<p style=\"text-align: center;\">* * *<\/p>\n<p><a name=\"picoteo\"><\/a><\/p>\n<p style=\"text-align: left;\"><span style=\"color: #ff0000;\"><strong>GASTRO TABERNA EL PICOTEO, concursante:43<\/strong><\/span><\/p>\n<p style=\"text-align: left;\">Tapa que concursa: <strong>Pichoteo<\/strong><\/p>\n<figure id=\"attachment_3847\" aria-describedby=\"caption-attachment-3847\" style=\"width: 363px\" class=\"wp-caption aligncenter\"><a href=\"http:\/\/felix.ares.fm\/?attachment_id=3847\" rel=\"attachment wp-att-3847\"><img loading=\"lazy\" decoding=\"async\" class=\"size-full wp-image-3847\" alt=\"El Picoteo\" src=\"http:\/\/felix.ares.fm\/wp-content\/uploads\/2013\/11\/IMG_2616.jpg\" width=\"363\" height=\"242\" srcset=\"https:\/\/felix.ares.fm\/wp-content\/uploads\/2013\/11\/IMG_2616.jpg 363w, https:\/\/felix.ares.fm\/wp-content\/uploads\/2013\/11\/IMG_2616-300x200.jpg 300w\" sizes=\"auto, (max-width: 363px) 100vw, 363px\" \/><\/a><figcaption id=\"caption-attachment-3847\" class=\"wp-caption-text\">El Picoteo<\/figcaption><\/figure>\n<p>&nbsp;<\/p>\n<figure id=\"attachment_3848\" aria-describedby=\"caption-attachment-3848\" style=\"width: 242px\" class=\"wp-caption aligncenter\"><a href=\"http:\/\/felix.ares.fm\/?attachment_id=3848\" rel=\"attachment wp-att-3848\"><img loading=\"lazy\" decoding=\"async\" class=\"size-full wp-image-3848\" alt=\"cartel de participaci\u00f3n en la Quinta Ruta\" src=\"http:\/\/felix.ares.fm\/wp-content\/uploads\/2013\/11\/IMG_2618-e1384079836302.jpg\" width=\"242\" height=\"363\" srcset=\"https:\/\/felix.ares.fm\/wp-content\/uploads\/2013\/11\/IMG_2618-e1384079836302.jpg 242w, https:\/\/felix.ares.fm\/wp-content\/uploads\/2013\/11\/IMG_2618-e1384079836302-200x300.jpg 200w\" sizes=\"auto, (max-width: 242px) 100vw, 242px\" \/><\/a><figcaption id=\"caption-attachment-3848\" class=\"wp-caption-text\">cartel de participaci\u00f3n en la Quinta Ruta<\/figcaption><\/figure>\n<p>Pedimos las bebidas y nos sirvieron un vino que no est\u00e1 mal para nuestro gusto. Se trata de un vino de la Tierra de Castilla nombre <a href=\"http:\/\/www.vinopedia.com\/winery\/Candidato\">Candidato<\/a>, con uva tempranillo. Un vino afrutado f\u00e1cil de beber.<\/p>\n<p><a href=\"http:\/\/felix.ares.fm\/?attachment_id=3850\" rel=\"attachment wp-att-3850\"><img loading=\"lazy\" decoding=\"async\" class=\"aligncenter size-full wp-image-3850\" alt=\"IMG_2627\" src=\"http:\/\/felix.ares.fm\/wp-content\/uploads\/2013\/11\/IMG_2627.jpg\" width=\"363\" height=\"242\" srcset=\"https:\/\/felix.ares.fm\/wp-content\/uploads\/2013\/11\/IMG_2627.jpg 363w, https:\/\/felix.ares.fm\/wp-content\/uploads\/2013\/11\/IMG_2627-300x200.jpg 300w\" sizes=\"auto, (max-width: 363px) 100vw, 363px\" \/><\/a><\/p>\n<p><strong>LA TAPA<\/strong><\/p>\n<figure id=\"attachment_3849\" aria-describedby=\"caption-attachment-3849\" style=\"width: 242px\" class=\"wp-caption aligncenter\"><a href=\"http:\/\/felix.ares.fm\/?attachment_id=3849\" rel=\"attachment wp-att-3849\"><img loading=\"lazy\" decoding=\"async\" class=\"size-full wp-image-3849\" alt=\"Tapa: Pichoteo\" src=\"http:\/\/felix.ares.fm\/wp-content\/uploads\/2013\/11\/IMG_2620-e1384080064471.jpg\" width=\"242\" height=\"363\" srcset=\"https:\/\/felix.ares.fm\/wp-content\/uploads\/2013\/11\/IMG_2620-e1384080064471.jpg 242w, https:\/\/felix.ares.fm\/wp-content\/uploads\/2013\/11\/IMG_2620-e1384080064471-200x300.jpg 200w\" sizes=\"auto, (max-width: 242px) 100vw, 242px\" \/><\/a><figcaption id=\"caption-attachment-3849\" class=\"wp-caption-text\">Tapa: Pichoteo<\/figcaption><\/figure>\n<p>Se trata de un cilindro recubierto de hilos de pasta china <a href=\"http:\/\/www.gastronomiaycia.com\/2008\/08\/15\/pasta-kataifi\/\">kataifi<\/a>. Est\u00e1 relleno de gambas y verduras.<\/p>\n<p>Al lado del cilindro hay un vasito en el que hay una cosa blanca. Se trata de un servilleta de papel. Al servirla, la servilleta est\u00e1 comprimida en el fondo. El camarero echa un poco de agua caliente y la toallita crece hasta ocupar todo el vaso.<\/p>\n<figure id=\"attachment_3851\" aria-describedby=\"caption-attachment-3851\" style=\"width: 363px\" class=\"wp-caption aligncenter\"><a href=\"http:\/\/felix.ares.fm\/?attachment_id=3851\" rel=\"attachment wp-att-3851\"><img loading=\"lazy\" decoding=\"async\" class=\"size-full wp-image-3851\" alt=\"Servilleta estirada\" src=\"http:\/\/felix.ares.fm\/wp-content\/uploads\/2013\/11\/IMG_2628.jpg\" width=\"363\" height=\"242\" srcset=\"https:\/\/felix.ares.fm\/wp-content\/uploads\/2013\/11\/IMG_2628.jpg 363w, https:\/\/felix.ares.fm\/wp-content\/uploads\/2013\/11\/IMG_2628-300x200.jpg 300w\" sizes=\"auto, (max-width: 363px) 100vw, 363px\" \/><\/a><figcaption id=\"caption-attachment-3851\" class=\"wp-caption-text\">Servilleta estirada<\/figcaption><\/figure>\n<p><span style=\"color: #ff0000;\"><strong>OTRAS OFERTAS<\/strong><\/span><\/p>\n<p>La carta es amplia y con muchas cosas de alta gastronom\u00eda.<\/p>\n<figure id=\"attachment_3852\" aria-describedby=\"caption-attachment-3852\" style=\"width: 242px\" class=\"wp-caption aligncenter\"><a href=\"http:\/\/felix.ares.fm\/?attachment_id=3852\" rel=\"attachment wp-att-3852\"><img loading=\"lazy\" decoding=\"async\" class=\"size-full wp-image-3852\" alt=\"La temporada de setas\" src=\"http:\/\/felix.ares.fm\/wp-content\/uploads\/2013\/11\/IMG_2622-e1384080705346.jpg\" width=\"242\" height=\"363\" srcset=\"https:\/\/felix.ares.fm\/wp-content\/uploads\/2013\/11\/IMG_2622-e1384080705346.jpg 242w, https:\/\/felix.ares.fm\/wp-content\/uploads\/2013\/11\/IMG_2622-e1384080705346-200x300.jpg 200w\" sizes=\"auto, (max-width: 242px) 100vw, 242px\" \/><\/a><figcaption id=\"caption-attachment-3852\" class=\"wp-caption-text\">La temporada de setas<\/figcaption><\/figure>\n<figure id=\"attachment_3853\" aria-describedby=\"caption-attachment-3853\" style=\"width: 363px\" class=\"wp-caption aligncenter\"><a href=\"http:\/\/felix.ares.fm\/?attachment_id=3853\" rel=\"attachment wp-att-3853\"><img loading=\"lazy\" decoding=\"async\" class=\"size-full wp-image-3853\" alt=\"m\u00e1s vale que gallina con dolor\" src=\"http:\/\/felix.ares.fm\/wp-content\/uploads\/2013\/11\/IMG_2623.jpg\" width=\"363\" height=\"242\" srcset=\"https:\/\/felix.ares.fm\/wp-content\/uploads\/2013\/11\/IMG_2623.jpg 363w, https:\/\/felix.ares.fm\/wp-content\/uploads\/2013\/11\/IMG_2623-300x200.jpg 300w\" sizes=\"auto, (max-width: 363px) 100vw, 363px\" \/><\/a><figcaption id=\"caption-attachment-3853\" class=\"wp-caption-text\">M\u00e1s vale pan con amor que gallina con dolor: eJEMPLO: kebab de langostino, tortilla, champi\u00f1ones, queso alioli de cilantro: 6,50\u20ac<\/figcaption><\/figure>\n<figure id=\"attachment_3854\" aria-describedby=\"caption-attachment-3854\" style=\"width: 363px\" class=\"wp-caption aligncenter\"><a href=\"http:\/\/felix.ares.fm\/?attachment_id=3854\" rel=\"attachment wp-att-3854\"><img loading=\"lazy\" decoding=\"async\" class=\"size-full wp-image-3854\" alt=\"Recomendaciones de Moha\" src=\"http:\/\/felix.ares.fm\/wp-content\/uploads\/2013\/11\/IMG_2625.jpg\" width=\"363\" height=\"242\" srcset=\"https:\/\/felix.ares.fm\/wp-content\/uploads\/2013\/11\/IMG_2625.jpg 363w, https:\/\/felix.ares.fm\/wp-content\/uploads\/2013\/11\/IMG_2625-300x200.jpg 300w\" sizes=\"auto, (max-width: 363px) 100vw, 363px\" \/><\/a><figcaption id=\"caption-attachment-3854\" class=\"wp-caption-text\">Recomendaciones de Moha. Un ejemplo: Kokotxas de bacaclo al pil-pil 12\u20ac<\/figcaption><\/figure>\n<p><span style=\"color: #ff0000;\"><strong>UBICACI\u00d3N<\/strong><\/span><\/p>\n<p>Plaza De Los Chinorros, 4<\/p>\n<p>Tel\u00e9fono:\u00a0952467542<\/p>\n<p><strong>e-mail:<\/strong>\u00a0<a href=\"https:\/\/mail.google.com\/mail\/?view=cm&amp;fs=1&amp;tf=1&amp;to=info@gastrotabernapicoteo.com\" target=\"_blank\">info@gastrotabernapicoteo.com<\/a><\/p>\n<p>P\u00e1gina web:\u00a0<a href=\"http:\/\/www.gastrotabernapicoteo.com\/\">http:\/\/www.gastrotabernapicoteo.com\/<\/a><\/p>\n<p>&nbsp;<\/p>\n<p>&nbsp;<\/p>\n<p>&nbsp;<\/p>\n<p>&nbsp;<\/p>\n<p>&nbsp;<\/p>\n<p><a href=\"http:\/\/felix.ares.fm\/wp-content\/uploads\/2012\/12\/emailTapas3.png\"><img loading=\"lazy\" decoding=\"async\" title=\"emailTapas\" alt=\"\" src=\"http:\/\/felix.ares.fm\/wp-content\/uploads\/2012\/12\/emailTapas3-300x138.png\" width=\"300\" height=\"138\" \/><\/a><\/p>\n<p>&nbsp;<\/p>\n","protected":false},"excerpt":{"rendered":"<p>8 de noviembre de 2013 Hoy hemos visitado: La Cepa El Picoteo LA CEPA, concursante 32 Nombre de la tapa concursante:\u00a0Marcelino Pan y Vino De La Cepa\u00a0ya hemos hablado en otras ocasiones. En esta vamos a referirnos exclusivamente a la tapa de concurso: Vamos a tratar de describirla. hay dos partes, una, la m\u00e1s cercana &hellip; <a href=\"https:\/\/felix.ares.fm\/?p=3826\" class=\"more-link\">Seguir leyendo <span class=\"screen-reader-text\">Quinta Ruta de la Tapa Er\u00f3tica (9)<\/span> <span class=\"meta-nav\">&rarr;<\/span><\/a><\/p>\n","protected":false},"author":1,"featured_media":0,"comment_status":"closed","ping_status":"open","sticky":false,"template":"","format":"standard","meta":{"footnotes":""},"categories":[372,371,300,221],"tags":[],"class_list":["post-3826","post","type-post","status-publish","format-standard","hentry","category-el-picoteo","category-gastro-taberna","category-la-cepa","category-taperia"],"_links":{"self":[{"href":"https:\/\/felix.ares.fm\/index.php?rest_route=\/wp\/v2\/posts\/3826","targetHints":{"allow":["GET"]}}],"collection":[{"href":"https:\/\/felix.ares.fm\/index.php?rest_route=\/wp\/v2\/posts"}],"about":[{"href":"https:\/\/felix.ares.fm\/index.php?rest_route=\/wp\/v2\/types\/post"}],"author":[{"embeddable":true,"href":"https:\/\/felix.ares.fm\/index.php?rest_route=\/wp\/v2\/users\/1"}],"replies":[{"embeddable":true,"href":"https:\/\/felix.ares.fm\/index.php?rest_route=%2Fwp%2Fv2%2Fcomments&post=3826"}],"version-history":[{"count":0,"href":"https:\/\/felix.ares.fm\/index.php?rest_route=\/wp\/v2\/posts\/3826\/revisions"}],"wp:attachment":[{"href":"https:\/\/felix.ares.fm\/index.php?rest_route=%2Fwp%2Fv2%2Fmedia&parent=3826"}],"wp:term":[{"taxonomy":"category","embeddable":true,"href":"https:\/\/felix.ares.fm\/index.php?rest_route=%2Fwp%2Fv2%2Fcategories&post=3826"},{"taxonomy":"post_tag","embeddable":true,"href":"https:\/\/felix.ares.fm\/index.php?rest_route=%2Fwp%2Fv2%2Ftags&post=3826"}],"curies":[{"name":"wp","href":"https:\/\/api.w.org\/{rel}","templated":true}]}}