{"id":3701,"date":"2013-11-06T13:45:33","date_gmt":"2013-11-06T11:45:33","guid":{"rendered":"http:\/\/felix.ares.fm\/?p=3701"},"modified":"2013-11-06T13:47:10","modified_gmt":"2013-11-06T11:47:10","slug":"rotonda-homenaje-a-las-victimas-el-terrorismo","status":"publish","type":"post","link":"https:\/\/felix.ares.fm\/?p=3701","title":{"rendered":"Rotonda homenaje a las v\u00edctimas el terrorismo"},"content":{"rendered":"<p><strong>5 de noviembre de 2013<\/strong><\/p>\n<p>La avenida de los Boliches es muy larga. Cerca de la estaci\u00f3n del tren de los Boliches hay un ensanchamiento con una rotonda en la que hay un monumento a las v\u00edctimas del terrorismo. Est\u00e1 muy cerca del <a title=\"Mes\u00f3n Salvador\" href=\"http:\/\/felix.ares.fm\/?p=266\">Mes\u00f3n Salvador<\/a> y del <a title=\"Grand Caf\u00e9 Sant\u00e9: sabor holand\u00e9s\" href=\"http:\/\/felix.ares.fm\/?p=264\">Grand Caf\u00e9 Sant\u00e9<\/a>, dos lugares donde merece la pena tomarse unas tapitas.<\/p>\n<p>La escultura tiene fuerza. Yo veo unas manos atadas y a pesar de todo socorri\u00e9ndose unas a otras. No s\u00e9 lo que ver\u00e1n ustedes. Lo mejor es que vayan a verla.<\/p>\n<figure id=\"attachment_3702\" aria-describedby=\"caption-attachment-3702\" style=\"width: 415px\" class=\"wp-caption aligncenter\"><a href=\"http:\/\/felix.ares.fm\/?attachment_id=3702\" rel=\"attachment wp-att-3702\"><img loading=\"lazy\" decoding=\"async\" class=\"size-full wp-image-3702\" alt=\"La escultura est\u00e1 ubicada en la Avenida de los boliches, enfrente de los helic\u00f3pteros sanitarios\" src=\"http:\/\/felix.ares.fm\/wp-content\/uploads\/2013\/11\/IMG_2463.jpg\" width=\"415\" height=\"276\" srcset=\"https:\/\/felix.ares.fm\/wp-content\/uploads\/2013\/11\/IMG_2463.jpg 415w, https:\/\/felix.ares.fm\/wp-content\/uploads\/2013\/11\/IMG_2463-300x199.jpg 300w\" sizes=\"auto, (max-width: 415px) 100vw, 415px\" \/><\/a><figcaption id=\"caption-attachment-3702\" class=\"wp-caption-text\">La escultura est\u00e1 ubicada en la Avenida de los boliches, enfrente de los helic\u00f3pteros sanitarios<\/figcaption><\/figure>\n<figure id=\"attachment_3703\" aria-describedby=\"caption-attachment-3703\" style=\"width: 276px\" class=\"wp-caption aligncenter\"><a href=\"http:\/\/felix.ares.fm\/?attachment_id=3703\" rel=\"attachment wp-att-3703\"><img loading=\"lazy\" decoding=\"async\" class=\"size-full wp-image-3703\" alt=\"Monumento homenaje a las v\u00edctimas del terrorismo\" src=\"http:\/\/felix.ares.fm\/wp-content\/uploads\/2013\/11\/IMG_2465-e1383737775668.jpg\" width=\"276\" height=\"415\" srcset=\"https:\/\/felix.ares.fm\/wp-content\/uploads\/2013\/11\/IMG_2465-e1383737775668.jpg 276w, https:\/\/felix.ares.fm\/wp-content\/uploads\/2013\/11\/IMG_2465-e1383737775668-199x300.jpg 199w\" sizes=\"auto, (max-width: 276px) 100vw, 276px\" \/><\/a><figcaption id=\"caption-attachment-3703\" class=\"wp-caption-text\">Monumento homenaje a las v\u00edctimas del terrorismo<\/figcaption><\/figure>\n<figure id=\"attachment_3704\" aria-describedby=\"caption-attachment-3704\" style=\"width: 276px\" class=\"wp-caption aligncenter\"><a href=\"http:\/\/felix.ares.fm\/?attachment_id=3704\" rel=\"attachment wp-att-3704\"><img loading=\"lazy\" decoding=\"async\" class=\"size-full wp-image-3704\" alt=\"Monumento a las victimas del terrorismo\" src=\"http:\/\/felix.ares.fm\/wp-content\/uploads\/2013\/11\/IMG_2466-e1383737845513.jpg\" width=\"276\" height=\"415\" srcset=\"https:\/\/felix.ares.fm\/wp-content\/uploads\/2013\/11\/IMG_2466-e1383737845513.jpg 276w, https:\/\/felix.ares.fm\/wp-content\/uploads\/2013\/11\/IMG_2466-e1383737845513-199x300.jpg 199w\" sizes=\"auto, (max-width: 276px) 100vw, 276px\" \/><\/a><figcaption id=\"caption-attachment-3704\" class=\"wp-caption-text\">Monumento a las victimas del terrorismo<\/figcaption><\/figure>\n<figure id=\"attachment_3705\" aria-describedby=\"caption-attachment-3705\" style=\"width: 415px\" class=\"wp-caption aligncenter\"><a href=\"http:\/\/felix.ares.fm\/?attachment_id=3705\" rel=\"attachment wp-att-3705\"><img loading=\"lazy\" decoding=\"async\" class=\"size-full wp-image-3705\" alt=\"Monumento a las victimas del terrorismo\" src=\"http:\/\/felix.ares.fm\/wp-content\/uploads\/2013\/11\/IMG_2468.jpg\" width=\"415\" height=\"276\" srcset=\"https:\/\/felix.ares.fm\/wp-content\/uploads\/2013\/11\/IMG_2468.jpg 415w, https:\/\/felix.ares.fm\/wp-content\/uploads\/2013\/11\/IMG_2468-300x199.jpg 300w\" sizes=\"auto, (max-width: 415px) 100vw, 415px\" \/><\/a><figcaption id=\"caption-attachment-3705\" class=\"wp-caption-text\">Monumento a las victimas del terrorismo<\/figcaption><\/figure>\n<figure id=\"attachment_3706\" aria-describedby=\"caption-attachment-3706\" style=\"width: 415px\" class=\"wp-caption aligncenter\"><a href=\"http:\/\/felix.ares.fm\/?attachment_id=3706\" rel=\"attachment wp-att-3706\"><img loading=\"lazy\" decoding=\"async\" class=\"size-full wp-image-3706\" alt=\"La placa conmemorativa \" src=\"http:\/\/felix.ares.fm\/wp-content\/uploads\/2013\/11\/IMG_2470.jpg\" width=\"415\" height=\"276\" srcset=\"https:\/\/felix.ares.fm\/wp-content\/uploads\/2013\/11\/IMG_2470.jpg 415w, https:\/\/felix.ares.fm\/wp-content\/uploads\/2013\/11\/IMG_2470-300x199.jpg 300w\" sizes=\"auto, (max-width: 415px) 100vw, 415px\" \/><\/a><figcaption id=\"caption-attachment-3706\" class=\"wp-caption-text\">La placa conmemorativa dice: Monumento homenaje a las V\u00edctimas del terrorismo. Autora; Charo Garc\u00eda<\/figcaption><\/figure>\n<figure id=\"attachment_3709\" aria-describedby=\"caption-attachment-3709\" style=\"width: 415px\" class=\"wp-caption aligncenter\"><a href=\"http:\/\/felix.ares.fm\/?attachment_id=3709\" rel=\"attachment wp-att-3709\"><img loading=\"lazy\" decoding=\"async\" class=\"size-full wp-image-3709\" alt=\"El monumento se inaugur\u00f3 el 28 de noviembre de 2002\" src=\"http:\/\/felix.ares.fm\/wp-content\/uploads\/2013\/11\/IMG_2471.jpg\" width=\"415\" height=\"276\" srcset=\"https:\/\/felix.ares.fm\/wp-content\/uploads\/2013\/11\/IMG_2471.jpg 415w, https:\/\/felix.ares.fm\/wp-content\/uploads\/2013\/11\/IMG_2471-300x199.jpg 300w\" sizes=\"auto, (max-width: 415px) 100vw, 415px\" \/><\/a><figcaption id=\"caption-attachment-3709\" class=\"wp-caption-text\">El monumento se inaugur\u00f3 el 28 de noviembre de 2008<\/figcaption><\/figure>\n<p style=\"text-align: center;\">* * *<\/p>\n<p>\u00a0las licenciamos con<\/p>\n<p><a href=\"http:\/\/creativecommons.org\/licenses\/by\/3.0\/deed.es_ES\" rel=\"license\"><img decoding=\"async\" alt=\"Licencia de Creative Commons\" src=\"http:\/\/i.creativecommons.org\/l\/by\/3.0\/88x31.png\" \/><\/a><br \/>\n<a href=\"viajes.ares.fm\" rel=\"cc:attributionURL\">F\u00e9lix Ares y Maricarmen Garmendia<\/a>\u00a0is licensed under a\u00a0<a href=\"http:\/\/creativecommons.org\/licenses\/by\/3.0\/deed.es_ES\" rel=\"license\">Creative Commons Reconocimiento 3.0 Unported License<\/a>.<br \/>\nCreado a partir de la obra en\u00a0<a href=\"viajes.ares.fm\" rel=\"dct:source\">felix.ares.fm<\/a>.<\/p>\n<p>Contacto con nosotros:<\/p>\n<p><a href=\"http:\/\/viajes.ares.fm\/wp-content\/uploads\/2013\/06\/emailTapasBr1.jpg\"><img loading=\"lazy\" decoding=\"async\" alt=\"emailTapasBr\" src=\"http:\/\/viajes.ares.fm\/wp-content\/uploads\/2013\/06\/emailTapasBr1-300x138.jpg\" width=\"300\" height=\"138\" \/><\/a><\/p>\n","protected":false},"excerpt":{"rendered":"<p>5 de noviembre de 2013 La avenida de los Boliches es muy larga. Cerca de la estaci\u00f3n del tren de los Boliches hay un ensanchamiento con una rotonda en la que hay un monumento a las v\u00edctimas del terrorismo. Est\u00e1 muy cerca del Mes\u00f3n Salvador y del Grand Caf\u00e9 Sant\u00e9, dos lugares donde merece la &hellip; <a href=\"https:\/\/felix.ares.fm\/?p=3701\" class=\"more-link\">Seguir leyendo <span class=\"screen-reader-text\">Rotonda homenaje a las v\u00edctimas el terrorismo<\/span> <span class=\"meta-nav\">&rarr;<\/span><\/a><\/p>\n","protected":false},"author":1,"featured_media":0,"comment_status":"closed","ping_status":"open","sticky":false,"template":"","format":"standard","meta":{"footnotes":""},"categories":[361,292,326,337,360],"tags":[],"class_list":["post-3701","post","type-post","status-publish","format-standard","hentry","category-charo-garcia","category-estatuas","category-monumento","category-rotonda","category-victims-del-terrorismo"],"_links":{"self":[{"href":"https:\/\/felix.ares.fm\/index.php?rest_route=\/wp\/v2\/posts\/3701","targetHints":{"allow":["GET"]}}],"collection":[{"href":"https:\/\/felix.ares.fm\/index.php?rest_route=\/wp\/v2\/posts"}],"about":[{"href":"https:\/\/felix.ares.fm\/index.php?rest_route=\/wp\/v2\/types\/post"}],"author":[{"embeddable":true,"href":"https:\/\/felix.ares.fm\/index.php?rest_route=\/wp\/v2\/users\/1"}],"replies":[{"embeddable":true,"href":"https:\/\/felix.ares.fm\/index.php?rest_route=%2Fwp%2Fv2%2Fcomments&post=3701"}],"version-history":[{"count":0,"href":"https:\/\/felix.ares.fm\/index.php?rest_route=\/wp\/v2\/posts\/3701\/revisions"}],"wp:attachment":[{"href":"https:\/\/felix.ares.fm\/index.php?rest_route=%2Fwp%2Fv2%2Fmedia&parent=3701"}],"wp:term":[{"taxonomy":"category","embeddable":true,"href":"https:\/\/felix.ares.fm\/index.php?rest_route=%2Fwp%2Fv2%2Fcategories&post=3701"},{"taxonomy":"post_tag","embeddable":true,"href":"https:\/\/felix.ares.fm\/index.php?rest_route=%2Fwp%2Fv2%2Ftags&post=3701"}],"curies":[{"name":"wp","href":"https:\/\/api.w.org\/{rel}","templated":true}]}}