{"id":3680,"date":"2013-11-06T13:15:21","date_gmt":"2013-11-06T11:15:21","guid":{"rendered":"http:\/\/felix.ares.fm\/?p=3680"},"modified":"2013-11-10T12:19:44","modified_gmt":"2013-11-10T10:19:44","slug":"quinta-ruta-de-la-tapa-erotica-6","status":"publish","type":"post","link":"https:\/\/felix.ares.fm\/?p=3680","title":{"rendered":"Quinta ruta de la \u201cTapa Er\u00f3tica\u201d (6)"},"content":{"rendered":"<p><strong>4 de noviembre de 2013\u00a0<\/strong><\/p>\n<p>Hoy hemos probado:<br \/>\n<a href=\"#canela\">Canela<\/a><br \/>\n<a href=\"#lizarran\">Lizarr\u00e1n<\/a><br \/>\n<a href=\"#volapie\">Volapi\u00e9<\/a><br \/>\n<a href=\"#charolais\">Charolais<\/a><\/p>\n<p><a name=\"canela\"><\/a><br \/>\n<span style=\"color: #ff0000;\"><strong>\u00a0CANELA, concursante 10<\/strong><\/span><\/p>\n<p>Nombre de la tapa concursante: Marcaito y sabroso.<\/p>\n<figure id=\"attachment_3722\" aria-describedby=\"caption-attachment-3722\" style=\"width: 242px\" class=\"wp-caption aligncenter\"><a href=\"http:\/\/felix.ares.fm\/?attachment_id=3722\" rel=\"attachment wp-att-3722\"><img loading=\"lazy\" decoding=\"async\" class=\"size-full wp-image-3722\" alt=\"Cartel en el que se indica que &quot;Canela&quot; participa en la Qunta Rita de la Tapa er\u00f3tica\" src=\"http:\/\/felix.ares.fm\/wp-content\/uploads\/2013\/11\/IMG_2575-e1383895424608.jpg\" width=\"242\" height=\"363\" srcset=\"https:\/\/felix.ares.fm\/wp-content\/uploads\/2013\/11\/IMG_2575-e1383895424608.jpg 242w, https:\/\/felix.ares.fm\/wp-content\/uploads\/2013\/11\/IMG_2575-e1383895424608-200x300.jpg 200w\" sizes=\"auto, (max-width: 242px) 100vw, 242px\" \/><\/a><figcaption id=\"caption-attachment-3722\" class=\"wp-caption-text\">Cartel en el que se indica que \u00abCanela\u00bb participa en la Qunta Rita de la Tapa er\u00f3tica<\/figcaption><\/figure>\n<figure id=\"attachment_3723\" aria-describedby=\"caption-attachment-3723\" style=\"width: 363px\" class=\"wp-caption aligncenter\"><a href=\"http:\/\/felix.ares.fm\/?attachment_id=3723\" rel=\"attachment wp-att-3723\"><img loading=\"lazy\" decoding=\"async\" class=\"size-full wp-image-3723\" alt=\"Detalle del cartel\" src=\"http:\/\/felix.ares.fm\/wp-content\/uploads\/2013\/11\/IMG_2579.jpg\" width=\"363\" height=\"242\" srcset=\"https:\/\/felix.ares.fm\/wp-content\/uploads\/2013\/11\/IMG_2579.jpg 363w, https:\/\/felix.ares.fm\/wp-content\/uploads\/2013\/11\/IMG_2579-300x200.jpg 300w\" sizes=\"auto, (max-width: 363px) 100vw, 363px\" \/><\/a><figcaption id=\"caption-attachment-3723\" class=\"wp-caption-text\">Detalle del cartel<\/figcaption><\/figure>\n<p>&nbsp;<\/p>\n<p>Descripci\u00f3n: Se compone de dos alb\u00f3ndigas redondas y una m\u00e1s ovalada en medio. Todo ello con una salsa gordita blanca con sabor a lim\u00f3n.<\/p>\n<p><strong>BEBIDA<\/strong><\/p>\n<p>Era un buen vino tinto.<\/p>\n<p><span style=\"color: #ff0000;\"><strong>OTRAS OFERTAS<\/strong><\/span><\/p>\n<figure id=\"attachment_3724\" aria-describedby=\"caption-attachment-3724\" style=\"width: 242px\" class=\"wp-caption aligncenter\"><a href=\"http:\/\/felix.ares.fm\/?attachment_id=3724\" rel=\"attachment wp-att-3724\"><img loading=\"lazy\" decoding=\"async\" class=\"size-full wp-image-3724\" alt=\"Crepes dulces 1\u20ac\" src=\"http:\/\/felix.ares.fm\/wp-content\/uploads\/2013\/11\/IMG_2573-e1383895591176.jpg\" width=\"242\" height=\"363\" srcset=\"https:\/\/felix.ares.fm\/wp-content\/uploads\/2013\/11\/IMG_2573-e1383895591176.jpg 242w, https:\/\/felix.ares.fm\/wp-content\/uploads\/2013\/11\/IMG_2573-e1383895591176-200x300.jpg 200w\" sizes=\"auto, (max-width: 242px) 100vw, 242px\" \/><\/a><figcaption id=\"caption-attachment-3724\" class=\"wp-caption-text\">Cr\u00eapes dulces 1\u20ac. Cr\u00eapes salados 1,30\u20ac. Granizados: 1,50\u20ac. Zumos y batidos de fruta natural: 2,50\u20ac<\/figcaption><\/figure>\n<figure id=\"attachment_3725\" aria-describedby=\"caption-attachment-3725\" style=\"width: 363px\" class=\"wp-caption aligncenter\"><a href=\"http:\/\/felix.ares.fm\/?attachment_id=3725\" rel=\"attachment wp-att-3725\"><img loading=\"lazy\" decoding=\"async\" class=\"size-full wp-image-3725\" alt=\"Plato casero del d\u00eda 3\u20ac. Ca\u00f1a + [ensaladilla] rusa: 1,50\u20ac\" src=\"http:\/\/felix.ares.fm\/wp-content\/uploads\/2013\/11\/IMG_2577.jpg\" width=\"363\" height=\"242\" srcset=\"https:\/\/felix.ares.fm\/wp-content\/uploads\/2013\/11\/IMG_2577.jpg 363w, https:\/\/felix.ares.fm\/wp-content\/uploads\/2013\/11\/IMG_2577-300x200.jpg 300w\" sizes=\"auto, (max-width: 363px) 100vw, 363px\" \/><\/a><figcaption id=\"caption-attachment-3725\" class=\"wp-caption-text\">Plato casero del d\u00eda 3\u20ac. Ca\u00f1a + [ensaladilla] rusa: 1,50\u20ac<\/figcaption><\/figure>\n<figure id=\"attachment_3726\" aria-describedby=\"caption-attachment-3726\" style=\"width: 242px\" class=\"wp-caption aligncenter\"><a href=\"http:\/\/felix.ares.fm\/?attachment_id=3726\" rel=\"attachment wp-att-3726\"><img loading=\"lazy\" decoding=\"async\" class=\"size-full wp-image-3726\" alt=\"Ca\u00f1a 2\u20ac, pinta 2,20\u20ac, 1 litro de creveza:\" src=\"http:\/\/felix.ares.fm\/wp-content\/uploads\/2013\/11\/IMG_2578-e1383895791652.jpg\" width=\"242\" height=\"363\" srcset=\"https:\/\/felix.ares.fm\/wp-content\/uploads\/2013\/11\/IMG_2578-e1383895791652.jpg 242w, https:\/\/felix.ares.fm\/wp-content\/uploads\/2013\/11\/IMG_2578-e1383895791652-200x300.jpg 200w\" sizes=\"auto, (max-width: 242px) 100vw, 242px\" \/><\/a><figcaption id=\"caption-attachment-3726\" class=\"wp-caption-text\">Ca\u00f1a 2\u20ac, pinta 2,20\u20ac, Jarra de un litro 5\u20ac<\/figcaption><\/figure>\n<p><strong><span style=\"color: #ff0000;\">WIFI: S\u00ed<\/span><\/strong><\/p>\n<figure id=\"attachment_3727\" aria-describedby=\"caption-attachment-3727\" style=\"width: 363px\" class=\"wp-caption aligncenter\"><a href=\"http:\/\/felix.ares.fm\/?attachment_id=3727\" rel=\"attachment wp-att-3727\"><img loading=\"lazy\" decoding=\"async\" class=\"size-full wp-image-3727\" alt=\"Canela. Wifi gratis a sus clientes\" src=\"http:\/\/felix.ares.fm\/wp-content\/uploads\/2013\/11\/IMG_2574.jpg\" width=\"363\" height=\"242\" srcset=\"https:\/\/felix.ares.fm\/wp-content\/uploads\/2013\/11\/IMG_2574.jpg 363w, https:\/\/felix.ares.fm\/wp-content\/uploads\/2013\/11\/IMG_2574-300x200.jpg 300w\" sizes=\"auto, (max-width: 363px) 100vw, 363px\" \/><\/a><figcaption id=\"caption-attachment-3727\" class=\"wp-caption-text\">Canela. Wifi gratis a sus clientes<\/figcaption><\/figure>\n<p>&nbsp;<\/p>\n<p>U<strong style=\"font-size: 13px; line-height: 19px;\">BICACI\u00d3N<\/strong><\/p>\n<figure id=\"attachment_3721\" aria-describedby=\"caption-attachment-3721\" style=\"width: 363px\" class=\"wp-caption aligncenter\"><a href=\"http:\/\/felix.ares.fm\/?attachment_id=3721\" rel=\"attachment wp-att-3721\"><img loading=\"lazy\" decoding=\"async\" class=\"size-full wp-image-3721\" alt=\"Canela\" src=\"http:\/\/felix.ares.fm\/wp-content\/uploads\/2013\/11\/IMG_2580.jpg\" width=\"363\" height=\"242\" srcset=\"https:\/\/felix.ares.fm\/wp-content\/uploads\/2013\/11\/IMG_2580.jpg 363w, https:\/\/felix.ares.fm\/wp-content\/uploads\/2013\/11\/IMG_2580-300x200.jpg 300w\" sizes=\"auto, (max-width: 363px) 100vw, 363px\" \/><\/a><figcaption id=\"caption-attachment-3721\" class=\"wp-caption-text\">Canela<\/figcaption><\/figure>\n<p>Juan G\u00f3mez \u00abJuanito\u00bb n\u00ba 9. Frente a la Casa de cultura del centro.<\/p>\n<p>&nbsp;<\/p>\n<p style=\"text-align: center;\">* * *<\/p>\n<p><a name=\"lizarran\"><\/a><\/p>\n<p style=\"text-align: left;\"><span style=\"color: #ff0000;\"><strong>LIZARR\u00c1N, concursante 41<\/strong><\/span><\/p>\n<p style=\"text-align: left;\">Nombre de la tapa concursante: <strong>Topless picante<\/strong><\/p>\n<p style=\"text-align: left;\">La tapa es as\u00ed:<\/p>\n<figure id=\"attachment_3682\" aria-describedby=\"caption-attachment-3682\" style=\"width: 461px\" class=\"wp-caption aligncenter\"><a href=\"http:\/\/felix.ares.fm\/?attachment_id=3682\" rel=\"attachment wp-att-3682\"><img loading=\"lazy\" decoding=\"async\" class=\"size-full wp-image-3682\" alt=\"Tapa: Topless picante\" src=\"http:\/\/felix.ares.fm\/wp-content\/uploads\/2013\/11\/Foto0173-e1383732009205.jpg\" width=\"461\" height=\"614\" srcset=\"https:\/\/felix.ares.fm\/wp-content\/uploads\/2013\/11\/Foto0173-e1383732009205.jpg 461w, https:\/\/felix.ares.fm\/wp-content\/uploads\/2013\/11\/Foto0173-e1383732009205-225x300.jpg 225w\" sizes=\"auto, (max-width: 461px) 100vw, 461px\" \/><\/a><figcaption id=\"caption-attachment-3682\" class=\"wp-caption-text\">Tapa: Topless picante<\/figcaption><\/figure>\n<p>Dos bolitas de carne con salsa bechamel o similar. En la cima de cada bolita un puntito amarillo. Similar a las bombitas mexicanas. Como su nombre hac\u00eda esperar picaban.<\/p>\n<figure id=\"attachment_3719\" aria-describedby=\"caption-attachment-3719\" style=\"width: 242px\" class=\"wp-caption aligncenter\"><a href=\"http:\/\/felix.ares.fm\/?attachment_id=3719\" rel=\"attachment wp-att-3719\"><img loading=\"lazy\" decoding=\"async\" class=\"size-full wp-image-3719\" alt=\"P\u00f3ster de que es un concursante en la Quinta ruta de la Tapa Er\u00f3tuca\" src=\"http:\/\/felix.ares.fm\/wp-content\/uploads\/2013\/11\/IMG_2520-e1383894918104.jpg\" width=\"242\" height=\"363\" srcset=\"https:\/\/felix.ares.fm\/wp-content\/uploads\/2013\/11\/IMG_2520-e1383894918104.jpg 242w, https:\/\/felix.ares.fm\/wp-content\/uploads\/2013\/11\/IMG_2520-e1383894918104-200x300.jpg 200w\" sizes=\"auto, (max-width: 242px) 100vw, 242px\" \/><\/a><figcaption id=\"caption-attachment-3719\" class=\"wp-caption-text\">P\u00f3ster de que es un concursante en la Quinta ruta de la Tapa Er\u00f3tuca<\/figcaption><\/figure>\n<p><strong>OTRAS OFERTAS<\/strong><\/p>\n<figure id=\"attachment_3715\" aria-describedby=\"caption-attachment-3715\" style=\"width: 242px\" class=\"wp-caption aligncenter\"><a href=\"http:\/\/felix.ares.fm\/?attachment_id=3715\" rel=\"attachment wp-att-3715\"><img loading=\"lazy\" decoding=\"async\" class=\"size-full wp-image-3715\" alt=\"Oferta: ca\u00f1as 0,70\u20ac\" src=\"http:\/\/felix.ares.fm\/wp-content\/uploads\/2013\/11\/IMG_2519-e1383894633800.jpg\" width=\"242\" height=\"363\" srcset=\"https:\/\/felix.ares.fm\/wp-content\/uploads\/2013\/11\/IMG_2519-e1383894633800.jpg 242w, https:\/\/felix.ares.fm\/wp-content\/uploads\/2013\/11\/IMG_2519-e1383894633800-200x300.jpg 200w\" sizes=\"auto, (max-width: 242px) 100vw, 242px\" \/><\/a><figcaption id=\"caption-attachment-3715\" class=\"wp-caption-text\">Oferta: ca\u00f1as 0,70\u20ac<\/figcaption><\/figure>\n<p>En el local hay Wifi gratuito para los cloientes:<\/p>\n<figure id=\"attachment_3716\" aria-describedby=\"caption-attachment-3716\" style=\"width: 363px\" class=\"wp-caption aligncenter\"><a href=\"http:\/\/felix.ares.fm\/?attachment_id=3716\" rel=\"attachment wp-att-3716\"><img loading=\"lazy\" decoding=\"async\" class=\"size-full wp-image-3716\" alt=\"Wifi para los clientes\" src=\"http:\/\/felix.ares.fm\/wp-content\/uploads\/2013\/11\/IMG_2522.jpg\" width=\"363\" height=\"242\" srcset=\"https:\/\/felix.ares.fm\/wp-content\/uploads\/2013\/11\/IMG_2522.jpg 363w, https:\/\/felix.ares.fm\/wp-content\/uploads\/2013\/11\/IMG_2522-300x200.jpg 300w\" sizes=\"auto, (max-width: 363px) 100vw, 363px\" \/><\/a><figcaption id=\"caption-attachment-3716\" class=\"wp-caption-text\">Wifi para los clientes<\/figcaption><\/figure>\n<p>&nbsp;<\/p>\n<p>&nbsp;<\/p>\n<p><strong>UBICACI\u00d3N<\/strong><\/p>\n<p>En la calle Alemania 22<\/p>\n<p><a href=\"http:\/\/felix.ares.fm\/?attachment_id=3718\" rel=\"attachment wp-att-3718\"><img loading=\"lazy\" decoding=\"async\" class=\"aligncenter size-full wp-image-3718\" alt=\"IMG_2521\" src=\"http:\/\/felix.ares.fm\/wp-content\/uploads\/2013\/11\/IMG_2521.jpg\" width=\"363\" height=\"242\" srcset=\"https:\/\/felix.ares.fm\/wp-content\/uploads\/2013\/11\/IMG_2521.jpg 363w, https:\/\/felix.ares.fm\/wp-content\/uploads\/2013\/11\/IMG_2521-300x200.jpg 300w\" sizes=\"auto, (max-width: 363px) 100vw, 363px\" \/><\/a><\/p>\n<figure id=\"attachment_3683\" aria-describedby=\"caption-attachment-3683\" style=\"width: 424px\" class=\"wp-caption aligncenter\"><a href=\"http:\/\/felix.ares.fm\/?attachment_id=3683\" rel=\"attachment wp-att-3683\"><img loading=\"lazy\" decoding=\"async\" class=\"size-full wp-image-3683\" alt=\"Ubicaci\u00f3n. c\/ Alemania 32\" src=\"http:\/\/felix.ares.fm\/wp-content\/uploads\/2013\/11\/lizarran.jpg\" width=\"424\" height=\"241\" srcset=\"https:\/\/felix.ares.fm\/wp-content\/uploads\/2013\/11\/lizarran.jpg 424w, https:\/\/felix.ares.fm\/wp-content\/uploads\/2013\/11\/lizarran-300x170.jpg 300w\" sizes=\"auto, (max-width: 424px) 100vw, 424px\" \/><\/a><figcaption id=\"caption-attachment-3683\" class=\"wp-caption-text\">Ubicaci\u00f3n. c\/ Alemania 12<\/figcaption><\/figure>\n<p>Cerca de la <a href=\"http:\/\/www.reservarestaurantes.com\/restaurantes\/ficha\/29399__Picoteo--Fuengirola\">gastro taberna Picoteo<\/a> que est\u00e1 en la calle larga n\u00ba 4<\/p>\n<p style=\"text-align: center;\">* * *<\/p>\n<p><a name=\"volapie\"><\/a><\/p>\n<p style=\"text-align: left;\"><span style=\"color: #ff0000;\"><strong>TABERNA CASA EL VOLAPIE, concursante 38<\/strong><\/span><\/p>\n<p style=\"text-align: left;\">Nombre de la tapa concursante: Pasi\u00f3n Volapi\u00e9<\/p>\n<p style=\"text-align: left;\"><a href=\"http:\/\/felix.ares.fm\/?attachment_id=3729\" rel=\"attachment wp-att-3729\"><img loading=\"lazy\" decoding=\"async\" class=\"aligncenter size-full wp-image-3729\" alt=\"IMG_2523\" src=\"http:\/\/felix.ares.fm\/wp-content\/uploads\/2013\/11\/IMG_2523.jpg\" width=\"363\" height=\"242\" srcset=\"https:\/\/felix.ares.fm\/wp-content\/uploads\/2013\/11\/IMG_2523.jpg 363w, https:\/\/felix.ares.fm\/wp-content\/uploads\/2013\/11\/IMG_2523-300x200.jpg 300w\" sizes=\"auto, (max-width: 363px) 100vw, 363px\" \/><\/a><\/p>\n<figure id=\"attachment_3730\" aria-describedby=\"caption-attachment-3730\" style=\"width: 242px\" class=\"wp-caption aligncenter\"><a href=\"http:\/\/felix.ares.fm\/?attachment_id=3730\" rel=\"attachment wp-att-3730\"><img loading=\"lazy\" decoding=\"async\" class=\"size-full wp-image-3730\" alt=\"Cartel de que participa en el concurso\" src=\"http:\/\/felix.ares.fm\/wp-content\/uploads\/2013\/11\/IMG_2524-e1383896196557.jpg\" width=\"242\" height=\"363\" srcset=\"https:\/\/felix.ares.fm\/wp-content\/uploads\/2013\/11\/IMG_2524-e1383896196557.jpg 242w, https:\/\/felix.ares.fm\/wp-content\/uploads\/2013\/11\/IMG_2524-e1383896196557-200x300.jpg 200w\" sizes=\"auto, (max-width: 242px) 100vw, 242px\" \/><\/a><figcaption id=\"caption-attachment-3730\" class=\"wp-caption-text\">Cartel de que participa en el concurso<\/figcaption><\/figure>\n<figure id=\"attachment_3684\" aria-describedby=\"caption-attachment-3684\" style=\"width: 461px\" class=\"wp-caption aligncenter\"><a href=\"http:\/\/felix.ares.fm\/?attachment_id=3684\" rel=\"attachment wp-att-3684\"><img loading=\"lazy\" decoding=\"async\" class=\"size-full wp-image-3684\" alt=\"Abajo a la derecha se ve la tapa &quot;Pasi\u00f3n Volapi\u00e9&quot;, servida en una bandejita de acero inxidable.\" src=\"http:\/\/felix.ares.fm\/wp-content\/uploads\/2013\/11\/Foto0176.jpg\" width=\"461\" height=\"614\" srcset=\"https:\/\/felix.ares.fm\/wp-content\/uploads\/2013\/11\/Foto0176.jpg 461w, https:\/\/felix.ares.fm\/wp-content\/uploads\/2013\/11\/Foto0176-225x300.jpg 225w\" sizes=\"auto, (max-width: 461px) 100vw, 461px\" \/><\/a><figcaption id=\"caption-attachment-3684\" class=\"wp-caption-text\">Abajo a la derecha se ve la tapa \u00abPasi\u00f3n Volapi\u00e9\u00bb, servida en una bandejita de acero inxidable.<\/figcaption><\/figure>\n<p>La tapa consiste en una cama de pimientos rojos asados y encima dos boquerones en vinagre. Servida en una bandejita met\u00e1lica similar a una lata de conserva.<\/p>\n<figure id=\"attachment_3731\" aria-describedby=\"caption-attachment-3731\" style=\"width: 363px\" class=\"wp-caption aligncenter\"><a href=\"http:\/\/felix.ares.fm\/?attachment_id=3731\" rel=\"attachment wp-att-3731\"><img loading=\"lazy\" decoding=\"async\" class=\"size-full wp-image-3731\" alt=\"Tiene una carta amplia con muy buenas cosas\" src=\"http:\/\/felix.ares.fm\/wp-content\/uploads\/2013\/11\/IMG_2525.jpg\" width=\"363\" height=\"242\" srcset=\"https:\/\/felix.ares.fm\/wp-content\/uploads\/2013\/11\/IMG_2525.jpg 363w, https:\/\/felix.ares.fm\/wp-content\/uploads\/2013\/11\/IMG_2525-300x200.jpg 300w\" sizes=\"auto, (max-width: 363px) 100vw, 363px\" \/><\/a><figcaption id=\"caption-attachment-3731\" class=\"wp-caption-text\">Tiene una carta amplia con muy buenas cosas<\/figcaption><\/figure>\n<p><strong style=\"font-size: 13px; line-height: 19px;\">UBICACI\u00d3N<\/strong><\/p>\n<p>Plaza de los Chinorros, esquina con C\/ Tronc\u00f3n<\/p>\n<p>Tel\u00e9fono:\u00a0952 475 342<\/p>\n<p>P\u00e1gina web:\u00a0<a itemprop=\"url\" title=\"Pulse aqu\u00ed para ver la web del comercio de Fuengirola\" href=\"http:\/\/www.tabernadelvolapie.com\/\">http:\/\/www.tabernadelvolapie.com<\/a><\/p>\n<figure id=\"attachment_3685\" aria-describedby=\"caption-attachment-3685\" style=\"width: 508px\" class=\"wp-caption aligncenter\"><a href=\"http:\/\/felix.ares.fm\/?attachment_id=3685\" rel=\"attachment wp-att-3685\"><img loading=\"lazy\" decoding=\"async\" class=\"size-full wp-image-3685\" alt=\"Mapa de ubicaci\u00f3n\" src=\"http:\/\/felix.ares.fm\/wp-content\/uploads\/2013\/11\/volapie.jpg\" width=\"508\" height=\"373\" srcset=\"https:\/\/felix.ares.fm\/wp-content\/uploads\/2013\/11\/volapie.jpg 508w, https:\/\/felix.ares.fm\/wp-content\/uploads\/2013\/11\/volapie-300x220.jpg 300w\" sizes=\"auto, (max-width: 508px) 100vw, 508px\" \/><\/a><figcaption id=\"caption-attachment-3685\" class=\"wp-caption-text\">Mapa de ubicaci\u00f3n<\/figcaption><\/figure>\n<p style=\"text-align: center;\">* * *<\/p>\n<p><a name=\"charolais\"><\/a><\/p>\n<p style=\"text-align: left;\"><span style=\"color: #ff0000;\"><strong>CHAROLAIS, concursante 48<\/strong><\/span><\/p>\n<p style=\"text-align: left;\">Nombre de la tapa: <strong>aqu\u00ed no hay quien meta<\/strong><\/p>\n<figure id=\"attachment_3733\" aria-describedby=\"caption-attachment-3733\" style=\"width: 363px\" class=\"wp-caption aligncenter\"><a href=\"http:\/\/felix.ares.fm\/?attachment_id=3733\" rel=\"attachment wp-att-3733\"><img loading=\"lazy\" decoding=\"async\" class=\"size-full wp-image-3733\" alt=\"Charolais, bodega restaurante\" src=\"http:\/\/felix.ares.fm\/wp-content\/uploads\/2013\/11\/IMG_2528.jpg\" width=\"363\" height=\"242\" srcset=\"https:\/\/felix.ares.fm\/wp-content\/uploads\/2013\/11\/IMG_2528.jpg 363w, https:\/\/felix.ares.fm\/wp-content\/uploads\/2013\/11\/IMG_2528-300x200.jpg 300w\" sizes=\"auto, (max-width: 363px) 100vw, 363px\" \/><\/a><figcaption id=\"caption-attachment-3733\" class=\"wp-caption-text\">Charolais, bodega restaurante<\/figcaption><\/figure>\n<p>&nbsp;<\/p>\n<figure id=\"attachment_3837\" aria-describedby=\"caption-attachment-3837\" style=\"width: 363px\" class=\"wp-caption aligncenter\"><a href=\"http:\/\/felix.ares.fm\/?attachment_id=3837\" rel=\"attachment wp-att-3837\"><img loading=\"lazy\" decoding=\"async\" class=\"size-full wp-image-3837\" alt=\"Cavernet Chauvignon\" src=\"http:\/\/felix.ares.fm\/wp-content\/uploads\/2013\/11\/IMG_2634.jpg\" width=\"363\" height=\"242\" srcset=\"https:\/\/felix.ares.fm\/wp-content\/uploads\/2013\/11\/IMG_2634.jpg 363w, https:\/\/felix.ares.fm\/wp-content\/uploads\/2013\/11\/IMG_2634-300x200.jpg 300w\" sizes=\"auto, (max-width: 363px) 100vw, 363px\" \/><\/a><figcaption id=\"caption-attachment-3837\" class=\"wp-caption-text\">Cavernet Chauvignon<\/figcaption><\/figure>\n<p style=\"text-align: left;\">En vino era un cavernet sauvignon del Pened\u00e9s excelente: <a href=\"http:\/\/www.decantalo.com\/es\/vinos_c45\/tinto_c11\/penedes_c11do42\/juve-camps_c11do42b125\/juve-camps-casa-vella-d-espiells-cabernet-sauvignon-reserva-2006_c11do42b125p1983\/\">Casa Vella de Juv\u00e9 y Camps<\/a><\/p>\n<p style=\"text-align: left;\"><span style=\"color: #ff0000;\"><strong>LA TAPA QUE CONCURSA<\/strong><\/span><\/p>\n<figure id=\"attachment_3836\" aria-describedby=\"caption-attachment-3836\" style=\"width: 363px\" class=\"wp-caption aligncenter\"><a href=\"http:\/\/felix.ares.fm\/?attachment_id=3836\" rel=\"attachment wp-att-3836\"><img loading=\"lazy\" decoding=\"async\" class=\"size-full wp-image-3836\" alt=\"tapa: Aqu\u00ed no hay quien meta\" src=\"http:\/\/felix.ares.fm\/wp-content\/uploads\/2013\/11\/IMG_2639.jpg\" width=\"363\" height=\"242\" srcset=\"https:\/\/felix.ares.fm\/wp-content\/uploads\/2013\/11\/IMG_2639.jpg 363w, https:\/\/felix.ares.fm\/wp-content\/uploads\/2013\/11\/IMG_2639-300x200.jpg 300w\" sizes=\"auto, (max-width: 363px) 100vw, 363px\" \/><\/a><figcaption id=\"caption-attachment-3836\" class=\"wp-caption-text\">tapa: Aqu\u00ed no hay quien meta<\/figcaption><\/figure>\n<p>La tapa consiste en un coraz\u00f3n relleno de berenjena, pat\u00e9 de la casa, bechamel con queso y reducci\u00f3n de Pedro Ximenez. Una tapa excelente que nos recuerda al \u00ab<a href=\"http:\/\/es.wikipedia.org\/wiki\/Musaca\">Musaka<\/a>\u00bb de berenjenas.<\/p>\n<figure id=\"attachment_3841\" aria-describedby=\"caption-attachment-3841\" style=\"width: 363px\" class=\"wp-caption aligncenter\"><a href=\"http:\/\/felix.ares.fm\/?attachment_id=3841\" rel=\"attachment wp-att-3841\"><img loading=\"lazy\" decoding=\"async\" class=\"size-full wp-image-3841\" alt=\"Detalle despu\u00e9s de abierta\" src=\"http:\/\/felix.ares.fm\/wp-content\/uploads\/2013\/11\/IMG_2640.jpg\" width=\"363\" height=\"242\" srcset=\"https:\/\/felix.ares.fm\/wp-content\/uploads\/2013\/11\/IMG_2640.jpg 363w, https:\/\/felix.ares.fm\/wp-content\/uploads\/2013\/11\/IMG_2640-300x200.jpg 300w\" sizes=\"auto, (max-width: 363px) 100vw, 363px\" \/><\/a><figcaption id=\"caption-attachment-3841\" class=\"wp-caption-text\">Detalle despu\u00e9s de abierta<\/figcaption><\/figure>\n<p>&nbsp;<\/p>\n<p style=\"text-align: left;\"><span style=\"color: #ff0000;\"><strong>OTRAS OFERTAS<\/strong><\/span><\/p>\n<p style=\"text-align: left;\">Se trata de tres establecimientos juntos por lo que su oferta es ampl\u00edsima y siempre de gran calidad. En el restaurante est\u00e1 esta placa:<\/p>\n<figure id=\"attachment_3734\" aria-describedby=\"caption-attachment-3734\" style=\"width: 363px\" class=\"wp-caption aligncenter\"><a href=\"http:\/\/felix.ares.fm\/?attachment_id=3734\" rel=\"attachment wp-att-3734\"><img loading=\"lazy\" decoding=\"async\" class=\"size-full wp-image-3734\" alt=\"Premio Sohail a la calidad gastron\u00f3mica 2012\" src=\"http:\/\/felix.ares.fm\/wp-content\/uploads\/2013\/11\/IMG_2537.jpg\" width=\"363\" height=\"242\" srcset=\"https:\/\/felix.ares.fm\/wp-content\/uploads\/2013\/11\/IMG_2537.jpg 363w, https:\/\/felix.ares.fm\/wp-content\/uploads\/2013\/11\/IMG_2537-300x200.jpg 300w\" sizes=\"auto, (max-width: 363px) 100vw, 363px\" \/><\/a><figcaption id=\"caption-attachment-3734\" class=\"wp-caption-text\">Premio Sohail a la calidad gastron\u00f3mica 2012<\/figcaption><\/figure>\n<p>Ha participado en todas las \u00abRutas de Tapa Er\u00f3tica\u00bb y siempre ha quedado finalista o ganado alg\u00fan premio:<\/p>\n<figure id=\"attachment_3838\" aria-describedby=\"caption-attachment-3838\" style=\"width: 363px\" class=\"wp-caption aligncenter\"><a href=\"http:\/\/felix.ares.fm\/?attachment_id=3838\" rel=\"attachment wp-att-3838\"><img loading=\"lazy\" decoding=\"async\" class=\"size-full wp-image-3838\" alt=\"Primera Ruta: Segundo Premio\" src=\"http:\/\/felix.ares.fm\/wp-content\/uploads\/2013\/11\/IMG_2630.jpg\" width=\"363\" height=\"242\" srcset=\"https:\/\/felix.ares.fm\/wp-content\/uploads\/2013\/11\/IMG_2630.jpg 363w, https:\/\/felix.ares.fm\/wp-content\/uploads\/2013\/11\/IMG_2630-300x200.jpg 300w\" sizes=\"auto, (max-width: 363px) 100vw, 363px\" \/><\/a><figcaption id=\"caption-attachment-3838\" class=\"wp-caption-text\">Primera Ruta: Segundo Premio<\/figcaption><\/figure>\n<figure id=\"attachment_3839\" aria-describedby=\"caption-attachment-3839\" style=\"width: 363px\" class=\"wp-caption aligncenter\"><a href=\"http:\/\/felix.ares.fm\/?attachment_id=3839\" rel=\"attachment wp-att-3839\"><img loading=\"lazy\" decoding=\"async\" class=\"size-full wp-image-3839\" alt=\"2\u00aa ruta: 2\u00ba premio\" src=\"http:\/\/felix.ares.fm\/wp-content\/uploads\/2013\/11\/IMG_2631.jpg\" width=\"363\" height=\"242\" srcset=\"https:\/\/felix.ares.fm\/wp-content\/uploads\/2013\/11\/IMG_2631.jpg 363w, https:\/\/felix.ares.fm\/wp-content\/uploads\/2013\/11\/IMG_2631-300x200.jpg 300w\" sizes=\"auto, (max-width: 363px) 100vw, 363px\" \/><\/a><figcaption id=\"caption-attachment-3839\" class=\"wp-caption-text\">2\u00aa ruta: tercer premio<\/figcaption><\/figure>\n<figure id=\"attachment_3840\" aria-describedby=\"caption-attachment-3840\" style=\"width: 363px\" class=\"wp-caption aligncenter\"><a href=\"http:\/\/felix.ares.fm\/?attachment_id=3840\" rel=\"attachment wp-att-3840\"><img loading=\"lazy\" decoding=\"async\" class=\"size-full wp-image-3840\" alt=\"4\u00aa ruta:\" src=\"http:\/\/felix.ares.fm\/wp-content\/uploads\/2013\/11\/IMG_2632.jpg\" width=\"363\" height=\"242\" srcset=\"https:\/\/felix.ares.fm\/wp-content\/uploads\/2013\/11\/IMG_2632.jpg 363w, https:\/\/felix.ares.fm\/wp-content\/uploads\/2013\/11\/IMG_2632-300x200.jpg 300w\" sizes=\"auto, (max-width: 363px) 100vw, 363px\" \/><\/a><figcaption id=\"caption-attachment-3840\" class=\"wp-caption-text\">4\u00aa ruta: Finalista<\/figcaption><\/figure>\n<p>&nbsp;<\/p>\n<p>De la gran cantidad de cosas que ofrecen, para ser fieles a nuestro inter\u00e9s por las tapas, se\u00f1alamos lo siguiente:<\/p>\n<p>&nbsp;<\/p>\n<figure id=\"attachment_3735\" aria-describedby=\"caption-attachment-3735\" style=\"width: 363px\" class=\"wp-caption aligncenter\"><a href=\"http:\/\/felix.ares.fm\/?attachment_id=3735\" rel=\"attachment wp-att-3735\"><img loading=\"lazy\" decoding=\"async\" class=\"size-full wp-image-3735\" alt=\"Tapas y raciones\" src=\"http:\/\/felix.ares.fm\/wp-content\/uploads\/2013\/11\/IMG_2534.jpg\" width=\"363\" height=\"242\" srcset=\"https:\/\/felix.ares.fm\/wp-content\/uploads\/2013\/11\/IMG_2534.jpg 363w, https:\/\/felix.ares.fm\/wp-content\/uploads\/2013\/11\/IMG_2534-300x200.jpg 300w\" sizes=\"auto, (max-width: 363px) 100vw, 363px\" \/><\/a><figcaption id=\"caption-attachment-3735\" class=\"wp-caption-text\">Tapas y raciones<\/figcaption><\/figure>\n<figure id=\"attachment_3736\" aria-describedby=\"caption-attachment-3736\" style=\"width: 363px\" class=\"wp-caption aligncenter\"><a href=\"http:\/\/felix.ares.fm\/?attachment_id=3736\" rel=\"attachment wp-att-3736\"><img loading=\"lazy\" decoding=\"async\" class=\"size-full wp-image-3736\" alt=\"Tapa del d\u00eda: 1,80 \u20ac\" src=\"http:\/\/felix.ares.fm\/wp-content\/uploads\/2013\/11\/IMG_2535.jpg\" width=\"363\" height=\"242\" srcset=\"https:\/\/felix.ares.fm\/wp-content\/uploads\/2013\/11\/IMG_2535.jpg 363w, https:\/\/felix.ares.fm\/wp-content\/uploads\/2013\/11\/IMG_2535-300x200.jpg 300w\" sizes=\"auto, (max-width: 363px) 100vw, 363px\" \/><\/a><figcaption id=\"caption-attachment-3736\" class=\"wp-caption-text\">Tapa del d\u00eda: 1,80 \u20ac<\/figcaption><\/figure>\n<p>Tambi\u00e9n hay distintos men\u00fas de degustaci\u00f3n de 30\u20ac, 35\u20ac y 40\u20ac.<\/p>\n<p>WiFi: No recordamos si lo tienen o no.<\/p>\n<p style=\"text-align: left;\"><span style=\"color: #ff0000;\">UBICACI\u00d3N<\/span><\/p>\n<p style=\"text-align: left;\">C\/ Larga n\u00ba 14<\/p>\n<p style=\"text-align: left;\">Tel\u00e9fono: 952 47 54 41<\/p>\n<p style=\"text-align: left;\">P\u00e1gina web:\u00a0<a href=\"http:\/\/bodegacharolais.com\/\">http:\/\/bodegacharolais.com\/<\/a><\/p>\n<p style=\"text-align: center;\">* * *<\/p>\n<p><strong>Nota fotos y texto<\/strong>. Salvo las fotos que tienen un agradecimiento espec\u00edfico, como por ejemplo Wikipedia, son nuestras y las licenciamos con<br \/>\n<a href=\"http:\/\/creativecommons.org\/licenses\/by\/3.0\/deed.es_ES\" rel=\"license\"><img decoding=\"async\" alt=\"Licencia de Creative Commons\" src=\"http:\/\/i.creativecommons.org\/l\/by\/3.0\/88x31.png\" \/><\/a><br \/>\n<a href=\"viajes.ares.fm\" rel=\"cc:attributionURL\">F\u00e9lix Ares y Maricarmen Garmendia<\/a>\u00a0is licensed under a\u00a0<a href=\"http:\/\/creativecommons.org\/licenses\/by\/3.0\/deed.es_ES\" rel=\"license\">Creative Commons Reconocimiento 3.0 Unported License<\/a>.<br \/>\nCreado a partir de la obra en\u00a0<a href=\"viajes.ares.fm\" rel=\"dct:source\">felix.ares.fm<\/a>.<\/p>\n<p>Contacto con nosotros:<\/p>\n<p><a href=\"http:\/\/viajes.ares.fm\/wp-content\/uploads\/2013\/06\/emailTapasBr1.jpg\"><img loading=\"lazy\" decoding=\"async\" alt=\"emailTapasBr\" src=\"http:\/\/viajes.ares.fm\/wp-content\/uploads\/2013\/06\/emailTapasBr1-300x138.jpg\" width=\"300\" height=\"138\" \/><\/a><\/p>\n","protected":false},"excerpt":{"rendered":"<p>4 de noviembre de 2013\u00a0 Hoy hemos probado: Canela Lizarr\u00e1n Volapi\u00e9 Charolais \u00a0CANELA, concursante 10 Nombre de la tapa concursante: Marcaito y sabroso. &nbsp; Descripci\u00f3n: Se compone de dos alb\u00f3ndigas redondas y una m\u00e1s ovalada en medio. Todo ello con una salsa gordita blanca con sabor a lim\u00f3n. BEBIDA Era un buen vino tinto. OTRAS &hellip; <a href=\"https:\/\/felix.ares.fm\/?p=3680\" class=\"more-link\">Seguir leyendo <span class=\"screen-reader-text\">Quinta ruta de la \u201cTapa Er\u00f3tica\u201d (6)<\/span> <span class=\"meta-nav\">&rarr;<\/span><\/a><\/p>\n","protected":false},"author":1,"featured_media":0,"comment_status":"closed","ping_status":"open","sticky":false,"template":"","format":"standard","meta":{"footnotes":""},"categories":[363,362,245,221,316],"tags":[],"class_list":["post-3680","post","type-post","status-publish","format-standard","hentry","category-canela","category-lizarran","category-ruta-tapa-erotica-2","category-taperia","category-wifi-2"],"_links":{"self":[{"href":"https:\/\/felix.ares.fm\/index.php?rest_route=\/wp\/v2\/posts\/3680","targetHints":{"allow":["GET"]}}],"collection":[{"href":"https:\/\/felix.ares.fm\/index.php?rest_route=\/wp\/v2\/posts"}],"about":[{"href":"https:\/\/felix.ares.fm\/index.php?rest_route=\/wp\/v2\/types\/post"}],"author":[{"embeddable":true,"href":"https:\/\/felix.ares.fm\/index.php?rest_route=\/wp\/v2\/users\/1"}],"replies":[{"embeddable":true,"href":"https:\/\/felix.ares.fm\/index.php?rest_route=%2Fwp%2Fv2%2Fcomments&post=3680"}],"version-history":[{"count":0,"href":"https:\/\/felix.ares.fm\/index.php?rest_route=\/wp\/v2\/posts\/3680\/revisions"}],"wp:attachment":[{"href":"https:\/\/felix.ares.fm\/index.php?rest_route=%2Fwp%2Fv2%2Fmedia&parent=3680"}],"wp:term":[{"taxonomy":"category","embeddable":true,"href":"https:\/\/felix.ares.fm\/index.php?rest_route=%2Fwp%2Fv2%2Fcategories&post=3680"},{"taxonomy":"post_tag","embeddable":true,"href":"https:\/\/felix.ares.fm\/index.php?rest_route=%2Fwp%2Fv2%2Ftags&post=3680"}],"curies":[{"name":"wp","href":"https:\/\/api.w.org\/{rel}","templated":true}]}}