{"id":3617,"date":"2013-11-04T09:57:46","date_gmt":"2013-11-04T07:57:46","guid":{"rendered":"http:\/\/felix.ares.fm\/?p=3617"},"modified":"2013-11-06T09:00:23","modified_gmt":"2013-11-06T07:00:23","slug":"quinta-ruta-de-la-tapa-erotica-4","status":"publish","type":"post","link":"https:\/\/felix.ares.fm\/?p=3617","title":{"rendered":"Quinta ruta de la \u00abTapa Er\u00f3tica\u00bb (4)"},"content":{"rendered":"<p><strong>3 de noviembre de 2013<\/strong><\/p>\n<p>El domingo 3 de noviembre decidimos explorar una zona muy concreta, la que se ve en el mapa con una circunferencia:<\/p>\n<p><a href=\"http:\/\/felix.ares.fm\/?attachment_id=3618\" rel=\"attachment wp-att-3618\"><img loading=\"lazy\" decoding=\"async\" class=\"aligncenter size-full wp-image-3618\" alt=\"plano\" src=\"http:\/\/felix.ares.fm\/wp-content\/uploads\/2013\/11\/plano.jpg\" width=\"415\" height=\"276\" srcset=\"https:\/\/felix.ares.fm\/wp-content\/uploads\/2013\/11\/plano.jpg 415w, https:\/\/felix.ares.fm\/wp-content\/uploads\/2013\/11\/plano-300x199.jpg 300w\" sizes=\"auto, (max-width: 415px) 100vw, 415px\" \/><\/a><\/p>\n<p>Comprende desde la plaza de la Hispanidad arriba, hasta Avda. Jes\u00fas Santos Rein abajo. A la derecha est\u00e1 el recinto ferial y a la izquierda Romer\u00eda del Roc\u00edo.<\/p>\n<p>hemos elegido est\u00e1 zona pues se trata de un lugar muy agradable para ir con los ni\u00f1os. Primero, los d\u00edas que no hay feria, se puede aparcar perfectamente. De hecho, el recinto ferial, es un gran aparcamiento. En segundo lugar es una zona semi-peatonal. Me explico, hay amplias zonas en las que pueden jugar los ni\u00f1os sin tr\u00e1fico. Y en tercer lugar es que hay parques infantiles. Sin lugares diferentes, tranquilos, familiares.<\/p>\n<p>De esta zona hemos visitado los siguientes:<\/p>\n<p><a href=\"#pedro\">Casa Pedro<\/a><br \/>\n<a href=\"#parque\">El Parque<\/a><br \/>\n<a href=\"#baldo\">Baldo<\/a><br \/>\n<a href=\"#bandoleros\">Los Bandoleros<\/a><br \/>\n<a href=\"#gaspar\">Gaspar II<\/a><\/p>\n<p><a name=\"pedro\"><\/a><\/p>\n<p><strong>CASA PEDRO, concursante 65<\/strong><\/p>\n<p>Nombre de la tapa a concurso: Sin tetas no hay para\u00edso.<\/p>\n<p>De la <a title=\"Casa Pedro. Tapas 1\u20ac. Parque infantil\" href=\"http:\/\/felix.ares.fm\/?p=1526\">Casa Pedro<\/a> y de su pasi\u00f3n por el detalle ya hemos hablado en otras ocasiones. Y, como era de esperar, su tapa no nos ha decepcionado.<\/p>\n<figure id=\"attachment_3619\" aria-describedby=\"caption-attachment-3619\" style=\"width: 415px\" class=\"wp-caption aligncenter\"><a href=\"http:\/\/felix.ares.fm\/?attachment_id=3619\" rel=\"attachment wp-att-3619\"><img loading=\"lazy\" decoding=\"async\" class=\"size-full wp-image-3619\" alt=\"Casa Pedro\" src=\"http:\/\/felix.ares.fm\/wp-content\/uploads\/2013\/11\/IMG_2392.jpg\" width=\"415\" height=\"276\" srcset=\"https:\/\/felix.ares.fm\/wp-content\/uploads\/2013\/11\/IMG_2392.jpg 415w, https:\/\/felix.ares.fm\/wp-content\/uploads\/2013\/11\/IMG_2392-300x199.jpg 300w\" sizes=\"auto, (max-width: 415px) 100vw, 415px\" \/><\/a><figcaption id=\"caption-attachment-3619\" class=\"wp-caption-text\">Casa Pedro<\/figcaption><\/figure>\n<figure id=\"attachment_3620\" aria-describedby=\"caption-attachment-3620\" style=\"width: 415px\" class=\"wp-caption aligncenter\"><a href=\"http:\/\/felix.ares.fm\/?attachment_id=3620\" rel=\"attachment wp-att-3620\"><img loading=\"lazy\" decoding=\"async\" class=\"size-full wp-image-3620\" alt=\"Tapa: Sin tetas no hay paraiso\" src=\"http:\/\/felix.ares.fm\/wp-content\/uploads\/2013\/11\/IMG_2397.jpg\" width=\"415\" height=\"276\" srcset=\"https:\/\/felix.ares.fm\/wp-content\/uploads\/2013\/11\/IMG_2397.jpg 415w, https:\/\/felix.ares.fm\/wp-content\/uploads\/2013\/11\/IMG_2397-300x199.jpg 300w\" sizes=\"auto, (max-width: 415px) 100vw, 415px\" \/><\/a><figcaption id=\"caption-attachment-3620\" class=\"wp-caption-text\">Tapa: Sin tetas no hay para\u00edso.<\/figcaption><\/figure>\n<p>Se trata de dos huevos rellenos de at\u00fan, sobre una base de tomate y en el medio un estupendo esparrago blanco entero. Acompa\u00f1ado con ensalada de lechuga y zanahoria.<\/p>\n<p>Muy colorista. Muy sabrosa.<\/p>\n<figure id=\"attachment_3621\" aria-describedby=\"caption-attachment-3621\" style=\"width: 415px\" class=\"wp-caption aligncenter\"><a href=\"http:\/\/felix.ares.fm\/?attachment_id=3621\" rel=\"attachment wp-att-3621\"><img loading=\"lazy\" decoding=\"async\" class=\"size-full wp-image-3621\" alt=\"Bebidas\" src=\"http:\/\/felix.ares.fm\/wp-content\/uploads\/2013\/11\/IMG_2394.jpg\" width=\"415\" height=\"276\" srcset=\"https:\/\/felix.ares.fm\/wp-content\/uploads\/2013\/11\/IMG_2394.jpg 415w, https:\/\/felix.ares.fm\/wp-content\/uploads\/2013\/11\/IMG_2394-300x199.jpg 300w\" sizes=\"auto, (max-width: 415px) 100vw, 415px\" \/><\/a><figcaption id=\"caption-attachment-3621\" class=\"wp-caption-text\">Bebidas<\/figcaption><\/figure>\n<figure id=\"attachment_3622\" aria-describedby=\"caption-attachment-3622\" style=\"width: 276px\" class=\"wp-caption aligncenter\"><a href=\"http:\/\/felix.ares.fm\/?attachment_id=3622\" rel=\"attachment wp-att-3622\"><img loading=\"lazy\" decoding=\"async\" class=\"size-full wp-image-3622\" alt=\"Cartel de la tapa er\u00f3tica en su puerta, para que sepa que es un participante\" src=\"http:\/\/felix.ares.fm\/wp-content\/uploads\/2013\/11\/IMG_2395-e1383550483946.jpg\" width=\"276\" height=\"415\" srcset=\"https:\/\/felix.ares.fm\/wp-content\/uploads\/2013\/11\/IMG_2395-e1383550483946.jpg 276w, https:\/\/felix.ares.fm\/wp-content\/uploads\/2013\/11\/IMG_2395-e1383550483946-199x300.jpg 199w\" sizes=\"auto, (max-width: 276px) 100vw, 276px\" \/><\/a><figcaption id=\"caption-attachment-3622\" class=\"wp-caption-text\">Cartel de la tapa er\u00f3tica en su puerta, para que sepa que es un participante<\/figcaption><\/figure>\n<p>&nbsp;<\/p>\n<p>Y como siempre una atenci\u00f3n exquisita.<\/p>\n<p><strong>UBICACI\u00d3N<\/strong><\/p>\n<p>Plaza de Gloria Fuertes.<\/p>\n<p>Tlf. 952471763<\/p>\n<p style=\"text-align: center;\">* * *<\/p>\n<p>&nbsp;<\/p>\n<p><a name=\"parque\"><\/a><\/p>\n<p><strong>Restaurante EL PARQUE, concursante 67<\/strong><\/p>\n<p>Nombre de la tapa: Amor enrollado<\/p>\n<p>Veamosla:<\/p>\n<figure id=\"attachment_3626\" aria-describedby=\"caption-attachment-3626\" style=\"width: 415px\" class=\"wp-caption aligncenter\"><a href=\"http:\/\/felix.ares.fm\/?attachment_id=3626\" rel=\"attachment wp-att-3626\"><img loading=\"lazy\" decoding=\"async\" class=\"size-full wp-image-3626\" alt=\"Tapa: amor enrollado\" src=\"http:\/\/felix.ares.fm\/wp-content\/uploads\/2013\/11\/IMG_2409.jpg\" width=\"415\" height=\"276\" srcset=\"https:\/\/felix.ares.fm\/wp-content\/uploads\/2013\/11\/IMG_2409.jpg 415w, https:\/\/felix.ares.fm\/wp-content\/uploads\/2013\/11\/IMG_2409-300x199.jpg 300w\" sizes=\"auto, (max-width: 415px) 100vw, 415px\" \/><\/a><figcaption id=\"caption-attachment-3626\" class=\"wp-caption-text\">Tapa: amor enrollado<\/figcaption><\/figure>\n<p>Como pueden ver se trata de un crepe, servido en un plato de loza blanco en el que se ha escrito con salsa rojiza: love. El misterio est\u00e1 en saber qu\u00e9 contiene por dentro. Lo abrimos:<\/p>\n<figure id=\"attachment_3628\" aria-describedby=\"caption-attachment-3628\" style=\"width: 415px\" class=\"wp-caption aligncenter\"><a href=\"http:\/\/felix.ares.fm\/?attachment_id=3628\" rel=\"attachment wp-att-3628\"><img loading=\"lazy\" decoding=\"async\" class=\" wp-image-3628\" alt=\"IMG_2410\" src=\"http:\/\/felix.ares.fm\/wp-content\/uploads\/2013\/11\/IMG_2410.jpg\" width=\"415\" height=\"276\" srcset=\"https:\/\/felix.ares.fm\/wp-content\/uploads\/2013\/11\/IMG_2410.jpg 415w, https:\/\/felix.ares.fm\/wp-content\/uploads\/2013\/11\/IMG_2410-300x199.jpg 300w\" sizes=\"auto, (max-width: 415px) 100vw, 415px\" \/><\/a><figcaption id=\"caption-attachment-3628\" class=\"wp-caption-text\">Tapa: Amor enrollado<\/figcaption><\/figure>\n<p style=\"text-align: left;\">Lo probamos y deducimos que tiene gambas, mejillones y surimi de con sabor a cangrejo, cubierto de bechamel y de queso rallado. Todo ello caliente.<\/p>\n<p>Verdaderamente bueno. Un sabor muy bien conseguido.<\/p>\n<p>La bebida:<\/p>\n<figure id=\"attachment_3627\" aria-describedby=\"caption-attachment-3627\" style=\"width: 415px\" class=\"wp-caption aligncenter\"><a href=\"http:\/\/felix.ares.fm\/?attachment_id=3627\" rel=\"attachment wp-att-3627\"><img loading=\"lazy\" decoding=\"async\" class=\" wp-image-3627\" alt=\"IMG_2406\" src=\"http:\/\/felix.ares.fm\/wp-content\/uploads\/2013\/11\/IMG_2406.jpg\" width=\"415\" height=\"276\" srcset=\"https:\/\/felix.ares.fm\/wp-content\/uploads\/2013\/11\/IMG_2406.jpg 415w, https:\/\/felix.ares.fm\/wp-content\/uploads\/2013\/11\/IMG_2406-300x199.jpg 300w\" sizes=\"auto, (max-width: 415px) 100vw, 415px\" \/><\/a><figcaption id=\"caption-attachment-3627\" class=\"wp-caption-text\">Vino tinto<\/figcaption><\/figure>\n<p><strong>OTRAS OFERTAS<\/strong><\/p>\n<p>Tienen una extensa carta, de la que tan solo mostramos unos ejemplos:<\/p>\n<figure id=\"attachment_3629\" aria-describedby=\"caption-attachment-3629\" style=\"width: 415px\" class=\"wp-caption aligncenter\"><a href=\"http:\/\/felix.ares.fm\/?attachment_id=3629\" rel=\"attachment wp-att-3629\"><img loading=\"lazy\" decoding=\"async\" class=\"size-full wp-image-3629\" alt=\"Pizza familiar+ 4\u20ac\" src=\"http:\/\/felix.ares.fm\/wp-content\/uploads\/2013\/11\/IMG_2403.jpg\" width=\"415\" height=\"276\" srcset=\"https:\/\/felix.ares.fm\/wp-content\/uploads\/2013\/11\/IMG_2403.jpg 415w, https:\/\/felix.ares.fm\/wp-content\/uploads\/2013\/11\/IMG_2403-300x199.jpg 300w\" sizes=\"auto, (max-width: 415px) 100vw, 415px\" \/><\/a><figcaption id=\"caption-attachment-3629\" class=\"wp-caption-text\">Pizza familiar+ 4\u20ac. Pizza Barbacoa 7\u20ac&#8230;<\/figcaption><\/figure>\n<p><strong>UBICACI\u00d3N<\/strong><\/p>\n<p><a href=\"http:\/\/felix.ares.fm\/?attachment_id=3630\" rel=\"attachment wp-att-3630\"><img loading=\"lazy\" decoding=\"async\" class=\"aligncenter size-full wp-image-3630\" alt=\"IMG_2398\" src=\"http:\/\/felix.ares.fm\/wp-content\/uploads\/2013\/11\/IMG_2398.jpg\" width=\"415\" height=\"276\" srcset=\"https:\/\/felix.ares.fm\/wp-content\/uploads\/2013\/11\/IMG_2398.jpg 415w, https:\/\/felix.ares.fm\/wp-content\/uploads\/2013\/11\/IMG_2398-300x199.jpg 300w\" sizes=\"auto, (max-width: 415px) 100vw, 415px\" \/><\/a><\/p>\n<p><a href=\"http:\/\/felix.ares.fm\/?attachment_id=3631\" rel=\"attachment wp-att-3631\"><img loading=\"lazy\" decoding=\"async\" class=\"aligncenter size-full wp-image-3631\" alt=\"IMG_2399\" src=\"http:\/\/felix.ares.fm\/wp-content\/uploads\/2013\/11\/IMG_2399.jpg\" width=\"415\" height=\"276\" srcset=\"https:\/\/felix.ares.fm\/wp-content\/uploads\/2013\/11\/IMG_2399.jpg 415w, https:\/\/felix.ares.fm\/wp-content\/uploads\/2013\/11\/IMG_2399-300x199.jpg 300w\" sizes=\"auto, (max-width: 415px) 100vw, 415px\" \/><\/a><\/p>\n<p><a href=\"http:\/\/felix.ares.fm\/?attachment_id=3632\" rel=\"attachment wp-att-3632\"><img loading=\"lazy\" decoding=\"async\" class=\"aligncenter size-full wp-image-3632\" alt=\"IMG_2401\" src=\"http:\/\/felix.ares.fm\/wp-content\/uploads\/2013\/11\/IMG_2401.jpg\" width=\"415\" height=\"276\" srcset=\"https:\/\/felix.ares.fm\/wp-content\/uploads\/2013\/11\/IMG_2401.jpg 415w, https:\/\/felix.ares.fm\/wp-content\/uploads\/2013\/11\/IMG_2401-300x199.jpg 300w\" sizes=\"auto, (max-width: 415px) 100vw, 415px\" \/><\/a><\/p>\n<p>&nbsp;<\/p>\n<p>C\/ Jos\u00e9 Cubero Yiyo, Edificio Diana II. Local n\u00ba 6<\/p>\n<p>Tel: 952 66 47 06<\/p>\n<p>En fFacebook: PizzasElParqueFuengirola<\/p>\n<p><a name=\"baldo\"><\/a><\/p>\n<p style=\"text-align: center;\">* * *<\/p>\n<p style=\"text-align: left;\"><strong>Ristorante Pizzeria BALDO, concursante 61<\/strong><\/p>\n<p style=\"text-align: left;\">Nombre de la tapa que concursa: Tetta-ardiente-pruebame-k-te-gustar\u00e1<\/p>\n<p style=\"text-align: left;\">De <a title=\"Baldo: ca\u00f1a+tapa:1,30\u20ac; vino rioja+tapa: 1,80\u20ac; vino crianza+tapa: 2\u20ac\" href=\"http:\/\/felix.ares.fm\/?p=3080\">Baldo<\/a> ya hemos hablado en otras ocasiones. Se trata de un restaurante italiano qe tiene algunas ofertas interesantes. Pero vayamos a la tapa en concurso:<\/p>\n<figure id=\"attachment_3635\" aria-describedby=\"caption-attachment-3635\" style=\"width: 415px\" class=\"wp-caption aligncenter\"><a href=\"http:\/\/felix.ares.fm\/?attachment_id=3635\" rel=\"attachment wp-att-3635\"><img loading=\"lazy\" decoding=\"async\" class=\"size-full wp-image-3635\" alt=\"Tapa: Tetta-ardiente-pru\u00e9bamo-k-te-gustar\u00e1\" src=\"http:\/\/felix.ares.fm\/wp-content\/uploads\/2013\/11\/IMG_2415.jpg\" width=\"415\" height=\"276\" srcset=\"https:\/\/felix.ares.fm\/wp-content\/uploads\/2013\/11\/IMG_2415.jpg 415w, https:\/\/felix.ares.fm\/wp-content\/uploads\/2013\/11\/IMG_2415-300x199.jpg 300w\" sizes=\"auto, (max-width: 415px) 100vw, 415px\" \/><\/a><figcaption id=\"caption-attachment-3635\" class=\"wp-caption-text\">Tapa: Tetta-ardiente-pru\u00e9bame-k-te-gustar\u00e1<\/figcaption><\/figure>\n<p><a href=\"http:\/\/felix.ares.fm\/?attachment_id=3636\" rel=\"attachment wp-att-3636\"><img loading=\"lazy\" decoding=\"async\" class=\"aligncenter size-full wp-image-3636\" alt=\"IMG_2412\" src=\"http:\/\/felix.ares.fm\/wp-content\/uploads\/2013\/11\/IMG_2412-e1383581420695.jpg\" width=\"276\" height=\"415\" srcset=\"https:\/\/felix.ares.fm\/wp-content\/uploads\/2013\/11\/IMG_2412-e1383581420695.jpg 276w, https:\/\/felix.ares.fm\/wp-content\/uploads\/2013\/11\/IMG_2412-e1383581420695-199x300.jpg 199w\" sizes=\"auto, (max-width: 276px) 100vw, 276px\" \/><\/a><\/p>\n<dl class=\"wp-caption aligncenter\" id=\"attachment_3639\" style=\"width: 286px;\">\n<dt class=\"wp-caption-dt\"><\/dt>\n<\/dl>\n<p>Se trata de una bola de arroz bastante gorda. Ellos dicen que se come a bocados, pero nosotros pedimos cubiertos y nos los pusieron sin problemas. Ya ven que en la punta hay una aceituna negra, y que la bola est\u00e1 cubierta por una salsa de tomate y el tomate acaba en mayonesa.<\/p>\n<p>Por dentro es arroz cocido con queso y albahaca y or\u00e9gano. Hay que darle una buena nota.<\/p>\n<figure id=\"attachment_3639\" aria-describedby=\"caption-attachment-3639\" style=\"width: 276px\" class=\"wp-caption aligncenter\"><a href=\"http:\/\/felix.ares.fm\/?attachment_id=3639\" rel=\"attachment wp-att-3639\"><img loading=\"lazy\" decoding=\"async\" class=\"size-full wp-image-3639\" alt=\"Bebidas\" src=\"http:\/\/felix.ares.fm\/wp-content\/uploads\/2013\/11\/IMG_2414-e1383581609776.jpg\" width=\"276\" height=\"415\" srcset=\"https:\/\/felix.ares.fm\/wp-content\/uploads\/2013\/11\/IMG_2414-e1383581609776.jpg 276w, https:\/\/felix.ares.fm\/wp-content\/uploads\/2013\/11\/IMG_2414-e1383581609776-199x300.jpg 199w\" sizes=\"auto, (max-width: 276px) 100vw, 276px\" \/><\/a><figcaption id=\"caption-attachment-3639\" class=\"wp-caption-text\">Bebidas<\/figcaption><\/figure>\n<p>La atenci\u00f3n de los camareros excelente. Muy amables.<\/p>\n<p><strong>UBICACI\u00d3N<\/strong><\/p>\n<p><a href=\"http:\/\/felix.ares.fm\/?attachment_id=3637\" rel=\"attachment wp-att-3637\"><img loading=\"lazy\" decoding=\"async\" class=\"aligncenter size-full wp-image-3637\" alt=\"IMG_2411\" src=\"http:\/\/felix.ares.fm\/wp-content\/uploads\/2013\/11\/IMG_2411.jpg\" width=\"415\" height=\"276\" srcset=\"https:\/\/felix.ares.fm\/wp-content\/uploads\/2013\/11\/IMG_2411.jpg 415w, https:\/\/felix.ares.fm\/wp-content\/uploads\/2013\/11\/IMG_2411-300x199.jpg 300w\" sizes=\"auto, (max-width: 415px) 100vw, 415px\" \/><\/a><\/p>\n<figure id=\"attachment_3638\" aria-describedby=\"caption-attachment-3638\" style=\"width: 415px\" class=\"wp-caption aligncenter\"><a href=\"http:\/\/felix.ares.fm\/?attachment_id=3638\" rel=\"attachment wp-att-3638\"><img loading=\"lazy\" decoding=\"async\" class=\"size-full wp-image-3638\" alt=\"Calabaza de Halloween\" src=\"http:\/\/felix.ares.fm\/wp-content\/uploads\/2013\/11\/IMG_2413.jpg\" width=\"415\" height=\"276\" srcset=\"https:\/\/felix.ares.fm\/wp-content\/uploads\/2013\/11\/IMG_2413.jpg 415w, https:\/\/felix.ares.fm\/wp-content\/uploads\/2013\/11\/IMG_2413-300x199.jpg 300w\" sizes=\"auto, (max-width: 415px) 100vw, 415px\" \/><\/a><figcaption id=\"caption-attachment-3638\" class=\"wp-caption-text\">Calabaza de Halloween<\/figcaption><\/figure>\n<p>Plaza de la Hispanidad. Edificio Myramar Centro II, Local 7B<strong>\u00a0<\/strong><\/p>\n<p>El due\u00f1o es el chef italiano Baldo Bastone<\/p>\n<p><strong>lf:\u00a0<\/strong>952475812\u00a0<strong>\u00b7 e-mail:<\/strong>\u00a0restaurantebaldo@gmail.com<\/p>\n<p><a href=\"http:\/\/restaurantebaldo.com\/\">http:\/\/restaurantebaldo.com\/<\/a><\/p>\n<p style=\"text-align: center;\">\u00a0* * *<\/p>\n<p><a name=\"bandolero\"><\/a><\/p>\n<p><strong>EL BANDOLERO, concursante 62<\/strong><\/p>\n<p>Nombre de la tapa: Los c\u00e1ntaros picantes de la bandolera<\/p>\n<p>De la taberna <a title=\"Taberna \u201cEl Bandolero\u201d. Tapa + ca\u00f1a 1,30\u20ac\" href=\"http:\/\/felix.ares.fm\/?p=1370\">El Bandolero<\/a> ya henos hablado con anterioridad. Hoy lo hacemos como concursante en la quinta ruta de la tapa er\u00f3tica.<\/p>\n<p>La tapa es as\u00ed:<\/p>\n<figure id=\"attachment_3642\" aria-describedby=\"caption-attachment-3642\" style=\"width: 415px\" class=\"wp-caption aligncenter\"><a href=\"http:\/\/felix.ares.fm\/?attachment_id=3642\" rel=\"attachment wp-att-3642\"><img loading=\"lazy\" decoding=\"async\" class=\"size-full wp-image-3642\" alt=\"Tapa: los c\u00e1ntaos picantes de la bandolera\" src=\"http:\/\/felix.ares.fm\/wp-content\/uploads\/2013\/11\/IMG_2432.jpg\" width=\"415\" height=\"276\" srcset=\"https:\/\/felix.ares.fm\/wp-content\/uploads\/2013\/11\/IMG_2432.jpg 415w, https:\/\/felix.ares.fm\/wp-content\/uploads\/2013\/11\/IMG_2432-300x199.jpg 300w\" sizes=\"auto, (max-width: 415px) 100vw, 415px\" \/><\/a><figcaption id=\"caption-attachment-3642\" class=\"wp-caption-text\">Tapa: los c\u00e1ntaos picantes de la bandolera<\/figcaption><\/figure>\n<p>Se trata de dos <em>vol au vent<\/em> rellenos de ensaladilla rusa picante. Encima hay una capa de mayonesa y en la cumbre un trocito de aceituna negra.<\/p>\n<figure id=\"attachment_3643\" aria-describedby=\"caption-attachment-3643\" style=\"width: 415px\" class=\"wp-caption aligncenter\"><a href=\"http:\/\/felix.ares.fm\/?attachment_id=3643\" rel=\"attachment wp-att-3643\"><img loading=\"lazy\" decoding=\"async\" class=\"size-full wp-image-3643\" alt=\"Las bebidas\" src=\"http:\/\/felix.ares.fm\/wp-content\/uploads\/2013\/11\/IMG_2430.jpg\" width=\"415\" height=\"276\" srcset=\"https:\/\/felix.ares.fm\/wp-content\/uploads\/2013\/11\/IMG_2430.jpg 415w, https:\/\/felix.ares.fm\/wp-content\/uploads\/2013\/11\/IMG_2430-300x199.jpg 300w\" sizes=\"auto, (max-width: 415px) 100vw, 415px\" \/><\/a><figcaption id=\"caption-attachment-3643\" class=\"wp-caption-text\">Las bebidas<\/figcaption><\/figure>\n<p>OTRAS OFERTAS DE LA CARTA<\/p>\n<figure id=\"attachment_3644\" aria-describedby=\"caption-attachment-3644\" style=\"width: 276px\" class=\"wp-caption aligncenter\"><a href=\"http:\/\/felix.ares.fm\/?attachment_id=3644\" rel=\"attachment wp-att-3644\"><img loading=\"lazy\" decoding=\"async\" class=\"size-full wp-image-3644\" alt=\"C\u00f1a + tapa 1,30\u20ac. Refresco m\u00e1s tapa 1,70\u20ac\" src=\"http:\/\/felix.ares.fm\/wp-content\/uploads\/2013\/11\/IMG_2421-e1383583086880.jpg\" width=\"276\" height=\"415\" srcset=\"https:\/\/felix.ares.fm\/wp-content\/uploads\/2013\/11\/IMG_2421-e1383583086880.jpg 276w, https:\/\/felix.ares.fm\/wp-content\/uploads\/2013\/11\/IMG_2421-e1383583086880-199x300.jpg 199w\" sizes=\"auto, (max-width: 276px) 100vw, 276px\" \/><\/a><figcaption id=\"caption-attachment-3644\" class=\"wp-caption-text\">Ca\u00f1a + tapa 1,30\u20ac. Refresco m\u00e1s tapa 1,70\u20ac<\/figcaption><\/figure>\n<figure id=\"attachment_3645\" aria-describedby=\"caption-attachment-3645\" style=\"width: 276px\" class=\"wp-caption aligncenter\"><a href=\"http:\/\/felix.ares.fm\/?attachment_id=3645\" rel=\"attachment wp-att-3645\"><img loading=\"lazy\" decoding=\"async\" class=\"size-full wp-image-3645\" alt=\"Raciones 6\u20ac. \" src=\"http:\/\/felix.ares.fm\/wp-content\/uploads\/2013\/11\/IMG_2424-e1383583163250.jpg\" width=\"276\" height=\"415\" srcset=\"https:\/\/felix.ares.fm\/wp-content\/uploads\/2013\/11\/IMG_2424-e1383583163250.jpg 276w, https:\/\/felix.ares.fm\/wp-content\/uploads\/2013\/11\/IMG_2424-e1383583163250-199x300.jpg 199w\" sizes=\"auto, (max-width: 276px) 100vw, 276px\" \/><\/a><figcaption id=\"caption-attachment-3645\" class=\"wp-caption-text\">Raciones 6\u20ac.<\/figcaption><\/figure>\n<figure id=\"attachment_3646\" aria-describedby=\"caption-attachment-3646\" style=\"width: 415px\" class=\"wp-caption aligncenter\"><a href=\"http:\/\/felix.ares.fm\/?attachment_id=3646\" rel=\"attachment wp-att-3646\"><img loading=\"lazy\" decoding=\"async\" class=\"size-full wp-image-3646\" alt=\"Hamburguesa con patatas 3\u20ac\" src=\"http:\/\/felix.ares.fm\/wp-content\/uploads\/2013\/11\/IMG_2422.jpg\" width=\"415\" height=\"276\" srcset=\"https:\/\/felix.ares.fm\/wp-content\/uploads\/2013\/11\/IMG_2422.jpg 415w, https:\/\/felix.ares.fm\/wp-content\/uploads\/2013\/11\/IMG_2422-300x199.jpg 300w\" sizes=\"auto, (max-width: 415px) 100vw, 415px\" \/><\/a><figcaption id=\"caption-attachment-3646\" class=\"wp-caption-text\">Hamburguesa con patatas 3\u20ac<\/figcaption><\/figure>\n<figure id=\"attachment_3647\" aria-describedby=\"caption-attachment-3647\" style=\"width: 276px\" class=\"wp-caption aligncenter\"><a href=\"http:\/\/felix.ares.fm\/?attachment_id=3647\" rel=\"attachment wp-att-3647\"><img loading=\"lazy\" decoding=\"async\" class=\"size-full wp-image-3647\" alt=\"Poster de participaci\u00f3n en la quinta ruta de la tapa er\u00f3tica\" src=\"http:\/\/felix.ares.fm\/wp-content\/uploads\/2013\/11\/IMG_2423-e1383583276942.jpg\" width=\"276\" height=\"415\" srcset=\"https:\/\/felix.ares.fm\/wp-content\/uploads\/2013\/11\/IMG_2423-e1383583276942.jpg 276w, https:\/\/felix.ares.fm\/wp-content\/uploads\/2013\/11\/IMG_2423-e1383583276942-199x300.jpg 199w\" sizes=\"auto, (max-width: 276px) 100vw, 276px\" \/><\/a><figcaption id=\"caption-attachment-3647\" class=\"wp-caption-text\">Poster de participaci\u00f3n en la quinta ruta de la tapa er\u00f3tica<\/figcaption><\/figure>\n<p>Tienen una carta bastante amplia. Ponemos unos ejemplos:<\/p>\n<figure id=\"attachment_3648\" aria-describedby=\"caption-attachment-3648\" style=\"width: 415px\" class=\"wp-caption aligncenter\"><a href=\"http:\/\/felix.ares.fm\/?attachment_id=3648\" rel=\"attachment wp-att-3648\"><img loading=\"lazy\" decoding=\"async\" class=\"size-full wp-image-3648\" alt=\"Taberna el bandolero\" src=\"http:\/\/felix.ares.fm\/wp-content\/uploads\/2013\/11\/IMG_2425.jpg\" width=\"415\" height=\"276\" srcset=\"https:\/\/felix.ares.fm\/wp-content\/uploads\/2013\/11\/IMG_2425.jpg 415w, https:\/\/felix.ares.fm\/wp-content\/uploads\/2013\/11\/IMG_2425-300x199.jpg 300w\" sizes=\"auto, (max-width: 415px) 100vw, 415px\" \/><\/a><figcaption id=\"caption-attachment-3648\" class=\"wp-caption-text\">Taberna el bandolero. Varias tapas a 1\u20ac: Totilla espa\u00f1ola, ensalada rusa, berenjenas,carne en salsa, lomo de orza&#8230;<\/figcaption><\/figure>\n<figure id=\"attachment_3649\" aria-describedby=\"caption-attachment-3649\" style=\"width: 415px\" class=\"wp-caption aligncenter\"><a href=\"http:\/\/felix.ares.fm\/?attachment_id=3649\" rel=\"attachment wp-att-3649\"><img loading=\"lazy\" decoding=\"async\" class=\"size-full wp-image-3649\" alt=\"Otro ejemplo:\" src=\"http:\/\/felix.ares.fm\/wp-content\/uploads\/2013\/11\/IMG_2426.jpg\" width=\"415\" height=\"276\" srcset=\"https:\/\/felix.ares.fm\/wp-content\/uploads\/2013\/11\/IMG_2426.jpg 415w, https:\/\/felix.ares.fm\/wp-content\/uploads\/2013\/11\/IMG_2426-300x199.jpg 300w\" sizes=\"auto, (max-width: 415px) 100vw, 415px\" \/><\/a><figcaption id=\"caption-attachment-3649\" class=\"wp-caption-text\">Otro ejemplo: Bocaditos y montaditos: At\u00fan y tomate montadito 1,50, bocadillo 3\u20ac<\/figcaption><\/figure>\n<figure id=\"attachment_3650\" aria-describedby=\"caption-attachment-3650\" style=\"width: 276px\" class=\"wp-caption aligncenter\"><a href=\"http:\/\/felix.ares.fm\/?attachment_id=3650\" rel=\"attachment wp-att-3650\"><img loading=\"lazy\" decoding=\"async\" class=\"size-full wp-image-3650\" alt=\"Ca\u00f1a 1,30. Pinta de cerveza. 2\u20ac\" src=\"http:\/\/felix.ares.fm\/wp-content\/uploads\/2013\/11\/IMG_2429-e1383583578380.jpg\" width=\"276\" height=\"415\" srcset=\"https:\/\/felix.ares.fm\/wp-content\/uploads\/2013\/11\/IMG_2429-e1383583578380.jpg 276w, https:\/\/felix.ares.fm\/wp-content\/uploads\/2013\/11\/IMG_2429-e1383583578380-199x300.jpg 199w\" sizes=\"auto, (max-width: 276px) 100vw, 276px\" \/><\/a><figcaption id=\"caption-attachment-3650\" class=\"wp-caption-text\">Ca\u00f1a 1,30. Pinta de cerveza. 2\u20ac<\/figcaption><\/figure>\n<p><strong>UBICACI\u00d3N<\/strong><\/p>\n<p>&nbsp;<\/p>\n<p>La Taberna est\u00e1 en la calle Feria de San Isidro Labrador<\/p>\n<p><a href=\"http:\/\/felix.ares.fm\/wp-content\/uploads\/2012\/06\/172.jpg\"><img loading=\"lazy\" decoding=\"async\" title=\"Est\u00e1 al lado del local 3A4, del que ya hablaremos pues venden luces LED\" alt=\"Est\u00e1 al lado del local 3A4, del que ya hablaremos pues venden luces LED\" src=\"http:\/\/felix.ares.fm\/wp-content\/uploads\/2012\/06\/172-300x200.jpg\" width=\"300\" height=\"200\" \/><\/a><\/p>\n<p>Est\u00e1 al lado del local 3A4<\/p>\n<figure id=\"attachment_3652\" aria-describedby=\"caption-attachment-3652\" style=\"width: 415px\" class=\"wp-caption aligncenter\"><a href=\"http:\/\/felix.ares.fm\/?attachment_id=3652\" rel=\"attachment wp-att-3652\"><img loading=\"lazy\" decoding=\"async\" class=\"size-full wp-image-3652\" alt=\"La terraza\" src=\"http:\/\/felix.ares.fm\/wp-content\/uploads\/2013\/11\/IMG_2433.jpg\" width=\"415\" height=\"276\" srcset=\"https:\/\/felix.ares.fm\/wp-content\/uploads\/2013\/11\/IMG_2433.jpg 415w, https:\/\/felix.ares.fm\/wp-content\/uploads\/2013\/11\/IMG_2433-300x199.jpg 300w\" sizes=\"auto, (max-width: 415px) 100vw, 415px\" \/><\/a><figcaption id=\"caption-attachment-3652\" class=\"wp-caption-text\">La terraza<\/figcaption><\/figure>\n<p style=\"text-align: center;\">\u00a0* * *<\/p>\n<p><a name=\"gaspar\"><\/a><\/p>\n<p style=\"text-align: left;\"><strong>GASPAR 2 JAEN. Concursante n\u00ba 66<\/strong><\/p>\n<p style=\"text-align: left;\">Nombre de la tapa que concursa: Entre s\u00e1banas<\/p>\n<p style=\"text-align: left;\">No es la primera vez que hablamos de <a title=\"Casa Gaspar II \u201cJaen\u201d. Comida andaluza\" href=\"http:\/\/felix.ares.fm\/?p=1550\">Casa Gaspar II<\/a> y de sus excelentes productos de Ja\u00e9n. En su carta ponen que est\u00e1n en Arroyo e la miel y en Fuengirola de donde deduzco que el II significa que el Gaspar I est\u00e1 en Arroyo de la miel.<\/p>\n<p style=\"text-align: left;\">La tapa hace honor a su t\u00edtulo, se trata de un \u00abbocadillo\u00bb de hojaldre. Entre las dos \u00abs\u00e1banas\u00bb hay jam\u00f3n de york con pisto, salsa de tomate y unos adornos con sirope y mayonesa.<\/p>\n<figure id=\"attachment_3656\" aria-describedby=\"caption-attachment-3656\" style=\"width: 397px\" class=\"wp-caption aligncenter\"><a href=\"http:\/\/felix.ares.fm\/?attachment_id=3656\" rel=\"attachment wp-att-3656\"><img loading=\"lazy\" decoding=\"async\" class=\"size-full wp-image-3656\" alt=\"Casa Gaspar II &quot;Ja\u00e9n&quot;\" src=\"http:\/\/felix.ares.fm\/wp-content\/uploads\/2013\/11\/foto0056_2.jpg\" width=\"397\" height=\"217\" srcset=\"https:\/\/felix.ares.fm\/wp-content\/uploads\/2013\/11\/foto0056_2.jpg 397w, https:\/\/felix.ares.fm\/wp-content\/uploads\/2013\/11\/foto0056_2-300x163.jpg 300w\" sizes=\"auto, (max-width: 397px) 100vw, 397px\" \/><\/a><figcaption id=\"caption-attachment-3656\" class=\"wp-caption-text\">Casa Gaspar II \u00abJa\u00e9n\u00bb<\/figcaption><\/figure>\n<figure id=\"attachment_3657\" aria-describedby=\"caption-attachment-3657\" style=\"width: 290px\" class=\"wp-caption aligncenter\"><a href=\"http:\/\/felix.ares.fm\/?attachment_id=3657\" rel=\"attachment wp-att-3657\"><img loading=\"lazy\" decoding=\"async\" class=\"size-full wp-image-3657\" alt=\"El poster de la &quot;Quinta ruta&quot; con el nombre de la tapa que concursa\" src=\"http:\/\/felix.ares.fm\/wp-content\/uploads\/2013\/11\/foto0057_2.jpg\" width=\"290\" height=\"124\" \/><\/a><figcaption id=\"caption-attachment-3657\" class=\"wp-caption-text\">El poster de la \u00abQuinta ruta\u00bb con el nombre de la tapa que concursa<\/figcaption><\/figure>\n<figure id=\"attachment_3658\" aria-describedby=\"caption-attachment-3658\" style=\"width: 300px\" class=\"wp-caption aligncenter\"><a href=\"http:\/\/felix.ares.fm\/?attachment_id=3658\" rel=\"attachment wp-att-3658\"><img loading=\"lazy\" decoding=\"async\" class=\"size-full wp-image-3658\" alt=\"Tapa entre s\u00e1banas\" src=\"http:\/\/felix.ares.fm\/wp-content\/uploads\/2013\/11\/foto0066.jpg\" width=\"300\" height=\"400\" srcset=\"https:\/\/felix.ares.fm\/wp-content\/uploads\/2013\/11\/foto0066.jpg 300w, https:\/\/felix.ares.fm\/wp-content\/uploads\/2013\/11\/foto0066-225x300.jpg 225w\" sizes=\"auto, (max-width: 300px) 100vw, 300px\" \/><\/a><figcaption id=\"caption-attachment-3658\" class=\"wp-caption-text\">Tapa entre s\u00e1banas<\/figcaption><\/figure>\n<p>&nbsp;<\/p>\n<figure id=\"attachment_3659\" aria-describedby=\"caption-attachment-3659\" style=\"width: 300px\" class=\"wp-caption aligncenter\"><a href=\"http:\/\/felix.ares.fm\/?attachment_id=3659\" rel=\"attachment wp-att-3659\"><img loading=\"lazy\" decoding=\"async\" class=\"size-full wp-image-3659\" alt=\"Tapa &quot;entre s\u00e1banas&quot;\" src=\"http:\/\/felix.ares.fm\/wp-content\/uploads\/2013\/11\/foto0072.jpg\" width=\"300\" height=\"400\" srcset=\"https:\/\/felix.ares.fm\/wp-content\/uploads\/2013\/11\/foto0072.jpg 300w, https:\/\/felix.ares.fm\/wp-content\/uploads\/2013\/11\/foto0072-225x300.jpg 225w\" sizes=\"auto, (max-width: 300px) 100vw, 300px\" \/><\/a><figcaption id=\"caption-attachment-3659\" class=\"wp-caption-text\">Tapa \u00abentre s\u00e1banas\u00bb<\/figcaption><\/figure>\n<p><strong>OTRAS OFERTAS<\/strong><\/p>\n<p>Ya hemos se\u00f1alado que tiene productos de Ja\u00e9n de una alta calidad. Por ejemplo, en su carta nos encontramos con chivito lechal (Ja\u00e9n) por 12,90 el plato.<\/p>\n<p>Adem\u00e1s hay men\u00fas de degustaci\u00f3n para cuatro personas por 52\u20ac y para dos personas por 32,50\u20ac que contienen esos estupendos productos: Solomillo al Gaspar, pat\u00e9 de perdiz,&#8230;<\/p>\n<p>Y para los que andamos justos de presupesto, un excelente men\u00fa del d\u00eda:<\/p>\n<figure id=\"attachment_3660\" aria-describedby=\"caption-attachment-3660\" style=\"width: 300px\" class=\"wp-caption aligncenter\"><a href=\"http:\/\/felix.ares.fm\/?attachment_id=3660\" rel=\"attachment wp-att-3660\"><img loading=\"lazy\" decoding=\"async\" class=\"size-full wp-image-3660\" alt=\"Men\u00fa del d\u00eda 8,50\u20ac\" src=\"http:\/\/felix.ares.fm\/wp-content\/uploads\/2013\/11\/foto0074.jpg\" width=\"300\" height=\"400\" srcset=\"https:\/\/felix.ares.fm\/wp-content\/uploads\/2013\/11\/foto0074.jpg 300w, https:\/\/felix.ares.fm\/wp-content\/uploads\/2013\/11\/foto0074-225x300.jpg 225w\" sizes=\"auto, (max-width: 300px) 100vw, 300px\" \/><\/a><figcaption id=\"caption-attachment-3660\" class=\"wp-caption-text\">Men\u00fa del d\u00eda 8,50\u20ac. Que tiene cuatro primeros y cuatro segundos para elegir. Por ejemplo, de primero podr\u00eda ser paella y de segundo fritura de pescado. Todo ello acompa\u00f1ado de pan y postre.<\/figcaption><\/figure>\n<p>Las tapas son a 1\u20ac<\/p>\n<p><strong>UBICACI\u00d3N<\/strong><\/p>\n<p>Ya hemos mencionado que est\u00e1 muy cerca de la Feria. Concretamente es:<\/p>\n<p>&nbsp;<\/p>\n<p><a href=\"http:\/\/www.malagaenlamesa.com\/restaurantes\/casa-gaspar-ii-fuengirola-38200457.html\">C\/ Fer\u00eda de J\u00e9rez 4<\/a><\/p>\n<p>&nbsp;<\/p>\n<p>Tel\u00e9fono de reservas: 659 257 577<\/p>\n<p style=\"text-align: center;\">* * *<\/p>\n<p>&nbsp;<\/p>\n<p style=\"text-align: center;\"><strong>POR LO QUE LLEVAMOS VISTO<\/strong>, este a\u00f1o se confirma un gran nivel entre los participantes. El resultado va a estar muy re\u00f1ido. Va a ser muy dif\u00edcil saber cu\u00e1l es el mejor. Hay muchos de una calidad extraordinaria.<\/p>\n<p><strong>Nota fotos y texto<\/strong>. Salvo las fotos que tienen un agradecimiento espec\u00edfico, como por ejemplo Wikipedia, son nuestras y las licenciamos con<br \/>\n<a href=\"http:\/\/creativecommons.org\/licenses\/by\/3.0\/deed.es_ES\" rel=\"license\"><img decoding=\"async\" alt=\"Licencia de Creative Commons\" src=\"http:\/\/i.creativecommons.org\/l\/by\/3.0\/88x31.png\" \/><\/a><br \/>\n<a href=\"viajes.ares.fm\" rel=\"cc:attributionURL\">F\u00e9lix Ares y Maricarmen Garmendia<\/a>\u00a0is licensed under a\u00a0<a href=\"http:\/\/creativecommons.org\/licenses\/by\/3.0\/deed.es_ES\" rel=\"license\">Creative Commons Reconocimiento 3.0 Unported License<\/a>.<br \/>\nCreado a partir de la obra en\u00a0<a href=\"viajes.ares.fm\" rel=\"dct:source\">felix.ares.fm<\/a>.<\/p>\n<p>Contacto con nosotros:<\/p>\n<p><a href=\"http:\/\/viajes.ares.fm\/wp-content\/uploads\/2013\/06\/emailTapasBr1.jpg\"><img loading=\"lazy\" decoding=\"async\" alt=\"emailTapasBr\" src=\"http:\/\/viajes.ares.fm\/wp-content\/uploads\/2013\/06\/emailTapasBr1-300x138.jpg\" width=\"300\" height=\"138\" \/><\/a><\/p>\n","protected":false},"excerpt":{"rendered":"<p>3 de noviembre de 2013 El domingo 3 de noviembre decidimos explorar una zona muy concreta, la que se ve en el mapa con una circunferencia: Comprende desde la plaza de la Hispanidad arriba, hasta Avda. Jes\u00fas Santos Rein abajo. A la derecha est\u00e1 el recinto ferial y a la izquierda Romer\u00eda del Roc\u00edo. hemos &hellip; <a href=\"https:\/\/felix.ares.fm\/?p=3617\" class=\"more-link\">Seguir leyendo <span class=\"screen-reader-text\">Quinta ruta de la \u00abTapa Er\u00f3tica\u00bb (4)<\/span> <span class=\"meta-nav\">&rarr;<\/span><\/a><\/p>\n","protected":false},"author":1,"featured_media":0,"comment_status":"closed","ping_status":"open","sticky":false,"template":"","format":"standard","meta":{"footnotes":""},"categories":[295,279,354,357,273,296],"tags":[356,355],"class_list":["post-3617","post","type-post","status-publish","format-standard","hentry","category-baldo","category-casa-pedro","category-el-bandolero","category-gaspar-ii-jaen","category-pizzas-2","category-pizzeria","tag-el-bandolero-2","tag-el-parque"],"_links":{"self":[{"href":"https:\/\/felix.ares.fm\/index.php?rest_route=\/wp\/v2\/posts\/3617","targetHints":{"allow":["GET"]}}],"collection":[{"href":"https:\/\/felix.ares.fm\/index.php?rest_route=\/wp\/v2\/posts"}],"about":[{"href":"https:\/\/felix.ares.fm\/index.php?rest_route=\/wp\/v2\/types\/post"}],"author":[{"embeddable":true,"href":"https:\/\/felix.ares.fm\/index.php?rest_route=\/wp\/v2\/users\/1"}],"replies":[{"embeddable":true,"href":"https:\/\/felix.ares.fm\/index.php?rest_route=%2Fwp%2Fv2%2Fcomments&post=3617"}],"version-history":[{"count":0,"href":"https:\/\/felix.ares.fm\/index.php?rest_route=\/wp\/v2\/posts\/3617\/revisions"}],"wp:attachment":[{"href":"https:\/\/felix.ares.fm\/index.php?rest_route=%2Fwp%2Fv2%2Fmedia&parent=3617"}],"wp:term":[{"taxonomy":"category","embeddable":true,"href":"https:\/\/felix.ares.fm\/index.php?rest_route=%2Fwp%2Fv2%2Fcategories&post=3617"},{"taxonomy":"post_tag","embeddable":true,"href":"https:\/\/felix.ares.fm\/index.php?rest_route=%2Fwp%2Fv2%2Ftags&post=3617"}],"curies":[{"name":"wp","href":"https:\/\/api.w.org\/{rel}","templated":true}]}}