{"id":3056,"date":"2013-10-18T04:02:35","date_gmt":"2013-10-18T02:02:35","guid":{"rendered":"http:\/\/felix.ares.fm\/?p=3056"},"modified":"2013-10-18T04:17:39","modified_gmt":"2013-10-18T02:17:39","slug":"la-noche-de-san-juan-fiesta-solsticial","status":"publish","type":"post","link":"https:\/\/felix.ares.fm\/?p=3056","title":{"rendered":"La noche de San Juan: fiesta solsticial"},"content":{"rendered":"<p><strong>Noche del 23 al 24 de junio<\/strong><\/p>\n<h2><span style=\"color: #ff0000;\"><strong>Fiesta solsticial<\/strong><\/span><\/h2>\n<p>Indudablemente las <a href=\"https:\/\/es.wikipedia.org\/wiki\/Hogueras_de_san_juan\">hogueras de San Juan<\/a> son reminiscencias de ritos paganos relativos al solsticio de verano. Con el calendario actual el solsticio cae el 21 de junio, pero eso no siempre ha sido as\u00ed y desde el imperio Romano hasta la reforma del calendario por el papa Gregorio hab\u00eda 11 d\u00edas de diferencia. Por lo tanto atribuir el solsticio a la noche del 23 al 24 o del 24 al 25 no es un error sino una prueba de los errores del antiguo calendario introducido por Julio C\u00e9sar con ayuda de Cleopatra.<\/p>\n<p>El algunos lugares de Espa\u00f1a se celebran la noche del 23 al 24 y en otros lugares la del 24 al 25. En Fuengirola se celebra en la noche del 23 al 24. El d\u00eda del solsticio es el d\u00eda en el que el Sol llega m\u00e1s alto en el cielo y es el d\u00eda m\u00e1s largo del a\u00f1o. A partir de ah\u00ed la altura m\u00e1xima desciende y la duraci\u00f3n de los d\u00edas se acorta. Probablemente las hogueras solsticiales ten\u00edan como misi\u00f3n el animar al Sol, darle \u00e1nimos para sobrevivir&#8230; aunque iba muriendo poco a poco hasta el solsticio de invierno en el que el Sol renace como <a href=\"https:\/\/es.wikipedia.org\/wiki\/Sol_Invictus\">Sol Invictus<\/a>.<\/p>\n<p>Este a\u00f1o &#8211;2013&#8211; la luna llena fue el d\u00eda 22 de junio, por lo tanto la noche del 23 al 24 era una luna grande y hermosa, casi en su plenitud. Por eso, incluso en las zonas oscuras de la playa hab\u00eda luz suficiente para pasear.<\/p>\n<p><strong>Luna llena sobre Fuengirola<\/strong><\/p>\n<figure id=\"attachment_3057\" aria-describedby=\"caption-attachment-3057\" style=\"width: 415px\" class=\"wp-caption aligncenter\"><a href=\"http:\/\/felix.ares.fm\/?attachment_id=3057\" rel=\"attachment wp-att-3057\"><img loading=\"lazy\" decoding=\"async\" class=\" wp-image-3057\" alt=\"IMG_1399\" src=\"http:\/\/felix.ares.fm\/wp-content\/uploads\/2013\/10\/IMG_1399.jpg\" width=\"415\" height=\"276\" srcset=\"https:\/\/felix.ares.fm\/wp-content\/uploads\/2013\/10\/IMG_1399.jpg 415w, https:\/\/felix.ares.fm\/wp-content\/uploads\/2013\/10\/IMG_1399-300x199.jpg 300w\" sizes=\"auto, (max-width: 415px) 100vw, 415px\" \/><\/a><figcaption id=\"caption-attachment-3057\" class=\"wp-caption-text\">Luna casi llena en una calle de Fuengirola<\/figcaption><\/figure>\n<dl class=\"wp-caption aligncenter\" id=\"attachment_3058\" style=\"width: 425px;\">\n<dt class=\"wp-caption-dt\"><\/dt>\n<dd class=\"wp-caption-dd\">En la playa la luna se refleja en las olas e ilumina la arena<\/dd>\n<\/dl>\n<p>&nbsp;<\/p>\n<figure id=\"attachment_3058\" aria-describedby=\"caption-attachment-3058\" style=\"width: 276px\" class=\"wp-caption aligncenter\"><a href=\"http:\/\/felix.ares.fm\/?attachment_id=3058\" rel=\"attachment wp-att-3058\"><img loading=\"lazy\" decoding=\"async\" class=\"size-full wp-image-3058\" alt=\"En la playa la luna se refleja en las olas e ilumina la arena\" src=\"http:\/\/felix.ares.fm\/wp-content\/uploads\/2013\/10\/IMG_1404-e1382060184979.jpg\" width=\"276\" height=\"415\" srcset=\"https:\/\/felix.ares.fm\/wp-content\/uploads\/2013\/10\/IMG_1404-e1382060184979.jpg 276w, https:\/\/felix.ares.fm\/wp-content\/uploads\/2013\/10\/IMG_1404-e1382060184979-199x300.jpg 199w\" sizes=\"auto, (max-width: 276px) 100vw, 276px\" \/><\/a><figcaption id=\"caption-attachment-3058\" class=\"wp-caption-text\">En la playa la luna se refleja en las olas e ilumina la arena<\/figcaption><\/figure>\n<p>En el primer plano tenemos una de esas estupendas esculturas hechas de arena; en la arena de la playa varias personas esperan la hora de la hoguera., aunque muchos aprovechan para cenar lo que llevan en \u00abtupperware\u00bb y otros se atreven a hacer una barbacoa.<\/p>\n<p><a href=\"http:\/\/felix.ares.fm\/?attachment_id=3059\" rel=\"attachment wp-att-3059\"><img loading=\"lazy\" decoding=\"async\" class=\"aligncenter size-full wp-image-3059\" alt=\"IMG_1405\" src=\"http:\/\/felix.ares.fm\/wp-content\/uploads\/2013\/10\/IMG_1405-e1382060341510.jpg\" width=\"276\" height=\"415\" srcset=\"https:\/\/felix.ares.fm\/wp-content\/uploads\/2013\/10\/IMG_1405-e1382060341510.jpg 276w, https:\/\/felix.ares.fm\/wp-content\/uploads\/2013\/10\/IMG_1405-e1382060341510-199x300.jpg 199w\" sizes=\"auto, (max-width: 276px) 100vw, 276px\" \/><\/a><\/p>\n<p>&nbsp;<\/p>\n<figure id=\"attachment_3060\" aria-describedby=\"caption-attachment-3060\" style=\"width: 415px\" class=\"wp-caption aligncenter\"><a href=\"http:\/\/felix.ares.fm\/?attachment_id=3060\" rel=\"attachment wp-att-3060\"><img loading=\"lazy\" decoding=\"async\" class=\"size-full wp-image-3060\" alt=\"Espetos de sardinas\" src=\"http:\/\/felix.ares.fm\/wp-content\/uploads\/2013\/10\/IMG_1400.jpg\" width=\"415\" height=\"276\" srcset=\"https:\/\/felix.ares.fm\/wp-content\/uploads\/2013\/10\/IMG_1400.jpg 415w, https:\/\/felix.ares.fm\/wp-content\/uploads\/2013\/10\/IMG_1400-300x199.jpg 300w\" sizes=\"auto, (max-width: 415px) 100vw, 415px\" \/><\/a><figcaption id=\"caption-attachment-3060\" class=\"wp-caption-text\">Espetos de sardinas<\/figcaption><\/figure>\n<h2><span style=\"color: #ff0000;\"><strong>Monjes de arena a la luz de la luna<\/strong><\/span><\/h2>\n<figure id=\"attachment_3061\" aria-describedby=\"caption-attachment-3061\" style=\"width: 415px\" class=\"wp-caption aligncenter\"><a href=\"http:\/\/felix.ares.fm\/?attachment_id=3061\" rel=\"attachment wp-att-3061\"><img loading=\"lazy\" decoding=\"async\" class=\"size-full wp-image-3061\" alt=\"Monjes de arena a la luz de la Luna\" src=\"http:\/\/felix.ares.fm\/wp-content\/uploads\/2013\/10\/IMG_1403.jpg\" width=\"415\" height=\"276\" srcset=\"https:\/\/felix.ares.fm\/wp-content\/uploads\/2013\/10\/IMG_1403.jpg 415w, https:\/\/felix.ares.fm\/wp-content\/uploads\/2013\/10\/IMG_1403-300x199.jpg 300w\" sizes=\"auto, (max-width: 415px) 100vw, 415px\" \/><\/a><figcaption id=\"caption-attachment-3061\" class=\"wp-caption-text\">Monjes de arena a la luz de la Luna<\/figcaption><\/figure>\n<figure id=\"attachment_3062\" aria-describedby=\"caption-attachment-3062\" style=\"width: 415px\" class=\"wp-caption aligncenter\"><a href=\"http:\/\/felix.ares.fm\/?attachment_id=3062\" rel=\"attachment wp-att-3062\"><img loading=\"lazy\" decoding=\"async\" class=\"size-full wp-image-3062\" alt=\"La playa concurrida \" src=\"http:\/\/felix.ares.fm\/wp-content\/uploads\/2013\/10\/IMG_1406.jpg\" width=\"415\" height=\"276\" srcset=\"https:\/\/felix.ares.fm\/wp-content\/uploads\/2013\/10\/IMG_1406.jpg 415w, https:\/\/felix.ares.fm\/wp-content\/uploads\/2013\/10\/IMG_1406-300x199.jpg 300w\" sizes=\"auto, (max-width: 415px) 100vw, 415px\" \/><\/a><figcaption id=\"caption-attachment-3062\" class=\"wp-caption-text\">La playa concurrida<\/figcaption><\/figure>\n<figure id=\"attachment_3063\" aria-describedby=\"caption-attachment-3063\" style=\"width: 415px\" class=\"wp-caption aligncenter\"><a href=\"http:\/\/felix.ares.fm\/?attachment_id=3063\" rel=\"attachment wp-att-3063\"><img loading=\"lazy\" decoding=\"async\" class=\"size-full wp-image-3063\" alt=\"La luna entre las plameras\" src=\"http:\/\/felix.ares.fm\/wp-content\/uploads\/2013\/10\/IMG_1410.jpg\" width=\"415\" height=\"276\" srcset=\"https:\/\/felix.ares.fm\/wp-content\/uploads\/2013\/10\/IMG_1410.jpg 415w, https:\/\/felix.ares.fm\/wp-content\/uploads\/2013\/10\/IMG_1410-300x199.jpg 300w\" sizes=\"auto, (max-width: 415px) 100vw, 415px\" \/><\/a><figcaption id=\"caption-attachment-3063\" class=\"wp-caption-text\">La luna entre las plameras en la plata Alarc\u00f3n<\/figcaption><\/figure>\n<figure id=\"attachment_3064\" aria-describedby=\"caption-attachment-3064\" style=\"width: 415px\" class=\"wp-caption aligncenter\"><a href=\"http:\/\/felix.ares.fm\/?attachment_id=3064\" rel=\"attachment wp-att-3064\"><img loading=\"lazy\" decoding=\"async\" class=\"size-full wp-image-3064\" alt=\"La Luna se juega a esconderse tras las hojas de las plameras\" src=\"http:\/\/felix.ares.fm\/wp-content\/uploads\/2013\/10\/IMG_1412.jpg\" width=\"415\" height=\"276\" srcset=\"https:\/\/felix.ares.fm\/wp-content\/uploads\/2013\/10\/IMG_1412.jpg 415w, https:\/\/felix.ares.fm\/wp-content\/uploads\/2013\/10\/IMG_1412-300x199.jpg 300w\" sizes=\"auto, (max-width: 415px) 100vw, 415px\" \/><\/a><figcaption id=\"caption-attachment-3064\" class=\"wp-caption-text\">La Luna se juega a esconderse tras las hojas de las plameras<\/figcaption><\/figure>\n<p><a href=\"http:\/\/felix.ares.fm\/?attachment_id=3068\" rel=\"attachment wp-att-3068\"><img loading=\"lazy\" decoding=\"async\" class=\"aligncenter size-full wp-image-3068\" alt=\"IMG_1416\" src=\"http:\/\/felix.ares.fm\/wp-content\/uploads\/2013\/10\/IMG_1416.jpg\" width=\"415\" height=\"276\" srcset=\"https:\/\/felix.ares.fm\/wp-content\/uploads\/2013\/10\/IMG_1416.jpg 415w, https:\/\/felix.ares.fm\/wp-content\/uploads\/2013\/10\/IMG_1416-300x199.jpg 300w\" sizes=\"auto, (max-width: 415px) 100vw, 415px\" \/><\/a><\/p>\n<p><a href=\"http:\/\/felix.ares.fm\/?attachment_id=3069\" rel=\"attachment wp-att-3069\"><img loading=\"lazy\" decoding=\"async\" class=\"aligncenter size-full wp-image-3069\" alt=\"IMG_1417\" src=\"http:\/\/felix.ares.fm\/wp-content\/uploads\/2013\/10\/IMG_1417-e1382060828820.jpg\" width=\"276\" height=\"415\" srcset=\"https:\/\/felix.ares.fm\/wp-content\/uploads\/2013\/10\/IMG_1417-e1382060828820.jpg 276w, https:\/\/felix.ares.fm\/wp-content\/uploads\/2013\/10\/IMG_1417-e1382060828820-199x300.jpg 199w\" sizes=\"auto, (max-width: 276px) 100vw, 276px\" \/><\/a><\/p>\n<figure id=\"attachment_3065\" aria-describedby=\"caption-attachment-3065\" style=\"width: 415px\" class=\"wp-caption aligncenter\"><a href=\"http:\/\/felix.ares.fm\/?attachment_id=3065\" rel=\"attachment wp-att-3065\"><img loading=\"lazy\" decoding=\"async\" class=\"size-full wp-image-3065\" alt=\"En una de las esculturas de arena iluminadas por la luna, el esp\u00edritu de la noche: la luz de una hoguera\" src=\"http:\/\/felix.ares.fm\/wp-content\/uploads\/2013\/10\/IMG_1413.jpg\" width=\"415\" height=\"276\" srcset=\"https:\/\/felix.ares.fm\/wp-content\/uploads\/2013\/10\/IMG_1413.jpg 415w, https:\/\/felix.ares.fm\/wp-content\/uploads\/2013\/10\/IMG_1413-300x199.jpg 300w\" sizes=\"auto, (max-width: 415px) 100vw, 415px\" \/><\/a><figcaption id=\"caption-attachment-3065\" class=\"wp-caption-text\">En una de las esculturas de arena iluminadas por la luna, el esp\u00edritu de la noche: la luz de una hoguera<\/figcaption><\/figure>\n<figure id=\"attachment_3066\" aria-describedby=\"caption-attachment-3066\" style=\"width: 415px\" class=\"wp-caption aligncenter\"><a href=\"http:\/\/felix.ares.fm\/?attachment_id=3066\" rel=\"attachment wp-att-3066\"><img loading=\"lazy\" decoding=\"async\" class=\"size-full wp-image-3066\" alt=\"Minihogueras de San Juan\" src=\"http:\/\/felix.ares.fm\/wp-content\/uploads\/2013\/10\/IMG_1414.jpg\" width=\"415\" height=\"276\" srcset=\"https:\/\/felix.ares.fm\/wp-content\/uploads\/2013\/10\/IMG_1414.jpg 415w, https:\/\/felix.ares.fm\/wp-content\/uploads\/2013\/10\/IMG_1414-300x199.jpg 300w\" sizes=\"auto, (max-width: 415px) 100vw, 415px\" \/><\/a><figcaption id=\"caption-attachment-3066\" class=\"wp-caption-text\">Minihogueras de San Juan<\/figcaption><\/figure>\n<figure id=\"attachment_3067\" aria-describedby=\"caption-attachment-3067\" style=\"width: 415px\" class=\"wp-caption aligncenter\"><a href=\"http:\/\/felix.ares.fm\/?attachment_id=3067\" rel=\"attachment wp-att-3067\"><img loading=\"lazy\" decoding=\"async\" class=\"size-full wp-image-3067\" alt=\"Incendios en la arena\" src=\"http:\/\/felix.ares.fm\/wp-content\/uploads\/2013\/10\/IMG_1415.jpg\" width=\"415\" height=\"276\" srcset=\"https:\/\/felix.ares.fm\/wp-content\/uploads\/2013\/10\/IMG_1415.jpg 415w, https:\/\/felix.ares.fm\/wp-content\/uploads\/2013\/10\/IMG_1415-300x199.jpg 300w\" sizes=\"auto, (max-width: 415px) 100vw, 415px\" \/><\/a><figcaption id=\"caption-attachment-3067\" class=\"wp-caption-text\">Incendios en la arena<\/figcaption><\/figure>\n<h2><span style=\"color: #ff0000;\"><strong>El fuego que purifica<\/strong><\/span><\/h2>\n<figure id=\"attachment_3070\" aria-describedby=\"caption-attachment-3070\" style=\"width: 415px\" class=\"wp-caption aligncenter\"><a href=\"http:\/\/felix.ares.fm\/?attachment_id=3070\" rel=\"attachment wp-att-3070\"><img loading=\"lazy\" decoding=\"async\" class=\"size-full wp-image-3070\" alt=\"El fuego y el ritmo repetitivo y mon\u00f3tono de los tambores purifican\" src=\"http:\/\/felix.ares.fm\/wp-content\/uploads\/2013\/10\/IMG_1418_2.jpg\" width=\"415\" height=\"276\" srcset=\"https:\/\/felix.ares.fm\/wp-content\/uploads\/2013\/10\/IMG_1418_2.jpg 415w, https:\/\/felix.ares.fm\/wp-content\/uploads\/2013\/10\/IMG_1418_2-300x199.jpg 300w\" sizes=\"auto, (max-width: 415px) 100vw, 415px\" \/><\/a><figcaption id=\"caption-attachment-3070\" class=\"wp-caption-text\">El fuego y el ritmo repetitivo y mon\u00f3tono de los tambores purifican<\/figcaption><\/figure>\n<figure id=\"attachment_3071\" aria-describedby=\"caption-attachment-3071\" style=\"width: 415px\" class=\"wp-caption aligncenter\"><a href=\"http:\/\/felix.ares.fm\/?attachment_id=3071\" rel=\"attachment wp-att-3071\"><img loading=\"lazy\" decoding=\"async\" class=\"size-full wp-image-3071\" alt=\"Fuego en la arena\" src=\"http:\/\/felix.ares.fm\/wp-content\/uploads\/2013\/10\/IMG_1420.jpg\" width=\"415\" height=\"276\" srcset=\"https:\/\/felix.ares.fm\/wp-content\/uploads\/2013\/10\/IMG_1420.jpg 415w, https:\/\/felix.ares.fm\/wp-content\/uploads\/2013\/10\/IMG_1420-300x199.jpg 300w\" sizes=\"auto, (max-width: 415px) 100vw, 415px\" \/><\/a><figcaption id=\"caption-attachment-3071\" class=\"wp-caption-text\">Fuego en la arena<\/figcaption><\/figure>\n<figure id=\"attachment_3072\" aria-describedby=\"caption-attachment-3072\" style=\"width: 415px\" class=\"wp-caption aligncenter\"><a href=\"http:\/\/felix.ares.fm\/?attachment_id=3072\" rel=\"attachment wp-att-3072\"><img loading=\"lazy\" decoding=\"async\" class=\"size-full wp-image-3072\" alt=\"Algunos aprovechan para celebrar un cumplea\u00f1os\" src=\"http:\/\/felix.ares.fm\/wp-content\/uploads\/2013\/10\/IMG_1421_2.jpg\" width=\"415\" height=\"276\" srcset=\"https:\/\/felix.ares.fm\/wp-content\/uploads\/2013\/10\/IMG_1421_2.jpg 415w, https:\/\/felix.ares.fm\/wp-content\/uploads\/2013\/10\/IMG_1421_2-300x199.jpg 300w\" sizes=\"auto, (max-width: 415px) 100vw, 415px\" \/><\/a><figcaption id=\"caption-attachment-3072\" class=\"wp-caption-text\">Algunos aprovechan para celebrar un cumplea\u00f1os<\/figcaption><\/figure>\n<p><a href=\"http:\/\/felix.ares.fm\/?attachment_id=3073\" rel=\"attachment wp-att-3073\"><img loading=\"lazy\" decoding=\"async\" class=\"aligncenter size-full wp-image-3073\" alt=\"IMG_1422_2\" src=\"http:\/\/felix.ares.fm\/wp-content\/uploads\/2013\/10\/IMG_1422_2.jpg\" width=\"415\" height=\"276\" srcset=\"https:\/\/felix.ares.fm\/wp-content\/uploads\/2013\/10\/IMG_1422_2.jpg 415w, https:\/\/felix.ares.fm\/wp-content\/uploads\/2013\/10\/IMG_1422_2-300x199.jpg 300w\" sizes=\"auto, (max-width: 415px) 100vw, 415px\" \/><\/a><\/p>\n<p>A las doce de la noche se encienden las hogueras, el fuego purificador,&#8230; para empezar el d\u00eda siguiente limpios y a\u00f1orando un largo y feliz verano.<\/p>\n<p style=\"text-align: center;\">* * *<\/p>\n<p><a href=\"http:\/\/youtu.be\/-PoCre0rXm0 0%\">Aqu\u00ed<\/a> minivideo con una de las hogueras.<\/p>\n<p style=\"text-align: center;\">+ + +<\/p>\n<p><strong>Nota fotos y texto<\/strong>. Salvo las fotos que tienen un agradecimiento espec\u00edfico, como por ejemplo Wikipedia, son nuestras y las licenciamos con<br \/>\n<a href=\"http:\/\/creativecommons.org\/licenses\/by\/3.0\/deed.es_ES\" rel=\"license\"><img decoding=\"async\" alt=\"Licencia de Creative Commons\" src=\"http:\/\/i.creativecommons.org\/l\/by\/3.0\/88x31.png\" \/><\/a><br \/>\n<a href=\"viajes.ares.fm\" rel=\"cc:attributionURL\">F\u00e9lix Ares y Maricarmen Garmendia<\/a>\u00a0is licensed under a\u00a0<a href=\"http:\/\/creativecommons.org\/licenses\/by\/3.0\/deed.es_ES\" rel=\"license\">Creative Commons Reconocimiento 3.0 Unported License<\/a>.<br \/>\nCreado a partir de la obra en\u00a0<a href=\"viajes.ares.fm\" rel=\"dct:source\">felix.ares.fm<\/a>.<\/p>\n<p>Contacto con nosotros:<\/p>\n<p><a href=\"http:\/\/viajes.ares.fm\/wp-content\/uploads\/2013\/06\/emailTapasBr1.jpg\"><img loading=\"lazy\" decoding=\"async\" alt=\"emailTapasBr\" src=\"http:\/\/viajes.ares.fm\/wp-content\/uploads\/2013\/06\/emailTapasBr1-300x138.jpg\" width=\"300\" height=\"138\" \/><\/a><\/p>\n","protected":false},"excerpt":{"rendered":"<p>Noche del 23 al 24 de junio Fiesta solsticial Indudablemente las hogueras de San Juan son reminiscencias de ritos paganos relativos al solsticio de verano. Con el calendario actual el solsticio cae el 21 de junio, pero eso no siempre ha sido as\u00ed y desde el imperio Romano hasta la reforma del calendario por el &hellip; <a href=\"https:\/\/felix.ares.fm\/?p=3056\" class=\"more-link\">Seguir leyendo <span class=\"screen-reader-text\">La noche de San Juan: fiesta solsticial<\/span> <span class=\"meta-nav\">&rarr;<\/span><\/a><\/p>\n","protected":false},"author":1,"featured_media":0,"comment_status":"closed","ping_status":"open","sticky":false,"template":"","format":"standard","meta":{"footnotes":""},"categories":[182,213,269,294,293],"tags":[],"class_list":["post-3056","post","type-post","status-publish","format-standard","hentry","category-esculturas-de-arena","category-espetos","category-luna-casi-llena","category-noche-de-san-juan","category-playa-2"],"_links":{"self":[{"href":"https:\/\/felix.ares.fm\/index.php?rest_route=\/wp\/v2\/posts\/3056","targetHints":{"allow":["GET"]}}],"collection":[{"href":"https:\/\/felix.ares.fm\/index.php?rest_route=\/wp\/v2\/posts"}],"about":[{"href":"https:\/\/felix.ares.fm\/index.php?rest_route=\/wp\/v2\/types\/post"}],"author":[{"embeddable":true,"href":"https:\/\/felix.ares.fm\/index.php?rest_route=\/wp\/v2\/users\/1"}],"replies":[{"embeddable":true,"href":"https:\/\/felix.ares.fm\/index.php?rest_route=%2Fwp%2Fv2%2Fcomments&post=3056"}],"version-history":[{"count":0,"href":"https:\/\/felix.ares.fm\/index.php?rest_route=\/wp\/v2\/posts\/3056\/revisions"}],"wp:attachment":[{"href":"https:\/\/felix.ares.fm\/index.php?rest_route=%2Fwp%2Fv2%2Fmedia&parent=3056"}],"wp:term":[{"taxonomy":"category","embeddable":true,"href":"https:\/\/felix.ares.fm\/index.php?rest_route=%2Fwp%2Fv2%2Fcategories&post=3056"},{"taxonomy":"post_tag","embeddable":true,"href":"https:\/\/felix.ares.fm\/index.php?rest_route=%2Fwp%2Fv2%2Ftags&post=3056"}],"curies":[{"name":"wp","href":"https:\/\/api.w.org\/{rel}","templated":true}]}}