{"id":2831,"date":"2012-12-29T08:10:44","date_gmt":"2012-12-29T06:10:44","guid":{"rendered":"http:\/\/felix.ares.fm\/?p=2831"},"modified":"2012-12-29T08:43:50","modified_gmt":"2012-12-29T06:43:50","slug":"luna-llena","status":"publish","type":"post","link":"https:\/\/felix.ares.fm\/?p=2831","title":{"rendered":"Luna llena"},"content":{"rendered":"<p>Ayer, d\u00eda 28, fue Luna llena. El d\u00eda anterior, el 27, cuando la Luna estaba casi llena, sacamos unas fotos de la misma cuando todav\u00eda estaba cerca de superficie del mar.<\/p>\n<p>La ve\u00edamos enorme, debido a la <a href=\"http:\/\/es.wikipedia.org\/wiki\/Ilusi%C3%B3n_lunar\">ilusi\u00f3n lunar<\/a>, que hace que las cosas que est\u00e1n cerca del horizonte &#8211;incluyendo la Luna, el Sol o la constelaci\u00f3n de Orion&#8211; nos parezcan enormes, aunque en realidad el tama\u00f1o es el mismo de siempre.<\/p>\n<p>El efecto lunar es psicol\u00f3gico, aunque nadie tiene una explicaci\u00f3n definitiva de por qu\u00e9 ocurre. Hemos le\u00eddo cuarenta posibles explicaciones y cuarenta experimentos que demuestran que ninguna de ellas es la correcta.<\/p>\n<p>Una prueba de que la Luna que percibimos como enorme no lo es, es sacar una foto, en la que se ve que el tama\u00f1o de la Luna es el est\u00e1ndar, el que tiene cuando se ve en lo m\u00e1s alto de su recorrido.<\/p>\n<figure id=\"attachment_2835\" aria-describedby=\"caption-attachment-2835\" style=\"width: 450px\" class=\"wp-caption aligncenter\"><a href=\"http:\/\/felix.ares.fm\/?attachment_id=2835\" rel=\"attachment wp-att-2835\"><img loading=\"lazy\" decoding=\"async\" class=\"size-full wp-image-2835\" alt=\"Luna al anochecer del 27 de diciembre de 2012\" src=\"http:\/\/felix.ares.fm\/wp-content\/uploads\/2012\/12\/1br12.jpg\" width=\"450\" height=\"676\" srcset=\"https:\/\/felix.ares.fm\/wp-content\/uploads\/2012\/12\/1br12.jpg 450w, https:\/\/felix.ares.fm\/wp-content\/uploads\/2012\/12\/1br12-199x300.jpg 199w\" sizes=\"auto, (max-width: 450px) 100vw, 450px\" \/><\/a><figcaption id=\"caption-attachment-2835\" class=\"wp-caption-text\">Luna al anochecer del 27 de diciembre de 2012<\/figcaption><\/figure>\n<p>Para que se puedan ver los edificios y la playa hemos forzado la luz. Si la oscurecemos un poco lo que obtenemos es esto:<\/p>\n<dl class=\"wp-caption aligncenter\" id=\"attachment_2837\" style=\"width: 253px;\">\n<dt class=\"wp-caption-dt\"><\/dt>\n<dd class=\"wp-caption-dd\">Luna al anochecer del 27 de diciembre de 2012<\/dd>\n<\/dl>\n<p>&nbsp;<\/p>\n<figure id=\"attachment_2838\" aria-describedby=\"caption-attachment-2838\" style=\"width: 450px\" class=\"wp-caption aligncenter\"><a href=\"http:\/\/felix.ares.fm\/?attachment_id=2838\" rel=\"attachment wp-att-2838\"><img loading=\"lazy\" decoding=\"async\" class=\"size-full wp-image-2838\" alt=\"Luna al anochecer del 27 de diciembre de 2012\" src=\"http:\/\/felix.ares.fm\/wp-content\/uploads\/2012\/12\/2br13.jpg\" width=\"450\" height=\"676\" srcset=\"https:\/\/felix.ares.fm\/wp-content\/uploads\/2012\/12\/2br13.jpg 450w, https:\/\/felix.ares.fm\/wp-content\/uploads\/2012\/12\/2br13-199x300.jpg 199w\" sizes=\"auto, (max-width: 450px) 100vw, 450px\" \/><\/a><figcaption id=\"caption-attachment-2838\" class=\"wp-caption-text\">Luna al anochecer del 27 de diciembre de 2012<\/figcaption><\/figure>\n<p>Tras la Luna la primera \u00abestrella\u00bb que se vio, arriba de la Luna, no era una estrella sino un planeta. Era J\u00fapiter.<\/p>\n<p>Cuando estamos en Luna llena, al salir por el este, el Sol debe acabar de ocultarse por el oeste.<\/p>\n<p><strong>Unas palabras sobre la ilusi\u00f3n lunar<\/strong><\/p>\n<p>En contra de lo que pudiera pensarse vemos con el cerebro. Los ojos no son nada m\u00e1s que las c\u00e1maras que env\u00edan los datos en bruto a la zona visual del cerebro, que se ubica en la parte de atr\u00e1s del cerebro. La imagen que se recibe no es \u00abbruta\u00bb sino que ya ha sido pre-elaborada por la retina.<\/p>\n<p>Nuestro cerebro se ha formado mediante la evoluci\u00f3n. Nuestra visi\u00f3n, por lo tanto, es un fen\u00f3meno evolutivo. No trata de reproducir la realidad lo mejor posible ni nada por el estilo, el sistema de visi\u00f3n que he sobrevivido y que nos han legado nuestros antepasados es aquel que nos permit\u00eda funcionar mejor, evitar depredadores, encontrar antes comida, detectar lo que era venenoso,&#8230;<\/p>\n<p>En ese sentido hay una posible explicaci\u00f3n de la ilusi\u00f3n lunar. Y les rogamos que no pierdan e vista que hemos dicho posible. No es seguro ni mucho menos. Tal como ya hemos dicho, la ilusi\u00f3n lunar hoy por hoy est\u00e1 sin explicar. La mayor parte de los predadores del ser humano est\u00e1n a la altura del suelo &#8211;sin duda hay excepciones, por ejemplo muchos felinos se suben a los \u00e1rboles y saltan desde all\u00ed&#8211;. Pensemos que por el bosque van paseando dos de nuestros lejanos hom\u00ednidos antepasados. A lo lejos, entre las ramas ven algo que por la lejan\u00eda parece un gato. Uno de ellos, al verlo se asusta y se sube a un \u00e1rbol pensando que es un leopardo, el otro se dice \u00abva, si es un gatito\u00bb y sigue andando tranquilamente. Si el bicho resulta ser un leopardo, \u00bfCu\u00e1l creen ustedes que es nuestro antepasado? Sin duda el que no vio un gatito sino un gatazo. \u00bfY para eso no es bueno que lo que est\u00e1 a ras del horizonte los veamos como amplificado, que nos d\u00e9 miedo? \u00bfEs esa la raz\u00f3n de la ilusi\u00f3n lunar? Probablemente no, probablemente la explicaci\u00f3n es muy compleja e intervienen muchos factores, pero pocas dudas hay de que este es uno de ellos.<\/p>\n<p><a href=\"http:\/\/felix.ares.fm\/?attachment_id=2622\" rel=\"attachment wp-att-2622\"><img loading=\"lazy\" decoding=\"async\" class=\"aligncenter size-full wp-image-2622\" alt=\"emailTapas\" src=\"http:\/\/felix.ares.fm\/wp-content\/uploads\/2012\/12\/emailTapas10-e1356588214282.png\" width=\"314\" height=\"145\" \/><\/a><\/p>\n<p>&nbsp;<\/p>\n","protected":false},"excerpt":{"rendered":"<p>Ayer, d\u00eda 28, fue Luna llena. El d\u00eda anterior, el 27, cuando la Luna estaba casi llena, sacamos unas fotos de la misma cuando todav\u00eda estaba cerca de superficie del mar. La ve\u00edamos enorme, debido a la ilusi\u00f3n lunar, que hace que las cosas que est\u00e1n cerca del horizonte &#8211;incluyendo la Luna, el Sol o &hellip; <a href=\"https:\/\/felix.ares.fm\/?p=2831\" class=\"more-link\">Seguir leyendo <span class=\"screen-reader-text\">Luna llena<\/span> <span class=\"meta-nav\">&rarr;<\/span><\/a><\/p>\n","protected":false},"author":1,"featured_media":0,"comment_status":"closed","ping_status":"open","sticky":false,"template":"","format":"standard","meta":{"footnotes":""},"categories":[267,270,268,269],"tags":[],"class_list":["post-2831","post","type-post","status-publish","format-standard","hentry","category-anochecer","category-ilusion-lunar","category-luna","category-luna-casi-llena"],"_links":{"self":[{"href":"https:\/\/felix.ares.fm\/index.php?rest_route=\/wp\/v2\/posts\/2831","targetHints":{"allow":["GET"]}}],"collection":[{"href":"https:\/\/felix.ares.fm\/index.php?rest_route=\/wp\/v2\/posts"}],"about":[{"href":"https:\/\/felix.ares.fm\/index.php?rest_route=\/wp\/v2\/types\/post"}],"author":[{"embeddable":true,"href":"https:\/\/felix.ares.fm\/index.php?rest_route=\/wp\/v2\/users\/1"}],"replies":[{"embeddable":true,"href":"https:\/\/felix.ares.fm\/index.php?rest_route=%2Fwp%2Fv2%2Fcomments&post=2831"}],"version-history":[{"count":0,"href":"https:\/\/felix.ares.fm\/index.php?rest_route=\/wp\/v2\/posts\/2831\/revisions"}],"wp:attachment":[{"href":"https:\/\/felix.ares.fm\/index.php?rest_route=%2Fwp%2Fv2%2Fmedia&parent=2831"}],"wp:term":[{"taxonomy":"category","embeddable":true,"href":"https:\/\/felix.ares.fm\/index.php?rest_route=%2Fwp%2Fv2%2Fcategories&post=2831"},{"taxonomy":"post_tag","embeddable":true,"href":"https:\/\/felix.ares.fm\/index.php?rest_route=%2Fwp%2Fv2%2Ftags&post=2831"}],"curies":[{"name":"wp","href":"https:\/\/api.w.org\/{rel}","templated":true}]}}