{"id":2780,"date":"2012-12-28T22:16:18","date_gmt":"2012-12-28T20:16:18","guid":{"rendered":"http:\/\/felix.ares.fm\/?p=2780"},"modified":"2012-12-28T22:16:39","modified_gmt":"2012-12-28T20:16:39","slug":"amanecer-desde-fuengirola","status":"publish","type":"post","link":"https:\/\/felix.ares.fm\/?p=2780","title":{"rendered":"Amanecer desde Fuengirola"},"content":{"rendered":"<p>Los amaneceres casi siempre son bellos. El Sol ilumina las nubes que est\u00e1n cerca del horizonte y las vemos rojas. Muy rojas. Como si all\u00ed hubiera ocurrido una matanza. Incluso a veces o\u00edmos los gritos de los ca\u00eddos en la batalla.<\/p>\n<p><a href=\"http:\/\/felix.ares.fm\/?attachment_id=2782\" rel=\"attachment wp-att-2782\"><img loading=\"lazy\" decoding=\"async\" class=\"aligncenter size-full wp-image-2782\" alt=\"amanecer\" src=\"http:\/\/felix.ares.fm\/wp-content\/uploads\/2012\/12\/amanecer1.jpg\" width=\"312\" height=\"208\" srcset=\"https:\/\/felix.ares.fm\/wp-content\/uploads\/2012\/12\/amanecer1.jpg 312w, https:\/\/felix.ares.fm\/wp-content\/uploads\/2012\/12\/amanecer1-300x200.jpg 300w\" sizes=\"auto, (max-width: 312px) 100vw, 312px\" \/><\/a><\/p>\n<dl class=\"wp-caption aligncenter\" id=\"attachment_2783\" style=\"width: 218px;\">\n<dt class=\"wp-caption-dt\">Amanecer en diciembre<\/dt>\n<\/dl>\n<figure id=\"attachment_2783\" aria-describedby=\"caption-attachment-2783\" style=\"width: 208px\" class=\"wp-caption aligncenter\"><a href=\"http:\/\/felix.ares.fm\/?attachment_id=2783\" rel=\"attachment wp-att-2783\"><img loading=\"lazy\" decoding=\"async\" class=\"size-full wp-image-2783\" alt=\"Amanecer en diciembre\" src=\"http:\/\/felix.ares.fm\/wp-content\/uploads\/2012\/12\/amanecer2.jpg\" width=\"208\" height=\"312\" srcset=\"https:\/\/felix.ares.fm\/wp-content\/uploads\/2012\/12\/amanecer2.jpg 208w, https:\/\/felix.ares.fm\/wp-content\/uploads\/2012\/12\/amanecer2-200x300.jpg 200w\" sizes=\"auto, (max-width: 208px) 100vw, 208px\" \/><\/a><figcaption id=\"caption-attachment-2783\" class=\"wp-caption-text\">Amanecer en diciembre<\/figcaption><\/figure>\n<p>&nbsp;<\/p>\n<p>&nbsp;<\/p>\n","protected":false},"excerpt":{"rendered":"<p>Los amaneceres casi siempre son bellos. El Sol ilumina las nubes que est\u00e1n cerca del horizonte y las vemos rojas. Muy rojas. Como si all\u00ed hubiera ocurrido una matanza. Incluso a veces o\u00edmos los gritos de los ca\u00eddos en la batalla. Amanecer en diciembre &nbsp; &nbsp;<\/p>\n","protected":false},"author":1,"featured_media":0,"comment_status":"closed","ping_status":"open","sticky":false,"template":"","format":"standard","meta":{"footnotes":""},"categories":[262],"tags":[],"class_list":["post-2780","post","type-post","status-publish","format-standard","hentry","category-amaneceres"],"_links":{"self":[{"href":"https:\/\/felix.ares.fm\/index.php?rest_route=\/wp\/v2\/posts\/2780","targetHints":{"allow":["GET"]}}],"collection":[{"href":"https:\/\/felix.ares.fm\/index.php?rest_route=\/wp\/v2\/posts"}],"about":[{"href":"https:\/\/felix.ares.fm\/index.php?rest_route=\/wp\/v2\/types\/post"}],"author":[{"embeddable":true,"href":"https:\/\/felix.ares.fm\/index.php?rest_route=\/wp\/v2\/users\/1"}],"replies":[{"embeddable":true,"href":"https:\/\/felix.ares.fm\/index.php?rest_route=%2Fwp%2Fv2%2Fcomments&post=2780"}],"version-history":[{"count":0,"href":"https:\/\/felix.ares.fm\/index.php?rest_route=\/wp\/v2\/posts\/2780\/revisions"}],"wp:attachment":[{"href":"https:\/\/felix.ares.fm\/index.php?rest_route=%2Fwp%2Fv2%2Fmedia&parent=2780"}],"wp:term":[{"taxonomy":"category","embeddable":true,"href":"https:\/\/felix.ares.fm\/index.php?rest_route=%2Fwp%2Fv2%2Fcategories&post=2780"},{"taxonomy":"post_tag","embeddable":true,"href":"https:\/\/felix.ares.fm\/index.php?rest_route=%2Fwp%2Fv2%2Ftags&post=2780"}],"curies":[{"name":"wp","href":"https:\/\/api.w.org\/{rel}","templated":true}]}}