{"id":2720,"date":"2012-12-27T09:42:43","date_gmt":"2012-12-27T07:42:43","guid":{"rendered":"http:\/\/felix.ares.fm\/?p=2720"},"modified":"2012-12-27T10:31:11","modified_gmt":"2012-12-27T08:31:11","slug":"un-paseo-invernal-por-la-playa-de-carvajal","status":"publish","type":"post","link":"https:\/\/felix.ares.fm\/?p=2720","title":{"rendered":"Un paseo invernal por la playa de Carvajal"},"content":{"rendered":"<p>Nos acabamos de dar cuenta de que en el t\u00edtulo nos ha salido un pareado un tanto cursi. No lo pretend\u00edamos, pero ya que ha salido lo dejamos.<\/p>\n<p>La playa de Carvajal es una gran playa al <a href=\"http:\/\/www.viamichelin.es\/web\/Mapas-Planos\/Mapa_Plano-Fuengirola-_-Malaga-Espana?strLocid=31M3cwcTEwY016WXVOVE01TWc9PWNMVFF1TmpJME16VT0=\">norte<\/a> de Fuengirola. Son 1 200 metros de playa. Es una continuaci\u00f3n del Paseo Mar\u00edtimo Rey Juan Carlos que comienza en la otra punta de Fuengirola &#8211;hacia el sur.<\/p>\n<p>Reci\u00e9n estrenado el invierno nos decidimos a dar una paseo por esa preciosa playa y vimos una cuantas cosas interesantes que les vamos a mostrar.<\/p>\n<figure id=\"attachment_2710\" aria-describedby=\"caption-attachment-2710\" style=\"width: 468px\" class=\"wp-caption aligncenter\"><a href=\"http:\/\/felix.ares.fm\/?attachment_id=2710\" rel=\"attachment wp-att-2710\"><img loading=\"lazy\" decoding=\"async\" class=\"size-full wp-image-2710\" alt=\"Playa Carvajal\" src=\"http:\/\/felix.ares.fm\/wp-content\/uploads\/2012\/12\/1br10.jpg\" width=\"468\" height=\"312\" srcset=\"https:\/\/felix.ares.fm\/wp-content\/uploads\/2012\/12\/1br10.jpg 468w, https:\/\/felix.ares.fm\/wp-content\/uploads\/2012\/12\/1br10-300x200.jpg 300w\" sizes=\"auto, (max-width: 468px) 100vw, 468px\" \/><\/a><figcaption id=\"caption-attachment-2710\" class=\"wp-caption-text\">Playa Carvajal<\/figcaption><\/figure>\n<figure id=\"attachment_2721\" aria-describedby=\"caption-attachment-2721\" style=\"width: 312px\" class=\"wp-caption aligncenter\"><a href=\"http:\/\/felix.ares.fm\/?attachment_id=2721\" rel=\"attachment wp-att-2721\"><img loading=\"lazy\" decoding=\"async\" class=\"size-full wp-image-2721\" alt=\"Una imitaci\u00f3n de boliche para tener las brasas con la que hacer los espetos\" src=\"http:\/\/felix.ares.fm\/wp-content\/uploads\/2012\/12\/20_boliche_espeto_.madrid_playa.jpg\" width=\"312\" height=\"208\" srcset=\"https:\/\/felix.ares.fm\/wp-content\/uploads\/2012\/12\/20_boliche_espeto_.madrid_playa.jpg 312w, https:\/\/felix.ares.fm\/wp-content\/uploads\/2012\/12\/20_boliche_espeto_.madrid_playa-300x200.jpg 300w\" sizes=\"auto, (max-width: 312px) 100vw, 312px\" \/><\/a><figcaption id=\"caption-attachment-2721\" class=\"wp-caption-text\">Una imitaci\u00f3n de boliche para tener las brasas con la que hacer los espetos. Estamos en invierno y el establecimiento &#8211;Madrid Playa&#8211; est\u00e1 cerrado.<\/figcaption><\/figure>\n<figure id=\"attachment_2722\" aria-describedby=\"caption-attachment-2722\" style=\"width: 208px\" class=\"wp-caption aligncenter\"><a href=\"http:\/\/felix.ares.fm\/?attachment_id=2722\" rel=\"attachment wp-att-2722\"><img loading=\"lazy\" decoding=\"async\" class=\"size-full wp-image-2722\" alt=\"Bolichito para hacer espetos en el chiringuito Mart\u00edn Playa\" src=\"http:\/\/felix.ares.fm\/wp-content\/uploads\/2012\/12\/21_bolichito_espeto_playa_martin.jpg\" width=\"208\" height=\"312\" srcset=\"https:\/\/felix.ares.fm\/wp-content\/uploads\/2012\/12\/21_bolichito_espeto_playa_martin.jpg 208w, https:\/\/felix.ares.fm\/wp-content\/uploads\/2012\/12\/21_bolichito_espeto_playa_martin-200x300.jpg 200w\" sizes=\"auto, (max-width: 208px) 100vw, 208px\" \/><\/a><figcaption id=\"caption-attachment-2722\" class=\"wp-caption-text\">Bolichito para hacer espetos en el chiringuito Mart\u00edn Playa<\/figcaption><\/figure>\n<figure id=\"attachment_2723\" aria-describedby=\"caption-attachment-2723\" style=\"width: 182px\" class=\"wp-caption aligncenter\"><a href=\"http:\/\/felix.ares.fm\/?attachment_id=2723\" rel=\"attachment wp-att-2723\"><img loading=\"lazy\" decoding=\"async\" class=\"size-full wp-image-2723\" alt=\"Carta chiringuito Mart\u00edn Playa\" src=\"http:\/\/felix.ares.fm\/wp-content\/uploads\/2012\/12\/22_carta_chiringuito_martin_playa.jpg\" width=\"182\" height=\"260\" \/><\/a><figcaption id=\"caption-attachment-2723\" class=\"wp-caption-text\">Carta chiringuito Mart\u00edn Playa. En la foto no se ve muy bien por eso les damos algunos ejemplos: Caf\u00e9 e infusiones 1,50\u20ac; ca\u00f1a 1,70\u20ac; cerveza 2\u20ac; Martini 3\u20ac; Sobreano 3\u20ac; Ron Bacard\u00ed 4,50\u20ac; Whisky DyC 5\u20ac<\/figcaption><\/figure>\n<figure id=\"attachment_2724\" aria-describedby=\"caption-attachment-2724\" style=\"width: 312px\" class=\"wp-caption aligncenter\"><a href=\"http:\/\/felix.ares.fm\/?attachment_id=2724\" rel=\"attachment wp-att-2724\"><img loading=\"lazy\" decoding=\"async\" class=\"size-full wp-image-2724\" alt=\"Pajarito en Mart\u00edn Playa. No nos atrevemnos a dar el nombre del p\u00e1jaro porque no tenemos ni la menor idea\" src=\"http:\/\/felix.ares.fm\/wp-content\/uploads\/2012\/12\/23_pajarito_martin_playa.jpg\" width=\"312\" height=\"208\" srcset=\"https:\/\/felix.ares.fm\/wp-content\/uploads\/2012\/12\/23_pajarito_martin_playa.jpg 312w, https:\/\/felix.ares.fm\/wp-content\/uploads\/2012\/12\/23_pajarito_martin_playa-300x200.jpg 300w\" sizes=\"auto, (max-width: 312px) 100vw, 312px\" \/><\/a><figcaption id=\"caption-attachment-2724\" class=\"wp-caption-text\">Pajarito en Mart\u00edn Playa. No nos\u00a0atrevemos\u00a0a dar el nombre del p\u00e1jaro porque no tenemos ni la menor idea. \u00bf<a href=\"http:\/\/www.sierradebaza.org\/Fichas_fauna\/00_Aves\/09-04_gorrion\/gorrion.htm\">Gorri\u00f3n<\/a>?<\/figcaption><\/figure>\n<figure id=\"attachment_2725\" aria-describedby=\"caption-attachment-2725\" style=\"width: 282px\" class=\"wp-caption aligncenter\"><a href=\"http:\/\/felix.ares.fm\/?attachment_id=2725\" rel=\"attachment wp-att-2725\"><img loading=\"lazy\" decoding=\"async\" class=\"size-full wp-image-2725\" alt=\"En una e las paredes de Mart\u00edn Playa hay una bonita cer\u00e1mica en la que se ve a un pescador en plena faena\" src=\"http:\/\/felix.ares.fm\/wp-content\/uploads\/2012\/12\/24_boliche_espeto_.madrid_playa.jpg\" width=\"282\" height=\"168\" \/><\/a><figcaption id=\"caption-attachment-2725\" class=\"wp-caption-text\">En una e las paredes de Mart\u00edn Playa hay una bonita cer\u00e1mica en la que se ve a un pescador en plena faena<\/figcaption><\/figure>\n<p>&nbsp;<\/p>\n<figure id=\"attachment_2726\" aria-describedby=\"caption-attachment-2726\" style=\"width: 208px\" class=\"wp-caption aligncenter\"><a href=\"http:\/\/felix.ares.fm\/?attachment_id=2726\" rel=\"attachment wp-att-2726\"><img loading=\"lazy\" decoding=\"async\" class=\"size-full wp-image-2726\" alt=\"Un pinsapo en el Paseo Mar\u00edtimo\" src=\"http:\/\/felix.ares.fm\/wp-content\/uploads\/2012\/12\/25_pinsapo_torreblanca.jpg\" width=\"208\" height=\"255\" \/><\/a><figcaption id=\"caption-attachment-2726\" class=\"wp-caption-text\">Un pinsapo en el Paseo Mar\u00edtimo<\/figcaption><\/figure>\n<p>&nbsp;<\/p>\n<figure id=\"attachment_2727\" aria-describedby=\"caption-attachment-2727\" style=\"width: 312px\" class=\"wp-caption aligncenter\"><a href=\"http:\/\/felix.ares.fm\/?attachment_id=2727\" rel=\"attachment wp-att-2727\"><img loading=\"lazy\" decoding=\"async\" class=\"size-full wp-image-2727\" alt=\"Detalle del pinsapo, con sus pi\u00f1as.\" src=\"http:\/\/felix.ares.fm\/wp-content\/uploads\/2012\/12\/26_pinsapo_con_pinnas_torreblanca.jpg\" width=\"312\" height=\"208\" srcset=\"https:\/\/felix.ares.fm\/wp-content\/uploads\/2012\/12\/26_pinsapo_con_pinnas_torreblanca.jpg 312w, https:\/\/felix.ares.fm\/wp-content\/uploads\/2012\/12\/26_pinsapo_con_pinnas_torreblanca-300x200.jpg 300w\" sizes=\"auto, (max-width: 312px) 100vw, 312px\" \/><\/a><figcaption id=\"caption-attachment-2727\" class=\"wp-caption-text\">Detalle del pinsapo, con sus pi\u00f1as.<\/figcaption><\/figure>\n<figure id=\"attachment_2728\" aria-describedby=\"caption-attachment-2728\" style=\"width: 312px\" class=\"wp-caption aligncenter\"><a href=\"http:\/\/felix.ares.fm\/?attachment_id=2728\" rel=\"attachment wp-att-2728\"><img loading=\"lazy\" decoding=\"async\" class=\"size-full wp-image-2728\" alt=\"Art\u00edstico anuncio del chiringuito Oasis\" src=\"http:\/\/felix.ares.fm\/wp-content\/uploads\/2012\/12\/31_chiringuito_Oasis.carvajal.jpg\" width=\"312\" height=\"208\" srcset=\"https:\/\/felix.ares.fm\/wp-content\/uploads\/2012\/12\/31_chiringuito_Oasis.carvajal.jpg 312w, https:\/\/felix.ares.fm\/wp-content\/uploads\/2012\/12\/31_chiringuito_Oasis.carvajal-300x200.jpg 300w\" sizes=\"auto, (max-width: 312px) 100vw, 312px\" \/><\/a><figcaption id=\"caption-attachment-2728\" class=\"wp-caption-text\">Art\u00edstico anuncio del chiringuito Oasis<\/figcaption><\/figure>\n<figure id=\"attachment_2729\" aria-describedby=\"caption-attachment-2729\" style=\"width: 312px\" class=\"wp-caption aligncenter\"><a href=\"http:\/\/felix.ares.fm\/?attachment_id=2729\" rel=\"attachment wp-att-2729\"><img loading=\"lazy\" decoding=\"async\" class=\"size-full wp-image-2729\" alt=\"Una vista del chiringuito Oasis cerrado.\" src=\"http:\/\/felix.ares.fm\/wp-content\/uploads\/2012\/12\/32_chiringuito_Oasis.carvajal.jpg\" width=\"312\" height=\"208\" srcset=\"https:\/\/felix.ares.fm\/wp-content\/uploads\/2012\/12\/32_chiringuito_Oasis.carvajal.jpg 312w, https:\/\/felix.ares.fm\/wp-content\/uploads\/2012\/12\/32_chiringuito_Oasis.carvajal-300x200.jpg 300w\" sizes=\"auto, (max-width: 312px) 100vw, 312px\" \/><\/a><figcaption id=\"caption-attachment-2729\" class=\"wp-caption-text\">Una vista del chiringuito Oasis cerrado. La imagen nos da cierta sensaci\u00f3n de invierno. Sol bajo, sombras largas, soledad&#8230;<\/figcaption><\/figure>\n<figure id=\"attachment_2731\" aria-describedby=\"caption-attachment-2731\" style=\"width: 208px\" class=\"wp-caption aligncenter\"><a href=\"http:\/\/felix.ares.fm\/?attachment_id=2731\" rel=\"attachment wp-att-2731\"><img loading=\"lazy\" decoding=\"async\" class=\"size-full wp-image-2731\" alt=\"Cervecer\u00eda Gambrinus\" src=\"http:\/\/felix.ares.fm\/wp-content\/uploads\/2012\/12\/34_cerveceria_gambrinus.carvajal.jpg\" width=\"208\" height=\"312\" srcset=\"https:\/\/felix.ares.fm\/wp-content\/uploads\/2012\/12\/34_cerveceria_gambrinus.carvajal.jpg 208w, https:\/\/felix.ares.fm\/wp-content\/uploads\/2012\/12\/34_cerveceria_gambrinus.carvajal-200x300.jpg 200w\" sizes=\"auto, (max-width: 208px) 100vw, 208px\" \/><\/a><figcaption id=\"caption-attachment-2731\" class=\"wp-caption-text\">Cervecer\u00eda Gambrinus<\/figcaption><\/figure>\n<p>Enfrente del chiringuito Oasis est\u00e1 la cervecer\u00eda Gambrinus, una de las muchas que hay en Espa\u00f1a. Todas las\u00a0cervecer\u00edas\u00a0Gambrinus tienen una decoraci\u00f3n muy atractiva, pero no sabemos muy bien por qu\u00e9 esta nos gusta especialmente. Tal vez las escaleras, tal vez los arcos, tal vez el sugerente\u00a0sol\u00e1rium.<\/p>\n<figure style=\"width: 312px\" class=\"wp-caption aligncenter\"><a href=\"http:\/\/felix.ares.fm\/?attachment_id=2732\" rel=\"attachment wp-att-2732\"><img loading=\"lazy\" decoding=\"async\" class=\"size-full wp-image-2732\" alt=\"Est\u00e1 ubicado en el n\u00famero xx del Paseo Maritimo\" src=\"http:\/\/felix.ares.fm\/wp-content\/uploads\/2012\/12\/35_gambrinusUbicacionPaseoM.carvajal.jpg\" width=\"312\" height=\"208\" srcset=\"https:\/\/felix.ares.fm\/wp-content\/uploads\/2012\/12\/35_gambrinusUbicacionPaseoM.carvajal.jpg 312w, https:\/\/felix.ares.fm\/wp-content\/uploads\/2012\/12\/35_gambrinusUbicacionPaseoM.carvajal-300x200.jpg 300w\" sizes=\"auto, (max-width: 312px) 100vw, 312px\" \/><\/a><figcaption class=\"wp-caption-text\">Est\u00e1 ubicado en el n\u00famero 132 del Paseo<\/figcaption><\/figure>\n<p><span style=\"font-size: 11.199999809265137px; line-height: 17px;\" data-mce-mark=\"1\">Mar\u00edtimo.<\/span><\/p>\n<figure id=\"attachment_2733\" aria-describedby=\"caption-attachment-2733\" style=\"width: 188px\" class=\"wp-caption aligncenter\"><a href=\"http:\/\/felix.ares.fm\/?attachment_id=2733\" rel=\"attachment wp-att-2733\"><img loading=\"lazy\" decoding=\"async\" class=\"size-full wp-image-2733\" alt=\"En su carta hay cosas interesantes; por ejemplo espetos de sardinas a tan solo 4\u20ac.\" src=\"http:\/\/felix.ares.fm\/wp-content\/uploads\/2012\/12\/36_espeto-sardina_gambrinus_4.carvajal.jpg\" width=\"188\" height=\"297\" \/><\/a><figcaption id=\"caption-attachment-2733\" class=\"wp-caption-text\">En su carta hay cosas interesantes; por ejemplo espetos de sardinas a tan solo 4\u20ac.<\/figcaption><\/figure>\n<p>Ya sabemos que el invierno no es una buena \u00e9poca para los espetos de sardinas, pues cuando est\u00e1n bien gordas y con una sabrosa grasa es en julio y agosto; pero si uno est\u00e1 de paso en invierno no hay que desperdiciar la ocasi\u00f3n. Las sardinas no ser\u00e1n tan buenas como en los meses de verano, pero estar\u00e1n muy bien.<\/p>\n<figure id=\"attachment_2734\" aria-describedby=\"caption-attachment-2734\" style=\"width: 205px\" class=\"wp-caption aligncenter\"><a href=\"http:\/\/felix.ares.fm\/?attachment_id=2734\" rel=\"attachment wp-att-2734\"><img loading=\"lazy\" decoding=\"async\" class=\"size-full wp-image-2734\" alt=\"Otros detalles de la carta.\" src=\"http:\/\/felix.ares.fm\/wp-content\/uploads\/2012\/12\/37_otrosItemsCarta_gambrinus.carvajal.jpg\" width=\"205\" height=\"289\" \/><\/a><figcaption id=\"caption-attachment-2734\" class=\"wp-caption-text\">Otros detalles de la carta.<\/figcaption><\/figure>\n<figure id=\"attachment_2735\" aria-describedby=\"caption-attachment-2735\" style=\"width: 312px\" class=\"wp-caption aligncenter\"><a href=\"http:\/\/felix.ares.fm\/?attachment_id=2735\" rel=\"attachment wp-att-2735\"><img loading=\"lazy\" decoding=\"async\" class=\"size-full wp-image-2735\" alt=\"El atractivo solarium. \u00bfA que un soledo d\u00eda de invierno dan ganas de ponerse tras esos cristales?\" src=\"http:\/\/felix.ares.fm\/wp-content\/uploads\/2012\/12\/38_solariu_gambrinus.carvajal.jpg\" width=\"312\" height=\"208\" srcset=\"https:\/\/felix.ares.fm\/wp-content\/uploads\/2012\/12\/38_solariu_gambrinus.carvajal.jpg 312w, https:\/\/felix.ares.fm\/wp-content\/uploads\/2012\/12\/38_solariu_gambrinus.carvajal-300x200.jpg 300w\" sizes=\"auto, (max-width: 312px) 100vw, 312px\" \/><\/a><figcaption id=\"caption-attachment-2735\" class=\"wp-caption-text\">El atractivo\u00a0sol\u00e1rium\u00a0 \u00bfA que un\u00a0soleado\u00a0d\u00eda de invierno dan ganas de ponerse tras esos cristales?<\/figcaption><\/figure>\n<p>Al lado de Gambrinus hay un edificio que se llama \u00abLas Antillas\u00bb con esos nombres en cer\u00e1mica tan t\u00edpicos y bellos de Fuengirola.<\/p>\n<figure id=\"attachment_2736\" aria-describedby=\"caption-attachment-2736\" style=\"width: 312px\" class=\"wp-caption aligncenter\"><a href=\"http:\/\/felix.ares.fm\/?attachment_id=2736\" rel=\"attachment wp-att-2736\"><img loading=\"lazy\" decoding=\"async\" class=\"size-full wp-image-2736\" alt=\"Letrero de &quot;Las Antillas&quot;\" src=\"http:\/\/felix.ares.fm\/wp-content\/uploads\/2012\/12\/39_edif_las_antillas.jpg\" width=\"312\" height=\"208\" srcset=\"https:\/\/felix.ares.fm\/wp-content\/uploads\/2012\/12\/39_edif_las_antillas.jpg 312w, https:\/\/felix.ares.fm\/wp-content\/uploads\/2012\/12\/39_edif_las_antillas-300x200.jpg 300w\" sizes=\"auto, (max-width: 312px) 100vw, 312px\" \/><\/a><figcaption id=\"caption-attachment-2736\" class=\"wp-caption-text\">Letrero de \u00abLas Antillas\u00bb<\/figcaption><\/figure>\n<p>&nbsp;<\/p>\n<p>Muy cerca de Gambrinus est\u00e1 el Restaurante Salvador \u00abEl Lotero\u00bb.<\/p>\n<figure id=\"attachment_2737\" aria-describedby=\"caption-attachment-2737\" style=\"width: 312px\" class=\"wp-caption aligncenter\"><a href=\"http:\/\/felix.ares.fm\/?attachment_id=2737\" rel=\"attachment wp-att-2737\"><img loading=\"lazy\" decoding=\"async\" class=\"size-full wp-image-2737\" alt=\"Restaurante Salvador &quot;El lotero&quot;\" src=\"http:\/\/felix.ares.fm\/wp-content\/uploads\/2012\/12\/40_restaurante_salvador_el_lotero.carvajal.jpg\" width=\"312\" height=\"208\" srcset=\"https:\/\/felix.ares.fm\/wp-content\/uploads\/2012\/12\/40_restaurante_salvador_el_lotero.carvajal.jpg 312w, https:\/\/felix.ares.fm\/wp-content\/uploads\/2012\/12\/40_restaurante_salvador_el_lotero.carvajal-300x200.jpg 300w\" sizes=\"auto, (max-width: 312px) 100vw, 312px\" \/><\/a><figcaption id=\"caption-attachment-2737\" class=\"wp-caption-text\">Restaurante Salvador \u00abEl lotero\u00bb<\/figcaption><\/figure>\n<figure id=\"attachment_2738\" aria-describedby=\"caption-attachment-2738\" style=\"width: 312px\" class=\"wp-caption aligncenter\"><a href=\"http:\/\/felix.ares.fm\/?attachment_id=2738\" rel=\"attachment wp-att-2738\"><img loading=\"lazy\" decoding=\"async\" class=\"size-full wp-image-2738\" alt=\"Otro precioso letrero del restaurante Salvador &quot;El lotero&quot;\" src=\"http:\/\/felix.ares.fm\/wp-content\/uploads\/2012\/12\/41_restaurante_salvador_el_lotero.carvajal.jpg\" width=\"312\" height=\"208\" srcset=\"https:\/\/felix.ares.fm\/wp-content\/uploads\/2012\/12\/41_restaurante_salvador_el_lotero.carvajal.jpg 312w, https:\/\/felix.ares.fm\/wp-content\/uploads\/2012\/12\/41_restaurante_salvador_el_lotero.carvajal-300x200.jpg 300w\" sizes=\"auto, (max-width: 312px) 100vw, 312px\" \/><\/a><figcaption id=\"caption-attachment-2738\" class=\"wp-caption-text\">Otro precioso letrero del restaurante Salvador \u00abEl lotero\u00bb<\/figcaption><\/figure>\n<figure id=\"attachment_2742\" aria-describedby=\"caption-attachment-2742\" style=\"width: 208px\" class=\"wp-caption aligncenter\"><a href=\"http:\/\/felix.ares.fm\/?attachment_id=2742\" rel=\"attachment wp-att-2742\"><img loading=\"lazy\" decoding=\"async\" class=\"size-full wp-image-2742\" alt=\"El bolichito para espetos del restaurante Salvador\" src=\"http:\/\/felix.ares.fm\/wp-content\/uploads\/2012\/12\/45_restaurante_salvador_el_lotero.carvajal.jpg\" width=\"208\" height=\"222\" \/><\/a><figcaption id=\"caption-attachment-2742\" class=\"wp-caption-text\">El bolichito para espetos del restaurante Salvador<\/figcaption><\/figure>\n<figure id=\"attachment_2739\" aria-describedby=\"caption-attachment-2739\" style=\"width: 208px\" class=\"wp-caption aligncenter\"><a href=\"http:\/\/felix.ares.fm\/?attachment_id=2739\" rel=\"attachment wp-att-2739\"><img loading=\"lazy\" decoding=\"async\" class=\"size-full wp-image-2739\" alt=\"Espetos de sardinas 4\u20ac\" src=\"http:\/\/felix.ares.fm\/wp-content\/uploads\/2012\/12\/42_espetos_sardinas_4.carvajal.jpg\" width=\"208\" height=\"312\" srcset=\"https:\/\/felix.ares.fm\/wp-content\/uploads\/2012\/12\/42_espetos_sardinas_4.carvajal.jpg 208w, https:\/\/felix.ares.fm\/wp-content\/uploads\/2012\/12\/42_espetos_sardinas_4.carvajal-200x300.jpg 200w\" sizes=\"auto, (max-width: 208px) 100vw, 208px\" \/><\/a><figcaption id=\"caption-attachment-2739\" class=\"wp-caption-text\">Espetos de sardinas 4\u20ac<\/figcaption><\/figure>\n<figure id=\"attachment_2740\" aria-describedby=\"caption-attachment-2740\" style=\"width: 208px\" class=\"wp-caption aligncenter\"><a href=\"http:\/\/felix.ares.fm\/?attachment_id=2740\" rel=\"attachment wp-att-2740\"><img loading=\"lazy\" decoding=\"async\" class=\"size-full wp-image-2740\" alt=\"Carta Restaurante Salvador &quot;El lotero&quot;\" src=\"http:\/\/felix.ares.fm\/wp-content\/uploads\/2012\/12\/43_restaurante_salvador_el_lotero.carvajal.jpg\" width=\"208\" height=\"312\" srcset=\"https:\/\/felix.ares.fm\/wp-content\/uploads\/2012\/12\/43_restaurante_salvador_el_lotero.carvajal.jpg 208w, https:\/\/felix.ares.fm\/wp-content\/uploads\/2012\/12\/43_restaurante_salvador_el_lotero.carvajal-200x300.jpg 200w\" sizes=\"auto, (max-width: 208px) 100vw, 208px\" \/><\/a><figcaption id=\"caption-attachment-2740\" class=\"wp-caption-text\">Carta Restaurante Salvador \u00abEl lotero\u00bb. Unos ejemplos de lo que pone: Sopa de cebolla 5\u20ac, Gambas a la\u00a0plancha\u00a015\u20ac, Entrecot a la plancha 12\u20ac, Huevos fritos con patatas 4,60\u20ac, Paella mixta 10\u20ac.<\/figcaption><\/figure>\n<p>&nbsp;<\/p>\n<figure id=\"attachment_2741\" aria-describedby=\"caption-attachment-2741\" style=\"width: 312px\" class=\"wp-caption aligncenter\"><a href=\"http:\/\/felix.ares.fm\/?attachment_id=2741\" rel=\"attachment wp-att-2741\"><img loading=\"lazy\" decoding=\"async\" class=\"size-full wp-image-2741\" alt=\"Pirograbado con el nombre del chiringuito El lotero&quot;\" src=\"http:\/\/felix.ares.fm\/wp-content\/uploads\/2012\/12\/44_restaurante_salvador_el_lotero.carvajal.jpg\" width=\"312\" height=\"208\" srcset=\"https:\/\/felix.ares.fm\/wp-content\/uploads\/2012\/12\/44_restaurante_salvador_el_lotero.carvajal.jpg 312w, https:\/\/felix.ares.fm\/wp-content\/uploads\/2012\/12\/44_restaurante_salvador_el_lotero.carvajal-300x200.jpg 300w\" sizes=\"auto, (max-width: 312px) 100vw, 312px\" \/><\/a><figcaption id=\"caption-attachment-2741\" class=\"wp-caption-text\">Pirograbado con el nombre del chiringuito El lotero\u00bb<\/figcaption><\/figure>\n<figure id=\"attachment_2743\" aria-describedby=\"caption-attachment-2743\" style=\"width: 312px\" class=\"wp-caption aligncenter\"><a href=\"http:\/\/felix.ares.fm\/?attachment_id=2743\" rel=\"attachment wp-att-2743\"><img loading=\"lazy\" decoding=\"async\" class=\"size-full wp-image-2743\" alt=\"Un detalle de sus brasas\" src=\"http:\/\/felix.ares.fm\/wp-content\/uploads\/2012\/12\/46_restaurante_salvador_el_lotero.carvajal.jpg\" width=\"312\" height=\"208\" srcset=\"https:\/\/felix.ares.fm\/wp-content\/uploads\/2012\/12\/46_restaurante_salvador_el_lotero.carvajal.jpg 312w, https:\/\/felix.ares.fm\/wp-content\/uploads\/2012\/12\/46_restaurante_salvador_el_lotero.carvajal-300x200.jpg 300w\" sizes=\"auto, (max-width: 312px) 100vw, 312px\" \/><\/a><figcaption id=\"caption-attachment-2743\" class=\"wp-caption-text\">Un detalle de sus brasas<\/figcaption><\/figure>\n<figure id=\"attachment_2744\" aria-describedby=\"caption-attachment-2744\" style=\"width: 312px\" class=\"wp-caption aligncenter\"><a href=\"http:\/\/felix.ares.fm\/?attachment_id=2744\" rel=\"attachment wp-att-2744\"><img loading=\"lazy\" decoding=\"async\" class=\"size-full wp-image-2744\" alt=\"Un primer plano de las brasas.\" src=\"http:\/\/felix.ares.fm\/wp-content\/uploads\/2012\/12\/47_restaurante_salvador_el_lotero.carvajal.jpg\" width=\"312\" height=\"208\" srcset=\"https:\/\/felix.ares.fm\/wp-content\/uploads\/2012\/12\/47_restaurante_salvador_el_lotero.carvajal.jpg 312w, https:\/\/felix.ares.fm\/wp-content\/uploads\/2012\/12\/47_restaurante_salvador_el_lotero.carvajal-300x200.jpg 300w\" sizes=\"auto, (max-width: 312px) 100vw, 312px\" \/><\/a><figcaption id=\"caption-attachment-2744\" class=\"wp-caption-text\">Un primer plano de las brasas.<\/figcaption><\/figure>\n<p>&nbsp;<\/p>\n<figure id=\"attachment_2745\" aria-describedby=\"caption-attachment-2745\" style=\"width: 292px\" class=\"wp-caption aligncenter\"><a href=\"http:\/\/felix.ares.fm\/?attachment_id=2745\" rel=\"attachment wp-att-2745\"><img loading=\"lazy\" decoding=\"async\" class=\"size-full wp-image-2745\" alt=\"En la pared que mira al este hay u cuadro de cer\u00e1mica bastante bonito con im\u00e1genes de Fuengriola, por ejemplo el Castillo y los bolichitos, pero que se ven estropeados por esa fea puerta azul.\" src=\"http:\/\/felix.ares.fm\/wp-content\/uploads\/2012\/12\/48_restaurante_salvador_el_lotero.carvajal.jpg\" width=\"292\" height=\"130\" \/><\/a><figcaption id=\"caption-attachment-2745\" class=\"wp-caption-text\">En la pared que mira al este hay u cuadro de cer\u00e1mica bastante bonito con im\u00e1genes de Fuengirola, por ejemplo el Castillo y los bolichitos, pero que se ven estropeados por esa fea puerta azul.<\/figcaption><\/figure>\n<figure id=\"attachment_2747\" aria-describedby=\"caption-attachment-2747\" style=\"width: 298px\" class=\"wp-caption aligncenter\"><a href=\"http:\/\/felix.ares.fm\/?attachment_id=2747\" rel=\"attachment wp-att-2747\"><img loading=\"lazy\" decoding=\"async\" class=\"size-full wp-image-2747\" alt=\"Un detalle de la cer\u00e1mica con su bolichito lleno de espetos de sardinas.\" src=\"http:\/\/felix.ares.fm\/wp-content\/uploads\/2012\/12\/50br-0.jpg\" width=\"298\" height=\"200\" \/><\/a><figcaption id=\"caption-attachment-2747\" class=\"wp-caption-text\">Un detalle de la cer\u00e1mica con su bolichito lleno de espetos de sardinas.<\/figcaption><\/figure>\n<figure id=\"attachment_2748\" aria-describedby=\"caption-attachment-2748\" style=\"width: 631px\" class=\"wp-caption aligncenter\"><a href=\"http:\/\/felix.ares.fm\/?attachment_id=2748\" rel=\"attachment wp-att-2748\"><img loading=\"lazy\" decoding=\"async\" class=\"size-full wp-image-2748\" alt=\"Otro detalle: el castillo de Sohail.\" src=\"http:\/\/felix.ares.fm\/wp-content\/uploads\/2012\/12\/51br.jpg\" width=\"631\" height=\"140\" srcset=\"https:\/\/felix.ares.fm\/wp-content\/uploads\/2012\/12\/51br.jpg 631w, https:\/\/felix.ares.fm\/wp-content\/uploads\/2012\/12\/51br-300x66.jpg 300w\" sizes=\"auto, (max-width: 631px) 100vw, 631px\" \/><\/a><figcaption id=\"caption-attachment-2748\" class=\"wp-caption-text\">Otro detalle: el castillo de Sohail.<\/figcaption><\/figure>\n<figure id=\"attachment_2749\" aria-describedby=\"caption-attachment-2749\" style=\"width: 208px\" class=\"wp-caption aligncenter\"><a href=\"http:\/\/felix.ares.fm\/?attachment_id=2749\" rel=\"attachment wp-att-2749\"><img loading=\"lazy\" decoding=\"async\" class=\"size-full wp-image-2749\" alt=\"Un primer\u00edsimo plano de los espetos.\" src=\"http:\/\/felix.ares.fm\/wp-content\/uploads\/2012\/12\/52_restaurante_salvador_el_lotero.carvajal.jpg\" width=\"208\" height=\"312\" srcset=\"https:\/\/felix.ares.fm\/wp-content\/uploads\/2012\/12\/52_restaurante_salvador_el_lotero.carvajal.jpg 208w, https:\/\/felix.ares.fm\/wp-content\/uploads\/2012\/12\/52_restaurante_salvador_el_lotero.carvajal-200x300.jpg 200w\" sizes=\"auto, (max-width: 208px) 100vw, 208px\" \/><\/a><figcaption id=\"caption-attachment-2749\" class=\"wp-caption-text\">Un primer\u00edsimo plano de los espetos.<\/figcaption><\/figure>\n<figure id=\"attachment_2750\" aria-describedby=\"caption-attachment-2750\" style=\"width: 312px\" class=\"wp-caption aligncenter\"><a href=\"http:\/\/felix.ares.fm\/?attachment_id=2750\" rel=\"attachment wp-att-2750\"><img loading=\"lazy\" decoding=\"async\" class=\"size-full wp-image-2750\" alt=\"Todav\u00eda m\u00e1s cerca. Se nos est\u00e1 haciendo agua en la boca. \u00a1Y qu\u00e9 bien huele!\" src=\"http:\/\/felix.ares.fm\/wp-content\/uploads\/2012\/12\/53_restaurante_salvador_el_lotero.carvajal.jpg\" width=\"312\" height=\"208\" srcset=\"https:\/\/felix.ares.fm\/wp-content\/uploads\/2012\/12\/53_restaurante_salvador_el_lotero.carvajal.jpg 312w, https:\/\/felix.ares.fm\/wp-content\/uploads\/2012\/12\/53_restaurante_salvador_el_lotero.carvajal-300x200.jpg 300w\" sizes=\"auto, (max-width: 312px) 100vw, 312px\" \/><\/a><figcaption id=\"caption-attachment-2750\" class=\"wp-caption-text\">Todav\u00eda m\u00e1s cerca. Se nos est\u00e1 haciendo agua en la boca. \u00a1Y qu\u00e9 bien huele!<\/figcaption><\/figure>\n<figure id=\"attachment_2754\" aria-describedby=\"caption-attachment-2754\" style=\"width: 193px\" class=\"wp-caption aligncenter\"><a href=\"http:\/\/felix.ares.fm\/?attachment_id=2754\" rel=\"attachment wp-att-2754\"><img loading=\"lazy\" decoding=\"async\" class=\"size-full wp-image-2754\" alt=\"&quot;Moj\u00f3n&quot; con el nombre del Paseo Mar\u00edtimo.\" src=\"http:\/\/felix.ares.fm\/wp-content\/uploads\/2012\/12\/55.paseoMaritimocarvajal.jpg\" width=\"193\" height=\"310\" srcset=\"https:\/\/felix.ares.fm\/wp-content\/uploads\/2012\/12\/55.paseoMaritimocarvajal.jpg 193w, https:\/\/felix.ares.fm\/wp-content\/uploads\/2012\/12\/55.paseoMaritimocarvajal-186x300.jpg 186w\" sizes=\"auto, (max-width: 193px) 100vw, 193px\" \/><\/a><figcaption id=\"caption-attachment-2754\" class=\"wp-caption-text\">\u00abMoj\u00f3n\u00bb con el nombre del Paseo Mar\u00edtimo.<\/figcaption><\/figure>\n<figure id=\"attachment_2755\" aria-describedby=\"caption-attachment-2755\" style=\"width: 312px\" class=\"wp-caption aligncenter\"><a href=\"http:\/\/felix.ares.fm\/?attachment_id=2755\" rel=\"attachment wp-att-2755\"><img loading=\"lazy\" decoding=\"async\" class=\"size-full wp-image-2755\" alt=\"Se\u00f1al de tr\u00e1fico indicando la playa de Carvajal.\" src=\"http:\/\/felix.ares.fm\/wp-content\/uploads\/2012\/12\/56_playa_carrvajal.jpg\" width=\"312\" height=\"208\" srcset=\"https:\/\/felix.ares.fm\/wp-content\/uploads\/2012\/12\/56_playa_carrvajal.jpg 312w, https:\/\/felix.ares.fm\/wp-content\/uploads\/2012\/12\/56_playa_carrvajal-300x200.jpg 300w\" sizes=\"auto, (max-width: 312px) 100vw, 312px\" \/><\/a><figcaption id=\"caption-attachment-2755\" class=\"wp-caption-text\">Se\u00f1al de tr\u00e1fico indicando la playa de Carvajal.<\/figcaption><\/figure>\n<p>Un poco m\u00e1s adelante del restuarante Salvador hay una cuesta que nos lleva al apeadero del tren de cercan\u00edas \u00abCarvajal\u00bb. Es bonito, pero las escaleras desaniman un poco.<\/p>\n<figure id=\"attachment_2756\" aria-describedby=\"caption-attachment-2756\" style=\"width: 208px\" class=\"wp-caption aligncenter\"><a href=\"http:\/\/felix.ares.fm\/?attachment_id=2756\" rel=\"attachment wp-att-2756\"><img loading=\"lazy\" decoding=\"async\" class=\"size-full wp-image-2756\" alt=\"Indicaciones para llegar a la estaci\u00f3n de Carvajal.\" src=\"http:\/\/felix.ares.fm\/wp-content\/uploads\/2012\/12\/57_subida_estacion_carrvajal.jpg\" width=\"208\" height=\"312\" srcset=\"https:\/\/felix.ares.fm\/wp-content\/uploads\/2012\/12\/57_subida_estacion_carrvajal.jpg 208w, https:\/\/felix.ares.fm\/wp-content\/uploads\/2012\/12\/57_subida_estacion_carrvajal-200x300.jpg 200w\" sizes=\"auto, (max-width: 208px) 100vw, 208px\" \/><\/a><figcaption id=\"caption-attachment-2756\" class=\"wp-caption-text\">Indicaciones para llegar a la estaci\u00f3n de Carvajal.<\/figcaption><\/figure>\n<figure id=\"attachment_2757\" aria-describedby=\"caption-attachment-2757\" style=\"width: 208px\" class=\"wp-caption aligncenter\"><a href=\"http:\/\/felix.ares.fm\/?attachment_id=2757\" rel=\"attachment wp-att-2757\"><img loading=\"lazy\" decoding=\"async\" class=\"size-full wp-image-2757\" alt=\"Las escaleras que desaniman\" src=\"http:\/\/felix.ares.fm\/wp-content\/uploads\/2012\/12\/58_subida_estacion_carrvajal.jpg\" width=\"208\" height=\"312\" srcset=\"https:\/\/felix.ares.fm\/wp-content\/uploads\/2012\/12\/58_subida_estacion_carrvajal.jpg 208w, https:\/\/felix.ares.fm\/wp-content\/uploads\/2012\/12\/58_subida_estacion_carrvajal-200x300.jpg 200w\" sizes=\"auto, (max-width: 208px) 100vw, 208px\" \/><\/a><figcaption id=\"caption-attachment-2757\" class=\"wp-caption-text\">Las escaleras que desaniman.<\/figcaption><\/figure>\n<figure id=\"attachment_2758\" aria-describedby=\"caption-attachment-2758\" style=\"width: 208px\" class=\"wp-caption aligncenter\"><a href=\"http:\/\/felix.ares.fm\/?attachment_id=2758\" rel=\"attachment wp-att-2758\"><img loading=\"lazy\" decoding=\"async\" class=\"size-full wp-image-2758\" alt=\"Estaci\u00f3n de Carvajal.\" src=\"http:\/\/felix.ares.fm\/wp-content\/uploads\/2012\/12\/59_estacion_carrvajal.jpg\" width=\"208\" height=\"312\" srcset=\"https:\/\/felix.ares.fm\/wp-content\/uploads\/2012\/12\/59_estacion_carrvajal.jpg 208w, https:\/\/felix.ares.fm\/wp-content\/uploads\/2012\/12\/59_estacion_carrvajal-200x300.jpg 200w\" sizes=\"auto, (max-width: 208px) 100vw, 208px\" \/><\/a><figcaption id=\"caption-attachment-2758\" class=\"wp-caption-text\">Estaci\u00f3n de Carvajal.<\/figcaption><\/figure>\n<p>&nbsp;<\/p>\n<figure id=\"attachment_2760\" aria-describedby=\"caption-attachment-2760\" style=\"width: 312px\" class=\"wp-caption aligncenter\"><a href=\"http:\/\/felix.ares.fm\/?attachment_id=2760\" rel=\"attachment wp-att-2760\"><img loading=\"lazy\" decoding=\"async\" class=\"size-full wp-image-2760\" alt=\"Otro de talle de la estaci\u00f3n con la estupa budista de Benalm\u00e1dena en el centro.\" src=\"http:\/\/felix.ares.fm\/wp-content\/uploads\/2012\/12\/61_estacion_carrvajal.jpg\" width=\"312\" height=\"208\" srcset=\"https:\/\/felix.ares.fm\/wp-content\/uploads\/2012\/12\/61_estacion_carrvajal.jpg 312w, https:\/\/felix.ares.fm\/wp-content\/uploads\/2012\/12\/61_estacion_carrvajal-300x200.jpg 300w\" sizes=\"auto, (max-width: 312px) 100vw, 312px\" \/><\/a><figcaption id=\"caption-attachment-2760\" class=\"wp-caption-text\">Otro de talle de la estaci\u00f3n con la estupa budista de Benalm\u00e1dena en el centro.<\/figcaption><\/figure>\n<p>&nbsp;<\/p>\n<p>Y aqu\u00ed acab\u00f3 el paseo. Merece la pena hacerlo. Y ya ven que se puede jacer a pie y luego volver en el tren de cercan\u00edas o en el autob\u00fas.<\/p>\n<p><a href=\"http:\/\/felix.ares.fm\/?attachment_id=2622\" rel=\"attachment wp-att-2622\"><img loading=\"lazy\" decoding=\"async\" class=\"aligncenter size-full wp-image-2622\" alt=\"emailTapas\" src=\"http:\/\/felix.ares.fm\/wp-content\/uploads\/2012\/12\/emailTapas10-e1356588214282.png\" width=\"314\" height=\"145\" \/><\/a><\/p>\n<p>&nbsp;<\/p>\n<p>&nbsp;<\/p>\n<p>&nbsp;<\/p>\n<p><a href=\"http:\/\/felix.ares.fm\/?attachment_id=2756\" rel=\"attachment wp-att-2756\"><br \/>\n<\/a><\/p>\n<p>&nbsp;<\/p>\n<p><a href=\"http:\/\/felix.ares.fm\/?attachment_id=2755\" rel=\"attachment wp-att-2755\"><br \/>\n<\/a> <a href=\"http:\/\/felix.ares.fm\/?attachment_id=2756\" rel=\"attachment wp-att-2756\"><br \/>\n<\/a> <a href=\"http:\/\/felix.ares.fm\/?attachment_id=2757\" rel=\"attachment wp-att-2757\"><br \/>\n<\/a> <a href=\"http:\/\/felix.ares.fm\/?attachment_id=2758\" rel=\"attachment wp-att-2758\"><br \/>\n<\/a> <a href=\"http:\/\/felix.ares.fm\/?attachment_id=2759\" rel=\"attachment wp-att-2759\"><br \/>\n<\/a> <a href=\"http:\/\/felix.ares.fm\/?attachment_id=2760\" rel=\"attachment wp-att-2760\"><br \/>\n<\/a><\/p>\n<p>&nbsp;<\/p>\n<p>&nbsp;<\/p>\n<p>&nbsp;<\/p>\n<p>&nbsp;<\/p>\n<p>&nbsp;<\/p>\n<p>&nbsp;<\/p>\n<p>&nbsp;<\/p>\n<p>&nbsp;<\/p>\n<p>&nbsp;<\/p>\n<p>&nbsp;<\/p>\n<p>&nbsp;<\/p>\n<p>&nbsp;<\/p>\n<p>&nbsp;<\/p>\n<p>&nbsp;<\/p>\n<p>&nbsp;<\/p>\n<p>&nbsp;<\/p>\n<p><a href=\"http:\/\/felix.ares.fm\/?attachment_id=2737\" rel=\"attachment wp-att-2737\"><br \/>\n<\/a><\/p>\n<p>&nbsp;<\/p>\n<p>&nbsp;<\/p>\n<p>&nbsp;<\/p>\n<p>&nbsp;<\/p>\n<p>&nbsp;<\/p>\n<p>&nbsp;<\/p>\n<p>&nbsp;<\/p>\n<p>&nbsp;<\/p>\n<p>&nbsp;<\/p>\n<p>&nbsp;<\/p>\n<p>&nbsp;<\/p>\n<p><a href=\"http:\/\/felix.ares.fm\/?attachment_id=2726\" rel=\"attachment wp-att-2726\"><br \/>\n<\/a><\/p>\n<p>&nbsp;<\/p>\n<p>&nbsp;<\/p>\n<p>&nbsp;<\/p>\n<p>&nbsp;<\/p>\n<p>&nbsp;<\/p>\n<p><a href=\"http:\/\/felix.ares.fm\/?attachment_id=2722\" rel=\"attachment wp-att-2722\"><br \/>\n<\/a> <a href=\"http:\/\/felix.ares.fm\/?attachment_id=2723\" rel=\"attachment wp-att-2723\"><br \/>\n<\/a> <a href=\"http:\/\/felix.ares.fm\/?attachment_id=2724\" rel=\"attachment wp-att-2724\"><br \/>\n<\/a> <a href=\"http:\/\/felix.ares.fm\/?attachment_id=2725\" rel=\"attachment wp-att-2725\"><br \/>\n<\/a> <a href=\"http:\/\/felix.ares.fm\/?attachment_id=2726\" rel=\"attachment wp-att-2726\"><br \/>\n<\/a> <a href=\"http:\/\/felix.ares.fm\/?attachment_id=2727\" rel=\"attachment wp-att-2727\"><br \/>\n<\/a> <a href=\"http:\/\/felix.ares.fm\/?attachment_id=2728\" rel=\"attachment wp-att-2728\"><br \/>\n<\/a> <a href=\"http:\/\/felix.ares.fm\/?attachment_id=2729\" rel=\"attachment wp-att-2729\"><br \/>\n<\/a> <a href=\"http:\/\/felix.ares.fm\/?attachment_id=2730\" rel=\"attachment wp-att-2730\"><br \/>\n<\/a> <a href=\"http:\/\/felix.ares.fm\/?attachment_id=2731\" rel=\"attachment wp-att-2731\"><br \/>\n<\/a> <a href=\"http:\/\/felix.ares.fm\/?attachment_id=2732\" rel=\"attachment wp-att-2732\"><br \/>\n<\/a> <a href=\"http:\/\/felix.ares.fm\/?attachment_id=2733\" rel=\"attachment wp-att-2733\"><br \/>\n<\/a> <a href=\"http:\/\/felix.ares.fm\/?attachment_id=2734\" rel=\"attachment wp-att-2734\"><br \/>\n<\/a> <a href=\"http:\/\/felix.ares.fm\/?attachment_id=2735\" rel=\"attachment wp-att-2735\"><br \/>\n<\/a> <a href=\"http:\/\/felix.ares.fm\/?attachment_id=2736\" rel=\"attachment wp-att-2736\"><br \/>\n<\/a> <a href=\"http:\/\/felix.ares.fm\/?attachment_id=2737\" rel=\"attachment wp-att-2737\"><br \/>\n<\/a> <a href=\"http:\/\/felix.ares.fm\/?attachment_id=2738\" rel=\"attachment wp-att-2738\"><br \/>\n<\/a> <a href=\"http:\/\/felix.ares.fm\/?attachment_id=2739\" rel=\"attachment wp-att-2739\"><br \/>\n<\/a> <a href=\"http:\/\/felix.ares.fm\/?attachment_id=2740\" rel=\"attachment wp-att-2740\"><br \/>\n<\/a> <a href=\"http:\/\/felix.ares.fm\/?attachment_id=2741\" rel=\"attachment wp-att-2741\"><br \/>\n<\/a> <a href=\"http:\/\/felix.ares.fm\/?attachment_id=2742\" rel=\"attachment wp-att-2742\"><br \/>\n<\/a> <a href=\"http:\/\/felix.ares.fm\/?attachment_id=2743\" rel=\"attachment wp-att-2743\"><br \/>\n<\/a> <a href=\"http:\/\/felix.ares.fm\/?attachment_id=2744\" rel=\"attachment wp-att-2744\"><br \/>\n<\/a> <a href=\"http:\/\/felix.ares.fm\/?attachment_id=2745\" rel=\"attachment wp-att-2745\"><br \/>\n<\/a> <a href=\"http:\/\/felix.ares.fm\/?attachment_id=2746\" rel=\"attachment wp-att-2746\"><br \/>\n<\/a><a href=\"http:\/\/felix.ares.fm\/?attachment_id=2748\" rel=\"attachment wp-att-2748\"><br \/>\n<\/a> <a href=\"http:\/\/felix.ares.fm\/?attachment_id=2749\" rel=\"attachment wp-att-2749\"><br \/>\n<\/a> <a href=\"http:\/\/felix.ares.fm\/?attachment_id=2750\" rel=\"attachment wp-att-2750\"><br \/>\n<\/a><\/p>\n<p>&nbsp;<\/p>\n<p>&nbsp;<\/p>\n<p>&nbsp;<\/p>\n","protected":false},"excerpt":{"rendered":"<p>Nos acabamos de dar cuenta de que en el t\u00edtulo nos ha salido un pareado un tanto cursi. No lo pretend\u00edamos, pero ya que ha salido lo dejamos. La playa de Carvajal es una gran playa al norte de Fuengirola. Son 1 200 metros de playa. Es una continuaci\u00f3n del Paseo Mar\u00edtimo Rey Juan Carlos &hellip; <a href=\"https:\/\/felix.ares.fm\/?p=2720\" class=\"more-link\">Seguir leyendo <span class=\"screen-reader-text\">Un paseo invernal por la playa de Carvajal<\/span> <span class=\"meta-nav\">&rarr;<\/span><\/a><\/p>\n","protected":false},"author":1,"featured_media":0,"comment_status":"closed","ping_status":"open","sticky":false,"template":"","format":"standard","meta":{"footnotes":""},"categories":[208,213,254,253,255],"tags":[],"class_list":["post-2720","post","type-post","status-publish","format-standard","hentry","category-ceramicas","category-espetos","category-pajaros","category-paeos","category-pinsapo"],"_links":{"self":[{"href":"https:\/\/felix.ares.fm\/index.php?rest_route=\/wp\/v2\/posts\/2720","targetHints":{"allow":["GET"]}}],"collection":[{"href":"https:\/\/felix.ares.fm\/index.php?rest_route=\/wp\/v2\/posts"}],"about":[{"href":"https:\/\/felix.ares.fm\/index.php?rest_route=\/wp\/v2\/types\/post"}],"author":[{"embeddable":true,"href":"https:\/\/felix.ares.fm\/index.php?rest_route=\/wp\/v2\/users\/1"}],"replies":[{"embeddable":true,"href":"https:\/\/felix.ares.fm\/index.php?rest_route=%2Fwp%2Fv2%2Fcomments&post=2720"}],"version-history":[{"count":0,"href":"https:\/\/felix.ares.fm\/index.php?rest_route=\/wp\/v2\/posts\/2720\/revisions"}],"wp:attachment":[{"href":"https:\/\/felix.ares.fm\/index.php?rest_route=%2Fwp%2Fv2%2Fmedia&parent=2720"}],"wp:term":[{"taxonomy":"category","embeddable":true,"href":"https:\/\/felix.ares.fm\/index.php?rest_route=%2Fwp%2Fv2%2Fcategories&post=2720"},{"taxonomy":"post_tag","embeddable":true,"href":"https:\/\/felix.ares.fm\/index.php?rest_route=%2Fwp%2Fv2%2Ftags&post=2720"}],"curies":[{"name":"wp","href":"https:\/\/api.w.org\/{rel}","templated":true}]}}