{"id":2191,"date":"2012-10-24T10:13:07","date_gmt":"2012-10-24T08:13:07","guid":{"rendered":"http:\/\/felix.ares.fm\/?p=2191"},"modified":"2012-12-26T09:39:45","modified_gmt":"2012-12-26T07:39:45","slug":"la-boca-bar-restaurante-con-nombre-de-leyenda-bebida-mas-tapa-120-e","status":"publish","type":"post","link":"https:\/\/felix.ares.fm\/?p=2191","title":{"rendered":"\u00abLa Boca\u00bb, bar restaurante con nombre de leyenda. Bebida m\u00e1s tapa 1,20 \u20ac"},"content":{"rendered":"<p>A veces paseamos al tuntun por las calles de Fuengirola. Sin ning\u00fan objetivo concreto distinto de conocer las calles de la ciudad que hemos elegido para que sea nuestra residencia.<\/p>\n<p>Hace unos d\u00edas &#8211;no muchos&#8211; tropezamos con el bar restaurante \u00abLa Boca\u00bb. Al pasar, una chica muy amable nos explic\u00f3 que la bebida y la tapa costaban 1,20\u20ac. La chica nos dio confianza, as\u00ed que decidimos probar. Y el resultado de la prueba fue magn\u00edfico. Nos pusieron las bebidas que solicitamos (u\u00f1a ca\u00f1a y un tinto de verano) y nos dieron dos excelentes tapas. Y cuando digo excelentes, significa abundantes, bien guisadas y sumamente apetecibles.Y cuando digo dos es dos a cada uno de nosotros.<\/p>\n<p><strong>Un nombre de leyenda<\/strong><\/p>\n<p>Creo que todos, m\u00e1s o menos, de peque\u00f1os hemos sentido cierta aprensi\u00f3n a meter la mano en una boca abierta de un le\u00f3n aunque sea de bronce. Y no tan peque\u00f1o, todav\u00eda recuerdo que en Tailandia met\u00ed mi mano en la boca de un le\u00f3n chino con cierta aprensi\u00f3n. Recuerdo que mi padre me ped\u00eda que metiera las cartas en el buz\u00f3n de \u00abCorreos\u00bb en la plaza de Cibeles, que eran leones de bronce con la boca abierta y que me daba cierta aprensi\u00f3n.<\/p>\n<p>Cuando fui a Roma pude ver la famosa \u00abBoca e la Verdad\u00bb en la que la leyenda dice que si metes la mano y dices una mentira la Boca te la come.<\/p>\n<p>Audrey Hepburn, con su carita de ni\u00f1a, siempre es atractiva. Recuerdo la pel\u00edcula \u00abVacaciones en Roma\u00bb en la que Gregory Peck asusta a la inocente Hepburn simulando que se le ha comido la mano. Pues bien, la imagen que utiliza el bar-restaurante \u00abLa Boca\u00bb para anunciar su establecimientos es esa boca. La boca de la verdad de Hepburn y Peck.<\/p>\n<p>Nada m\u00e1s entrar en el establecimiento se ve que hay unas copias de la <strong>Leyenda de la Boca de la Verdad<\/strong>.<\/p>\n<figure id=\"attachment_2192\" aria-describedby=\"caption-attachment-2192\" style=\"width: 300px\" class=\"wp-caption aligncenter\"><a href=\"http:\/\/felix.ares.fm\/wp-content\/uploads\/2012\/10\/1.jpg\"><img loading=\"lazy\" decoding=\"async\" class=\"size-medium wp-image-2192\" title=\"Bar-Restaurante &quot;La Boca&quot;\" alt=\"Bar-Restaurante &quot;La Boca&quot;\" src=\"http:\/\/felix.ares.fm\/wp-content\/uploads\/2012\/10\/1-300x199.jpg\" width=\"300\" height=\"199\" srcset=\"https:\/\/felix.ares.fm\/wp-content\/uploads\/2012\/10\/1-300x199.jpg 300w, https:\/\/felix.ares.fm\/wp-content\/uploads\/2012\/10\/1.jpg 311w\" sizes=\"auto, (max-width: 300px) 100vw, 300px\" \/><\/a><figcaption id=\"caption-attachment-2192\" class=\"wp-caption-text\">Bar-Restaurante \u00abLa Boca\u00bb<\/figcaption><\/figure>\n<p>El anuncio de la leyenda se ve as\u00ed:<\/p>\n<figure id=\"attachment_2193\" aria-describedby=\"caption-attachment-2193\" style=\"width: 199px\" class=\"wp-caption aligncenter\"><a href=\"http:\/\/felix.ares.fm\/wp-content\/uploads\/2012\/10\/2.jpg\"><img loading=\"lazy\" decoding=\"async\" class=\"size-medium wp-image-2193\" title=\"La Leyenda de la Boca de la Verdad\" alt=\"La Leyenda de la Boca de la Verdad\" src=\"http:\/\/felix.ares.fm\/wp-content\/uploads\/2012\/10\/2-e1351064707583-199x300.jpg\" width=\"199\" height=\"300\" srcset=\"https:\/\/felix.ares.fm\/wp-content\/uploads\/2012\/10\/2-e1351064707583-199x300.jpg 199w, https:\/\/felix.ares.fm\/wp-content\/uploads\/2012\/10\/2-e1351064707583.jpg 207w\" sizes=\"auto, (max-width: 199px) 100vw, 199px\" \/><\/a><figcaption id=\"caption-attachment-2193\" class=\"wp-caption-text\">La Leyenda de la Boca de la Verdad<\/figcaption><\/figure>\n<p>Con la resoluci\u00f3n con la que he subido esta foto es dif\u00edcil que logren leer lo que dice, pero m\u00e1s o menos, y con mis palabras, la leyenda es esta:<\/p>\n<p>La Boca de la Verdad se come la mano de quien la meta diciendo una mentira.<\/p>\n<p>Cuentan de un matrimonio de Roma en la que la mujer, debido a tener un marido aburrido y que no le hac\u00eda caso, tiene un joven amante. Un d\u00eda, el esposo decide comprobar la fidelidad de su mujer haciendo que meta la mano en la Boca de la Verdad. Ambos van hasta la \u00abBoca\u00bb y el marido le pide a su esposa que meta la mano diciendo que \u00e9l ha sido el \u00fanico hombre con el que ha estado. La mujer acerca la mano, m\u00e1s cerca todav\u00eda y cae hacia atr\u00e1s desmayada, entonces su joven amante, que estaba por all\u00ed cerca, corre, la coge y evita que choque contra el suelo. Una vez repuesta, la mujer dice a la Boca: tan solo he estado en los brazos de mi esposo y de este joven que me ha recogido, si miento que mi mano sea comida. Y la Boca no hizo nada. Todo lo que dec\u00eda era verdad.<\/p>\n<p>La leyenda es as\u00ed; yo, que soy m\u00e1s malo, a\u00f1adir\u00eda que la esposa se habr\u00eda puesto de acuerdo con el joven para que cuando ella se cayera hac\u00eda atr\u00e1s la recogiera y as\u00ed poder hacer la pegunta adecuada a la Boca&#8230; pero eso son fantas\u00edas m\u00edas. En cualquier caso, les dir\u00e9 que en Roma, dije una mentira, met\u00ed la mano en la Boca y no me pas\u00f3 nada. \u00bfO s\u00ed?<\/p>\n<p><a href=\"http:\/\/www.minube.com\/rincon\/la-boca-de-la-verdad-a2518\">http:\/\/www.minube.com\/rincon\/la-boca-de-la-verdad-a2518<\/a><\/p>\n<p><a href=\"http:\/\/www.disfrutaroma.com\/boca-verdad\">http:\/\/www.disfrutaroma.com\/boca-verdad<\/a><\/p>\n<p><strong>Bebidas y tapas<\/strong><\/p>\n<p>Las bebidas eran las est\u00e1ndares; pero las tapas no. Por ejemplo, una de lomo embuchado estaba deliciosa y la due\u00f1a &#8211;que result\u00f3 ser de Le\u00f3n, donde yo he vivido diecis\u00e9is a\u00f1os&#8211; nos explic\u00f3 que todo lo que preparan lo hacen con embutidos de Le\u00f3n. \u00a1Se notaba!<\/p>\n<figure id=\"attachment_2194\" aria-describedby=\"caption-attachment-2194\" style=\"width: 300px\" class=\"wp-caption aligncenter\"><a href=\"http:\/\/felix.ares.fm\/wp-content\/uploads\/2012\/10\/3.jpg\"><img loading=\"lazy\" decoding=\"async\" class=\"size-medium wp-image-2194\" title=\"Aspecto del local\" alt=\"Aspecto del local\" src=\"http:\/\/felix.ares.fm\/wp-content\/uploads\/2012\/10\/3-300x199.jpg\" width=\"300\" height=\"199\" srcset=\"https:\/\/felix.ares.fm\/wp-content\/uploads\/2012\/10\/3-300x199.jpg 300w, https:\/\/felix.ares.fm\/wp-content\/uploads\/2012\/10\/3.jpg 311w\" sizes=\"auto, (max-width: 300px) 100vw, 300px\" \/><\/a><figcaption id=\"caption-attachment-2194\" class=\"wp-caption-text\">Aspecto del local.<\/figcaption><\/figure>\n<figure id=\"attachment_2195\" aria-describedby=\"caption-attachment-2195\" style=\"width: 300px\" class=\"wp-caption aligncenter\"><a href=\"http:\/\/felix.ares.fm\/wp-content\/uploads\/2012\/10\/4.jpg\"><img loading=\"lazy\" decoding=\"async\" class=\"size-medium wp-image-2195\" title=\"Aspecto del interior\" alt=\"Aspecto del interior\" src=\"http:\/\/felix.ares.fm\/wp-content\/uploads\/2012\/10\/4-300x199.jpg\" width=\"300\" height=\"199\" srcset=\"https:\/\/felix.ares.fm\/wp-content\/uploads\/2012\/10\/4-300x199.jpg 300w, https:\/\/felix.ares.fm\/wp-content\/uploads\/2012\/10\/4.jpg 311w\" sizes=\"auto, (max-width: 300px) 100vw, 300px\" \/><\/a><figcaption id=\"caption-attachment-2195\" class=\"wp-caption-text\">Aspecto del interior<\/figcaption><\/figure>\n<figure id=\"attachment_2196\" aria-describedby=\"caption-attachment-2196\" style=\"width: 199px\" class=\"wp-caption aligncenter\"><a href=\"http:\/\/felix.ares.fm\/wp-content\/uploads\/2012\/10\/4bis.jpg\"><img loading=\"lazy\" decoding=\"async\" class=\"size-medium wp-image-2196\" title=\"El comedor interior. Si les parece oscuro, no es cierto; es debido a que el exterior era muy luminoso y tuve que elegir una velocidad y diafragma que me permitiera ver las dos cosas: interior y exterior.\" alt=\"El comedor interior. Si les parece oscuro, no es cierto; es debido a que el exterior era muy luminoso y tuve que elegir una velocidad y diafragma que me permitiera ver las dos cosas: interior y exterior.\" src=\"http:\/\/felix.ares.fm\/wp-content\/uploads\/2012\/10\/4bis-e1351065658584-199x300.jpg\" width=\"199\" height=\"300\" srcset=\"https:\/\/felix.ares.fm\/wp-content\/uploads\/2012\/10\/4bis-e1351065658584-199x300.jpg 199w, https:\/\/felix.ares.fm\/wp-content\/uploads\/2012\/10\/4bis-e1351065658584.jpg 207w\" sizes=\"auto, (max-width: 199px) 100vw, 199px\" \/><\/a><figcaption id=\"caption-attachment-2196\" class=\"wp-caption-text\">El comedor interior. Si les parece oscuro, no es cierto; es debido a que el exterior era muy luminoso y tuve que elegir una velocidad y diafragma que me permitiera ver las dos cosas: interior y exterior.<\/figcaption><\/figure>\n<figure id=\"attachment_2197\" aria-describedby=\"caption-attachment-2197\" style=\"width: 199px\" class=\"wp-caption aligncenter\"><a href=\"http:\/\/felix.ares.fm\/wp-content\/uploads\/2012\/10\/5.jpg\"><img loading=\"lazy\" decoding=\"async\" class=\"size-medium wp-image-2197\" title=\"Copa de Crianza Rioja. Con esta bebida el precio sube a 2\u20ac\" alt=\"Copa de Crianza Rioja. Con esta bebida el precio sube a 2\u20ac\" src=\"http:\/\/felix.ares.fm\/wp-content\/uploads\/2012\/10\/5-e1351065748478-199x300.jpg\" width=\"199\" height=\"300\" srcset=\"https:\/\/felix.ares.fm\/wp-content\/uploads\/2012\/10\/5-e1351065748478-199x300.jpg 199w, https:\/\/felix.ares.fm\/wp-content\/uploads\/2012\/10\/5-e1351065748478.jpg 207w\" sizes=\"auto, (max-width: 199px) 100vw, 199px\" \/><\/a><figcaption id=\"caption-attachment-2197\" class=\"wp-caption-text\">Copa de Crianza Rioja. Con esta bebida el precio sube a 2\u20ac<\/figcaption><\/figure>\n<figure id=\"attachment_2198\" aria-describedby=\"caption-attachment-2198\" style=\"width: 300px\" class=\"wp-caption aligncenter\"><a href=\"http:\/\/felix.ares.fm\/wp-content\/uploads\/2012\/10\/6.jpg\"><img loading=\"lazy\" decoding=\"async\" class=\"size-medium wp-image-2198\" title=\"Vinito de Rioja y tapa de lomo de Le\u00f3n: 2 \u20ac.\" alt=\"Vinito de Rioja y tapa de lomo de Le\u00f3n: 2 \u20ac.\" src=\"http:\/\/felix.ares.fm\/wp-content\/uploads\/2012\/10\/6-300x199.jpg\" width=\"300\" height=\"199\" srcset=\"https:\/\/felix.ares.fm\/wp-content\/uploads\/2012\/10\/6-300x199.jpg 300w, https:\/\/felix.ares.fm\/wp-content\/uploads\/2012\/10\/6.jpg 311w\" sizes=\"auto, (max-width: 300px) 100vw, 300px\" \/><\/a><figcaption id=\"caption-attachment-2198\" class=\"wp-caption-text\">Vinito de Rioja y tapa de lomo de Le\u00f3n: 2 \u20ac.<\/figcaption><\/figure>\n<figure id=\"attachment_2199\" aria-describedby=\"caption-attachment-2199\" style=\"width: 300px\" class=\"wp-caption aligncenter\"><a href=\"http:\/\/felix.ares.fm\/wp-content\/uploads\/2012\/10\/7.jpg\"><img loading=\"lazy\" decoding=\"async\" class=\"size-medium wp-image-2199\" title=\"Las dos tapas que pedimos.\" alt=\"Las dos tapas que pedimos.\" src=\"http:\/\/felix.ares.fm\/wp-content\/uploads\/2012\/10\/7-300x199.jpg\" width=\"300\" height=\"199\" srcset=\"https:\/\/felix.ares.fm\/wp-content\/uploads\/2012\/10\/7-300x199.jpg 300w, https:\/\/felix.ares.fm\/wp-content\/uploads\/2012\/10\/7.jpg 311w\" sizes=\"auto, (max-width: 300px) 100vw, 300px\" \/><\/a><figcaption id=\"caption-attachment-2199\" class=\"wp-caption-text\">Las dos tapas que pedimos.<\/figcaption><\/figure>\n<figure id=\"attachment_2200\" aria-describedby=\"caption-attachment-2200\" style=\"width: 300px\" class=\"wp-caption aligncenter\"><a href=\"http:\/\/felix.ares.fm\/wp-content\/uploads\/2012\/10\/8.jpg\"><img loading=\"lazy\" decoding=\"async\" class=\"size-medium wp-image-2200\" title=\"La tapa que si les he de ser sincero --por temor a que la Boca me coma la mano-- no recuerdo lo que era. Pero s\u00ed recuerdo que estaba riqu\u00edsimo.\" alt=\"La tapa que si les he de ser sincero --por temor a que la Boca me coma la mano-- no recuerdo lo que era. Pero s\u00ed recuerdo que estaba riqu\u00edsimo.\" src=\"http:\/\/felix.ares.fm\/wp-content\/uploads\/2012\/10\/8-300x199.jpg\" width=\"300\" height=\"199\" srcset=\"https:\/\/felix.ares.fm\/wp-content\/uploads\/2012\/10\/8-300x199.jpg 300w, https:\/\/felix.ares.fm\/wp-content\/uploads\/2012\/10\/8.jpg 311w\" sizes=\"auto, (max-width: 300px) 100vw, 300px\" \/><\/a><figcaption id=\"caption-attachment-2200\" class=\"wp-caption-text\">La tapa que si les he de ser sincero &#8211;por temor a que la Boca me coma la mano&#8211; no recuerdo lo que era. Pero s\u00ed recuerdo que estaba riqu\u00edsimo.<\/figcaption><\/figure>\n<p><strong>Ubicaci\u00f3n<\/strong><\/p>\n<p>C\/ Molino de viento 9<\/p>\n<p>Fuengirola.<\/p>\n<figure id=\"attachment_2201\" aria-describedby=\"caption-attachment-2201\" style=\"width: 300px\" class=\"wp-caption aligncenter\"><a href=\"http:\/\/felix.ares.fm\/wp-content\/uploads\/2012\/10\/9_ubicacion.jpg\"><img loading=\"lazy\" decoding=\"async\" class=\"size-medium wp-image-2201\" title=\"&quot;La Boca&quot; est\u00e1 en la calle &quot;Molino de Viento&quot; n\u00ba 9\" alt=\"&quot;La Boca&quot; est\u00e1 en la calle &quot;Molino de Viento&quot; n\u00ba 9\" src=\"http:\/\/felix.ares.fm\/wp-content\/uploads\/2012\/10\/9_ubicacion-300x199.jpg\" width=\"300\" height=\"199\" srcset=\"https:\/\/felix.ares.fm\/wp-content\/uploads\/2012\/10\/9_ubicacion-300x199.jpg 300w, https:\/\/felix.ares.fm\/wp-content\/uploads\/2012\/10\/9_ubicacion.jpg 311w\" sizes=\"auto, (max-width: 300px) 100vw, 300px\" \/><\/a><figcaption id=\"caption-attachment-2201\" class=\"wp-caption-text\">\u00abLa Boca\u00bb est\u00e1 en la calle \u00abMolino de Viento\u00bb n\u00ba 9<\/figcaption><\/figure>\n<figure id=\"attachment_2202\" aria-describedby=\"caption-attachment-2202\" style=\"width: 199px\" class=\"wp-caption aligncenter\"><a href=\"http:\/\/felix.ares.fm\/wp-content\/uploads\/2012\/10\/10_ubicacion.jpg\"><img loading=\"lazy\" decoding=\"async\" class=\"size-medium wp-image-2202\" title=\"Si no saben d\u00f3nde est\u00e1 Molino de Viento, tengan en cuenta que es la calle de la izquierda de esta foto. El lateral hacia el oeste de la plaza de toros de Fuengirola.\" alt=\"Si no saben d\u00f3nde est\u00e1 Molino de Viento, tengan en cuenta que es la calle de la izquierda de esta foto. El lateral hacia el oeste de la plaza de toros de Fuengirola.\" src=\"http:\/\/felix.ares.fm\/wp-content\/uploads\/2012\/10\/10_ubicacion-e1351066085266-199x300.jpg\" width=\"199\" height=\"300\" srcset=\"https:\/\/felix.ares.fm\/wp-content\/uploads\/2012\/10\/10_ubicacion-e1351066085266-199x300.jpg 199w, https:\/\/felix.ares.fm\/wp-content\/uploads\/2012\/10\/10_ubicacion-e1351066085266.jpg 207w\" sizes=\"auto, (max-width: 199px) 100vw, 199px\" \/><\/a><figcaption id=\"caption-attachment-2202\" class=\"wp-caption-text\">Si no saben d\u00f3nde est\u00e1 Molino de Viento, tengan en cuenta que es la calle de la izquierda de esta foto. El lateral hacia el oeste de la plaza de toros de Fuengirola.<\/figcaption><\/figure>\n<p><strong>La tienda<\/strong><\/p>\n<p>Cuando comentamos a la due\u00f1a que los embutidos eran exclenetes, nos dijo que su intenci\u00f3n es traerlos de Le\u00f3n y venderlos en su bar-restaurante.<\/p>\n<p>Ni que decir tiene que nosotros seremos clientes seguros.<\/p>\n<p><strong>Deseos<\/strong><\/p>\n<p>Esperamos que les vaya muy bien. La iniciativa se lo merece.<\/p>\n<p><strong>Fotos<\/strong><\/p>\n<p>Todas las fotos son Cretaive Commons. Pueden usarlas libremente indicando que son del blog felix.ares.fm.<\/p>\n<p><strong>Contacto<\/strong><\/p>\n<p>Estamos hartos de trolls y de spam, as\u00ed que si quiere contactar con nosotros h\u00e1galo a esta direcci\u00f3n.<\/p>\n<p><a href=\"http:\/\/felix.ares.fm\/wp-content\/uploads\/2012\/10\/emailTapas.png\"><img loading=\"lazy\" decoding=\"async\" class=\"aligncenter size-medium wp-image-2203\" title=\"emailTapas\" alt=\"\" src=\"http:\/\/felix.ares.fm\/wp-content\/uploads\/2012\/10\/emailTapas-300x138.png\" width=\"300\" height=\"138\" srcset=\"https:\/\/felix.ares.fm\/wp-content\/uploads\/2012\/10\/emailTapas-300x138.png 300w, https:\/\/felix.ares.fm\/wp-content\/uploads\/2012\/10\/emailTapas.png 942w\" sizes=\"auto, (max-width: 300px) 100vw, 300px\" \/><\/a><\/p>\n<p>&nbsp;<\/p>\n<p>&nbsp;<\/p>\n<p>&nbsp;<\/p>\n<p>&nbsp;<\/p>\n","protected":false},"excerpt":{"rendered":"<p>A veces paseamos al tuntun por las calles de Fuengirola. Sin ning\u00fan objetivo concreto distinto de conocer las calles de la ciudad que hemos elegido para que sea nuestra residencia. Hace unos d\u00edas &#8211;no muchos&#8211; tropezamos con el bar restaurante \u00abLa Boca\u00bb. Al pasar, una chica muy amable nos explic\u00f3 que la bebida y la &hellip; <a href=\"https:\/\/felix.ares.fm\/?p=2191\" class=\"more-link\">Seguir leyendo <span class=\"screen-reader-text\">\u00abLa Boca\u00bb, bar restaurante con nombre de leyenda. Bebida m\u00e1s tapa 1,20 \u20ac<\/span> <span class=\"meta-nav\">&rarr;<\/span><\/a><\/p>\n","protected":false},"author":1,"featured_media":0,"comment_status":"closed","ping_status":"open","sticky":false,"template":"","format":"standard","meta":{"footnotes":""},"categories":[70,142,250,249],"tags":[200,202,201,199],"class_list":["post-2191","post","type-post","status-publish","format-standard","hentry","category-cafeteria","category-cerveceria","category-leyendas-relacionadas-cn-la-comida","category-restaurante-2","tag-200","tag-20e","tag-bebida-tapa-1","tag-bebidatapa-1"],"_links":{"self":[{"href":"https:\/\/felix.ares.fm\/index.php?rest_route=\/wp\/v2\/posts\/2191","targetHints":{"allow":["GET"]}}],"collection":[{"href":"https:\/\/felix.ares.fm\/index.php?rest_route=\/wp\/v2\/posts"}],"about":[{"href":"https:\/\/felix.ares.fm\/index.php?rest_route=\/wp\/v2\/types\/post"}],"author":[{"embeddable":true,"href":"https:\/\/felix.ares.fm\/index.php?rest_route=\/wp\/v2\/users\/1"}],"replies":[{"embeddable":true,"href":"https:\/\/felix.ares.fm\/index.php?rest_route=%2Fwp%2Fv2%2Fcomments&post=2191"}],"version-history":[{"count":0,"href":"https:\/\/felix.ares.fm\/index.php?rest_route=\/wp\/v2\/posts\/2191\/revisions"}],"wp:attachment":[{"href":"https:\/\/felix.ares.fm\/index.php?rest_route=%2Fwp%2Fv2%2Fmedia&parent=2191"}],"wp:term":[{"taxonomy":"category","embeddable":true,"href":"https:\/\/felix.ares.fm\/index.php?rest_route=%2Fwp%2Fv2%2Fcategories&post=2191"},{"taxonomy":"post_tag","embeddable":true,"href":"https:\/\/felix.ares.fm\/index.php?rest_route=%2Fwp%2Fv2%2Ftags&post=2191"}],"curies":[{"name":"wp","href":"https:\/\/api.w.org\/{rel}","templated":true}]}}