{"id":2186,"date":"2012-10-23T09:51:19","date_gmt":"2012-10-23T07:51:19","guid":{"rendered":"http:\/\/felix.ares.fm\/?p=2186"},"modified":"2014-07-01T09:53:11","modified_gmt":"2014-07-01T07:53:11","slug":"4a-ruta-e-la-tapa-erotica-del-1-al-18-de-noviembre-en-fuengirola","status":"publish","type":"post","link":"https:\/\/felix.ares.fm\/?p=2186","title":{"rendered":"Cuarta Ruta de la Tapa Er\u00f3tica"},"content":{"rendered":"<p><strong>2012<\/strong><\/p>\n<p><a href=\"#nuestrobar\">Nuestro Bar<\/a><br \/>\n<a href=\"#carconde\">En Car&#8217; Conde<\/a><br \/>\n<a href=\"#salvador\">Mes\u00f3n Salvador<\/a><br \/>\n<a href=\"#innova\">Innova Gastrobar<\/a><br \/>\n<a href=\"#canna\">La Ca\u00f1a<\/a><br \/>\n<a href=\"#pedro\">Casa Pedro<\/a><br \/>\n<a href=\"#oasis\">Nuevo Oasis<\/a><br \/>\n<a href=\"#babel\">Babel Bistro<\/a><br \/>\n<a href=\"#olivo\">El Olivo<\/a><br \/>\n<a href=\"#central\">Caf\u00e9 Bar Central<\/a><br \/>\n<a href=\"#despensa\">La Despensa de Mart\u00edn y P\u00e9rez<\/a><br \/>\n<a href=\"#gaonera\">Taberna la Gaonera<\/a><br \/>\n<a href=\"#vilches\">Cervecer\u00eda Vilches<\/a><br \/>\n<a href=\"#pasillo\">El Pasillo de Jes\u00fas<\/a><br \/>\n<a href=\"#sante\">Grand Caf\u00e9 Sant\u00e9r<\/a><br \/>\n<a href=\"#callejon\">Taberna el Callej\u00f3n<\/a><br \/>\n<a href=\"#lorena\">Caf\u00e9 Bar Lorena<\/a><br \/>\n<a href=\"#bolichitos\">Los Bolichitos<\/a><\/p>\n<p><strong>2012<\/strong> es el cuarto a\u00f1o que se celebra en Fuengirola la \u00abRuta de la Tapa Er\u00f3tica\u00bb, una iniciativa muy interesante. Se trata de que por un precio m\u00f3dico (el a\u00f1o pasado fue de 1,5 Euros), en muchos establecimientos de Fuengirola (el a\u00f1o pasado fueron m\u00e1s de 60) se pueda disfrutar de una bebida y de una tapa que tenga algo que ver con lo er\u00f3tico.<\/p>\n<p>Recordamos, por ejemplo, que uno de los premiados del a\u00f1o pasado present\u00f3 una salchicha y dos alb\u00f3ndigas&#8230; es resto se lo imaginan ustedes.<\/p>\n<p>Este a\u00f1o se celebrar\u00e1 desde el 1 de noviembre hasta el 18.<\/p>\n<p>Nosotros pensamos visitar muchos sitios que participen en la iniciativa. Sobre todo los que no conocemos. Queremos probar nuevos sitios y ver la imaginaci\u00f3n que le echan para crear nuevas tapas.<\/p>\n<p>En el primer sitio al que vayan ustedes les dan el carnet de participaci\u00f3n, donde est\u00e1n los 80 establecimientos y su ubicaci\u00f3n en un mapa. Est\u00e1 muy bien. Adem\u00e1s hay 10 casillas para que los establecimientos les pongan un sello una vez probada la tapa. Para poder participar debe tener diez sellos DIFERENTES. No vale que si una tapa de ha gustado mucho la pida diez veces, ni siquiera dos. Deben ser establecimientos diferentes. El carnet tambi\u00e9n se puede recoger en la oficina de turismo del ayuntamiento.<\/p>\n<p>En unos d\u00edas salimos de viaje, pero el d\u00eda 1 pensamos estar en Fuengirola para probar alguno de los sitios, para nosotros desconocido, que participe en \u00abla ruta\u00bb. Ni que decir tiene que les informaremos de los que nos gusten. De los que nos gusten.<\/p>\n<figure id=\"attachment_2187\" aria-describedby=\"caption-attachment-2187\" style=\"width: 300px\" class=\"wp-caption aligncenter\"><a href=\"http:\/\/felix.ares.fm\/wp-content\/uploads\/2012\/10\/IMG_2865.jpg\"><img loading=\"lazy\" decoding=\"async\" class=\"size-medium wp-image-2187\" title=\"Letrero anunciador de la 4\u00aa ruta de la tapa er\u00f3tica\" alt=\"Letrero anunciador de la 4\u00aa ruta de la tapa er\u00f3tica\" src=\"http:\/\/felix.ares.fm\/wp-content\/uploads\/2012\/10\/IMG_2865-300x199.jpg\" width=\"300\" height=\"199\" srcset=\"https:\/\/felix.ares.fm\/wp-content\/uploads\/2012\/10\/IMG_2865-300x199.jpg 300w, https:\/\/felix.ares.fm\/wp-content\/uploads\/2012\/10\/IMG_2865.jpg 311w\" sizes=\"auto, (max-width: 300px) 100vw, 300px\" \/><\/a><figcaption id=\"caption-attachment-2187\" class=\"wp-caption-text\">Letrero anunciador de la 4\u00aa ruta de la tapa er\u00f3tica<\/figcaption><\/figure>\n<p><strong>Participan 80 establecimientos<\/strong><\/p>\n<p>En el concurso participan 80n establecimientos. Ni que decir tiene que degustar 80 tapas en 8 d\u00edas es demasiado. As\u00ed que hemos ido probando unos cuantos que reflejamos aqu\u00ed con la intenci\u00f3n de que vean en qu\u00e9 consiste.<\/p>\n<p>Estos son:<\/p>\n<figure id=\"attachment_2327\" aria-describedby=\"caption-attachment-2327\" style=\"width: 209px\" class=\"wp-caption aligncenter\"><a href=\"http:\/\/felix.ares.fm\/wp-content\/uploads\/2012\/10\/tapas0013.jpg\"><img loading=\"lazy\" decoding=\"async\" class=\"aligncenter size-medium wp-image-2336\" title=\"\" alt=\"\" src=\"http:\/\/felix.ares.fm\/wp-content\/uploads\/2012\/10\/tapas0013-e1353398856465-209x300.jpg\" width=\"209\" height=\"300\" srcset=\"https:\/\/felix.ares.fm\/wp-content\/uploads\/2012\/10\/tapas0013-e1353398856465-209x300.jpg 209w, https:\/\/felix.ares.fm\/wp-content\/uploads\/2012\/10\/tapas0013-e1353398856465-716x1024.jpg 716w, https:\/\/felix.ares.fm\/wp-content\/uploads\/2012\/10\/tapas0013-e1353398856465.jpg 975w\" sizes=\"auto, (max-width: 209px) 100vw, 209px\" \/><\/a><figcaption id=\"caption-attachment-2327\" class=\"wp-caption-text\">Establecimientos participantes<\/figcaption><\/figure>\n<p><a href=\"http:\/\/felix.ares.fm\/wp-content\/uploads\/2012\/10\/tapas0011.jpg\"><img loading=\"lazy\" decoding=\"async\" class=\"aligncenter size-full wp-image-2333\" title=\"\" alt=\"\" src=\"http:\/\/felix.ares.fm\/wp-content\/uploads\/2012\/10\/tapas0011-e1353397922498.jpg\" width=\"320\" height=\"445\" srcset=\"https:\/\/felix.ares.fm\/wp-content\/uploads\/2012\/10\/tapas0011-e1353397922498.jpg 320w, https:\/\/felix.ares.fm\/wp-content\/uploads\/2012\/10\/tapas0011-e1353397922498-215x300.jpg 215w\" sizes=\"auto, (max-width: 320px) 100vw, 320px\" \/><\/a><\/p>\n<figure id=\"attachment_2331\" aria-describedby=\"caption-attachment-2331\" style=\"width: 314px\" class=\"wp-caption aligncenter\"><a href=\"http:\/\/felix.ares.fm\/wp-content\/uploads\/2012\/10\/tapas003.jpg\"><img loading=\"lazy\" decoding=\"async\" class=\"size-full wp-image-2331\" title=\"Establecimientos participantes\" alt=\"Establecimientos participantes\" src=\"http:\/\/felix.ares.fm\/wp-content\/uploads\/2012\/10\/tapas003-e1353397745689.jpg\" width=\"314\" height=\"185\" srcset=\"https:\/\/felix.ares.fm\/wp-content\/uploads\/2012\/10\/tapas003-e1353397745689.jpg 314w, https:\/\/felix.ares.fm\/wp-content\/uploads\/2012\/10\/tapas003-e1353397745689-300x176.jpg 300w\" sizes=\"auto, (max-width: 314px) 100vw, 314px\" \/><\/a><figcaption id=\"caption-attachment-2331\" class=\"wp-caption-text\">Establecimientos participantes<\/figcaption><\/figure>\n<figure id=\"attachment_2332\" aria-describedby=\"caption-attachment-2332\" style=\"width: 2888px\" class=\"wp-caption aligncenter\"><a href=\"http:\/\/felix.ares.fm\/wp-content\/uploads\/2012\/10\/tapas004.jpg\"><img loading=\"lazy\" decoding=\"async\" class=\"size-full wp-image-2332\" title=\"Mapa de las ubicaciones\" alt=\"Mapa de las ubicaciones\" src=\"http:\/\/felix.ares.fm\/wp-content\/uploads\/2012\/10\/tapas004.jpg\" width=\"2888\" height=\"1438\" srcset=\"https:\/\/felix.ares.fm\/wp-content\/uploads\/2012\/10\/tapas004.jpg 2888w, https:\/\/felix.ares.fm\/wp-content\/uploads\/2012\/10\/tapas004-300x149.jpg 300w, https:\/\/felix.ares.fm\/wp-content\/uploads\/2012\/10\/tapas004-1024x509.jpg 1024w\" sizes=\"auto, (max-width: 2888px) 100vw, 2888px\" \/><\/a><figcaption id=\"caption-attachment-2332\" class=\"wp-caption-text\">Mapa de las ubicaciones<\/figcaption><\/figure>\n<dl class=\"wp-caption aligncenter\" id=\"attachment_2328\" style=\"width: 310px;\">\n<dt class=\"wp-caption-dt\"><\/dt>\n<dd class=\"wp-caption-dd\">Establecimientos participantes<\/dd>\n<\/dl>\n<p><strong>Hemos\u00a0visitado\u00a0los siguientes<\/strong><br \/>\n<a href=\"#nuestrobar\">Nuestro Bar<\/a><br \/>\n<a href=\"#carconde\">En Car&#8217; Conde<\/a><br \/>\n<a href=\"#salvador\">Mes\u00f3n Salvador<\/a><br \/>\n<a href=\"#innova\">Innova Gastrobar<\/a><br \/>\n<a href=\"#canna\">La Ca\u00f1a<\/a><br \/>\n<a href=\"#pedro\">Casa Pedro<\/a><br \/>\n<a href=\"#oasis\">Nuevo Oasis<\/a><br \/>\n<a href=\"#babel\">Babel Bistro<\/a><br \/>\n<a href=\"#olivo\">El Olivo<\/a><br \/>\n<a href=\"#central\">Caf\u00e9 Bar Central<\/a><br \/>\n<a href=\"#despensa\">La Despensa de Mart\u00edn y P\u00e9rez<\/a><br \/>\n<a href=\"#gaonera\">Taberna la Gaonera<\/a><br \/>\n<a href=\"#vilches\">Cervecer\u00eda Vilches<\/a><br \/>\n<a href=\"#pasillo\">El Pasillo de Jes\u00fas<\/a><br \/>\n<a href=\"#sante\">Grand Caf\u00e9 Sant\u00e9r<\/a><br \/>\n<a href=\"#callejon\">Taberna el Callej\u00f3n<\/a><br \/>\n<a href=\"#lorena\">Caf\u00e9 Bar Lorena<\/a><br \/>\n<a href=\"#bolichitos\">Los Bolichitos<\/a><\/p>\n<p><a name=\"nuestrobar\"><\/a><br \/>\n<strong>Nuestro Bar<\/strong><\/p>\n<p>Presenta la tapa \u00abSexo con coco\u00bb. Obviamente tiene coco. Destaca su presentaci\u00f3n.<\/p>\n<figure id=\"attachment_2223\" aria-describedby=\"caption-attachment-2223\" style=\"width: 300px\" class=\"wp-caption aligncenter\"><a href=\"http:\/\/felix.ares.fm\/wp-content\/uploads\/2012\/10\/12.jpg\"><img loading=\"lazy\" decoding=\"async\" class=\"size-medium wp-image-2223\" title=\"Presentaci\u00f3n de &quot;Sexo con coco&quot;\" alt=\"Presentaci\u00f3n de &quot;Sexo con coco&quot;\" src=\"http:\/\/felix.ares.fm\/wp-content\/uploads\/2012\/10\/12-300x225.jpg\" width=\"300\" height=\"225\" srcset=\"https:\/\/felix.ares.fm\/wp-content\/uploads\/2012\/10\/12-300x225.jpg 300w, https:\/\/felix.ares.fm\/wp-content\/uploads\/2012\/10\/12.jpg 384w\" sizes=\"auto, (max-width: 300px) 100vw, 300px\" \/><\/a><figcaption id=\"caption-attachment-2223\" class=\"wp-caption-text\">Presentaci\u00f3n de \u00abSexo con coco\u00bb<\/figcaption><\/figure>\n<figure id=\"attachment_2224\" aria-describedby=\"caption-attachment-2224\" style=\"width: 300px\" class=\"wp-caption aligncenter\"><a href=\"http:\/\/felix.ares.fm\/wp-content\/uploads\/2012\/10\/21.jpg\"><img loading=\"lazy\" decoding=\"async\" class=\"size-medium wp-image-2224\" title=\"&quot;Sexo con coco&quot;. La tapa propiamente dicha\" alt=\"&quot;Sexo con coco&quot;. La tapa propiamente dicha\" src=\"http:\/\/felix.ares.fm\/wp-content\/uploads\/2012\/10\/21-300x225.jpg\" width=\"300\" height=\"225\" srcset=\"https:\/\/felix.ares.fm\/wp-content\/uploads\/2012\/10\/21-300x225.jpg 300w, https:\/\/felix.ares.fm\/wp-content\/uploads\/2012\/10\/21.jpg 384w\" sizes=\"auto, (max-width: 300px) 100vw, 300px\" \/><\/a><figcaption id=\"caption-attachment-2224\" class=\"wp-caption-text\">\u00abSexo con coco\u00bb. La tapa propiamente dicha<\/figcaption><\/figure>\n<figure id=\"attachment_2225\" aria-describedby=\"caption-attachment-2225\" style=\"width: 300px\" class=\"wp-caption aligncenter\"><a href=\"http:\/\/felix.ares.fm\/wp-content\/uploads\/2012\/10\/31.jpg\"><img loading=\"lazy\" decoding=\"async\" class=\"size-medium wp-image-2225\" title=\"&quot;Sexo con coco&quot;. La tapa propiamente dicha. Otra vista.\" alt=\"&quot;Sexo con coco&quot;. La tapa propiamente dicha. Otra vista.\" src=\"http:\/\/felix.ares.fm\/wp-content\/uploads\/2012\/10\/31-300x225.jpg\" width=\"300\" height=\"225\" srcset=\"https:\/\/felix.ares.fm\/wp-content\/uploads\/2012\/10\/31-300x225.jpg 300w, https:\/\/felix.ares.fm\/wp-content\/uploads\/2012\/10\/31.jpg 384w\" sizes=\"auto, (max-width: 300px) 100vw, 300px\" \/><\/a><figcaption id=\"caption-attachment-2225\" class=\"wp-caption-text\">\u00abSexo con coco\u00bb. La tapa propiamente dicha. Otra vista.<\/figcaption><\/figure>\n<p><a name=\"carconde\"><\/a><br \/>\n<strong>En Ca&#8217;r Conde<\/strong><\/p>\n<p><span style=\"color: #ff0000;\">Actualizaci\u00f3n 30 de junio de 2014: Han Cerrado. Ya no existe.<\/span><\/p>\n<p>Se presentan a concurso con la tapa \u00ab&#8216;Pa&#8217; escond\u00e9rsela\u00bb.<\/p>\n<p>he aqu\u00ed su aspecto:<\/p>\n<figure id=\"attachment_2227\" aria-describedby=\"caption-attachment-2227\" style=\"width: 225px\" class=\"wp-caption aligncenter\"><a href=\"http:\/\/felix.ares.fm\/wp-content\/uploads\/2012\/10\/13.jpg\"><img loading=\"lazy\" decoding=\"async\" class=\"size-medium wp-image-2227\" title=\"&quot;Pa&quot; escond\u00e9rsela.\" alt=\"&quot;Pa&quot; escond\u00e9rsela.\" src=\"http:\/\/felix.ares.fm\/wp-content\/uploads\/2012\/10\/13-e1352542868731-225x300.jpg\" width=\"225\" height=\"300\" srcset=\"https:\/\/felix.ares.fm\/wp-content\/uploads\/2012\/10\/13-e1352542868731-225x300.jpg 225w, https:\/\/felix.ares.fm\/wp-content\/uploads\/2012\/10\/13-e1352542868731.jpg 288w\" sizes=\"auto, (max-width: 225px) 100vw, 225px\" \/><\/a><figcaption id=\"caption-attachment-2227\" class=\"wp-caption-text\">\u00abPa\u00bb escond\u00e9rsela.<\/figcaption><\/figure>\n<p><strong>La esquinita<\/strong><\/p>\n<figure id=\"attachment_2233\" aria-describedby=\"caption-attachment-2233\" style=\"width: 300px\" class=\"wp-caption aligncenter\"><a href=\"http:\/\/felix.ares.fm\/wp-content\/uploads\/2012\/10\/51.jpg\"><img loading=\"lazy\" decoding=\"async\" class=\"size-medium wp-image-2233\" title=\"Detalle de la terraza de &quot;La esquinita&quot;\" alt=\"Detalle de la terraza de &quot;La esquinita&quot;\" src=\"http:\/\/felix.ares.fm\/wp-content\/uploads\/2012\/10\/51-300x225.jpg\" width=\"300\" height=\"225\" srcset=\"https:\/\/felix.ares.fm\/wp-content\/uploads\/2012\/10\/51-300x225.jpg 300w, https:\/\/felix.ares.fm\/wp-content\/uploads\/2012\/10\/51.jpg 384w\" sizes=\"auto, (max-width: 300px) 100vw, 300px\" \/><\/a><figcaption id=\"caption-attachment-2233\" class=\"wp-caption-text\">Detalle de la terraza de \u00abLa esquinita\u00bb<\/figcaption><\/figure>\n<p>La esquinita se presenta a concurso con la tapa \u00abTo pa entro\u00bb.<\/p>\n<figure id=\"attachment_2229\" aria-describedby=\"caption-attachment-2229\" style=\"width: 225px\" class=\"wp-caption aligncenter\"><a href=\"http:\/\/felix.ares.fm\/wp-content\/uploads\/2012\/10\/14.jpg\"><img loading=\"lazy\" decoding=\"async\" class=\"size-medium wp-image-2229\" title=\"Cartel anunciando la tapa &quot;To pa entro&quot;\" alt=\"Cartel anunciando la tapa &quot;To pa entro&quot;\" src=\"http:\/\/felix.ares.fm\/wp-content\/uploads\/2012\/10\/14-e1352543733183-225x300.jpg\" width=\"225\" height=\"300\" srcset=\"https:\/\/felix.ares.fm\/wp-content\/uploads\/2012\/10\/14-e1352543733183-225x300.jpg 225w, https:\/\/felix.ares.fm\/wp-content\/uploads\/2012\/10\/14-e1352543733183.jpg 288w\" sizes=\"auto, (max-width: 225px) 100vw, 225px\" \/><\/a><figcaption id=\"caption-attachment-2229\" class=\"wp-caption-text\">Cartel anunciando la tapa \u00abTo pa entro\u00bb<\/figcaption><\/figure>\n<p>Su aspecto es este:<\/p>\n<figure id=\"attachment_2230\" aria-describedby=\"caption-attachment-2230\" style=\"width: 225px\" class=\"wp-caption aligncenter\"><a href=\"http:\/\/felix.ares.fm\/wp-content\/uploads\/2012\/10\/22.jpg\"><img loading=\"lazy\" decoding=\"async\" class=\"size-medium wp-image-2230\" title=\"Las dos bolitas negras son de morcilla\" alt=\"Las dos bolitas negras son de morcilla\" src=\"http:\/\/felix.ares.fm\/wp-content\/uploads\/2012\/10\/22-e1352543796730-225x300.jpg\" width=\"225\" height=\"300\" srcset=\"https:\/\/felix.ares.fm\/wp-content\/uploads\/2012\/10\/22-e1352543796730-225x300.jpg 225w, https:\/\/felix.ares.fm\/wp-content\/uploads\/2012\/10\/22-e1352543796730.jpg 288w\" sizes=\"auto, (max-width: 225px) 100vw, 225px\" \/><\/a><figcaption id=\"caption-attachment-2230\" class=\"wp-caption-text\">Las dos bolitas negras son de morcilla<\/figcaption><\/figure>\n<figure id=\"attachment_2231\" aria-describedby=\"caption-attachment-2231\" style=\"width: 225px\" class=\"wp-caption aligncenter\"><a href=\"http:\/\/felix.ares.fm\/wp-content\/uploads\/2012\/10\/32.jpg\"><img loading=\"lazy\" decoding=\"async\" class=\"size-medium wp-image-2231\" title=\"Otra vista de la tapa\" alt=\"Otra vista de la tapa\" src=\"http:\/\/felix.ares.fm\/wp-content\/uploads\/2012\/10\/32-e1352543848325-225x300.jpg\" width=\"225\" height=\"300\" srcset=\"https:\/\/felix.ares.fm\/wp-content\/uploads\/2012\/10\/32-e1352543848325-225x300.jpg 225w, https:\/\/felix.ares.fm\/wp-content\/uploads\/2012\/10\/32-e1352543848325.jpg 288w\" sizes=\"auto, (max-width: 225px) 100vw, 225px\" \/><\/a><figcaption id=\"caption-attachment-2231\" class=\"wp-caption-text\">Otra vista de la tapa<\/figcaption><\/figure>\n<figure id=\"attachment_2232\" aria-describedby=\"caption-attachment-2232\" style=\"width: 300px\" class=\"wp-caption aligncenter\"><a href=\"http:\/\/felix.ares.fm\/wp-content\/uploads\/2012\/10\/41.jpg\"><img loading=\"lazy\" decoding=\"async\" class=\"size-medium wp-image-2232\" title=\"Un detalle\" alt=\"Un detalle\" src=\"http:\/\/felix.ares.fm\/wp-content\/uploads\/2012\/10\/41-300x225.jpg\" width=\"300\" height=\"225\" srcset=\"https:\/\/felix.ares.fm\/wp-content\/uploads\/2012\/10\/41-300x225.jpg 300w, https:\/\/felix.ares.fm\/wp-content\/uploads\/2012\/10\/41.jpg 384w\" sizes=\"auto, (max-width: 300px) 100vw, 300px\" \/><\/a><figcaption id=\"caption-attachment-2232\" class=\"wp-caption-text\">Un detalle<\/figcaption><\/figure>\n<p><a name=\"salvador\"><\/a><br \/>\n<strong>Mes\u00f3n Salvador<\/strong><\/p>\n<figure id=\"attachment_2236\" aria-describedby=\"caption-attachment-2236\" style=\"width: 300px\" class=\"wp-caption aligncenter\"><a href=\"http:\/\/felix.ares.fm\/wp-content\/uploads\/2012\/10\/1_sin_caras.jpg\"><img loading=\"lazy\" decoding=\"async\" class=\"size-medium wp-image-2236\" title=\"As\u00ed es la entrada del Mes\u00f3n Salvador\" alt=\"As\u00ed es la entrada del Mes\u00f3n Salvador\" src=\"http:\/\/felix.ares.fm\/wp-content\/uploads\/2012\/10\/1_sin_caras-300x225.jpg\" width=\"300\" height=\"225\" srcset=\"https:\/\/felix.ares.fm\/wp-content\/uploads\/2012\/10\/1_sin_caras-300x225.jpg 300w, https:\/\/felix.ares.fm\/wp-content\/uploads\/2012\/10\/1_sin_caras.jpg 384w\" sizes=\"auto, (max-width: 300px) 100vw, 300px\" \/><\/a><figcaption id=\"caption-attachment-2236\" class=\"wp-caption-text\">As\u00ed es la entrada del Mes\u00f3n Salvador<\/figcaption><\/figure>\n<p>Se presentan a concurso con la tapa \u00abQue sabrosa la tienes\u00bb, que tiene este aspecto:<\/p>\n<figure id=\"attachment_2237\" aria-describedby=\"caption-attachment-2237\" style=\"width: 300px\" class=\"wp-caption aligncenter\"><a href=\"http:\/\/felix.ares.fm\/wp-content\/uploads\/2012\/10\/23.jpg\"><img loading=\"lazy\" decoding=\"async\" class=\"size-medium wp-image-2237\" title=\"Por debajo hay un cilindro de arroz negro, encima &quot;hilos&quot; blancos y una croqueta de choco\" alt=\"Por debajo hay un cilindro de arroz negro, encima &quot;hilos&quot; blancos y una croqueta de choco\" src=\"http:\/\/felix.ares.fm\/wp-content\/uploads\/2012\/10\/23-300x225.jpg\" width=\"300\" height=\"225\" srcset=\"https:\/\/felix.ares.fm\/wp-content\/uploads\/2012\/10\/23-300x225.jpg 300w, https:\/\/felix.ares.fm\/wp-content\/uploads\/2012\/10\/23.jpg 384w\" sizes=\"auto, (max-width: 300px) 100vw, 300px\" \/><\/a><figcaption id=\"caption-attachment-2237\" class=\"wp-caption-text\">Por debajo hay un cilindro de arroz negro, encima \u00abhilos\u00bb blancos y una croqueta de choco<\/figcaption><\/figure>\n<figure id=\"attachment_2238\" aria-describedby=\"caption-attachment-2238\" style=\"width: 300px\" class=\"wp-caption aligncenter\"><a href=\"http:\/\/felix.ares.fm\/wp-content\/uploads\/2012\/10\/33.jpg\"><img loading=\"lazy\" decoding=\"async\" class=\"size-medium wp-image-2238\" title=\"Todo ello acompa\u00f1ado de un buen vino tinto (o lo que usted quiera)\" alt=\"Todo ello acompa\u00f1ado de un buen vino tinto (o lo que usted quiera)\" src=\"http:\/\/felix.ares.fm\/wp-content\/uploads\/2012\/10\/33-300x225.jpg\" width=\"300\" height=\"225\" srcset=\"https:\/\/felix.ares.fm\/wp-content\/uploads\/2012\/10\/33-300x225.jpg 300w, https:\/\/felix.ares.fm\/wp-content\/uploads\/2012\/10\/33.jpg 384w\" sizes=\"auto, (max-width: 300px) 100vw, 300px\" \/><\/a><figcaption id=\"caption-attachment-2238\" class=\"wp-caption-text\">Todo ello acompa\u00f1ado de un buen vino tinto (o lo que usted quiera)<\/figcaption><\/figure>\n<p><a name=\"innova\"><\/a><br \/>\n<strong>Innova Gastro Bar<\/strong><\/p>\n<figure id=\"attachment_2241\" aria-describedby=\"caption-attachment-2241\" style=\"width: 300px\" class=\"wp-caption aligncenter\"><a href=\"http:\/\/felix.ares.fm\/wp-content\/uploads\/2012\/10\/15.jpg\"><img loading=\"lazy\" decoding=\"async\" class=\"size-medium wp-image-2241\" title=\"Letrero que anuncia el Gastro Bar Innova\" alt=\"Letrero que anuncia el Gastro Bar Innova\" src=\"http:\/\/felix.ares.fm\/wp-content\/uploads\/2012\/10\/15-300x225.jpg\" width=\"300\" height=\"225\" srcset=\"https:\/\/felix.ares.fm\/wp-content\/uploads\/2012\/10\/15-300x225.jpg 300w, https:\/\/felix.ares.fm\/wp-content\/uploads\/2012\/10\/15.jpg 384w\" sizes=\"auto, (max-width: 300px) 100vw, 300px\" \/><\/a><figcaption id=\"caption-attachment-2241\" class=\"wp-caption-text\">Letrero que anuncia el Gastro Bar Innova<\/figcaption><\/figure>\n<p>Se presentan a concurso con \u00abPasi\u00f3n turca\u00bb.<\/p>\n<p>Se trata de una tapa muy elaborada, en la que representa el cuerpo de una mujer. Veamos:<\/p>\n<figure id=\"attachment_2242\" aria-describedby=\"caption-attachment-2242\" style=\"width: 300px\" class=\"wp-caption aligncenter\"><a href=\"http:\/\/felix.ares.fm\/wp-content\/uploads\/2012\/10\/24.jpg\"><img loading=\"lazy\" decoding=\"async\" class=\"size-medium wp-image-2242\" title=\"Pasi\u00f3n turca.\" alt=\"Pasi\u00f3n turca.\" src=\"http:\/\/felix.ares.fm\/wp-content\/uploads\/2012\/10\/24-300x225.jpg\" width=\"300\" height=\"225\" srcset=\"https:\/\/felix.ares.fm\/wp-content\/uploads\/2012\/10\/24-300x225.jpg 300w, https:\/\/felix.ares.fm\/wp-content\/uploads\/2012\/10\/24.jpg 384w\" sizes=\"auto, (max-width: 300px) 100vw, 300px\" \/><\/a><figcaption id=\"caption-attachment-2242\" class=\"wp-caption-text\">Pasi\u00f3n turca.<\/figcaption><\/figure>\n<p>Quiz\u00e1, vista desde esta posici\u00f3n no se vea bien el cuerpo de la mujer, pero si le damos la vuelta, se ver\u00e1 mejor:<\/p>\n<figure id=\"attachment_2243\" aria-describedby=\"caption-attachment-2243\" style=\"width: 225px\" class=\"wp-caption aligncenter\"><a href=\"http:\/\/felix.ares.fm\/wp-content\/uploads\/2012\/10\/34.jpg\"><img loading=\"lazy\" decoding=\"async\" class=\"size-medium wp-image-2243\" title=\"Ahora se ve un poco mejor.\" alt=\"Ahora se ve un poco mejor.\" src=\"http:\/\/felix.ares.fm\/wp-content\/uploads\/2012\/10\/34-e1352614340665-225x300.jpg\" width=\"225\" height=\"300\" srcset=\"https:\/\/felix.ares.fm\/wp-content\/uploads\/2012\/10\/34-e1352614340665-225x300.jpg 225w, https:\/\/felix.ares.fm\/wp-content\/uploads\/2012\/10\/34-e1352614340665.jpg 288w\" sizes=\"auto, (max-width: 225px) 100vw, 225px\" \/><\/a><figcaption id=\"caption-attachment-2243\" class=\"wp-caption-text\">Ahora se ve un poco mejor.<\/figcaption><\/figure>\n<p>Ahora se ve un poco mejor. arriba los senos, en el centro el cuerpo, y debajo la falda. Quiz\u00e1 usted se pregunte \u00bfy lo e turca a qu\u00e9 viene? Pues por una raz\u00f3n muy sencilla, la bola que hace de cuerpo es de carne ali\u00f1ada con especias turcas. Todo ello le da al conjunto una gran vistosidad y es muy sabroso, y en nuestro caso lo acompa\u00f1amos de un buen vino tinto de Navarra:<\/p>\n<figure id=\"attachment_2244\" aria-describedby=\"caption-attachment-2244\" style=\"width: 160px\" class=\"wp-caption aligncenter\"><a href=\"http:\/\/felix.ares.fm\/wp-content\/uploads\/2012\/10\/4_vino_navarro.jpg\"><img loading=\"lazy\" decoding=\"async\" class=\"size-full wp-image-2244\" title=\"Chin, chin, \u00e0 votre sant\u00e9!\" alt=\"Chin, chin, \u00e0 votre sant\u00e9!\" src=\"http:\/\/felix.ares.fm\/wp-content\/uploads\/2012\/10\/4_vino_navarro.jpg\" width=\"160\" height=\"184\" \/><\/a><figcaption id=\"caption-attachment-2244\" class=\"wp-caption-text\">Chin, chin, \u00e0 votre sant\u00e9!<\/figcaption><\/figure>\n<p><a name=\"canna\"><\/a><br \/>\nCervecer\u00eda <strong>La Ca\u00f1a<\/strong> (n\u00ba 79 en el carnet de la 4\u00aa ruta de la tapa er\u00f3tica)<\/p>\n<p>Se presentan a concurso con la tapa \u00abC\u00f3mo se voy a poner\u00bb. La tapa representa el \u00f3rgano reproductor masculino. El pene es un canel\u00f3n relleno de at\u00fan y en la punta una tosta de pan. 2 bolas de patata, bechamel y salsa de tomate dulce completan la tapa.<\/p>\n<p><a href=\"http:\/\/felix.ares.fm\/wp-content\/uploads\/2012\/10\/16.jpg\"><img loading=\"lazy\" decoding=\"async\" class=\"aligncenter size-full wp-image-2247\" title=\"\" alt=\"\" src=\"http:\/\/felix.ares.fm\/wp-content\/uploads\/2012\/10\/16.jpg\" width=\"259\" height=\"173\" \/><\/a><\/p>\n<p><a href=\"http:\/\/felix.ares.fm\/wp-content\/uploads\/2012\/10\/25.jpg\"><img loading=\"lazy\" decoding=\"async\" class=\"aligncenter size-full wp-image-2248\" title=\"2\" alt=\"\" src=\"http:\/\/felix.ares.fm\/wp-content\/uploads\/2012\/10\/25.jpg\" width=\"259\" height=\"173\" \/><\/a><\/p>\n<figure id=\"attachment_2249\" aria-describedby=\"caption-attachment-2249\" style=\"width: 173px\" class=\"wp-caption aligncenter\"><a href=\"http:\/\/felix.ares.fm\/wp-content\/uploads\/2012\/10\/35.jpg\"><img loading=\"lazy\" decoding=\"async\" class=\"size-full wp-image-2249\" title=\"Tapa er\u00f3tica &quot;C\u00f3mo te voy a poner&quot;\" alt=\"Tapa er\u00f3tica &quot;C\u00f3mo te voy a poner&quot;\" src=\"http:\/\/felix.ares.fm\/wp-content\/uploads\/2012\/10\/35-e1353310045511.jpg\" width=\"173\" height=\"259\" \/><\/a><figcaption id=\"caption-attachment-2249\" class=\"wp-caption-text\">Tapa er\u00f3tica \u00abC\u00f3mo te voy a poner\u00bb<\/figcaption><\/figure>\n<figure id=\"attachment_2250\" aria-describedby=\"caption-attachment-2250\" style=\"width: 259px\" class=\"wp-caption aligncenter\"><a href=\"http:\/\/felix.ares.fm\/wp-content\/uploads\/2012\/10\/42.jpg\"><img loading=\"lazy\" decoding=\"async\" class=\"size-full wp-image-2250\" title=\"\" alt=\"C\u00f3mo te voy a poner\" src=\"http:\/\/felix.ares.fm\/wp-content\/uploads\/2012\/10\/42.jpg\" width=\"259\" height=\"173\" \/><\/a><figcaption id=\"caption-attachment-2250\" class=\"wp-caption-text\">C\u00f3mo te voy a poner<\/figcaption><\/figure>\n<figure id=\"attachment_2251\" aria-describedby=\"caption-attachment-2251\" style=\"width: 259px\" class=\"wp-caption aligncenter\"><a href=\"http:\/\/felix.ares.fm\/wp-content\/uploads\/2012\/10\/52.jpg\"><img loading=\"lazy\" decoding=\"async\" class=\"size-full wp-image-2251\" title=\"C\u00f3mo te voy a poner, vista desde otro \u00e1ngulo\" alt=\"C\u00f3mo te voy a poner, vista desde otro \u00e1ngulo\" src=\"http:\/\/felix.ares.fm\/wp-content\/uploads\/2012\/10\/52.jpg\" width=\"259\" height=\"173\" \/><\/a><figcaption id=\"caption-attachment-2251\" class=\"wp-caption-text\">C\u00f3mo te voy a poner, vista desde otro \u00e1ngulo<\/figcaption><\/figure>\n<p>&nbsp;<\/p>\n<p><a name=\"pedro\"><\/a><br \/>\n<strong>Casa Pedro (n\u00ba 65)<\/strong>. Concursa con \u00abFinal Feliz\u00bb<\/p>\n<p>\u00abFinal Feliz\u00bb es la representaci\u00f3n del \u00f3rgano reproductor masculino. Lo m\u00e1s original &#8211;desde nuestro punto de vista&#8211; es que el pene es una salchica recubierta de jam\u00f3n de york con queso y todo ello empanado y frito, acompa\u00f1ado con mayonesa. El resultado final es muy crujiente y sabroso. La presentaci\u00f3n es muy buena, con cer\u00e1mica hecha a mano&#8230; bueno, lo mejor es que lo vean.<\/p>\n<figure id=\"attachment_2253\" aria-describedby=\"caption-attachment-2253\" style=\"width: 259px\" class=\"wp-caption aligncenter\"><a href=\"http:\/\/felix.ares.fm\/wp-content\/uploads\/2012\/10\/17.jpg\"><img loading=\"lazy\" decoding=\"async\" class=\"size-full wp-image-2253\" title=\"Entrada de Casa Pedro, observen que destaca que las tapas son a 1\u20ac\" alt=\"Entrada de Casa Pedro, observen que destaca que las tapas son a 1\u20ac\" src=\"http:\/\/felix.ares.fm\/wp-content\/uploads\/2012\/10\/17.jpg\" width=\"259\" height=\"173\" \/><\/a><figcaption id=\"caption-attachment-2253\" class=\"wp-caption-text\">Entrada de Casa Pedro, observen que destaca que las tapas son a 1\u20ac<\/figcaption><\/figure>\n<figure id=\"attachment_2254\" aria-describedby=\"caption-attachment-2254\" style=\"width: 259px\" class=\"wp-caption aligncenter\"><a href=\"http:\/\/felix.ares.fm\/wp-content\/uploads\/2012\/10\/26.jpg\"><img loading=\"lazy\" decoding=\"async\" class=\"size-full wp-image-2254\" title=\"De bebidas pedimos un vino tinto y una ca\u00f1a, que nos sirvieron acompa\u00f1adas de aceitunas, en un cuenco de cer\u00e1mica muy original. Luego les mostraremos el cuenco en ddetalle.\" alt=\"De bebidas pedimos un vino tinto y una ca\u00f1a, que nos sirvieron acompa\u00f1adas de aceitunas, en un cuenco de cer\u00e1mica muy original. Luego les mostraremos el cuenco en ddetalle.\" src=\"http:\/\/felix.ares.fm\/wp-content\/uploads\/2012\/10\/26.jpg\" width=\"259\" height=\"173\" \/><\/a><figcaption id=\"caption-attachment-2254\" class=\"wp-caption-text\">De bebidas pedimos un vino tinto y una ca\u00f1a, que nos sirvieron acompa\u00f1adas de aceitunas, en un cuenco de cer\u00e1mica muy original. Luego les mostraremos el cuenco en detalle.<\/figcaption><\/figure>\n<figure id=\"attachment_2255\" aria-describedby=\"caption-attachment-2255\" style=\"width: 259px\" class=\"wp-caption aligncenter\"><a href=\"http:\/\/felix.ares.fm\/wp-content\/uploads\/2012\/10\/36.jpg\"><img loading=\"lazy\" decoding=\"async\" class=\"size-full wp-image-2255\" title=\"Mesa completa con las dos tapas er\u00f3ticas. A destacar: mesa con mantel blanco y el cuenco de las aceitunas, muy colorista.\" alt=\"Mesa completa con las dos tapas er\u00f3ticas. A destacar: mesa con mantel blanco y el cuenco de las aceitunas, muy colorista.\" src=\"http:\/\/felix.ares.fm\/wp-content\/uploads\/2012\/10\/36.jpg\" width=\"259\" height=\"173\" \/><\/a><figcaption id=\"caption-attachment-2255\" class=\"wp-caption-text\">Mesa completa con las dos tapas er\u00f3ticas. A destacar: mesa con mantel blanco y el cuenco de las aceitunas, muy colorista.<\/figcaption><\/figure>\n<figure id=\"attachment_2256\" aria-describedby=\"caption-attachment-2256\" style=\"width: 259px\" class=\"wp-caption aligncenter\"><a href=\"http:\/\/felix.ares.fm\/wp-content\/uploads\/2012\/10\/43.jpg\"><img loading=\"lazy\" decoding=\"async\" class=\"size-full wp-image-2256\" title=\"La tapa que concursaba un poco m\u00e1s en detalle\" alt=\"La tapa que concursaba un poco m\u00e1s en detalle\" src=\"http:\/\/felix.ares.fm\/wp-content\/uploads\/2012\/10\/43.jpg\" width=\"259\" height=\"173\" \/><\/a><figcaption id=\"caption-attachment-2256\" class=\"wp-caption-text\">La tapa que concursaba un poco m\u00e1s en detalle<\/figcaption><\/figure>\n<p>La atenci\u00f3n de Pedro fue excelente y nos cont\u00f3 que esta tapa er\u00f3tica no es nada m\u00e1s que una modificaci\u00f3n de la que ellos tienen en la carta a 1 \u20ac y que se llama flamenqu\u00edn. Incluso nos ense\u00f1o la carate ne la que pod\u00eda verse:<\/p>\n<figure id=\"attachment_2257\" aria-describedby=\"caption-attachment-2257\" style=\"width: 173px\" class=\"wp-caption aligncenter\"><a href=\"http:\/\/felix.ares.fm\/wp-content\/uploads\/2012\/10\/53.jpg\"><img loading=\"lazy\" decoding=\"async\" class=\"size-full wp-image-2257\" title=\"El falmenqu\u00edn, en la que est\u00e1 inspirada la tapa er\u00f3tica del concurso est\u00e1 en la primera columna de fotos de taos en la tercera fila\" alt=\"El falmenqu\u00edn, en la que est\u00e1 inspirada la tapa er\u00f3tica del concurso est\u00e1 en la primera columna de fotos de taos en la tercera fila\" src=\"http:\/\/felix.ares.fm\/wp-content\/uploads\/2012\/10\/53-e1353311141642.jpg\" width=\"173\" height=\"259\" \/><\/a><figcaption id=\"caption-attachment-2257\" class=\"wp-caption-text\">El falmenqu\u00edn, en la que est\u00e1 inspirada la tapa er\u00f3tica del concurso est\u00e1 en la primera columna de fotos de taos en la tercera fila<\/figcaption><\/figure>\n<p>Ya que Pedro fue tan amable, miramos el resto de la carta y nos result\u00f3 muy interesante, tendremos que ir a probar:<\/p>\n<figure id=\"attachment_2258\" aria-describedby=\"caption-attachment-2258\" style=\"width: 173px\" class=\"wp-caption aligncenter\"><a href=\"http:\/\/felix.ares.fm\/wp-content\/uploads\/2012\/10\/71.jpg\"><img loading=\"lazy\" decoding=\"async\" class=\"size-full wp-image-2258\" title=\"Un detalle de las raciones de pescados y mariscos\" alt=\"Un detalle de las raciones de pescados y mariscos\" src=\"http:\/\/felix.ares.fm\/wp-content\/uploads\/2012\/10\/71-e1353311246270.jpg\" width=\"173\" height=\"259\" \/><\/a><figcaption id=\"caption-attachment-2258\" class=\"wp-caption-text\">Un detalle de las raciones de pescados y mariscos<\/figcaption><\/figure>\n<figure id=\"attachment_2259\" aria-describedby=\"caption-attachment-2259\" style=\"width: 173px\" class=\"wp-caption aligncenter\"><a href=\"http:\/\/felix.ares.fm\/wp-content\/uploads\/2012\/10\/81.jpg\"><img loading=\"lazy\" decoding=\"async\" class=\"size-full wp-image-2259\" title=\"Otro detalle de la carta\" alt=\"Otro detalle de la carta\" src=\"http:\/\/felix.ares.fm\/wp-content\/uploads\/2012\/10\/81-e1353311416469.jpg\" width=\"173\" height=\"259\" \/><\/a><figcaption id=\"caption-attachment-2259\" class=\"wp-caption-text\">Otro detalle de la carta<\/figcaption><\/figure>\n<figure id=\"attachment_2260\" aria-describedby=\"caption-attachment-2260\" style=\"width: 173px\" class=\"wp-caption aligncenter\"><a href=\"http:\/\/felix.ares.fm\/wp-content\/uploads\/2012\/10\/61.jpg\"><img loading=\"lazy\" decoding=\"async\" class=\"size-full wp-image-2260\" title=\"Queremos acabar con m\u00e1s tapas de 1\u20ac\" alt=\"Queremos acabar con m\u00e1s tapas de 1\u20ac\" src=\"http:\/\/felix.ares.fm\/wp-content\/uploads\/2012\/10\/61-e1353311467454.jpg\" width=\"173\" height=\"259\" \/><\/a><figcaption id=\"caption-attachment-2260\" class=\"wp-caption-text\">Queremos acabar con m\u00e1s tapas de 1\u20ac<\/figcaption><\/figure>\n<p>Se nos han puesto los dientes largos. Tenemos que volver a probar muchas cosas.<\/p>\n<p><a name=\"oasis\"><\/a><br \/>\n<strong>Nuevo Oasis (n\u00ba 63).\u00a0<\/strong>Tapa a concurso: rollo en la paja<\/p>\n<p>Esta cafeter\u00eda enga\u00f1a. Desde fuera parece un establecimiento normal, quiz\u00e1 un poco mayor; sin embargo, al entrar, te encuentras con un lugar muy espacioso. Para los que sean aficionados al \u00abDr Who\u00bb algo as\u00ed como la Tardis.<\/p>\n<figure id=\"attachment_2262\" aria-describedby=\"caption-attachment-2262\" style=\"width: 259px\" class=\"wp-caption aligncenter\"><a href=\"http:\/\/felix.ares.fm\/wp-content\/uploads\/2012\/10\/18.jpg\"><img loading=\"lazy\" decoding=\"async\" class=\"size-full wp-image-2262\" title=\"Entrada de &quot;Nuevo Oasis&quot;\" alt=\"Entrada de &quot;Nuevo Oasis&quot;\" src=\"http:\/\/felix.ares.fm\/wp-content\/uploads\/2012\/10\/18.jpg\" width=\"259\" height=\"173\" \/><\/a><figcaption id=\"caption-attachment-2262\" class=\"wp-caption-text\">Entrada de \u00abNuevo Oasis\u00bb<\/figcaption><\/figure>\n<p><a href=\"http:\/\/felix.ares.fm\/wp-content\/uploads\/2012\/10\/27.jpg\"><img loading=\"lazy\" decoding=\"async\" class=\"aligncenter size-full wp-image-2263\" title=\"\" alt=\"\" src=\"http:\/\/felix.ares.fm\/wp-content\/uploads\/2012\/10\/27.jpg\" width=\"259\" height=\"173\" \/><\/a><\/p>\n<figure id=\"attachment_2264\" aria-describedby=\"caption-attachment-2264\" style=\"width: 259px\" class=\"wp-caption aligncenter\"><a href=\"http:\/\/felix.ares.fm\/wp-content\/uploads\/2012\/10\/37.jpg\"><img loading=\"lazy\" decoding=\"async\" class=\"size-full wp-image-2264\" title=\"Mostrador y las dos bebidas que pedimos\" alt=\"Mostrador y las dos bebidas que pedimos\" src=\"http:\/\/felix.ares.fm\/wp-content\/uploads\/2012\/10\/37.jpg\" width=\"259\" height=\"173\" \/><\/a><figcaption id=\"caption-attachment-2264\" class=\"wp-caption-text\">Mostrador y las dos bebidas que pedimos<\/figcaption><\/figure>\n<figure id=\"attachment_2265\" aria-describedby=\"caption-attachment-2265\" style=\"width: 259px\" class=\"wp-caption aligncenter\"><a href=\"http:\/\/felix.ares.fm\/wp-content\/uploads\/2012\/10\/44.jpg\"><img loading=\"lazy\" decoding=\"async\" class=\"size-full wp-image-2265\" title=\"\u00a1Chin, chin!\" alt=\"\u00a1Chin, chin!\" src=\"http:\/\/felix.ares.fm\/wp-content\/uploads\/2012\/10\/44.jpg\" width=\"259\" height=\"173\" \/><\/a><figcaption id=\"caption-attachment-2265\" class=\"wp-caption-text\">\u00a1Chin, chin!<\/figcaption><\/figure>\n<figure id=\"attachment_2266\" aria-describedby=\"caption-attachment-2266\" style=\"width: 259px\" class=\"wp-caption aligncenter\"><a href=\"http:\/\/felix.ares.fm\/wp-content\/uploads\/2012\/10\/54.jpg\"><img loading=\"lazy\" decoding=\"async\" class=\"size-full wp-image-2266\" title=\"La tapa que se presenta a concurso. Como se llama &quot;rollo en la paja&quot; observen que a la derecha del plato hay patatas paja y que en medio hay un rollo, m\u00e1s bien un rollito.\" alt=\"La tapa que se presenta a concurso. Como se llama &quot;rollo en la paja&quot; observen que a la derecha del plato hay patatas paja y que en medio hay un rollo, m\u00e1s bien un rollito.\" src=\"http:\/\/felix.ares.fm\/wp-content\/uploads\/2012\/10\/54.jpg\" width=\"259\" height=\"173\" \/><\/a><figcaption id=\"caption-attachment-2266\" class=\"wp-caption-text\">La tapa que se presenta a concurso. Como se llama \u00abrollo en la paja\u00bb observen que a la derecha del plato hay patatas paja y que en medio hay un rollo, m\u00e1s bien un rollito.<\/figcaption><\/figure>\n<p>La tapa se presenta en un plato cuadrado en el que hay patatas paja, un rollito de pollo relleno de pimiento del piquillo, ensalada de at\u00fan y una salsa de verduras entre las que creemos distinguir la calabaza.<\/p>\n<figure id=\"attachment_2267\" aria-describedby=\"caption-attachment-2267\" style=\"width: 259px\" class=\"wp-caption aligncenter\"><a href=\"http:\/\/felix.ares.fm\/wp-content\/uploads\/2012\/10\/62.jpg\"><img loading=\"lazy\" decoding=\"async\" class=\"size-full wp-image-2267\" title=\"Otro detalle. Aunque la foto es mala permite dar una idea de en qu\u00e9 consiste la tapa\" alt=\"Otro detalle. Aunque la foto es mala permite dar una idea de en qu\u00e9 consiste la tapa\" src=\"http:\/\/felix.ares.fm\/wp-content\/uploads\/2012\/10\/62.jpg\" width=\"259\" height=\"173\" \/><\/a><figcaption id=\"caption-attachment-2267\" class=\"wp-caption-text\">Otro detalle. Aunque la foto es mala permite dar una idea de en qu\u00e9 consiste la tapa<\/figcaption><\/figure>\n<p>La camarera que nos atendi\u00f3, muy simp\u00e1tica, nos dijo que las dem\u00e1s tapas, en un d\u00eda normal, que no tenga nada que ver con la \u00abRuta de la tapa er\u00f3tica\u00bb cuestas 2\u20ac y que lo que m\u00e1s \u00e9xito tiene es la barbacoa de ib\u00e9ricos, que cuesta 30\u20ac para dos personas. Seg\u00fan nos dijo los extranjeros suelen pedir mucho la barbacoa. Nosotros no la hemos probado. Lo que si hemos verificado alg\u00fan d\u00eda al pasar es que hab\u00eda muchos clientes daneses.<\/p>\n<p><a name=\"babel\"><\/a><br \/>\n<strong>Babel Bistro Bar (N\u00ba 43). <\/strong>Se presenta a concurso con la tapa \u00abConfuxi\u00f3n\u00bb<\/p>\n<p>Un bistro, en la tradici\u00f3n parisina, es un peque\u00f1o restaurante en el que sirven comidas a precios econ\u00f3micos, aunque hoy y en Espa\u00f1a quiz\u00e1 el significado haya cambiado un poco desde que lo pintase el impresionista Jean B\u00e9raut:<\/p>\n<figure id=\"attachment_2269\" aria-describedby=\"caption-attachment-2269\" style=\"width: 220px\" class=\"wp-caption aligncenter\"><a href=\"http:\/\/felix.ares.fm\/wp-content\/uploads\/2012\/10\/220px-Jean_B\u00e9raud_Au_Bistro.jpg\"><img loading=\"lazy\" decoding=\"async\" class=\"size-full wp-image-2269\" title=\"Jean B\u00e9raud &quot;Au Bistro&quot;. Gentileza de Wikimedia\" alt=\"Jean B\u00e9raud &quot;Au Bistro&quot;. Gentileza de Wikimedia\" src=\"http:\/\/felix.ares.fm\/wp-content\/uploads\/2012\/10\/220px-Jean_B\u00e9raud_Au_Bistro.jpg\" width=\"220\" height=\"169\" \/><\/a><figcaption id=\"caption-attachment-2269\" class=\"wp-caption-text\">Jean B\u00e9raud \u00abAu Bistro\u00bb. Gentileza de Wikimedia<\/figcaption><\/figure>\n<p>Nuestro moderno bistro tiene este aspecto:<\/p>\n<p><a href=\"http:\/\/felix.ares.fm\/wp-content\/uploads\/2012\/10\/19.jpg\"><img loading=\"lazy\" decoding=\"async\" class=\"aligncenter size-full wp-image-2270\" title=\"\" alt=\"\" src=\"http:\/\/felix.ares.fm\/wp-content\/uploads\/2012\/10\/19-e1353313491118.jpg\" width=\"173\" height=\"259\" \/><\/a><\/p>\n<p>Dispone de una carta con un dise\u00f1o que nos ha gustado.<\/p>\n<p><a href=\"http:\/\/felix.ares.fm\/wp-content\/uploads\/2012\/10\/28.jpg\"><img loading=\"lazy\" decoding=\"async\" class=\"aligncenter size-full wp-image-2271\" title=\"\" alt=\"\" src=\"http:\/\/felix.ares.fm\/wp-content\/uploads\/2012\/10\/28.jpg\" width=\"259\" height=\"173\" \/><\/a><\/p>\n<p>La decoraci\u00f3n tambi\u00e9n est\u00e1 muy cuidada, aunque a veces hay una fusi\u00f3n de culturas; por ejemplo en este Buda que ense\u00f1orea una de las paredes:<\/p>\n<p><a href=\"http:\/\/felix.ares.fm\/wp-content\/uploads\/2012\/10\/38.jpg\"><img loading=\"lazy\" decoding=\"async\" class=\"aligncenter size-full wp-image-2272\" title=\"\" alt=\"\" src=\"http:\/\/felix.ares.fm\/wp-content\/uploads\/2012\/10\/38-e1353313744600.jpg\" width=\"173\" height=\"259\" \/><\/a><\/p>\n<p>Se presentan a concurso con una tapa que se titula \u00abConfuxi\u00f3n\u00bb, que es esta:<\/p>\n<figure id=\"attachment_2273\" aria-describedby=\"caption-attachment-2273\" style=\"width: 259px\" class=\"wp-caption aligncenter\"><a href=\"http:\/\/felix.ares.fm\/wp-content\/uploads\/2012\/10\/45.jpg\"><img loading=\"lazy\" decoding=\"async\" class=\"size-full wp-image-2273\" title=\"&quot;Confuxi\u00f3n&quot;\" alt=\"&quot;Confuxi\u00f3n&quot;\" src=\"http:\/\/felix.ares.fm\/wp-content\/uploads\/2012\/10\/45.jpg\" width=\"259\" height=\"173\" \/><\/a><figcaption id=\"caption-attachment-2273\" class=\"wp-caption-text\">\u00abConfuxi\u00f3n\u00bb<\/figcaption><\/figure>\n<p>Sinceramente, a nosotros nos ha dejado confundios. No entendemos el t\u00edtulo y nadie nos lo explic\u00f3.<\/p>\n<p>Nosotros lo que vemos es un espermatozoide llegando a un \u00f3vulo, aunque el \u00f3vulo es muy chico si lo comparamos con la realidad. \u00bfNos equivocamos?<\/p>\n<p>El \u00ab\u00f3vulo\u00bb es un boquer\u00f3n en vinagre enrrollado. El \u00abespermatozoide\u00bb es una salsa. Y todo ello soportado en una tostada de pan con tomate. Adem\u00e1s hay una salsa marr\u00f3n, de un sabor interesante y que al final pica un poco.<\/p>\n<p><a name=\"olivo\"><\/a><br \/>\n<strong>El Olivo (n\u00ba 22).<\/strong>\u00a0Tapa de concurso \u00ab<strong>Strip Poker<\/strong>\u00bb<\/p>\n<p>Como ustedes saben el \u00abStrip Poker\u00bb es una variaci\u00f3n al juego del\u00a0p\u00f3quer en el que en vez de perder dinero lo que se va perdiendo son las pendas de vestir; as\u00ed que si pierdes mucho terminas desnudo. Y mostrar una mujer desnuda es la apuesta de \u00abEl Olivo\u00bb para concursar en la ruta de la \u00a0tapa er\u00f3tica.<\/p>\n<p>De \u00abEl Olivo\u00bb ya hemos hablado en otras ocasiones pues tiene tapas excelentes a muy buenos precios.<\/p>\n<figure id=\"attachment_2275\" aria-describedby=\"caption-attachment-2275\" style=\"width: 259px\" class=\"wp-caption aligncenter\"><a href=\"http:\/\/felix.ares.fm\/wp-content\/uploads\/2012\/10\/110.jpg\"><img loading=\"lazy\" decoding=\"async\" class=\"size-full wp-image-2275\" title=\"El Olivo\" alt=\"El Olivo\" src=\"http:\/\/felix.ares.fm\/wp-content\/uploads\/2012\/10\/110.jpg\" width=\"259\" height=\"173\" \/><\/a><figcaption id=\"caption-attachment-2275\" class=\"wp-caption-text\">El Olivo<\/figcaption><\/figure>\n<figure id=\"attachment_2276\" aria-describedby=\"caption-attachment-2276\" style=\"width: 173px\" class=\"wp-caption aligncenter\"><a href=\"http:\/\/felix.ares.fm\/wp-content\/uploads\/2012\/10\/29.jpg\"><img loading=\"lazy\" decoding=\"async\" class=\"size-full wp-image-2276\" title=\"Strip Poker\" alt=\"Strip Poker\" src=\"http:\/\/felix.ares.fm\/wp-content\/uploads\/2012\/10\/29-e1353315707770.jpg\" width=\"173\" height=\"259\" \/><\/a><figcaption id=\"caption-attachment-2276\" class=\"wp-caption-text\">Strip Poker<\/figcaption><\/figure>\n<figure id=\"attachment_2277\" aria-describedby=\"caption-attachment-2277\" style=\"width: 173px\" class=\"wp-caption aligncenter\"><a href=\"http:\/\/felix.ares.fm\/wp-content\/uploads\/2012\/10\/39.jpg\"><img loading=\"lazy\" decoding=\"async\" class=\"size-full wp-image-2277\" title=\"Sabor de Ja\u00e9n\" alt=\"Sabor de Ja\u00e9n\" src=\"http:\/\/felix.ares.fm\/wp-content\/uploads\/2012\/10\/39-e1353315753520.jpg\" width=\"173\" height=\"259\" \/><\/a><figcaption id=\"caption-attachment-2277\" class=\"wp-caption-text\">Sabor de Ja\u00e9n<\/figcaption><\/figure>\n<figure id=\"attachment_2278\" aria-describedby=\"caption-attachment-2278\" style=\"width: 173px\" class=\"wp-caption aligncenter\"><a href=\"http:\/\/felix.ares.fm\/wp-content\/uploads\/2012\/10\/46.jpg\"><img loading=\"lazy\" decoding=\"async\" class=\"size-full wp-image-2278\" title=\"Ca\u00f1a + tapa 1,30 \u20ac\" alt=\"Ca\u00f1a + tapa 1,30 \u20ac\" src=\"http:\/\/felix.ares.fm\/wp-content\/uploads\/2012\/10\/46-e1353315796640.jpg\" width=\"173\" height=\"259\" \/><\/a><figcaption id=\"caption-attachment-2278\" class=\"wp-caption-text\">Ca\u00f1a + tapa 1,30 \u20ac<\/figcaption><\/figure>\n<figure id=\"attachment_2279\" aria-describedby=\"caption-attachment-2279\" style=\"width: 173px\" class=\"wp-caption aligncenter\"><a href=\"http:\/\/felix.ares.fm\/wp-content\/uploads\/2012\/10\/55.jpg\"><img loading=\"lazy\" decoding=\"async\" class=\"size-full wp-image-2279\" title=\"Vino + tapa, 1,30 \u20ac\" alt=\"Vino + tapa, 1,30 \u20ac\" src=\"http:\/\/felix.ares.fm\/wp-content\/uploads\/2012\/10\/55-e1353315868323.jpg\" width=\"173\" height=\"259\" \/><\/a><figcaption id=\"caption-attachment-2279\" class=\"wp-caption-text\">Vino + tapa, 1,30 \u20ac<\/figcaption><\/figure>\n<figure id=\"attachment_2280\" aria-describedby=\"caption-attachment-2280\" style=\"width: 173px\" class=\"wp-caption aligncenter\"><a href=\"http:\/\/felix.ares.fm\/wp-content\/uploads\/2012\/10\/63.jpg\"><img loading=\"lazy\" decoding=\"async\" class=\"size-full wp-image-2280\" title=\"Gazpacho 1\u20ac\" alt=\"Gazpacho 1\u20ac\" src=\"http:\/\/felix.ares.fm\/wp-content\/uploads\/2012\/10\/63-e1353315983661.jpg\" width=\"173\" height=\"259\" \/><\/a><figcaption id=\"caption-attachment-2280\" class=\"wp-caption-text\">Gazpacho 1\u20ac<\/figcaption><\/figure>\n<figure id=\"attachment_2281\" aria-describedby=\"caption-attachment-2281\" style=\"width: 259px\" class=\"wp-caption aligncenter\"><a href=\"http:\/\/felix.ares.fm\/wp-content\/uploads\/2012\/10\/72.jpg\"><img loading=\"lazy\" decoding=\"async\" class=\"size-full wp-image-2281\" title=\"Detalle de la tapa Strip Poker\" alt=\"Detalle de la tapa Strip Poker\" src=\"http:\/\/felix.ares.fm\/wp-content\/uploads\/2012\/10\/72.jpg\" width=\"259\" height=\"173\" \/><\/a><figcaption id=\"caption-attachment-2281\" class=\"wp-caption-text\">Detalle de la tapa Strip Poker<\/figcaption><\/figure>\n<p>La tapa consiste en un pat\u00e9 de at\u00fan rectangular sobre el que se ha representado con una salsa ali-oli una mujer desnuda. Va acompa\u00f1ada de una tosta de pan con cebolla confitada.<\/p>\n<figure id=\"attachment_2282\" aria-describedby=\"caption-attachment-2282\" style=\"width: 259px\" class=\"wp-caption aligncenter\"><a href=\"http:\/\/felix.ares.fm\/wp-content\/uploads\/2012\/10\/9.jpg\"><img loading=\"lazy\" decoding=\"async\" class=\"size-full wp-image-2282\" title=\"Una vista m\u00e1s lejana de la tapa\" alt=\"Una vista m\u00e1s lejana de la tapa\" src=\"http:\/\/felix.ares.fm\/wp-content\/uploads\/2012\/10\/9.jpg\" width=\"259\" height=\"173\" \/><\/a><figcaption id=\"caption-attachment-2282\" class=\"wp-caption-text\">Una vista m\u00e1s lejana de la tapa<\/figcaption><\/figure>\n<figure id=\"attachment_2283\" aria-describedby=\"caption-attachment-2283\" style=\"width: 259px\" class=\"wp-caption aligncenter\"><a href=\"http:\/\/felix.ares.fm\/wp-content\/uploads\/2012\/10\/10.jpg\"><img loading=\"lazy\" decoding=\"async\" class=\"size-full wp-image-2283\" title=\"Una vista todav\u00eda en plano m\u00e1s abierto en la que se ven ls tapas, las bebidas y la mesa.\" alt=\"Una vista todav\u00eda en plano m\u00e1s abierto en la que se ven ls tapas, las bebidas y la mesa.\" src=\"http:\/\/felix.ares.fm\/wp-content\/uploads\/2012\/10\/10.jpg\" width=\"259\" height=\"173\" \/><\/a><figcaption id=\"caption-attachment-2283\" class=\"wp-caption-text\">Una vista todav\u00eda en plano m\u00e1s abierto en la que se ven las tapas, las bebidas y la mesa.<\/figcaption><\/figure>\n<p><a name=\"central\"><\/a><br \/>\n<strong>Caf\u00e9 Bar Central (n\u00ba 57). <\/strong>La tapa que presentan aconcurso es \u00ab<strong>El quebrao\u00bb<\/strong><\/p>\n<figure id=\"attachment_2285\" aria-describedby=\"caption-attachment-2285\" style=\"width: 259px\" class=\"wp-caption aligncenter\"><a href=\"http:\/\/felix.ares.fm\/wp-content\/uploads\/2012\/10\/111.jpg\"><img loading=\"lazy\" decoding=\"async\" class=\"size-full wp-image-2285\" title=\"Entrada del Caf\u00e9 Bar Central\" alt=\"Entrada del Caf\u00e9 Bar Central\" src=\"http:\/\/felix.ares.fm\/wp-content\/uploads\/2012\/10\/111.jpg\" width=\"259\" height=\"173\" \/><\/a><figcaption id=\"caption-attachment-2285\" class=\"wp-caption-text\">Entrada del Caf\u00e9 Bar Central<\/figcaption><\/figure>\n<figure id=\"attachment_2286\" aria-describedby=\"caption-attachment-2286\" style=\"width: 173px\" class=\"wp-caption aligncenter\"><a href=\"http:\/\/felix.ares.fm\/wp-content\/uploads\/2012\/10\/210.jpg\"><img loading=\"lazy\" decoding=\"async\" class=\"size-full wp-image-2286\" title=\"Un detalle de la decoraci\u00f3n\" alt=\"Un detalle de la decoraci\u00f3n\" src=\"http:\/\/felix.ares.fm\/wp-content\/uploads\/2012\/10\/210-e1353316757411.jpg\" width=\"173\" height=\"259\" \/><\/a><figcaption id=\"caption-attachment-2286\" class=\"wp-caption-text\">Un detalle de la decoraci\u00f3n<\/figcaption><\/figure>\n<figure id=\"attachment_2287\" aria-describedby=\"caption-attachment-2287\" style=\"width: 173px\" class=\"wp-caption aligncenter\"><a href=\"http:\/\/felix.ares.fm\/wp-content\/uploads\/2012\/10\/310.jpg\"><img loading=\"lazy\" decoding=\"async\" class=\"size-full wp-image-2287\" title=\"La carta\" alt=\"La carta\" src=\"http:\/\/felix.ares.fm\/wp-content\/uploads\/2012\/10\/310-e1353316798183.jpg\" width=\"173\" height=\"259\" \/><\/a><figcaption id=\"caption-attachment-2287\" class=\"wp-caption-text\">La carta<\/figcaption><\/figure>\n<figure id=\"attachment_2288\" aria-describedby=\"caption-attachment-2288\" style=\"width: 173px\" class=\"wp-caption aligncenter\"><a href=\"http:\/\/felix.ares.fm\/wp-content\/uploads\/2012\/10\/47.jpg\"><img loading=\"lazy\" decoding=\"async\" class=\"size-full wp-image-2288\" title=\"Cartel en el que anuncian que participan en la &quot;Ruta Er\u00f3tica&quot; y el nombre de su tapa &quot;El quebrao&quot;\" alt=\"Cartel en el que anuncian que participan en la &quot;Ruta Er\u00f3tica&quot; y el nombre de su tapa &quot;El quebrao&quot;\" src=\"http:\/\/felix.ares.fm\/wp-content\/uploads\/2012\/10\/47-e1353316844901.jpg\" width=\"173\" height=\"259\" \/><\/a><figcaption id=\"caption-attachment-2288\" class=\"wp-caption-text\">Cartel en el que anuncian que participan en la \u00abRuta Er\u00f3tica\u00bb y el nombre de su tapa \u00abEl quebrao\u00bb<\/figcaption><\/figure>\n<figure id=\"attachment_2289\" aria-describedby=\"caption-attachment-2289\" style=\"width: 259px\" class=\"wp-caption aligncenter\"><a href=\"http:\/\/felix.ares.fm\/wp-content\/uploads\/2012\/10\/56.jpg\"><img loading=\"lazy\" decoding=\"async\" class=\"size-full wp-image-2289\" title=\"El quebrao\" alt=\"El quebrao\" src=\"http:\/\/felix.ares.fm\/wp-content\/uploads\/2012\/10\/56.jpg\" width=\"259\" height=\"173\" \/><\/a><figcaption id=\"caption-attachment-2289\" class=\"wp-caption-text\">El quebrao<\/figcaption><\/figure>\n<p>En la imagen de arriba pueden ver dos tapas de \u00abEl quebrao\u00bb. Como pueden ver consite en una salchicha en una de cuyas puntas se han puesto, unidas con un palillo, dos albondiguitas de distinto tama\u00f1o. Suponemos que lo de \u00abquebrao\u00bb viene por el distinto tama\u00f1o.<\/p>\n<figure id=\"attachment_2290\" aria-describedby=\"caption-attachment-2290\" style=\"width: 259px\" class=\"wp-caption aligncenter\"><a href=\"http:\/\/felix.ares.fm\/wp-content\/uploads\/2012\/10\/64.jpg\"><img loading=\"lazy\" decoding=\"async\" class=\"size-full wp-image-2290\" title=\"Un primer plano de la tapa. F\u00edjense que se mezcla con otra tapa.\" alt=\"Un primer plano de la tapa. F\u00edjense que se mezcla con otra tapa.\" src=\"http:\/\/felix.ares.fm\/wp-content\/uploads\/2012\/10\/64.jpg\" width=\"259\" height=\"173\" \/><\/a><figcaption id=\"caption-attachment-2290\" class=\"wp-caption-text\">Un primer plano de la tapa. F\u00edjense que se mezcla con otra tapa.<\/figcaption><\/figure>\n<p><a name=\"despensa\"><\/a><br \/>\n<strong>La Despensa de Mart\u00edn y P\u00e9rez (14). <\/strong>Participa con la tapa \u00ab<strong>Sorpresa en Hawaii<\/strong>\u00bb<\/p>\n<figure id=\"attachment_2292\" aria-describedby=\"caption-attachment-2292\" style=\"width: 259px\" class=\"wp-caption aligncenter\"><a href=\"http:\/\/felix.ares.fm\/wp-content\/uploads\/2012\/10\/112.jpg\"><img loading=\"lazy\" decoding=\"async\" class=\"size-full wp-image-2292\" title=\"Letrero a la entrada del establecimeinto\" alt=\"Letrero a la entrada del establecimeinto\" src=\"http:\/\/felix.ares.fm\/wp-content\/uploads\/2012\/10\/112.jpg\" width=\"259\" height=\"173\" \/><\/a><figcaption id=\"caption-attachment-2292\" class=\"wp-caption-text\">Letrero a la entrada del establecimeinto<\/figcaption><\/figure>\n<figure id=\"attachment_2293\" aria-describedby=\"caption-attachment-2293\" style=\"width: 173px\" class=\"wp-caption aligncenter\"><a href=\"http:\/\/felix.ares.fm\/wp-content\/uploads\/2012\/10\/211.jpg\"><img loading=\"lazy\" decoding=\"async\" class=\"size-full wp-image-2293\" title=\"Otro letrero a la entrada del establecimiento\" alt=\"Otro letrero a la entrada del establecimiento\" src=\"http:\/\/felix.ares.fm\/wp-content\/uploads\/2012\/10\/211-e1353317788966.jpg\" width=\"173\" height=\"259\" \/><\/a><figcaption id=\"caption-attachment-2293\" class=\"wp-caption-text\">Otro letrero a la entrada del establecimiento<\/figcaption><\/figure>\n<figure id=\"attachment_2294\" aria-describedby=\"caption-attachment-2294\" style=\"width: 173px\" class=\"wp-caption aligncenter\"><a href=\"http:\/\/felix.ares.fm\/wp-content\/uploads\/2012\/10\/311.jpg\"><img loading=\"lazy\" decoding=\"async\" class=\"size-full wp-image-2294\" title=\"Cartel de que participan en la Ruta\" alt=\"Cartel de que participan en la Ruta\" src=\"http:\/\/felix.ares.fm\/wp-content\/uploads\/2012\/10\/311-e1353317835482.jpg\" width=\"173\" height=\"259\" \/><\/a><figcaption id=\"caption-attachment-2294\" class=\"wp-caption-text\">Cartel de que participan en la Ruta<\/figcaption><\/figure>\n<figure id=\"attachment_2295\" aria-describedby=\"caption-attachment-2295\" style=\"width: 173px\" class=\"wp-caption aligncenter\"><a href=\"http:\/\/felix.ares.fm\/wp-content\/uploads\/2012\/10\/48.jpg\"><img loading=\"lazy\" decoding=\"async\" class=\"size-full wp-image-2295\" title=\"Para empezar, el camarero, muy amable y competente nos trajo un platito con tenedor y dos panes con forma de \u00f3rgano masculino.\" alt=\"Para empezar, el camarero, muy amable y competente nos trajo un platito con tenedor y dos panes con forma de \u00f3rgano masculino.\" src=\"http:\/\/felix.ares.fm\/wp-content\/uploads\/2012\/10\/48-e1353317885207.jpg\" width=\"173\" height=\"259\" \/><\/a><figcaption id=\"caption-attachment-2295\" class=\"wp-caption-text\">Para empezar, el camarero, muy amable y competente nos trajo un platito con tenedor y dos panes con forma de \u00f3rgano masculino.<\/figcaption><\/figure>\n<figure id=\"attachment_2296\" aria-describedby=\"caption-attachment-2296\" style=\"width: 259px\" class=\"wp-caption aligncenter\"><a href=\"http:\/\/felix.ares.fm\/wp-content\/uploads\/2012\/10\/65.jpg\"><img loading=\"lazy\" decoding=\"async\" class=\"size-full wp-image-2296\" title=\"Despu\u00e9s nos trajo la tapa propiamente dicha\" alt=\"Despu\u00e9s nos trajo la tapa propiamente dicha\" src=\"http:\/\/felix.ares.fm\/wp-content\/uploads\/2012\/10\/65.jpg\" width=\"259\" height=\"173\" \/><\/a><figcaption id=\"caption-attachment-2296\" class=\"wp-caption-text\">Despu\u00e9s nos trajo la tapa propiamente dicha<\/figcaption><\/figure>\n<p>Se trata de una mujer (hay que suponer que hawaiana) en la que brazos y piernas son salchichas. La falda hawaiana es de lechuga. Sus senos son de aceituna. Y debajo hay una cama de patatas y mayonesa.<\/p>\n<p>Original.<\/p>\n<p><a name=\"gaonera\"><\/a><br \/>\n<strong>Taberna la Gaonera (n\u00ba 35). <\/strong>Tapa: \u00abGaonera en bola\u00bb<\/p>\n<p>Fuimos el s\u00e1bado y estaba repleto de gente. Esperamos, conseguimos una mesa,&#8230; y esperamos&#8230;. y esperamos&#8230; y esperamos&#8230;. y quince minutos dfspu\u00e9s no nos hab\u00edan atendido, ni nos hab\u00edan dicho que vendr\u00edan en un rato, as\u00ed que nos fuimos, por lo que no sabemos si la tapa es buena o mala o todo lo contrario. A juzgar por la cantidad de gente que hab\u00eda pidi\u00e9ndola hay que pensar que era muy buena.<\/p>\n<p><a href=\"http:\/\/felix.ares.fm\/wp-content\/uploads\/2012\/10\/113.jpg\"><img loading=\"lazy\" decoding=\"async\" class=\"aligncenter size-full wp-image-2298\" title=\"\" alt=\"\" src=\"http:\/\/felix.ares.fm\/wp-content\/uploads\/2012\/10\/113.jpg\" width=\"259\" height=\"173\" \/><\/a><\/p>\n<p><a href=\"http:\/\/felix.ares.fm\/wp-content\/uploads\/2012\/10\/1b.jpg\"><img loading=\"lazy\" decoding=\"async\" class=\"aligncenter size-full wp-image-2299\" title=\"\" alt=\"\" src=\"http:\/\/felix.ares.fm\/wp-content\/uploads\/2012\/10\/1b.jpg\" width=\"259\" height=\"173\" \/><\/a><\/p>\n<figure id=\"attachment_2300\" aria-describedby=\"caption-attachment-2300\" style=\"width: 173px\" class=\"wp-caption aligncenter\"><a href=\"http:\/\/felix.ares.fm\/wp-content\/uploads\/2012\/10\/212.jpg\"><img loading=\"lazy\" decoding=\"async\" class=\"size-full wp-image-2300\" title=\"Cartel de participaci\u00f3n en la Cuarta Ruta Er\u00f3tica\" alt=\"Cartel de participaci\u00f3n en la Cuarta Ruta Er\u00f3tica\" src=\"http:\/\/felix.ares.fm\/wp-content\/uploads\/2012\/10\/212-e1353318762115.jpg\" width=\"173\" height=\"259\" \/><\/a><figcaption id=\"caption-attachment-2300\" class=\"wp-caption-text\">Cartel de participaci\u00f3n en la Cuarta Ruta Er\u00f3tica<\/figcaption><\/figure>\n<figure id=\"attachment_2301\" aria-describedby=\"caption-attachment-2301\" style=\"width: 173px\" class=\"wp-caption aligncenter\"><a href=\"http:\/\/felix.ares.fm\/wp-content\/uploads\/2012\/10\/312.jpg\"><img loading=\"lazy\" decoding=\"async\" class=\"size-full wp-image-2301\" title=\"Tienen manzanilla en rama de Sanlucar\" alt=\"Tienen manzanilla en rama de Sanlucar\" src=\"http:\/\/felix.ares.fm\/wp-content\/uploads\/2012\/10\/312-e1353318819549.jpg\" width=\"173\" height=\"259\" \/><\/a><figcaption id=\"caption-attachment-2301\" class=\"wp-caption-text\">Tienen manzanilla en rama de Sanlucar<\/figcaption><\/figure>\n<p><a name=\"vilches\"><\/a><br \/>\n<strong>Cervecer\u00eda Vilches (n\u00ba 36). <\/strong>Tapa del concurso \u00ab<strong>Gamba ardiente<\/strong>\u00bb<\/p>\n<p><a href=\"http:\/\/felix.ares.fm\/wp-content\/uploads\/2012\/10\/115.jpg\"><img loading=\"lazy\" decoding=\"async\" class=\"aligncenter size-full wp-image-2306\" title=\"\" alt=\"\" src=\"http:\/\/felix.ares.fm\/wp-content\/uploads\/2012\/10\/115.jpg\" width=\"259\" height=\"173\" \/><\/a><\/p>\n<figure id=\"attachment_2308\" aria-describedby=\"caption-attachment-2308\" style=\"width: 259px\" class=\"wp-caption aligncenter\"><img loading=\"lazy\" decoding=\"async\" class=\"size-full wp-image-2308\" title=\"Aqu\u00ed est\u00e1 la gamba ardiente\" alt=\"Aqu\u00ed est\u00e1 la gamba ardiente\" src=\"http:\/\/felix.ares.fm\/wp-content\/uploads\/2012\/10\/313.jpg\" width=\"259\" height=\"173\" \/><figcaption id=\"caption-attachment-2308\" class=\"wp-caption-text\">Aqu\u00ed est\u00e1 la gamba ardiente<\/figcaption><\/figure>\n<p>La tapa contiene una gamba, un mejill\u00f3n, todo ello aderezado con una salsa picante (de ah\u00ed lo de ardiente) y un excelente aceite de oliva.<\/p>\n<p>El resultado final es una tapa muy rica.<\/p>\n<p><a name=\"pasillo\"><\/a><br \/>\n<strong>El pasillo de Jes\u00fas (48).\u00a0 <\/strong>Se presenta con la tapa<strong> \u00abUn Repasillo Completo\u00bb<\/strong><\/p>\n<p>El pasillo de Jes\u00fas es literalmente un pasillo y su tapa es un \u00abrepasillo\u00bb, es decir un repaso a varios de los productos que ofrecen. No tendr\u00eda nada de \u00aber\u00f3tico\u00bb sino fuera porque la bandeja en la que lo sirven muestra la silueta de una mujer desnuda. No sabemos si es muy er\u00f3tico pero lo que no cabe duda es que es original.<\/p>\n<p>Curiosamente nos recomend\u00f3 que fu\u00e9ramos a probar la tapa del \u00abpasillo\u00bb otro de los competidores. Si un competidor recomienda a otro hay que probarlo.<\/p>\n<p><a href=\"http:\/\/felix.ares.fm\/wp-content\/uploads\/2012\/10\/116.jpg\"><img loading=\"lazy\" decoding=\"async\" class=\"aligncenter size-full wp-image-2311\" title=\"\" alt=\"\" src=\"http:\/\/felix.ares.fm\/wp-content\/uploads\/2012\/10\/116.jpg\" width=\"259\" height=\"173\" \/><\/a><\/p>\n<figure id=\"attachment_2312\" aria-describedby=\"caption-attachment-2312\" style=\"width: 173px\" class=\"wp-caption aligncenter\"><a href=\"http:\/\/felix.ares.fm\/wp-content\/uploads\/2012\/10\/214.jpg\"><img loading=\"lazy\" decoding=\"async\" class=\"size-full wp-image-2312\" title=\"El cartel de participaci\u00f3n en la 4\u00aa ruta: un repasillo completo\" alt=\"El cartel de participaci\u00f3n en la 4\u00aa ruta: un repasillo completo\" src=\"http:\/\/felix.ares.fm\/wp-content\/uploads\/2012\/10\/214-e1353393064926.jpg\" width=\"173\" height=\"259\" \/><\/a><figcaption id=\"caption-attachment-2312\" class=\"wp-caption-text\">El cartel de participaci\u00f3n en la 4\u00aa ruta: un repasillo completo<\/figcaption><\/figure>\n<figure id=\"attachment_2314\" aria-describedby=\"caption-attachment-2314\" style=\"width: 259px\" class=\"wp-caption aligncenter\"><a href=\"http:\/\/felix.ares.fm\/wp-content\/uploads\/2012\/10\/315.jpg\"><img loading=\"lazy\" decoding=\"async\" class=\"size-full wp-image-2314\" title=\"El local est\u00e1 ecorado con cuadros marinos y con los premios recibidos en otras ediciones de la &quot;Ruta Er\u00f3tica&quot; \" alt=\"El local est\u00e1 ecorado con cuadros marinos y con los premios recibidos en otras ediciones de la &quot;Ruta Er\u00f3tica&quot; \" src=\"http:\/\/felix.ares.fm\/wp-content\/uploads\/2012\/10\/315.jpg\" width=\"259\" height=\"173\" \/><\/a><figcaption id=\"caption-attachment-2314\" class=\"wp-caption-text\">El local est\u00e1 ecorado con cuadros marinos y con los premios recibidos en otras ediciones de la \u00abRuta Er\u00f3tica\u00bb<\/figcaption><\/figure>\n<figure id=\"attachment_2315\" aria-describedby=\"caption-attachment-2315\" style=\"width: 259px\" class=\"wp-caption aligncenter\"><a href=\"http:\/\/felix.ares.fm\/wp-content\/uploads\/2012\/10\/411.jpg\"><img loading=\"lazy\" decoding=\"async\" class=\"size-full wp-image-2315\" title=\"Diploma de finalista en la 2\u00aa Ruta de la Tapa Er\u00f3tica\" alt=\"Diploma de finalista en la 2\u00aa Ruta de la Tapa Er\u00f3tica\" src=\"http:\/\/felix.ares.fm\/wp-content\/uploads\/2012\/10\/411.jpg\" width=\"259\" height=\"173\" \/><\/a><figcaption id=\"caption-attachment-2315\" class=\"wp-caption-text\">Diploma de finalista en la 2\u00aa Ruta de la Tapa Er\u00f3tica<\/figcaption><\/figure>\n<figure id=\"attachment_2316\" aria-describedby=\"caption-attachment-2316\" style=\"width: 259px\" class=\"wp-caption aligncenter\"><a href=\"http:\/\/felix.ares.fm\/wp-content\/uploads\/2012\/10\/57.jpg\"><img loading=\"lazy\" decoding=\"async\" class=\"size-full wp-image-2316\" title=\"Como pueden ver el local es un pasillo\" alt=\"Como pueden ver el local es un pasillo\" src=\"http:\/\/felix.ares.fm\/wp-content\/uploads\/2012\/10\/57.jpg\" width=\"259\" height=\"173\" \/><\/a><figcaption id=\"caption-attachment-2316\" class=\"wp-caption-text\">Como pueden ver el local es un pasillo<\/figcaption><\/figure>\n<figure id=\"attachment_2319\" aria-describedby=\"caption-attachment-2319\" style=\"width: 259px\" class=\"wp-caption aligncenter\"><a href=\"http:\/\/felix.ares.fm\/wp-content\/uploads\/2012\/10\/9sincaras.jpg\"><img loading=\"lazy\" decoding=\"async\" class=\"size-full wp-image-2319\" title=\"Como pueden ver el local es un pasillo\" alt=\"Como pueden ver el local es un pasillo\" src=\"http:\/\/felix.ares.fm\/wp-content\/uploads\/2012\/10\/9sincaras.jpg\" width=\"259\" height=\"173\" \/><\/a><figcaption id=\"caption-attachment-2319\" class=\"wp-caption-text\">Como pueden ver el local es un pasillo<\/figcaption><\/figure>\n<p>&nbsp;<\/p>\n<p>&nbsp;<\/p>\n<figure id=\"attachment_2317\" aria-describedby=\"caption-attachment-2317\" style=\"width: 259px\" class=\"wp-caption aligncenter\"><a href=\"http:\/\/felix.ares.fm\/wp-content\/uploads\/2012\/10\/66.jpg\"><img loading=\"lazy\" decoding=\"async\" class=\"size-full wp-image-2317\" title=\"Servilletas\" alt=\"Servilletas\" src=\"http:\/\/felix.ares.fm\/wp-content\/uploads\/2012\/10\/66.jpg\" width=\"259\" height=\"173\" \/><\/a><figcaption id=\"caption-attachment-2317\" class=\"wp-caption-text\">Servilletas<\/figcaption><\/figure>\n<figure id=\"attachment_2318\" aria-describedby=\"caption-attachment-2318\" style=\"width: 259px\" class=\"wp-caption aligncenter\"><a href=\"http:\/\/felix.ares.fm\/wp-content\/uploads\/2012\/10\/82.jpg\"><img loading=\"lazy\" decoding=\"async\" class=\"size-full wp-image-2318\" title=\"En la 3\u00aa Ruta de la Tapa Er\u00f3tica gan\u00f3 el primer premio\" alt=\"En la 3\u00aa Ruta de la Tapa Er\u00f3tica gan\u00f3 el primer premio\" src=\"http:\/\/felix.ares.fm\/wp-content\/uploads\/2012\/10\/82.jpg\" width=\"259\" height=\"173\" \/><\/a><figcaption id=\"caption-attachment-2318\" class=\"wp-caption-text\">En la 3\u00aa Ruta de la Tapa Er\u00f3tica gan\u00f3 el primer premio<\/figcaption><\/figure>\n<figure id=\"attachment_2320\" aria-describedby=\"caption-attachment-2320\" style=\"width: 259px\" class=\"wp-caption aligncenter\"><a href=\"http:\/\/felix.ares.fm\/wp-content\/uploads\/2012\/10\/101.jpg\"><img loading=\"lazy\" decoding=\"async\" class=\"size-full wp-image-2320\" title=\"Aqu\u00ed est\u00e1 la tapa que presentan a concurso\" alt=\"Aqu\u00ed est\u00e1 la tapa que presentan a concurso\" src=\"http:\/\/felix.ares.fm\/wp-content\/uploads\/2012\/10\/101.jpg\" width=\"259\" height=\"173\" \/><\/a><figcaption id=\"caption-attachment-2320\" class=\"wp-caption-text\">Aqu\u00ed est\u00e1 la tapa que presentan a concurso<\/figcaption><\/figure>\n<figure id=\"attachment_2321\" aria-describedby=\"caption-attachment-2321\" style=\"width: 259px\" class=\"wp-caption aligncenter\"><a href=\"http:\/\/felix.ares.fm\/wp-content\/uploads\/2012\/10\/117.jpg\"><img loading=\"lazy\" decoding=\"async\" class=\"size-full wp-image-2321\" title=\"Un detalle de la tapa que presentan a concurso\" alt=\"Un detalle de la tapa que presentan a concurso\" src=\"http:\/\/felix.ares.fm\/wp-content\/uploads\/2012\/10\/117.jpg\" width=\"259\" height=\"173\" \/><\/a><figcaption id=\"caption-attachment-2321\" class=\"wp-caption-text\">Un detalle de la tapa que presentan a concurso<\/figcaption><\/figure>\n<figure id=\"attachment_2322\" aria-describedby=\"caption-attachment-2322\" style=\"width: 259px\" class=\"wp-caption aligncenter\"><a href=\"http:\/\/felix.ares.fm\/wp-content\/uploads\/2012\/10\/121.jpg\"><img loading=\"lazy\" decoding=\"async\" class=\"size-full wp-image-2322\" title=\"Otro detalle de la tapa que presentan a concurso\" alt=\"Otro detalle de la tapa que presentan a concurso\" src=\"http:\/\/felix.ares.fm\/wp-content\/uploads\/2012\/10\/121.jpg\" width=\"259\" height=\"173\" \/><\/a><figcaption id=\"caption-attachment-2322\" class=\"wp-caption-text\">Otro detalle de la tapa que presentan a concurso<\/figcaption><\/figure>\n<figure id=\"attachment_2323\" aria-describedby=\"caption-attachment-2323\" style=\"width: 259px\" class=\"wp-caption aligncenter\"><a href=\"http:\/\/felix.ares.fm\/wp-content\/uploads\/2012\/10\/131.jpg\"><img loading=\"lazy\" decoding=\"async\" class=\"size-full wp-image-2323\" title=\"La bandeja ya vac\u00eda\" alt=\"La bandeja ya vac\u00eda\" src=\"http:\/\/felix.ares.fm\/wp-content\/uploads\/2012\/10\/131.jpg\" width=\"259\" height=\"173\" \/><\/a><figcaption id=\"caption-attachment-2323\" class=\"wp-caption-text\">La bandeja ya vac\u00eda<\/figcaption><\/figure>\n<p><a name=\"sante\"><\/a><br \/>\n<strong>Grand Caf\u00e9 Sant\u00e9 (n\u00ba 75). <\/strong>Presentan a concurso la tapa \u00ab<strong>Santer\u00f3tico<\/strong>\u00bb<\/p>\n<p>La tapa se presenta en un cucurucho de papel sostenida verticalmente por un soporte met\u00e1lico. \u00bfQue no se hace una idea de lo que queremos decir? Pues lo mejor es verlo:<\/p>\n<p><a href=\"http:\/\/felix.ares.fm\/wp-content\/uploads\/2012\/10\/215.jpg\"><img loading=\"lazy\" decoding=\"async\" class=\"aligncenter size-medium wp-image-2338\" title=\"\" alt=\"\" src=\"http:\/\/felix.ares.fm\/wp-content\/uploads\/2012\/10\/215-e1353478021592-225x300.jpg\" width=\"225\" height=\"300\" srcset=\"https:\/\/felix.ares.fm\/wp-content\/uploads\/2012\/10\/215-e1353478021592-225x300.jpg 225w, https:\/\/felix.ares.fm\/wp-content\/uploads\/2012\/10\/215-e1353478021592.jpg 288w\" sizes=\"auto, (max-width: 225px) 100vw, 225px\" \/><\/a><\/p>\n<p>n su interior hay una salchicha normal, con dos alb\u00f3ndigas negras holandesas, dentro hay lechuga. Veamos un detalle:<\/p>\n<p><a href=\"http:\/\/felix.ares.fm\/wp-content\/uploads\/2012\/10\/118.jpg\"><img loading=\"lazy\" decoding=\"async\" class=\"aligncenter size-full wp-image-2339\" title=\"\" alt=\"\" src=\"http:\/\/felix.ares.fm\/wp-content\/uploads\/2012\/10\/118-e1353478115768.jpg\" width=\"288\" height=\"260\" \/><\/a><\/p>\n<p>Para nuestro gusto las dos alb\u00f3ndigas est\u00e1n de rechupete.<\/p>\n<p><a name=\"callejon\"><\/a><br \/>\n<strong>Taberna el Callej\u00f3n (n\u00ba 74). <\/strong>Se presenta con la tapa \u00ab<strong>Mojamos o no mojamos<\/strong>\u00bb<\/p>\n<p>Por El Callej\u00f3n hab\u00edamos pasado mil veces y hab\u00edamos visto que ten\u00edan muchas tapas y raciones interesantes, pero nunca hab\u00edamos entrado pues en el exterior en ninguna parte se ve\u00eda un precio. Y tal como hemos dicho varias veces no nos gusta entrar a un sitio en el que no tenemos una referencia de precios. Man\u00edas que tenemos.<\/p>\n<p>Con la tapa er\u00f3tica no hay duda, el precio son 2\u20ac.<\/p>\n<p><a href=\"http:\/\/felix.ares.fm\/wp-content\/uploads\/2012\/10\/119.jpg\"><img loading=\"lazy\" decoding=\"async\" class=\"aligncenter size-medium wp-image-2341\" title=\"\" alt=\"\" src=\"http:\/\/felix.ares.fm\/wp-content\/uploads\/2012\/10\/119-300x225.jpg\" width=\"300\" height=\"225\" srcset=\"https:\/\/felix.ares.fm\/wp-content\/uploads\/2012\/10\/119-300x225.jpg 300w, https:\/\/felix.ares.fm\/wp-content\/uploads\/2012\/10\/119.jpg 384w\" sizes=\"auto, (max-width: 300px) 100vw, 300px\" \/><\/a><\/p>\n<figure id=\"attachment_2342\" aria-describedby=\"caption-attachment-2342\" style=\"width: 300px\" class=\"wp-caption aligncenter\"><a href=\"http:\/\/felix.ares.fm\/wp-content\/uploads\/2012\/10\/216.jpg\"><img loading=\"lazy\" decoding=\"async\" class=\"size-medium wp-image-2342\" title=\"Aspecto del interior\" alt=\"Aspecto del interior\" src=\"http:\/\/felix.ares.fm\/wp-content\/uploads\/2012\/10\/216-300x225.jpg\" width=\"300\" height=\"225\" srcset=\"https:\/\/felix.ares.fm\/wp-content\/uploads\/2012\/10\/216-300x225.jpg 300w, https:\/\/felix.ares.fm\/wp-content\/uploads\/2012\/10\/216.jpg 384w\" sizes=\"auto, (max-width: 300px) 100vw, 300px\" \/><\/a><figcaption id=\"caption-attachment-2342\" class=\"wp-caption-text\">Aspecto del interior<\/figcaption><\/figure>\n<p>En el interior hay que destacar la decoraci\u00f3n basada en motivos taurinos.<\/p>\n<p>Las dos tapas er\u00f3ticas que nos trajeron eran impresionantes. Adem\u00e1s, como una apuntaba hacia un lado y otra hac\u00eda otro parec\u00edan los cuernos de un toro, lo que hac\u00eda un buen juego con la decoraci\u00f3n.<\/p>\n<figure id=\"attachment_2343\" aria-describedby=\"caption-attachment-2343\" style=\"width: 300px\" class=\"wp-caption aligncenter\"><a href=\"http:\/\/felix.ares.fm\/wp-content\/uploads\/2012\/10\/316.jpg\"><img loading=\"lazy\" decoding=\"async\" class=\"size-medium wp-image-2343\" title=\"Mojamos o no mojamos\" alt=\"Mojamos o no mojamos\" src=\"http:\/\/felix.ares.fm\/wp-content\/uploads\/2012\/10\/316-300x225.jpg\" width=\"300\" height=\"225\" srcset=\"https:\/\/felix.ares.fm\/wp-content\/uploads\/2012\/10\/316-300x225.jpg 300w, https:\/\/felix.ares.fm\/wp-content\/uploads\/2012\/10\/316.jpg 384w\" sizes=\"auto, (max-width: 300px) 100vw, 300px\" \/><\/a><figcaption id=\"caption-attachment-2343\" class=\"wp-caption-text\">Mojamos o no mojamos<\/figcaption><\/figure>\n<p>La verdad es que esos cuernos tan grandes con tan poca salsa abajo del vaso te hace dudar de si mojar o no. Al final optamos por mojar y creo que acertamos. La mezcla es muy sabrosa.<\/p>\n<p>El cuerno est\u00e1 relleno de gambas calientes de alg\u00fan otro marisco. En parte baja del vaso hay dos salsas una dulce y mayonesa,<\/p>\n<p>Nos ha parecido muy elaborada y original.<\/p>\n<figure id=\"attachment_2344\" aria-describedby=\"caption-attachment-2344\" style=\"width: 300px\" class=\"wp-caption aligncenter\"><a href=\"http:\/\/felix.ares.fm\/wp-content\/uploads\/2012\/10\/412.jpg\"><img loading=\"lazy\" decoding=\"async\" class=\"size-medium wp-image-2344\" title=\"Otra vista de los cuernos,... \u00a1ejem!, dicgo de &quot;Mojamos o no mojamos&quot;\" alt=\"Otra vista de los cuernos,... \u00a1ejem!, dicgo de &quot;Mojamos o no mojamos&quot;\" src=\"http:\/\/felix.ares.fm\/wp-content\/uploads\/2012\/10\/412-300x225.jpg\" width=\"300\" height=\"225\" srcset=\"https:\/\/felix.ares.fm\/wp-content\/uploads\/2012\/10\/412-300x225.jpg 300w, https:\/\/felix.ares.fm\/wp-content\/uploads\/2012\/10\/412.jpg 384w\" sizes=\"auto, (max-width: 300px) 100vw, 300px\" \/><\/a><figcaption id=\"caption-attachment-2344\" class=\"wp-caption-text\">Otra vista de los cuernos,&#8230; \u00a1ejem!, dicgo de \u00abMojamos o no mojamos\u00bb<\/figcaption><\/figure>\n<p>Entre la decoraci\u00f3n interior nos gust\u00f3 la marca que hab\u00eda en el cristal: la representaci\u00f3n de un hierro ganadero.<\/p>\n<p><a href=\"http:\/\/felix.ares.fm\/wp-content\/uploads\/2012\/10\/58.jpg\"><img loading=\"lazy\" decoding=\"async\" class=\"aligncenter size-medium wp-image-2345\" title=\"\" alt=\"\" src=\"http:\/\/felix.ares.fm\/wp-content\/uploads\/2012\/10\/58-e1353479163112-225x300.jpg\" width=\"225\" height=\"300\" srcset=\"https:\/\/felix.ares.fm\/wp-content\/uploads\/2012\/10\/58-e1353479163112-225x300.jpg 225w, https:\/\/felix.ares.fm\/wp-content\/uploads\/2012\/10\/58-e1353479163112.jpg 288w\" sizes=\"auto, (max-width: 225px) 100vw, 225px\" \/><\/a><\/p>\n<p>\u00a1Adi\u00f3s! \u00a1Hasta la pr\u00f3xima!<\/p>\n<p><a name=\"lorena\"><\/a><br \/>\n<strong>Caf\u00e9 Bar Lorena (n\u00ba 66). <\/strong>Se presenta con la tapa \u00ab<strong>Pichachi-na<\/strong>\u00bb<\/p>\n<p><a href=\"http:\/\/felix.ares.fm\/wp-content\/uploads\/2012\/10\/120.jpg\"><img loading=\"lazy\" decoding=\"async\" class=\"aligncenter size-medium wp-image-2347\" title=\"\" alt=\"\" src=\"http:\/\/felix.ares.fm\/wp-content\/uploads\/2012\/10\/120-e1353479592281-225x300.jpg\" width=\"225\" height=\"300\" srcset=\"https:\/\/felix.ares.fm\/wp-content\/uploads\/2012\/10\/120-e1353479592281-225x300.jpg 225w, https:\/\/felix.ares.fm\/wp-content\/uploads\/2012\/10\/120-e1353479592281-768x1024.jpg 768w, https:\/\/felix.ares.fm\/wp-content\/uploads\/2012\/10\/120-e1353479592281.jpg 1536w\" sizes=\"auto, (max-width: 225px) 100vw, 225px\" \/><\/a>La tapa que nos presentaron es muy colorista:<\/p>\n<p><strong><a href=\"http:\/\/felix.ares.fm\/wp-content\/uploads\/2012\/10\/217.jpg\"><img loading=\"lazy\" decoding=\"async\" class=\"aligncenter size-medium wp-image-2348\" title=\"\" alt=\"\" src=\"http:\/\/felix.ares.fm\/wp-content\/uploads\/2012\/10\/217-e1353479661423-225x300.jpg\" width=\"225\" height=\"300\" srcset=\"https:\/\/felix.ares.fm\/wp-content\/uploads\/2012\/10\/217-e1353479661423-225x300.jpg 225w, https:\/\/felix.ares.fm\/wp-content\/uploads\/2012\/10\/217-e1353479661423-768x1024.jpg 768w, https:\/\/felix.ares.fm\/wp-content\/uploads\/2012\/10\/217-e1353479661423.jpg 1536w\" sizes=\"auto, (max-width: 225px) 100vw, 225px\" \/><\/a><\/strong><\/p>\n<p>Ya ven, salchicha, pan con tomate y encima de la salchicha salsa bolognesa. Y un un tomatito rojo partido en dos. Todo ello le da mucho colorido. Veamos un detalle del con tomate + salchicha + salsa:<\/p>\n<p><a href=\"http:\/\/felix.ares.fm\/wp-content\/uploads\/2012\/10\/317.jpg\"><img loading=\"lazy\" decoding=\"async\" class=\"aligncenter size-medium wp-image-2349\" title=\"\" alt=\"\" src=\"http:\/\/felix.ares.fm\/wp-content\/uploads\/2012\/10\/317-e1353479811939-225x300.jpg\" width=\"225\" height=\"300\" srcset=\"https:\/\/felix.ares.fm\/wp-content\/uploads\/2012\/10\/317-e1353479811939-225x300.jpg 225w, https:\/\/felix.ares.fm\/wp-content\/uploads\/2012\/10\/317-e1353479811939-768x1024.jpg 768w, https:\/\/felix.ares.fm\/wp-content\/uploads\/2012\/10\/317-e1353479811939.jpg 1536w\" sizes=\"auto, (max-width: 225px) 100vw, 225px\" \/><\/a><\/p>\n<p><a name=\"bolichitos\"><\/a><br \/>\n<strong>Los Bolichitos (n\u00ba 72). <\/strong>Se presentan con la tapa \u00ab<strong>Pippeli Adan<\/strong>\u00bb<\/p>\n<p>Hemos dejado a Los Bolichitos como \u00faltima referencia pues hemos cometido dos graves errores y tenemos que pedir disculpas y nos costaba empezar una entrada pidiendo disculpas.<\/p>\n<p>&nbsp;<\/p>\n<p>De Los Bolichitos ya hemos hablado otras veces y siempre bien. Fue la primera \u00abtapa\u00bb que tomamos de esta ruta er\u00f3tica, pero por ser la primera no est\u00e1bamos preparados. No ten\u00edamos c\u00e1mara fotogr\u00e1fica por lo que tuvimos que sacarla con un viejo tel\u00e9fono m\u00f3vil. No ten\u00edamos libreta para apuntar y conf\u00edamos en nuestra memoria: \u00abSeguro que nos acordamos de lo que nos dan y de lo que consta.<\/p>\n<p>As\u00ed que tenemos dos ma\u00f1as fotos de la tapa:<\/p>\n<p><a href=\"http:\/\/felix.ares.fm\/wp-content\/uploads\/2012\/10\/123.jpg\"><img loading=\"lazy\" decoding=\"async\" class=\"aligncenter size-medium wp-image-2353\" title=\"\" alt=\"\" src=\"http:\/\/felix.ares.fm\/wp-content\/uploads\/2012\/10\/123-e1353481235999-225x300.jpg\" width=\"225\" height=\"300\" srcset=\"https:\/\/felix.ares.fm\/wp-content\/uploads\/2012\/10\/123-e1353481235999-225x300.jpg 225w, https:\/\/felix.ares.fm\/wp-content\/uploads\/2012\/10\/123-e1353481235999.jpg 461w\" sizes=\"auto, (max-width: 225px) 100vw, 225px\" \/><\/a><\/p>\n<p><a href=\"http:\/\/felix.ares.fm\/wp-content\/uploads\/2012\/10\/218.jpg\"><img loading=\"lazy\" decoding=\"async\" class=\"aligncenter size-medium wp-image-2354\" title=\"\" alt=\"\" src=\"http:\/\/felix.ares.fm\/wp-content\/uploads\/2012\/10\/218-e1353481283333-225x300.jpg\" width=\"225\" height=\"300\" srcset=\"https:\/\/felix.ares.fm\/wp-content\/uploads\/2012\/10\/218-e1353481283333-225x300.jpg 225w, https:\/\/felix.ares.fm\/wp-content\/uploads\/2012\/10\/218-e1353481283333.jpg 461w\" sizes=\"auto, (max-width: 225px) 100vw, 225px\" \/><\/a><\/p>\n<p>Por lo dem\u00e1s solo recordamos unas pocas cosas. El cilindro estaba relleno de algo muy sabroso. Sab\u00eda muy, pero que muy bien. La siguiente cosa que recordamos es que la atenci\u00f3n fue magn\u00edfica, como siempre.<\/p>\n<p>Lamentamos la mala calidad de las fotos y que no recordemos de qu\u00e9 constaba la tapa.<\/p>\n<p>&nbsp;<\/p>\n<p>&nbsp;<\/p>\n<p><strong>Comentarios<\/strong><\/p>\n<p>La iniciativa nos ha parecido muy buena. Nos ha permitido conocer lugares que en otras circunstancias no lo habr\u00edamos hecho. A nosotros nos gusta saber el precio antes de entrar y hay muchos sitios que no lo ponen. En este caso no importaba pues el precio estaba prefijado: 2 \u20ac la bebida + la tapa.<\/p>\n<p>En las tapas que hemos probado hemos visto que un gran porcentaje de ellas eran la reproducci\u00f3n del \u00f3rgano masculino. Sin duda es lo m\u00e1s sencillo de hacer. Nos consta que el ayuntamiento dijo a los participantes que no hicieran eso, pero ya vemos que no han hecho mucho caso. Por otro lado algunos de los \u00ab\u00f3rganos masculinos\u00bb eran francamente buenos.<\/p>\n<p>Si estuvi\u00e9ramos en el jurado y tuvi\u00e9ramos que elegir, teniendo en cuenta que no hemos visitado todos ni mucho menos, nos decantar\u00edamos por<strong> \u00abLa pasi\u00f3n turca\u00bb de Innova Gastro Bar, <\/strong>seguido por<strong> \u00abMojamos o no mojamos\u00bb<\/strong> de la<strong> Taberna El Callej\u00f3n<\/strong> y de<strong> \u00abQue sabrosa la tienes\u00bb del Mes\u00f3n Salvador.<\/strong><\/p>\n<p>Nos atrever\u00edamos a proponer al consistorio que pata el a\u00f1o que viene hagan la Ruta de la Tapa Innovadora, lo que quitar\u00e1 las actuales ataduras tem\u00e1ticas.<\/p>\n<p>En general nos ha parecido una excelente iniciativa y nos ha permitido conocer nuevos (para nosotros) y muy buenos establecimientos.<\/p>\n<p><strong>Nuestro e-mail<\/strong><\/p>\n<p>Ya saben ustedes lo molestos que son los correos nos deseados y la publicidad que se env\u00eda mediante robots que leen las direcciones de correo electr\u00f3nico. Pueden dirigirse a nosotros a nuestro e-mail, que para evitar robots lo ponemos un poco dif\u00edcil de entender para ellos, pero muy f\u00e1cil para los humanos. Esperamos que usted, amigo lector, sea de los \u00faltimos.<\/p>\n<p><strong><a href=\"http:\/\/felix.ares.fm\/wp-content\/uploads\/2012\/10\/emailTapas1.png\"><img loading=\"lazy\" decoding=\"async\" class=\"aligncenter size-medium wp-image-2325\" title=\"emailTapas\" alt=\"\" src=\"http:\/\/felix.ares.fm\/wp-content\/uploads\/2012\/10\/emailTapas1-300x138.png\" width=\"300\" height=\"138\" srcset=\"https:\/\/felix.ares.fm\/wp-content\/uploads\/2012\/10\/emailTapas1-300x138.png 300w, https:\/\/felix.ares.fm\/wp-content\/uploads\/2012\/10\/emailTapas1.png 942w\" sizes=\"auto, (max-width: 300px) 100vw, 300px\" \/><\/a><\/strong><\/p>\n","protected":false},"excerpt":{"rendered":"<p>2012 Nuestro Bar En Car&#8217; Conde Mes\u00f3n Salvador Innova Gastrobar La Ca\u00f1a Casa Pedro Nuevo Oasis Babel Bistro El Olivo Caf\u00e9 Bar Central La Despensa de Mart\u00edn y P\u00e9rez Taberna la Gaonera Cervecer\u00eda Vilches El Pasillo de Jes\u00fas Grand Caf\u00e9 Sant\u00e9r Taberna el Callej\u00f3n Caf\u00e9 Bar Lorena Los Bolichitos 2012 es el cuarto a\u00f1o que &hellip; <a href=\"https:\/\/felix.ares.fm\/?p=2186\" class=\"more-link\">Seguir leyendo <span class=\"screen-reader-text\">Cuarta Ruta de la Tapa Er\u00f3tica<\/span> <span class=\"meta-nav\">&rarr;<\/span><\/a><\/p>\n","protected":false},"author":1,"featured_media":0,"comment_status":"closed","ping_status":"open","sticky":false,"template":"","format":"standard","meta":{"footnotes":""},"categories":[459,279,461,142,346,460,464,457,371,465,458,349,306,468,456,359,365,245,466,462,11,221,463],"tags":[],"class_list":["post-2186","post","type-post","status-publish","format-standard","hentry","category-babel-bistro","category-casa-pedro","category-central-cafe-bar","category-cerveceria","category-el-callejon","category-el-olivo","category-el-pasillo-de-jesus","category-en-car-conde","category-gastro-taberna","category-grand-cafe-sante","category-innova-gastrobar","category-la-cana","category-la-despensa-de-martin-y-perez","category-lorena-cafe-bar","category-los-bolichitos","category-meson-salvador","category-nuevo-oasis","category-ruta-tapa-erotica-2","category-taberna-el-callejon","category-taberna-la-gaonera","category-tapas","category-taperia","category-vilches-cerveceria"],"_links":{"self":[{"href":"https:\/\/felix.ares.fm\/index.php?rest_route=\/wp\/v2\/posts\/2186","targetHints":{"allow":["GET"]}}],"collection":[{"href":"https:\/\/felix.ares.fm\/index.php?rest_route=\/wp\/v2\/posts"}],"about":[{"href":"https:\/\/felix.ares.fm\/index.php?rest_route=\/wp\/v2\/types\/post"}],"author":[{"embeddable":true,"href":"https:\/\/felix.ares.fm\/index.php?rest_route=\/wp\/v2\/users\/1"}],"replies":[{"embeddable":true,"href":"https:\/\/felix.ares.fm\/index.php?rest_route=%2Fwp%2Fv2%2Fcomments&post=2186"}],"version-history":[{"count":0,"href":"https:\/\/felix.ares.fm\/index.php?rest_route=\/wp\/v2\/posts\/2186\/revisions"}],"wp:attachment":[{"href":"https:\/\/felix.ares.fm\/index.php?rest_route=%2Fwp%2Fv2%2Fmedia&parent=2186"}],"wp:term":[{"taxonomy":"category","embeddable":true,"href":"https:\/\/felix.ares.fm\/index.php?rest_route=%2Fwp%2Fv2%2Fcategories&post=2186"},{"taxonomy":"post_tag","embeddable":true,"href":"https:\/\/felix.ares.fm\/index.php?rest_route=%2Fwp%2Fv2%2Ftags&post=2186"}],"curies":[{"name":"wp","href":"https:\/\/api.w.org\/{rel}","templated":true}]}}