{"id":19135,"date":"2025-12-05T20:35:31","date_gmt":"2025-12-05T18:35:31","guid":{"rendered":"https:\/\/felix.ares.fm\/?p=19135"},"modified":"2025-12-05T20:35:40","modified_gmt":"2025-12-05T18:35:40","slug":"hoy-ha-habido-un-terremoto-y-hemos-visto-un-precioso-arcoiris-fuengirola","status":"publish","type":"post","link":"https:\/\/felix.ares.fm\/?p=19135","title":{"rendered":"Hoy ha habido un terremoto y hemos visto un precioso arco\u00edris (Fuengirola)"},"content":{"rendered":"\n<p><strong>5 de diciembre de 2025<\/strong><\/p>\n\n\n\n<p>Hoy he sentido un terremoto. El suelo se mov\u00eda y ha durado unos cuantos segundos.<\/p>\n\n\n\n<p>M\u00e1s tarde ha llovido, y el sol segu\u00eda brillando, as\u00ed que he podido ver un precioso arco\u00edris.<\/p>\n\n\n\n<figure class=\"wp-block-image size-large\"><img loading=\"lazy\" decoding=\"async\" width=\"1024\" height=\"448\" src=\"https:\/\/felix.ares.fm\/wp-content\/uploads\/2025\/12\/251205_arcoiris_en_fuengirola-1024x448.jpg\" alt=\"\" class=\"wp-image-19136\" srcset=\"https:\/\/felix.ares.fm\/wp-content\/uploads\/2025\/12\/251205_arcoiris_en_fuengirola-1024x448.jpg 1024w, https:\/\/felix.ares.fm\/wp-content\/uploads\/2025\/12\/251205_arcoiris_en_fuengirola-300x131.jpg 300w, https:\/\/felix.ares.fm\/wp-content\/uploads\/2025\/12\/251205_arcoiris_en_fuengirola-768x336.jpg 768w, https:\/\/felix.ares.fm\/wp-content\/uploads\/2025\/12\/251205_arcoiris_en_fuengirola.jpg 1536w\" sizes=\"auto, (max-width: 1024px) 100vw, 1024px\" \/><figcaption class=\"wp-element-caption\">Arco\u00edris sobre Fuengirola el 5 de fciciembre de 2025. <\/figcaption><\/figure>\n\n\n\n<hr class=\"wp-block-separator has-alpha-channel-opacity\"\/>\n\n\n\n<p><strong>NOTAS<\/strong><\/p>\n\n\n\n<p id=\"2\">[1]<\/p>\n\n\n\n<hr class=\"wp-block-separator has-alpha-channel-opacity\"\/>\n\n\n\n<p><strong>Nota fotos y texto<\/strong>. Salvo las fotos que tienen un agradecimiento espec\u00edfico, como por ejemplo Wikipedia, son nuestras y las licenciamos con<\/p>\n\n\n\n<p class=\"has-text-align-center\"><a href=\"http:\/\/creativecommons.org\/licenses\/by\/3.0\/deed.es_ES\" rel=\"license\"><img decoding=\"async\" src=\"http:\/\/i.creativecommons.org\/l\/by\/3.0\/88x31.png\" alt=\"Licencia de Creative Commons\"\/><\/a><br \/><br \/><a href=\"http:\/\/felix.ares.fm\" data-type=\"link\" data-id=\"felix.ares.fm\">De tapas y otras cosas por Fuengirola<\/a>&nbsp;\u00a9 2024&nbsp;by&nbsp;F\u00e9lix Ares&nbsp;is licensed under&nbsp;CC BY-SA 4.0&nbsp;. Debe indicarse que est\u00e1 creado a partir de una obra de felix.ares.fm<\/p>\n\n\n\n<p class=\"has-text-align-center\">En esta ocasi\u00f3n he contado con la colaboraci\u00f3n de Vero.<\/p>\n\n\n\n<hr class=\"wp-block-separator has-alpha-channel-opacity\"\/>\n\n\n\n<p><strong>Contacto con nosotros<\/strong>; el motivo de que no sea una imagen clara es para evitar que los robots la descubran y nos inunden el buz\u00f3n de basura.<\/p>\n\n\n<div class=\"wp-block-image\">\n<figure class=\"aligncenter is-resized\"><a href=\"http:\/\/felix.ares.fm\/?attachment_id=7476\" rel=\"attachment wp-att-7476\"><img loading=\"lazy\" decoding=\"async\" width=\"703\" height=\"499\" src=\"http:\/\/felix.ares.fm\/wp-content\/uploads\/2016\/02\/tapas.ares_.fm_.2.jpg\" alt=\"tapas.ares.fm.2\" class=\"wp-image-7476\" style=\"width:250px;height:auto\" srcset=\"https:\/\/felix.ares.fm\/wp-content\/uploads\/2016\/02\/tapas.ares_.fm_.2.jpg 703w, https:\/\/felix.ares.fm\/wp-content\/uploads\/2016\/02\/tapas.ares_.fm_.2-300x213.jpg 300w\" sizes=\"auto, (max-width: 703px) 100vw, 703px\" \/><\/a><\/figure>\n<\/div>\n\n\n<p>O bien&nbsp;rellenar el siguiente formulario:<a href=\"https:\/\/www.youtube.com\/embed\/u1T5csbw9Ww?si=OvhAFtZnEd2otLs3\">https:\/\/www.youtube.com\/embed\/u1T5csbw9Ww?si=OvhAFtZnEd2otLs3<\/a><\/p>\n\n\n\n<p><\/p>\n","protected":false},"excerpt":{"rendered":"<p>5 de diciembre de 2025 Hoy he sentido un terremoto. El suelo se mov\u00eda y ha durado unos cuantos segundos. M\u00e1s tarde ha llovido, y el sol segu\u00eda brillando, as\u00ed que he podido ver un precioso arco\u00edris. NOTAS [1] Nota fotos y texto. Salvo las fotos que tienen un agradecimiento espec\u00edfico, como por ejemplo Wikipedia, &hellip; <a href=\"https:\/\/felix.ares.fm\/?p=19135\" class=\"more-link\">Seguir leyendo <span class=\"screen-reader-text\">Hoy ha habido un terremoto y hemos visto un precioso arco\u00edris (Fuengirola)<\/span> <span class=\"meta-nav\">&rarr;<\/span><\/a><\/p>\n","protected":false},"author":1,"featured_media":0,"comment_status":"closed","ping_status":"open","sticky":false,"template":"","format":"standard","meta":{"footnotes":""},"categories":[797],"tags":[],"class_list":["post-19135","post","type-post","status-publish","format-standard","hentry","category-fuengirola"],"_links":{"self":[{"href":"https:\/\/felix.ares.fm\/index.php?rest_route=\/wp\/v2\/posts\/19135","targetHints":{"allow":["GET"]}}],"collection":[{"href":"https:\/\/felix.ares.fm\/index.php?rest_route=\/wp\/v2\/posts"}],"about":[{"href":"https:\/\/felix.ares.fm\/index.php?rest_route=\/wp\/v2\/types\/post"}],"author":[{"embeddable":true,"href":"https:\/\/felix.ares.fm\/index.php?rest_route=\/wp\/v2\/users\/1"}],"replies":[{"embeddable":true,"href":"https:\/\/felix.ares.fm\/index.php?rest_route=%2Fwp%2Fv2%2Fcomments&post=19135"}],"version-history":[{"count":1,"href":"https:\/\/felix.ares.fm\/index.php?rest_route=\/wp\/v2\/posts\/19135\/revisions"}],"predecessor-version":[{"id":19137,"href":"https:\/\/felix.ares.fm\/index.php?rest_route=\/wp\/v2\/posts\/19135\/revisions\/19137"}],"wp:attachment":[{"href":"https:\/\/felix.ares.fm\/index.php?rest_route=%2Fwp%2Fv2%2Fmedia&parent=19135"}],"wp:term":[{"taxonomy":"category","embeddable":true,"href":"https:\/\/felix.ares.fm\/index.php?rest_route=%2Fwp%2Fv2%2Fcategories&post=19135"},{"taxonomy":"post_tag","embeddable":true,"href":"https:\/\/felix.ares.fm\/index.php?rest_route=%2Fwp%2Fv2%2Ftags&post=19135"}],"curies":[{"name":"wp","href":"https:\/\/api.w.org\/{rel}","templated":true}]}}