{"id":19114,"date":"2025-12-03T14:04:51","date_gmt":"2025-12-03T12:04:51","guid":{"rendered":"https:\/\/felix.ares.fm\/?p=19114"},"modified":"2025-12-03T14:04:56","modified_gmt":"2025-12-03T12:04:56","slug":"y-llego-el-invierno","status":"publish","type":"post","link":"https:\/\/felix.ares.fm\/?p=19114","title":{"rendered":"&#8230; y lleg\u00f3 el invierno"},"content":{"rendered":"\n<p><strong>1 de diciembre de 2025<\/strong><\/p>\n\n\n\n<p>Soy de la generaci\u00f3n que en la escuela estudi\u00f3 con la famosa \u00abEnciclopedia \u00c1lvarez\u00bb <a href=\"#1\" data-type=\"internal\" data-id=\"#1\">[1]<\/a>.<\/p>\n\n\n\n<figure class=\"wp-block-gallery has-nested-images columns-default is-cropped wp-block-gallery-1 is-layout-flex wp-block-gallery-is-layout-flex\">\n<figure class=\"wp-block-image size-large\"><img loading=\"lazy\" decoding=\"async\" width=\"716\" height=\"1024\" data-id=\"19115\" src=\"https:\/\/felix.ares.fm\/wp-content\/uploads\/2025\/11\/600381-716x1024.webp\" alt=\"\" class=\"wp-image-19115\" srcset=\"https:\/\/felix.ares.fm\/wp-content\/uploads\/2025\/11\/600381-716x1024.webp 716w, https:\/\/felix.ares.fm\/wp-content\/uploads\/2025\/11\/600381-210x300.webp 210w, https:\/\/felix.ares.fm\/wp-content\/uploads\/2025\/11\/600381.webp 740w\" sizes=\"auto, (max-width: 716px) 100vw, 716px\" \/><\/figure>\n\n\n\n<figure class=\"wp-block-image size-large\"><img loading=\"lazy\" decoding=\"async\" width=\"231\" height=\"342\" data-id=\"19116\" src=\"https:\/\/felix.ares.fm\/wp-content\/uploads\/2025\/11\/emciclopedia_alvarez.jpg\" alt=\"\" class=\"wp-image-19116\" srcset=\"https:\/\/felix.ares.fm\/wp-content\/uploads\/2025\/11\/emciclopedia_alvarez.jpg 231w, https:\/\/felix.ares.fm\/wp-content\/uploads\/2025\/11\/emciclopedia_alvarez-203x300.jpg 203w\" sizes=\"auto, (max-width: 231px) 100vw, 231px\" \/><\/figure>\n<\/figure>\n\n\n\n<p><\/p>\n\n\n\n<p>Si no recuerdo mal, me ense\u00f1aron que las estaciones del a\u00f1o eran cuatro y comenzaban: el 21 de diciembre el invierno, el 21 de marzo la primavera, el 21 de junio el verano y el 21 de septiembre del oto\u00f1o.<\/p>\n\n\n\n<p>Esa era la idea que yo ten\u00eda. Para m\u00ed, durante muchos a\u00f1os el invierno era fr\u00edo y con nieve.<\/p>\n\n\n<div class=\"wp-block-image\">\n<figure class=\"aligncenter size-full\"><img loading=\"lazy\" decoding=\"async\" width=\"270\" height=\"480\" src=\"https:\/\/felix.ares.fm\/wp-content\/uploads\/2025\/11\/paisaje_de_r_o_con_rboles_caducifolios_sin-3-min.jpeg\" alt=\"\" class=\"wp-image-19117\" srcset=\"https:\/\/felix.ares.fm\/wp-content\/uploads\/2025\/11\/paisaje_de_r_o_con_rboles_caducifolios_sin-3-min.jpeg 270w, https:\/\/felix.ares.fm\/wp-content\/uploads\/2025\/11\/paisaje_de_r_o_con_rboles_caducifolios_sin-3-min-169x300.jpeg 169w\" sizes=\"auto, (max-width: 270px) 100vw, 270px\" \/><figcaption class=\"wp-element-caption\">Invierno. Fr\u00edo y con nieve.<\/figcaption><\/figure>\n<\/div>\n\n\n<p>La primavera era verde y con muchas flores. De hecho, el mes de mayo lo celebr\u00e1bamos como el mes de las flores.<\/p>\n\n\n\n<figure class=\"wp-block-gallery has-nested-images columns-default is-cropped wp-block-gallery-2 is-layout-flex wp-block-gallery-is-layout-flex\">\n<figure class=\"wp-block-image size-large\"><img loading=\"lazy\" decoding=\"async\" width=\"270\" height=\"480\" data-id=\"19119\" src=\"https:\/\/felix.ares.fm\/wp-content\/uploads\/2025\/11\/quiero_esta_imagen_pero_en_primavera_rboles-1-min.jpeg\" alt=\"\" class=\"wp-image-19119\" srcset=\"https:\/\/felix.ares.fm\/wp-content\/uploads\/2025\/11\/quiero_esta_imagen_pero_en_primavera_rboles-1-min.jpeg 270w, https:\/\/felix.ares.fm\/wp-content\/uploads\/2025\/11\/quiero_esta_imagen_pero_en_primavera_rboles-1-min-169x300.jpeg 169w\" sizes=\"auto, (max-width: 270px) 100vw, 270px\" \/><\/figure>\n\n\n\n<figure class=\"wp-block-image size-large\"><img loading=\"lazy\" decoding=\"async\" width=\"270\" height=\"480\" data-id=\"19118\" src=\"https:\/\/felix.ares.fm\/wp-content\/uploads\/2025\/11\/quiero_que_en_el_suelo_haya_margaritas-5-min.jpeg\" alt=\"\" class=\"wp-image-19118\" srcset=\"https:\/\/felix.ares.fm\/wp-content\/uploads\/2025\/11\/quiero_que_en_el_suelo_haya_margaritas-5-min.jpeg 270w, https:\/\/felix.ares.fm\/wp-content\/uploads\/2025\/11\/quiero_que_en_el_suelo_haya_margaritas-5-min-169x300.jpeg 169w\" sizes=\"auto, (max-width: 270px) 100vw, 270px\" \/><\/figure>\n<\/figure>\n\n\n\n<p>En primavera, los \u00e1rboles se llenaban de color y los suelos resplandec\u00edan verdes, con flores de muchos colores, desde la blanca margarita hasta las rojas amapolas.<\/p>\n\n\n\n<p>En verano eran las cosechas y la hierba en los r\u00edos empezaba a secarse.<\/p>\n\n\n\n<figure class=\"wp-block-gallery has-nested-images columns-default is-cropped wp-block-gallery-3 is-layout-flex wp-block-gallery-is-layout-flex\">\n<figure class=\"wp-block-image size-large\"><img loading=\"lazy\" decoding=\"async\" width=\"270\" height=\"480\" data-id=\"19121\" src=\"https:\/\/felix.ares.fm\/wp-content\/uploads\/2025\/11\/ahora_quiero_verla_en_verano_tal_vez-2-min.jpeg\" alt=\"\" class=\"wp-image-19121\" srcset=\"https:\/\/felix.ares.fm\/wp-content\/uploads\/2025\/11\/ahora_quiero_verla_en_verano_tal_vez-2-min.jpeg 270w, https:\/\/felix.ares.fm\/wp-content\/uploads\/2025\/11\/ahora_quiero_verla_en_verano_tal_vez-2-min-169x300.jpeg 169w\" sizes=\"auto, (max-width: 270px) 100vw, 270px\" \/><\/figure>\n\n\n\n<figure class=\"wp-block-image size-large\"><img loading=\"lazy\" decoding=\"async\" width=\"270\" height=\"480\" data-id=\"19120\" src=\"https:\/\/felix.ares.fm\/wp-content\/uploads\/2025\/11\/un_mundo_rural_con_campesinos_segando_en-min.jpeg\" alt=\"\" class=\"wp-image-19120\" srcset=\"https:\/\/felix.ares.fm\/wp-content\/uploads\/2025\/11\/un_mundo_rural_con_campesinos_segando_en-min.jpeg 270w, https:\/\/felix.ares.fm\/wp-content\/uploads\/2025\/11\/un_mundo_rural_con_campesinos_segando_en-min-169x300.jpeg 169w\" sizes=\"auto, (max-width: 270px) 100vw, 270px\" \/><\/figure>\n<\/figure>\n\n\n\n<p>En oto\u00f1o los d\u00edas empezaban a acortar. Los \u00e1rboles se vest\u00edan con sus ropajes amarillo-rojizos, preludio de su desnudez en invierno.<\/p>\n\n\n<div class=\"wp-block-image\">\n<figure class=\"aligncenter size-full\"><img loading=\"lazy\" decoding=\"async\" width=\"480\" height=\"480\" src=\"https:\/\/felix.ares.fm\/wp-content\/uploads\/2025\/11\/0vendimienado-min.png\" alt=\"\" class=\"wp-image-19122\" srcset=\"https:\/\/felix.ares.fm\/wp-content\/uploads\/2025\/11\/0vendimienado-min.png 480w, https:\/\/felix.ares.fm\/wp-content\/uploads\/2025\/11\/0vendimienado-min-300x300.png 300w, https:\/\/felix.ares.fm\/wp-content\/uploads\/2025\/11\/0vendimienado-min-150x150.png 150w\" sizes=\"auto, (max-width: 480px) 100vw, 480px\" \/><figcaption class=\"wp-element-caption\">La vendimia. Generada con gemini.<\/figcaption><\/figure>\n<\/div>\n\n<div class=\"wp-block-image\">\n<figure class=\"aligncenter size-full\"><img loading=\"lazy\" decoding=\"async\" width=\"270\" height=\"480\" src=\"https:\/\/felix.ares.fm\/wp-content\/uploads\/2025\/11\/ahora_quiero_verla_en_oto_o_tal_vez-1-min.jpeg\" alt=\"\" class=\"wp-image-19123\" srcset=\"https:\/\/felix.ares.fm\/wp-content\/uploads\/2025\/11\/ahora_quiero_verla_en_oto_o_tal_vez-1-min.jpeg 270w, https:\/\/felix.ares.fm\/wp-content\/uploads\/2025\/11\/ahora_quiero_verla_en_oto_o_tal_vez-1-min-169x300.jpeg 169w\" sizes=\"auto, (max-width: 270px) 100vw, 270px\" \/><figcaption class=\"wp-element-caption\">\u00c1rboles vestidos de oto\u00f1o. generada con ayuda de Meta.ai.<\/figcaption><\/figure>\n<\/div>\n\n\n<p>Y volvemos al invierno. En los d\u00edas m\u00e1s fr\u00edos del invierno, en la primera quincena de enero, los arroyos e incluso algunos r\u00edos se congelan.<\/p>\n\n\n<div class=\"wp-block-image\">\n<figure class=\"aligncenter size-full\"><img loading=\"lazy\" decoding=\"async\" width=\"585\" height=\"1024\" src=\"https:\/\/felix.ares.fm\/wp-content\/uploads\/2025\/11\/0el_rio_se_congela-min.jpg\" alt=\"\" class=\"wp-image-19124\" srcset=\"https:\/\/felix.ares.fm\/wp-content\/uploads\/2025\/11\/0el_rio_se_congela-min.jpg 585w, https:\/\/felix.ares.fm\/wp-content\/uploads\/2025\/11\/0el_rio_se_congela-min-171x300.jpg 171w\" sizes=\"auto, (max-width: 585px) 100vw, 585px\" \/><figcaption class=\"wp-element-caption\">Arroyo congelado.<\/figcaption><\/figure>\n<\/div>\n\n\n<p>Tard\u00e9 muchos a\u00f1os en entender que lo de la enciclopedia \u00c1lvarez era una simplificaci\u00f3n para ni\u00f1os. Para empezar, la enciclopedia dice que las estaciones comienzan los d\u00edas 21 de marzo, junio, septiembre y diciembre. Es decir, los equinoccios y los solsticios. Pero astron\u00f3micamente no es tan exacto como el d\u00eda 21. Podr\u00edamos decir que es aproximadamente el d\u00eda 21, pero que puede ser el 20, el 21 o el 22.<\/p>\n\n\n\n<p>Un segundo problema es que en el hemisferio sur las estaciones se invierten, invierno en el norte es verano en el sur, primavera es oto\u00f1o \u2026<\/p>\n\n\n\n<p>Otro problema es el de la nieve. No en todos los pa\u00edses nieva. Recuerdo que hace unos a\u00f1os di varias conferencias en Uruguay. En una de ellas les habl\u00e9 de \u00abnieve en polvo\u00bb y el profesor que me hab\u00eda invitado me tuvo que decir que los alumnos no sab\u00edan lo que era ese tipo de nieves porque en Uruguay nieve rar\u00edsimamente. Lo mismo podemos decir de todos los pa\u00edses tropicales, desde el Caribe hasta las Islas Salom\u00f3n, pasando por Tailandia o Camer\u00fan. <\/p>\n\n\n\n<p>Tambi\u00e9n tard\u00e9 en darme cuenta de que hab\u00eda unas estaciones astron\u00f3micas, que son de las que hablaba la enciclopedia \u00c1lvarez, y unas <strong>estaciones meteorol\u00f3gicas<\/strong>, que se definen de un modo muy sencillo. Empieza el d\u00eda uno de los meses de marzo, junio, septiembre y diciembre.<\/p>\n\n\n\n<p>Por lo tanto, <strong>hoy, 1 de diciembre es el primer d\u00eda del invierno meteorol\u00f3gico<\/strong>. <\/p>\n\n\n\n<p>Muchos a\u00f1os despu\u00e9s de haber estudiado en aquella enciclopedia me di cuenta de que <strong>el mundo es muy diverso<\/strong>, que<strong> no en todas partes hay cuatro estaciones<\/strong>. Las cuatro estaciones son una buena idea para las zonas del mundo en latitudes medias. No vale para los tr\u00f3picos, ni para lo que est\u00e1 m\u00e1s all\u00e1 de los c\u00edrculos polares.<\/p>\n\n\n\n<p>Entiendo que las cuatro estaciones son una tradici\u00f3n Europea. Para ver que en otras partes hay otras estaciones me voy a fijar en una pocas, aunque quiero dejar claro que hay infinidad de formas de hablar de las estaciones.<\/p>\n\n\n\n<p>Empecemos por la franja tropical y ecuatorial (\u00c1frica central, Sudeste Asi\u00e1tico, Caribe y Amazonia). Las temperaturas apenas var\u00edan a lo largo del a\u00f1o. Lo que de verdad afecta a sus habitantes es la lluvia y hay dos \u00abestaciones\u00bb claramente diferenciadas: estaci\u00f3n seca y estaci\u00f3n de lluvias.<\/p>\n\n\n<div class=\"wp-block-image\">\n<figure class=\"aligncenter size-full\"><img loading=\"lazy\" decoding=\"async\" width=\"270\" height=\"480\" src=\"https:\/\/felix.ares.fm\/wp-content\/uploads\/2025\/11\/0la_sabana_africana_seca-min.jpeg\" alt=\"\" class=\"wp-image-19125\" srcset=\"https:\/\/felix.ares.fm\/wp-content\/uploads\/2025\/11\/0la_sabana_africana_seca-min.jpeg 270w, https:\/\/felix.ares.fm\/wp-content\/uploads\/2025\/11\/0la_sabana_africana_seca-min-169x300.jpeg 169w\" sizes=\"auto, (max-width: 270px) 100vw, 270px\" \/><figcaption class=\"wp-element-caption\">Estaci\u00f3n seca en \u00c1frica central.<\/figcaption><\/figure>\n<\/div>\n\n\n<figure class=\"wp-block-image size-full\"><img loading=\"lazy\" decoding=\"async\" width=\"640\" height=\"360\" src=\"https:\/\/felix.ares.fm\/wp-content\/uploads\/2025\/11\/0la_sabana_africana_con_hierbas_y_rboles-3-min.jpeg\" alt=\"\" class=\"wp-image-19126\" srcset=\"https:\/\/felix.ares.fm\/wp-content\/uploads\/2025\/11\/0la_sabana_africana_con_hierbas_y_rboles-3-min.jpeg 640w, https:\/\/felix.ares.fm\/wp-content\/uploads\/2025\/11\/0la_sabana_africana_con_hierbas_y_rboles-3-min-300x169.jpeg 300w\" sizes=\"auto, (max-width: 640px) 100vw, 640px\" \/><figcaption class=\"wp-element-caption\">Estaci\u00f3n de las lluvias.<\/figcaption><\/figure>\n\n\n\n<p>Por cambiar de tema, ahora voy a hablar de las estaciones del antiguo Egipto. De todos es sabido que la vida en Egipto estaba condicionada por las crecidas del Nilo. Sus \u00abestaciones\u00bb tambi\u00e9n se refer\u00edan a las crecidas del Nilo. Ten\u00edan tres \u00abestaciones\u00bb:<\/p>\n\n\n\n<ul class=\"wp-block-list\">\n<li><strong>Akhet (Inundaci\u00f3n)<\/strong>\n<ul class=\"wp-block-list\">\n<li>Duraba de mediados de julio a mediados de noviembre.<\/li>\n\n\n\n<li>Era el tiempo en que el Nilo se desbordaba, fertilizando los campos con limo.<\/li>\n\n\n\n<li>Simbolizaba la renovaci\u00f3n y estaba asociado a rituales de agradecimiento a los dioses.<\/li>\n<\/ul>\n<\/li>\n<\/ul>\n\n\n<div class=\"wp-block-image\">\n<figure class=\"aligncenter size-full\"><img loading=\"lazy\" decoding=\"async\" width=\"480\" height=\"480\" src=\"https:\/\/felix.ares.fm\/wp-content\/uploads\/2025\/11\/0inundacion_del_Nilo-min.jpg\" alt=\"\" class=\"wp-image-19127\" srcset=\"https:\/\/felix.ares.fm\/wp-content\/uploads\/2025\/11\/0inundacion_del_Nilo-min.jpg 480w, https:\/\/felix.ares.fm\/wp-content\/uploads\/2025\/11\/0inundacion_del_Nilo-min-300x300.jpg 300w, https:\/\/felix.ares.fm\/wp-content\/uploads\/2025\/11\/0inundacion_del_Nilo-min-150x150.jpg 150w\" sizes=\"auto, (max-width: 480px) 100vw, 480px\" \/><figcaption class=\"wp-element-caption\">La inundaci\u00f3n. Imagen creada con Gemini<\/figcaption><\/figure>\n<\/div>\n\n\n<ul class=\"wp-block-list\">\n<li><strong>Peret (Siembra o Crecimiento)<\/strong>\n<ul class=\"wp-block-list\">\n<li>De mediados de noviembre a mediados de marzo.<\/li>\n\n\n\n<li>Tras la retirada de las aguas, los campesinos sembraban y cultivaban.<\/li>\n\n\n\n<li>Era la estaci\u00f3n de la esperanza y el trabajo agr\u00edcola intenso.<\/li>\n<\/ul>\n<\/li>\n<\/ul>\n\n\n<div class=\"wp-block-image\">\n<figure class=\"aligncenter size-full\"><img loading=\"lazy\" decoding=\"async\" width=\"480\" height=\"480\" src=\"https:\/\/felix.ares.fm\/wp-content\/uploads\/2025\/11\/0_siembra-min.jpg\" alt=\"\" class=\"wp-image-19128\" srcset=\"https:\/\/felix.ares.fm\/wp-content\/uploads\/2025\/11\/0_siembra-min.jpg 480w, https:\/\/felix.ares.fm\/wp-content\/uploads\/2025\/11\/0_siembra-min-300x300.jpg 300w, https:\/\/felix.ares.fm\/wp-content\/uploads\/2025\/11\/0_siembra-min-150x150.jpg 150w\" sizes=\"auto, (max-width: 480px) 100vw, 480px\" \/><figcaption class=\"wp-element-caption\">La siembra. Imagen generada con Gemini.<\/figcaption><\/figure>\n<\/div>\n\n\n<p><\/p>\n\n\n\n<p><strong>Shemu (Cosecha)<\/strong><\/p>\n\n\n\n<ul class=\"wp-block-list\">\n<li>De mediados de marzo a mediados de julio.<\/li>\n\n\n\n<li>Se recog\u00edan los frutos y se almacenaban granos.<\/li>\n\n\n\n<li>Representaba la abundancia y la preparaci\u00f3n para la siguiente inundaci\u00f3n.<\/li>\n<\/ul>\n\n\n<div class=\"wp-block-image\">\n<figure class=\"aligncenter size-full\"><img loading=\"lazy\" decoding=\"async\" width=\"480\" height=\"480\" src=\"https:\/\/felix.ares.fm\/wp-content\/uploads\/2025\/11\/0cosecha-min.jpg\" alt=\"\" class=\"wp-image-19129\" srcset=\"https:\/\/felix.ares.fm\/wp-content\/uploads\/2025\/11\/0cosecha-min.jpg 480w, https:\/\/felix.ares.fm\/wp-content\/uploads\/2025\/11\/0cosecha-min-300x300.jpg 300w, https:\/\/felix.ares.fm\/wp-content\/uploads\/2025\/11\/0cosecha-min-150x150.jpg 150w\" sizes=\"auto, (max-width: 480px) 100vw, 480px\" \/><\/figure>\n<\/div>\n\n\n<p>En su d\u00eda me le\u00ed con atenci\u00f3n el libro \u00abLos trabajos y los d\u00edas\u00bb del autor griego cl\u00e1sico Hesiodo <a href=\"#2\" data-type=\"internal\" data-id=\"#2\">[2]<\/a>. En esta obra, que a veces se ha traducido como \u00abTrabajos y d\u00edas\u00bb (en griego era <em>\u1f1c\u03c1\u03b3\u03b1\u03ba\u03b1\u1f76 \u1f29\u03bc\u03ad\u03c1\u03b1\u03b9 (<\/em>Erga kai H\u0113merai: Trabjajos y d\u00edas).  Me result\u00f3 muy interesante, pues un\u00eda sucesos astron\u00f3micos a labores agr\u00edcolas. Por ejemplo:<\/p>\n\n\n\n<p>En la secci\u00f3n dedicada al calendario agr\u00edcola, Hes\u00edodo escribe (traducci\u00f3n de la Biblioteca Cl\u00e1sica Gredos):<\/p>\n\n\n\n<blockquote class=\"wp-block-quote is-layout-flow wp-block-quote-is-layout-flow\">\n<p><strong>\u201cCuando Ori\u00f3n y Sirio lleguen al centro del cielo, y la Aurora vea Arturo, entonces corta todas las uvas y ll\u00e9valas a tu casa. Despu\u00e9s, exp\u00f3nlas al sol durante diez d\u00edas y diez noches; al und\u00e9cimo gu\u00e1rdalas en vasijas. As\u00ed tendr\u00e1s vino excelente.\u201d<\/strong> (Edici\u00f3n Gredos, traducci\u00f3n de Aurelio P\u00e9rez Jim\u00e9nez y Alfonso Mart\u00ednez D\u00edez)<\/p>\n<\/blockquote>\n\n\n\n<p>Las condiciones astron\u00f3micas descritas corresponden hoy en d\u00eda a finales de agosto y principios de septiembre.<\/p>\n\n\n<div class=\"wp-block-image\">\n<figure class=\"aligncenter size-full\"><img loading=\"lazy\" decoding=\"async\" width=\"480\" height=\"480\" src=\"https:\/\/felix.ares.fm\/wp-content\/uploads\/2025\/11\/0orion_y_vendimia2-min.png\" alt=\"\" class=\"wp-image-19132\" srcset=\"https:\/\/felix.ares.fm\/wp-content\/uploads\/2025\/11\/0orion_y_vendimia2-min.png 480w, https:\/\/felix.ares.fm\/wp-content\/uploads\/2025\/11\/0orion_y_vendimia2-min-300x300.png 300w, https:\/\/felix.ares.fm\/wp-content\/uploads\/2025\/11\/0orion_y_vendimia2-min-150x150.png 150w\" sizes=\"auto, (max-width: 480px) 100vw, 480px\" \/><figcaption class=\"wp-element-caption\">Ori\u00f3n no est\u00e1 a escala. Simplemente es una representaci\u00f3n ficticia de la salida de Ori\u00f3n.<\/figcaption><\/figure>\n<\/div>\n\n\n<p>Lo dicho m\u00e1s arriba no son nada m\u00e1s que algunos ejemplos de c\u00f3mo dividen al a\u00f1o algunas culturas. No descubro nada nuevo al decir, que hay infinidad de formas m\u00e1s. <\/p>\n\n\n\n<p>Es curios\u00edsimo las leyendas y mitos que se inventaban para explicar el ciclo de las estaciones. Dentro de nuestra cultura, los griegos, para explicar la diferencia entre tierra verde y f\u00e9rtil y seca y est\u00e9ril, se inventaron el mito de Demeter y Fers\u00e9fone.  Pers\u00e9fone, hija luminosa de Dem\u00e9ter, fue arrebatada por Hades, el dios del inframundo, y conducida a las sombras de su mundo. Ante el dolor de la madre, Zeus dispuso un pacto: la joven pasar\u00eda parte del a\u00f1o en la tierra y parte en los dominios oscuros. As\u00ed, cuando Pers\u00e9fone regresa a los brazos de Dem\u00e9ter, los campos reverdecen y la vida se desborda en flores y cosechas. Pero cuando desciende de nuevo al reino de Hades, la diosa se cubre de tristeza, y la tierra se adormece bajo el fr\u00edo y la desnudez del oto\u00f1o y el invierno.<\/p>\n\n\n<div class=\"wp-block-image\">\n<figure class=\"aligncenter size-full\"><img loading=\"lazy\" decoding=\"async\" width=\"480\" height=\"480\" src=\"https:\/\/felix.ares.fm\/wp-content\/uploads\/2025\/11\/0Gemini_Generated_Image_nf4quvnf4quvnf4q-min.jpg\" alt=\"\" class=\"wp-image-19130\" srcset=\"https:\/\/felix.ares.fm\/wp-content\/uploads\/2025\/11\/0Gemini_Generated_Image_nf4quvnf4quvnf4q-min.jpg 480w, https:\/\/felix.ares.fm\/wp-content\/uploads\/2025\/11\/0Gemini_Generated_Image_nf4quvnf4quvnf4q-min-300x300.jpg 300w, https:\/\/felix.ares.fm\/wp-content\/uploads\/2025\/11\/0Gemini_Generated_Image_nf4quvnf4quvnf4q-min-150x150.jpg 150w\" sizes=\"auto, (max-width: 480px) 100vw, 480px\" \/><figcaption class=\"wp-element-caption\">A la izquierda, el mundo con Demeter. A la derecha con Demeter en el inframundo. Imagen generada por Gemini<\/figcaption><\/figure>\n<\/div>\n\n\n<p><strong>NOTA SOBRE IM\u00c1GENES<\/strong><\/p>\n\n\n\n<p>Todas las im\u00e1genes han sido creadas con programas de IA: Copilot, Dall-e, Meta.ai, Gemini<\/p>\n\n\n\n<p><strong>NOTAS<\/strong><\/p>\n\n\n\n<p id=\"1\">[1] Wikipedia. Entrada: <em>Enciclopedia \u00c1lvarez<\/em>. <a href=\"https:\/\/es.wikipedia.org\/wiki\/Enciclopedia_%C3%81lvarez\">Enciclopedia \u00c1lvarez &#8211; Wikipedia, la enciclopedia libre<\/a> [Consultado el 1 de diciembre de 2025]<\/p>\n\n\n\n<p id=\"2\">[2]  Wikipedia. Entrada: <em>Trabajos y d\u00edas<\/em>. <a href=\"https:\/\/es.wikipedia.org\/wiki\/Trabajos_y_d%C3%ADas\">https:\/\/es.wikipedia.org\/wiki\/Trabajos_y_d%C3%ADas<\/a> [Consultado el 1 de diciembre de 2025]<\/p>\n\n\n\n<hr class=\"wp-block-separator has-alpha-channel-opacity\"\/>\n\n\n\n<p><strong>Nota fotos y texto<\/strong>. Salvo las fotos que tienen un agradecimiento espec\u00edfico, como por ejemplo Wikipedia, son nuestras y las licenciamos con<\/p>\n\n\n\n<p class=\"has-text-align-center\"><a href=\"http:\/\/creativecommons.org\/licenses\/by\/3.0\/deed.es_ES\" rel=\"license\"><img decoding=\"async\" src=\"http:\/\/i.creativecommons.org\/l\/by\/3.0\/88x31.png\" alt=\"Licencia de Creative Commons\"\/><\/a><br \/><br \/><a href=\"http:\/\/felix.ares.fm\" data-type=\"link\" data-id=\"felix.ares.fm\">De tapas y otras cosas por Fuengirola<\/a>&nbsp;\u00a9 2024&nbsp;by&nbsp;F\u00e9lix Ares&nbsp;is licensed under&nbsp;CC BY-SA 4.0&nbsp;. Debe indicarse que est\u00e1 creado a partir de una obra de felix.ares.fm<\/p>\n\n\n\n<p class=\"has-text-align-center\">En esta ocasi\u00f3n he contado con la colaboraci\u00f3n de Vero.<\/p>\n\n\n\n<hr class=\"wp-block-separator has-alpha-channel-opacity\"\/>\n\n\n\n<p><strong>Contacto con nosotros<\/strong>; el motivo de que no sea una imagen clara es para evitar que los robots la descubran y nos inunden el buz\u00f3n de basura.<\/p>\n\n\n<div class=\"wp-block-image\">\n<figure class=\"aligncenter is-resized\"><a href=\"http:\/\/felix.ares.fm\/?attachment_id=7476\" rel=\"attachment wp-att-7476\"><img loading=\"lazy\" decoding=\"async\" width=\"703\" height=\"499\" src=\"http:\/\/felix.ares.fm\/wp-content\/uploads\/2016\/02\/tapas.ares_.fm_.2.jpg\" alt=\"tapas.ares.fm.2\" class=\"wp-image-7476\" style=\"width:250px;height:auto\" srcset=\"https:\/\/felix.ares.fm\/wp-content\/uploads\/2016\/02\/tapas.ares_.fm_.2.jpg 703w, https:\/\/felix.ares.fm\/wp-content\/uploads\/2016\/02\/tapas.ares_.fm_.2-300x213.jpg 300w\" sizes=\"auto, (max-width: 703px) 100vw, 703px\" \/><\/a><\/figure>\n<\/div>\n\n\n<p>O bien&nbsp;rellenar el siguiente formulario:<a href=\"https:\/\/www.youtube.com\/embed\/u1T5csbw9Ww?si=OvhAFtZnEd2otLs3\">https:\/\/www.youtube.com\/embed\/u1T5csbw9Ww?si=OvhAFtZnEd2otLs3<\/a><\/p>\n\n\n\n<p><\/p>\n","protected":false},"excerpt":{"rendered":"<p>1 de diciembre de 2025 Soy de la generaci\u00f3n que en la escuela estudi\u00f3 con la famosa \u00abEnciclopedia \u00c1lvarez\u00bb [1]. Si no recuerdo mal, me ense\u00f1aron que las estaciones del a\u00f1o eran cuatro y comenzaban: el 21 de diciembre el invierno, el 21 de marzo la primavera, el 21 de junio el verano y el &hellip; <a href=\"https:\/\/felix.ares.fm\/?p=19114\" class=\"more-link\">Seguir leyendo <span class=\"screen-reader-text\">&#8230; y lleg\u00f3 el invierno<\/span> <span class=\"meta-nav\">&rarr;<\/span><\/a><\/p>\n","protected":false},"author":1,"featured_media":0,"comment_status":"closed","ping_status":"open","sticky":false,"template":"","format":"standard","meta":{"footnotes":""},"categories":[221],"tags":[2412,2408,2406,2404,2410,2405,2407,2411],"class_list":["post-19114","post","type-post","status-publish","format-standard","hentry","category-taperia","tag-demeter-y-persefone","tag-estacion-seca-y-estacion-de-las-lluvias","tag-estaciones-astronomicas-frente-a-meteorologicas","tag-estaciones-segun-enciclopedia-alvarez","tag-inundacion-siembra-cosecha-2","tag-la-vendimia","tag-no-en-todas-partes-hay-cuatro-estaciones","tag-trabajos-y-dias-hesiodo"],"_links":{"self":[{"href":"https:\/\/felix.ares.fm\/index.php?rest_route=\/wp\/v2\/posts\/19114","targetHints":{"allow":["GET"]}}],"collection":[{"href":"https:\/\/felix.ares.fm\/index.php?rest_route=\/wp\/v2\/posts"}],"about":[{"href":"https:\/\/felix.ares.fm\/index.php?rest_route=\/wp\/v2\/types\/post"}],"author":[{"embeddable":true,"href":"https:\/\/felix.ares.fm\/index.php?rest_route=\/wp\/v2\/users\/1"}],"replies":[{"embeddable":true,"href":"https:\/\/felix.ares.fm\/index.php?rest_route=%2Fwp%2Fv2%2Fcomments&post=19114"}],"version-history":[{"count":2,"href":"https:\/\/felix.ares.fm\/index.php?rest_route=\/wp\/v2\/posts\/19114\/revisions"}],"predecessor-version":[{"id":19133,"href":"https:\/\/felix.ares.fm\/index.php?rest_route=\/wp\/v2\/posts\/19114\/revisions\/19133"}],"wp:attachment":[{"href":"https:\/\/felix.ares.fm\/index.php?rest_route=%2Fwp%2Fv2%2Fmedia&parent=19114"}],"wp:term":[{"taxonomy":"category","embeddable":true,"href":"https:\/\/felix.ares.fm\/index.php?rest_route=%2Fwp%2Fv2%2Fcategories&post=19114"},{"taxonomy":"post_tag","embeddable":true,"href":"https:\/\/felix.ares.fm\/index.php?rest_route=%2Fwp%2Fv2%2Ftags&post=19114"}],"curies":[{"name":"wp","href":"https:\/\/api.w.org\/{rel}","templated":true}]}}