{"id":19104,"date":"2025-11-18T07:07:14","date_gmt":"2025-11-18T05:07:14","guid":{"rendered":"https:\/\/felix.ares.fm\/?p=19104"},"modified":"2025-11-20T10:12:32","modified_gmt":"2025-11-20T08:12:32","slug":"plaza-de-pedro-cuevas-martin-fuengirola","status":"publish","type":"post","link":"https:\/\/felix.ares.fm\/?p=19104","title":{"rendered":"Plaza de Pedro Cuevas Mart\u00edn (Fuengirola)"},"content":{"rendered":"\n<p><strong>20 de noviembre de 2025<\/strong><\/p>\n\n\n\n<p>Hoy se cumplen 50 a\u00f1os de la muerte de Franco. Pero no es de ello de lo que quiero hablar.  Quiero hacerlo de la plaza de Pedro Cuevas Mart\u00edn. <\/p>\n\n\n\n<p>Cuando me vine a vivir a Fuengirola, cerca de mi casa, hab\u00eda una plaza en  la que hab\u00eda un enorme pedestal y encima estaba el \u00e1ngel San Rafael. Sol\u00eda llamar a aquella plaza, plaza de San Rafael, pero una simple consulta a ChatGpt (las consultas a Google quedaron atr\u00e1s) me ha dicho que estaba equivocado que se llamaba plaza de Espa\u00f1a.<\/p>\n\n\n\n<p>Suelo pasear por esa zona, pero como es conocida apenas me doy cuenta de los detalles. Hace unos d\u00edas me fij\u00e9 en un busto que hay en un lado de la plaza. Ese busto me llam\u00f3 la atenci\u00f3n, pues no parece met\u00e1lico ni de piedra. No me atrever\u00eda a decir de qu\u00e9 material es. Pero me gust\u00f3, tiene un aspecto de algo muy suave y un color que me result\u00f3 atractivo.<\/p>\n\n\n\n<figure class=\"wp-block-image size-full\"><img loading=\"lazy\" decoding=\"async\" width=\"640\" height=\"289\" src=\"https:\/\/felix.ares.fm\/wp-content\/uploads\/2025\/11\/IMG20251024195855-min.jpg\" alt=\"\" class=\"wp-image-19105\" srcset=\"https:\/\/felix.ares.fm\/wp-content\/uploads\/2025\/11\/IMG20251024195855-min.jpg 640w, https:\/\/felix.ares.fm\/wp-content\/uploads\/2025\/11\/IMG20251024195855-min-300x135.jpg 300w\" sizes=\"auto, (max-width: 640px) 100vw, 640px\" \/><figcaption class=\"wp-element-caption\">Busto de Pedro Cuevas Mart\u00edn<\/figcaption><\/figure>\n\n\n\n<p>Me ha gustado esa cara sonriente. Me ha dado la sensaci\u00f3n de persona franca, confiable. No ten\u00eda ni la m\u00e1s remota idea de qui\u00e9n podr\u00eda ser, aunque es muy probable que me hubiera cruzado con \u00e9l m\u00e1s de una vez.<\/p>\n\n\n\n<p>En el pie pod\u00eda leerse su nombre:<\/p>\n\n\n\n<figure class=\"wp-block-image size-full\"><img loading=\"lazy\" decoding=\"async\" width=\"640\" height=\"289\" src=\"https:\/\/felix.ares.fm\/wp-content\/uploads\/2025\/11\/IMG20251024195859-min.jpg\" alt=\"\" class=\"wp-image-19106\" srcset=\"https:\/\/felix.ares.fm\/wp-content\/uploads\/2025\/11\/IMG20251024195859-min.jpg 640w, https:\/\/felix.ares.fm\/wp-content\/uploads\/2025\/11\/IMG20251024195859-min-300x135.jpg 300w\" sizes=\"auto, (max-width: 640px) 100vw, 640px\" \/><figcaption class=\"wp-element-caption\">Pedro Cuevas Mart\u00edn hijo predilecto de Fuengirola<\/figcaption><\/figure>\n\n\n\n<p>Tambi\u00e9n me di cuenta de que la plaza hab\u00eda cambiado de nombre y que se llamaba como el busto. <\/p>\n\n\n\n<p>Me ha intrigado y he investigado a esta persona.<\/p>\n\n\n\n<p>\u00abPedro Cuevas Mart\u00edn (1955\u20132019) fue un concejal del Partido Popular en Fuengirola durante 24 a\u00f1os, teniente de alcalde de Los Boliches y responsable de Deportes, recordado por su entrega constante a los vecinos y por impulsar mejoras en las instalaciones deportivas y la vida comunitaria de la ciudad\u00bb<a href=\"#1\" data-type=\"internal\" data-id=\"#1\"> [1]<\/a>.<\/p>\n\n\n\n<p>Ahora ya me he hecho una idea de qui\u00e9n era esta persona. No la conoc\u00ed, pero estoy seguro de que alguna vez me he cruzado con \u00e9l. Los Boliches es un barrio peque\u00f1o, donde los vecinos nos cruzamos.<\/p>\n\n\n\n<p>La escultura es obra del escultor Gregorio Due\u00f1as y se inaugur\u00f3 en agosto de 2023. <\/p>\n\n\n\n<p>El material del que est\u00e1 hecha la escultura que tanto me ha intrigado es bronce. M\u00e1s arriba he dicho que no sab\u00eda de qu\u00e9 material estaba hecho. Enigma resuelto: bronce.<\/p>\n\n\n\n<p><\/p>\n\n\n\n<hr class=\"wp-block-separator has-alpha-channel-opacity\"\/>\n\n\n\n<p><strong>NOTAS<\/strong><\/p>\n\n\n\n<p id=\"1\">[1] R.L. <em>Fallece el edil de Fuengirola Pedro Cuevas que llevaba 24 a\u00f1os como concejal de forma ininterrumpida<\/em>. M\u00e1laga Hoy. 8 de septiembre de 2019. <a href=\"https:\/\/www.malagahoy.es\/malaga\/Fallece-Fuengirola-Pedro-Cuevas-edil_0_1389761188.html\">Fallece el edil de Fuengirola Pedro Cuevas que llevaba 24 a\u00f1os como concejal de forma ininterrumpida<\/a><\/p>\n\n\n\n<hr class=\"wp-block-separator has-alpha-channel-opacity\"\/>\n\n\n\n<p><strong>Nota fotos y texto<\/strong>. Salvo las fotos que tienen un agradecimiento espec\u00edfico, como por ejemplo Wikipedia, son nuestras y las licenciamos con<\/p>\n\n\n\n<p class=\"has-text-align-center\"><a href=\"http:\/\/creativecommons.org\/licenses\/by\/3.0\/deed.es_ES\" rel=\"license\"><img decoding=\"async\" src=\"http:\/\/i.creativecommons.org\/l\/by\/3.0\/88x31.png\" alt=\"Licencia de Creative Commons\"\/><\/a><br \/><br \/><a href=\"http:\/\/felix.ares.fm\" data-type=\"link\" data-id=\"felix.ares.fm\">De tapas y otras cosas por Fuengirola<\/a>&nbsp;\u00a9 2024&nbsp;by&nbsp;F\u00e9lix Ares&nbsp;is licensed under&nbsp;CC BY-SA 4.0&nbsp;. Debe indicarse que est\u00e1 creado a partir de una obra de felix.ares.fm<\/p>\n\n\n\n<p class=\"has-text-align-center\">En esta ocasi\u00f3n he contado con la colaboraci\u00f3n de Vero.<\/p>\n\n\n\n<hr class=\"wp-block-separator has-alpha-channel-opacity\"\/>\n\n\n\n<p><strong>Contacto con nosotros<\/strong>; el motivo de que no sea una imagen clara es para evitar que los robots la descubran y nos inunden el buz\u00f3n de basura.<\/p>\n\n\n<div class=\"wp-block-image\">\n<figure class=\"aligncenter is-resized\"><a href=\"http:\/\/felix.ares.fm\/?attachment_id=7476\" rel=\"attachment wp-att-7476\"><img loading=\"lazy\" decoding=\"async\" width=\"703\" height=\"499\" src=\"http:\/\/felix.ares.fm\/wp-content\/uploads\/2016\/02\/tapas.ares_.fm_.2.jpg\" alt=\"tapas.ares.fm.2\" class=\"wp-image-7476\" style=\"width:250px;height:auto\" srcset=\"https:\/\/felix.ares.fm\/wp-content\/uploads\/2016\/02\/tapas.ares_.fm_.2.jpg 703w, https:\/\/felix.ares.fm\/wp-content\/uploads\/2016\/02\/tapas.ares_.fm_.2-300x213.jpg 300w\" sizes=\"auto, (max-width: 703px) 100vw, 703px\" \/><\/a><\/figure>\n<\/div>\n\n\n<p>O bien&nbsp;rellenar el siguiente formulario:<a href=\"https:\/\/www.youtube.com\/embed\/u1T5csbw9Ww?si=OvhAFtZnEd2otLs3\">https:\/\/www.youtube.com\/embed\/u1T5csbw9Ww?si=OvhAFtZnEd2otLs3<\/a><\/p>\n\n\n\n<p><\/p>\n","protected":false},"excerpt":{"rendered":"<p>20 de noviembre de 2025 Hoy se cumplen 50 a\u00f1os de la muerte de Franco. Pero no es de ello de lo que quiero hablar. Quiero hacerlo de la plaza de Pedro Cuevas Mart\u00edn. Cuando me vine a vivir a Fuengirola, cerca de mi casa, hab\u00eda una plaza en la que hab\u00eda un enorme pedestal &hellip; <a href=\"https:\/\/felix.ares.fm\/?p=19104\" class=\"more-link\">Seguir leyendo <span class=\"screen-reader-text\">Plaza de Pedro Cuevas Mart\u00edn (Fuengirola)<\/span> <span class=\"meta-nav\">&rarr;<\/span><\/a><\/p>\n","protected":false},"author":1,"featured_media":0,"comment_status":"closed","ping_status":"open","sticky":false,"template":"","format":"standard","meta":{"footnotes":""},"categories":[797],"tags":[2403,2402],"class_list":["post-19104","post","type-post","status-publish","format-standard","hentry","category-fuengirola","tag-gregorio-duenas-escultor","tag-plaza-pedro-cuevas-martin"],"_links":{"self":[{"href":"https:\/\/felix.ares.fm\/index.php?rest_route=\/wp\/v2\/posts\/19104","targetHints":{"allow":["GET"]}}],"collection":[{"href":"https:\/\/felix.ares.fm\/index.php?rest_route=\/wp\/v2\/posts"}],"about":[{"href":"https:\/\/felix.ares.fm\/index.php?rest_route=\/wp\/v2\/types\/post"}],"author":[{"embeddable":true,"href":"https:\/\/felix.ares.fm\/index.php?rest_route=\/wp\/v2\/users\/1"}],"replies":[{"embeddable":true,"href":"https:\/\/felix.ares.fm\/index.php?rest_route=%2Fwp%2Fv2%2Fcomments&post=19104"}],"version-history":[{"count":2,"href":"https:\/\/felix.ares.fm\/index.php?rest_route=\/wp\/v2\/posts\/19104\/revisions"}],"predecessor-version":[{"id":19108,"href":"https:\/\/felix.ares.fm\/index.php?rest_route=\/wp\/v2\/posts\/19104\/revisions\/19108"}],"wp:attachment":[{"href":"https:\/\/felix.ares.fm\/index.php?rest_route=%2Fwp%2Fv2%2Fmedia&parent=19104"}],"wp:term":[{"taxonomy":"category","embeddable":true,"href":"https:\/\/felix.ares.fm\/index.php?rest_route=%2Fwp%2Fv2%2Fcategories&post=19104"},{"taxonomy":"post_tag","embeddable":true,"href":"https:\/\/felix.ares.fm\/index.php?rest_route=%2Fwp%2Fv2%2Ftags&post=19104"}],"curies":[{"name":"wp","href":"https:\/\/api.w.org\/{rel}","templated":true}]}}