{"id":19096,"date":"2025-11-18T07:07:14","date_gmt":"2025-11-18T05:07:14","guid":{"rendered":"https:\/\/felix.ares.fm\/?p=19096"},"modified":"2025-11-18T07:15:44","modified_gmt":"2025-11-18T05:15:44","slug":"en-el-anfiteatro-del-amanecer-luchan-a-muerte-los-gladiadores-del-alba-fuengirola","status":"publish","type":"post","link":"https:\/\/felix.ares.fm\/?p=19096","title":{"rendered":"En el anfiteatro del amanecer luchan a muerte los gladiadores del alba (Fuengirola)"},"content":{"rendered":"\n<p><strong>26 de octubre de 2025<\/strong><\/p>\n\n\n\n<p>Cada amanecer viendo en el horizonte el mar es un espect\u00e1culo visual, una pel\u00edcula con formas y colores cambiantes que nunca se repite. No hay dos amaneceres iguales: cada uno es un instante irrepetible, un cuadro que se pinta y se borra en cuesti\u00f3n de minutos. Hay amaneceres amarillos, los hay rosas, los hay de un profundo rojo y, a veces, los hay violetas. La noche se desgarra en amarillos, los amarillos se transforman en naranjas, los naranjas en rojos, y los rojos se abren en destellos dorados que iluminan la piel del agua.<\/p>\n\n\n\n<figure class=\"wp-block-image size-full\"><img loading=\"lazy\" decoding=\"async\" width=\"607\" height=\"274\" src=\"https:\/\/felix.ares.fm\/wp-content\/uploads\/2025\/11\/1IMG20251026071155_amarillos_al_amanecer_GI.jpg\" alt=\"\" class=\"wp-image-19097\" srcset=\"https:\/\/felix.ares.fm\/wp-content\/uploads\/2025\/11\/1IMG20251026071155_amarillos_al_amanecer_GI.jpg 607w, https:\/\/felix.ares.fm\/wp-content\/uploads\/2025\/11\/1IMG20251026071155_amarillos_al_amanecer_GI-300x135.jpg 300w\" sizes=\"auto, (max-width: 607px) 100vw, 607px\" \/><figcaption class=\"wp-element-caption\">La muerte de la noche se anuncia con franjas amarillas<\/figcaption><\/figure>\n\n\n\n<p>El mar recibe esas luces como un espejo inquieto, multiplicando reflejos que cambian con cada ola. A veces el horizonte parece arder, otras se ti\u00f1e de una calma azulada que anuncia serenidad. El cielo se convierte en un lienzo vivo, donde las pinceladas del sol se mezclan con las sombras que a\u00fan resisten. Es un proceso de metamorfosis constante: lo que un segundo antes era penumbra se convierte en claridad, lo que era silencio se transforma en canto de gaviotas, lo que era espera se vuelve promesa.<\/p>\n\n\n\n<figure class=\"wp-block-image size-full\"><img loading=\"lazy\" decoding=\"async\" width=\"633\" height=\"286\" src=\"https:\/\/felix.ares.fm\/wp-content\/uploads\/2025\/11\/3IMG20251026073637_el_sol_a_medio_salir_circulo_amarillos_y_naranjasGI.jpg\" alt=\"\" class=\"wp-image-19098\" srcset=\"https:\/\/felix.ares.fm\/wp-content\/uploads\/2025\/11\/3IMG20251026073637_el_sol_a_medio_salir_circulo_amarillos_y_naranjasGI.jpg 633w, https:\/\/felix.ares.fm\/wp-content\/uploads\/2025\/11\/3IMG20251026073637_el_sol_a_medio_salir_circulo_amarillos_y_naranjasGI-300x136.jpg 300w\" sizes=\"auto, (max-width: 633px) 100vw, 633px\" \/><figcaption class=\"wp-element-caption\">El sol se asoma y mira el mar y ve negro y rojo<\/figcaption><\/figure>\n\n\n\n<p>Cada amanecer es distinto porque la mirada que lo contempla tambi\u00e9n lo es. El viajero que observa descubre matices nuevos, como si el sol supiera que debe reinventarse para sorprendernos. Y as\u00ed, d\u00eda tras d\u00eda, el horizonte se abre como un tel\u00f3n que nunca ofrece la misma obra, record\u00e1ndonos que la belleza est\u00e1 en lo ef\u00edmero, en lo cambiante, en esa certeza de que el pr\u00f3ximo amanecer ser\u00e1 otro, distinto, y, sin embargo, igualmente prodigioso.<\/p>\n\n\n\n<figure class=\"wp-block-image size-full\"><img loading=\"lazy\" decoding=\"async\" width=\"633\" height=\"286\" src=\"https:\/\/felix.ares.fm\/wp-content\/uploads\/2025\/11\/4el_sol_asoma_su_nariz_limpio.jpeg\" alt=\"\" class=\"wp-image-19099\" srcset=\"https:\/\/felix.ares.fm\/wp-content\/uploads\/2025\/11\/4el_sol_asoma_su_nariz_limpio.jpeg 633w, https:\/\/felix.ares.fm\/wp-content\/uploads\/2025\/11\/4el_sol_asoma_su_nariz_limpio-300x136.jpeg 300w\" sizes=\"auto, (max-width: 633px) 100vw, 633px\" \/><\/figure>\n\n\n\n<p><\/p>\n\n\n\n<p>El emperador Sol preside el anfiteatro del horizonte. Primero levanta su pulgar, concediendo un instante de gloria al gladiador rojo que incendia el cielo. Pero pronto, su mirada se endurece: baja el pulgar, y la sentencia es irrevocable. La espada del d\u00eda atraviesa la arena celeste y el rojo se transmuta en azul, como si la sangre del combate se disolviera en la calma del mar. As\u00ed, la aurora se convierte en juicio y metamorfosis, en espect\u00e1culo de luz donde cada color lucha, muere y renace bajo la voluntad del astro emperador.<\/p>\n\n\n\n<figure class=\"wp-block-image size-full\"><img loading=\"lazy\" decoding=\"async\" width=\"633\" height=\"286\" src=\"https:\/\/felix.ares.fm\/wp-content\/uploads\/2025\/11\/5los_rojos_del_cielo_quiero_que_sean-1.jpeg\" alt=\"\" class=\"wp-image-19100\" srcset=\"https:\/\/felix.ares.fm\/wp-content\/uploads\/2025\/11\/5los_rojos_del_cielo_quiero_que_sean-1.jpeg 633w, https:\/\/felix.ares.fm\/wp-content\/uploads\/2025\/11\/5los_rojos_del_cielo_quiero_que_sean-1-300x136.jpeg 300w\" sizes=\"auto, (max-width: 633px) 100vw, 633px\" \/><figcaption class=\"wp-element-caption\">Los anaranjados luchan contra los azules<\/figcaption><\/figure>\n\n\n\n<p>Ganan los azules, soberanos del cielo, hasta el anochecer, cuando los anaranjados resurgen como brasas encendidas. Poco a poco se apagan, se oscurecen, se transmutan en negros profundos, y de su silencio nacen las estrellas, como heridas luminosas que se abren en la piel de la noche.<\/p>\n\n\n\n<figure class=\"wp-block-image size-full\"><img loading=\"lazy\" decoding=\"async\" width=\"633\" height=\"286\" src=\"https:\/\/felix.ares.fm\/wp-content\/uploads\/2025\/11\/11Llega-la-noche.jpeg\" alt=\"\" class=\"wp-image-19102\" srcset=\"https:\/\/felix.ares.fm\/wp-content\/uploads\/2025\/11\/11Llega-la-noche.jpeg 633w, https:\/\/felix.ares.fm\/wp-content\/uploads\/2025\/11\/11Llega-la-noche-300x136.jpeg 300w\" sizes=\"auto, (max-width: 633px) 100vw, 633px\" \/><\/figure>\n\n\n\n<p><\/p>\n\n\n\n<hr class=\"wp-block-separator has-alpha-channel-opacity\"\/>\n\n\n\n<p><strong>NOTAS<\/strong><\/p>\n\n\n\n<p id=\"1\">[1] <\/p>\n\n\n\n<hr class=\"wp-block-separator has-alpha-channel-opacity\"\/>\n\n\n\n<p><strong>Nota fotos y texto<\/strong>. Salvo las fotos que tienen un agradecimiento espec\u00edfico, como por ejemplo Wikipedia, son nuestras y las licenciamos con<\/p>\n\n\n\n<p class=\"has-text-align-center\"><a href=\"http:\/\/creativecommons.org\/licenses\/by\/3.0\/deed.es_ES\" rel=\"license\"><img decoding=\"async\" src=\"http:\/\/i.creativecommons.org\/l\/by\/3.0\/88x31.png\" alt=\"Licencia de Creative Commons\"\/><\/a><br \/><br \/><a href=\"http:\/\/felix.ares.fm\" data-type=\"link\" data-id=\"felix.ares.fm\">De tapas y otras cosas por Fuengirola<\/a>&nbsp;\u00a9 2024&nbsp;by&nbsp;F\u00e9lix Ares&nbsp;is licensed under&nbsp;CC BY-SA 4.0&nbsp;. Debe indicarse que est\u00e1 creado a partir de una obra de felix.ares.fm<\/p>\n\n\n\n<p class=\"has-text-align-center\">En esta ocasi\u00f3n he contado con la colaboraci\u00f3n de Vero.<\/p>\n\n\n\n<hr class=\"wp-block-separator has-alpha-channel-opacity\"\/>\n\n\n\n<p><strong>Contacto con nosotros<\/strong>; el motivo de que no sea una imagen clara es para evitar que los robots la descubran y nos inunden el buz\u00f3n de basura.<\/p>\n\n\n<div class=\"wp-block-image\">\n<figure class=\"aligncenter is-resized\"><a href=\"http:\/\/felix.ares.fm\/?attachment_id=7476\" rel=\"attachment wp-att-7476\"><img loading=\"lazy\" decoding=\"async\" width=\"703\" height=\"499\" src=\"http:\/\/felix.ares.fm\/wp-content\/uploads\/2016\/02\/tapas.ares_.fm_.2.jpg\" alt=\"tapas.ares.fm.2\" class=\"wp-image-7476\" style=\"width:250px;height:auto\" srcset=\"https:\/\/felix.ares.fm\/wp-content\/uploads\/2016\/02\/tapas.ares_.fm_.2.jpg 703w, https:\/\/felix.ares.fm\/wp-content\/uploads\/2016\/02\/tapas.ares_.fm_.2-300x213.jpg 300w\" sizes=\"auto, (max-width: 703px) 100vw, 703px\" \/><\/a><\/figure>\n<\/div>\n\n\n<p>O bien&nbsp;rellenar el siguiente formulario:<a href=\"https:\/\/www.youtube.com\/embed\/u1T5csbw9Ww?si=OvhAFtZnEd2otLs3\">https:\/\/www.youtube.com\/embed\/u1T5csbw9Ww?si=OvhAFtZnEd2otLs3<\/a><\/p>\n\n\n\n<p><\/p>\n","protected":false},"excerpt":{"rendered":"<p>26 de octubre de 2025 Cada amanecer viendo en el horizonte el mar es un espect\u00e1culo visual, una pel\u00edcula con formas y colores cambiantes que nunca se repite. No hay dos amaneceres iguales: cada uno es un instante irrepetible, un cuadro que se pinta y se borra en cuesti\u00f3n de minutos. Hay amaneceres amarillos, los &hellip; <a href=\"https:\/\/felix.ares.fm\/?p=19096\" class=\"more-link\">Seguir leyendo <span class=\"screen-reader-text\">En el anfiteatro del amanecer luchan a muerte los gladiadores del alba (Fuengirola)<\/span> <span class=\"meta-nav\">&rarr;<\/span><\/a><\/p>\n","protected":false},"author":1,"featured_media":0,"comment_status":"closed","ping_status":"open","sticky":false,"template":"","format":"standard","meta":{"footnotes":""},"categories":[797],"tags":[],"class_list":["post-19096","post","type-post","status-publish","format-standard","hentry","category-fuengirola"],"_links":{"self":[{"href":"https:\/\/felix.ares.fm\/index.php?rest_route=\/wp\/v2\/posts\/19096","targetHints":{"allow":["GET"]}}],"collection":[{"href":"https:\/\/felix.ares.fm\/index.php?rest_route=\/wp\/v2\/posts"}],"about":[{"href":"https:\/\/felix.ares.fm\/index.php?rest_route=\/wp\/v2\/types\/post"}],"author":[{"embeddable":true,"href":"https:\/\/felix.ares.fm\/index.php?rest_route=\/wp\/v2\/users\/1"}],"replies":[{"embeddable":true,"href":"https:\/\/felix.ares.fm\/index.php?rest_route=%2Fwp%2Fv2%2Fcomments&post=19096"}],"version-history":[{"count":2,"href":"https:\/\/felix.ares.fm\/index.php?rest_route=\/wp\/v2\/posts\/19096\/revisions"}],"predecessor-version":[{"id":19103,"href":"https:\/\/felix.ares.fm\/index.php?rest_route=\/wp\/v2\/posts\/19096\/revisions\/19103"}],"wp:attachment":[{"href":"https:\/\/felix.ares.fm\/index.php?rest_route=%2Fwp%2Fv2%2Fmedia&parent=19096"}],"wp:term":[{"taxonomy":"category","embeddable":true,"href":"https:\/\/felix.ares.fm\/index.php?rest_route=%2Fwp%2Fv2%2Fcategories&post=19096"},{"taxonomy":"post_tag","embeddable":true,"href":"https:\/\/felix.ares.fm\/index.php?rest_route=%2Fwp%2Fv2%2Ftags&post=19096"}],"curies":[{"name":"wp","href":"https:\/\/api.w.org\/{rel}","templated":true}]}}