{"id":19070,"date":"2025-11-14T10:26:37","date_gmt":"2025-11-14T08:26:37","guid":{"rendered":"https:\/\/felix.ares.fm\/?p=19070"},"modified":"2026-01-08T07:29:54","modified_gmt":"2026-01-08T05:29:54","slug":"grand-cafe-fuengirola","status":"publish","type":"post","link":"https:\/\/felix.ares.fm\/?p=19070","title":{"rendered":"Gran Caf\u00e9 (Fuengirola)"},"content":{"rendered":"\n<p><strong>23 de octubre de 2025<\/strong><\/p>\n\n\n\n<p><strong>Una excelente cafeter\u00eda con unos serranitos estupendos.<\/strong><\/p>\n\n\n\n<p>No he nacido en Fuengirola y, a veces, me cuesta trabajo decidir si estoy en Fuengirola o en Mijas. Al lado mismo donde est\u00e1 el anuncio de Mijas Las Lagunas, Mijas Costa, hay una cafeter\u00eda, que no es de Mijas, es de Fuengirola.<\/p>\n\n\n<div class=\"wp-block-image\">\n<figure class=\"aligncenter size-full\"><img loading=\"lazy\" decoding=\"async\" width=\"217\" height=\"480\" src=\"https:\/\/felix.ares.fm\/wp-content\/uploads\/2025\/11\/0IMG20251023100338_rotonda_anuncio_las_lagunas_costa_mijas-min.jpg\" alt=\"\" class=\"wp-image-19073\" srcset=\"https:\/\/felix.ares.fm\/wp-content\/uploads\/2025\/11\/0IMG20251023100338_rotonda_anuncio_las_lagunas_costa_mijas-min.jpg 217w, https:\/\/felix.ares.fm\/wp-content\/uploads\/2025\/11\/0IMG20251023100338_rotonda_anuncio_las_lagunas_costa_mijas-min-136x300.jpg 136w\" sizes=\"auto, (max-width: 217px) 100vw, 217px\" \/><figcaption class=\"wp-element-caption\">Rotonda con anuncio Mijas, tanto Mijas Las Lagunas como Mijas Costa.<\/figcaption><\/figure>\n<\/div>\n\n\n<p>Exactamente, a la izquierda de donde est\u00e1 esa rotonda est\u00e1 la cafeter\u00eda \u00abGran Caf\u00e9\u00bb, pero no es de Mijas, es de Fuengirola.<\/p>\n\n\n\n<p>A partir de Google Maps, he conseguido esta foto, en la que se ven tanto la rotonda de Mijas Costa y la cafeter\u00eda<em> Gran Caf\u00e9<\/em>.<\/p>\n\n\n\n<figure class=\"wp-block-image size-large\"><img loading=\"lazy\" decoding=\"async\" width=\"1024\" height=\"395\" src=\"https:\/\/felix.ares.fm\/wp-content\/uploads\/2025\/11\/0grand_cafe_y_rotonda_mijas-min-1024x395.jpg\" alt=\"\" class=\"wp-image-19074\" srcset=\"https:\/\/felix.ares.fm\/wp-content\/uploads\/2025\/11\/0grand_cafe_y_rotonda_mijas-min-1024x395.jpg 1024w, https:\/\/felix.ares.fm\/wp-content\/uploads\/2025\/11\/0grand_cafe_y_rotonda_mijas-min-300x116.jpg 300w, https:\/\/felix.ares.fm\/wp-content\/uploads\/2025\/11\/0grand_cafe_y_rotonda_mijas-min-768x296.jpg 768w, https:\/\/felix.ares.fm\/wp-content\/uploads\/2025\/11\/0grand_cafe_y_rotonda_mijas-min.jpg 1234w\" sizes=\"auto, (max-width: 1024px) 100vw, 1024px\" \/><figcaption class=\"wp-element-caption\">A la izquierda el Grand Caf\u00e9, a la derecha la rotonda de Mijas, Las Lagunas, Mijas Costa. Parece ser que la acera de la derecha es Mijas y la de la izquierda Fuengirola. Foto de Street View de Google.<\/figcaption><\/figure>\n\n\n\n<p>Muchas veces el azar nos lleva a buenos sitios. En un primer momento, no ten\u00edamos intenci\u00f3n de ir al \u00abGran Caf\u00e9\u00bb, pero, al pasar cerca de \u00e9l, decidimos ver su carta. Ten\u00edamos hambre, y vimos que ofrec\u00edan varios bocadillos y sandwiches. Nos parecieron muy apetitosos los \u00abserranitos\u00bb. Los hab\u00eda de pollo y de cerdo. Yo no ten\u00eda ninguna duda: de cerdo. Es curioso, del pollo me gustan los muslos y las alitas; exactamente lo que me ha prohibido el m\u00e9dico. Las pechugas de pollo me parecen ins\u00edpidas, algo similar a que me dieran a comer pl\u00e1stico; pero ya se sabe que cada uno tiene sus gustos. Es curioso que, casi siempre, lo que te guste no sea lo que te conviene.<\/p>\n\n\n<div class=\"wp-block-image\">\n<figure class=\"aligncenter size-full\"><img loading=\"lazy\" decoding=\"async\" width=\"217\" height=\"480\" src=\"https:\/\/felix.ares.fm\/wp-content\/uploads\/2025\/11\/IMG20251023100625-min.jpg\" alt=\"\" class=\"wp-image-19075\" srcset=\"https:\/\/felix.ares.fm\/wp-content\/uploads\/2025\/11\/IMG20251023100625-min.jpg 217w, https:\/\/felix.ares.fm\/wp-content\/uploads\/2025\/11\/IMG20251023100625-min-136x300.jpg 136w\" sizes=\"auto, (max-width: 217px) 100vw, 217px\" \/><figcaption class=\"wp-element-caption\">Grand Caf\u00e9<\/figcaption><\/figure>\n<\/div>\n\n\n<p>En la carta hab\u00eda muchas cosas, todas muy apetitosas, pero la descripci\u00f3n del \u00abserranito\u00bb nos convenci\u00f3.<\/p>\n\n\n\n<p>Pedimos dos. Los hab\u00eda en varios formatos, uno de ellos era el pitufo. Es curioso que una serie de televisi\u00f3n que ve\u00edan mis hijos,<strong><em> los pitufos<\/em><\/strong>,<strong> <\/strong>se hayan convertido en el nombre para un bocadillo de tama\u00f1o mediano, ni muy grande ni muy peque\u00f1o.<\/p>\n\n\n\n<p>Para beber pedimos un caf\u00e9 con leche y una ca\u00f1a de cerveza.<\/p>\n\n\n<div class=\"wp-block-image\">\n<figure class=\"aligncenter size-full\"><img loading=\"lazy\" decoding=\"async\" width=\"391\" height=\"480\" src=\"https:\/\/felix.ares.fm\/wp-content\/uploads\/2025\/11\/IMG20251023100855_cafe_con_leche_RE-min.jpg\" alt=\"\" class=\"wp-image-19077\" srcset=\"https:\/\/felix.ares.fm\/wp-content\/uploads\/2025\/11\/IMG20251023100855_cafe_con_leche_RE-min.jpg 391w, https:\/\/felix.ares.fm\/wp-content\/uploads\/2025\/11\/IMG20251023100855_cafe_con_leche_RE-min-244x300.jpg 244w\" sizes=\"auto, (max-width: 391px) 100vw, 391px\" \/><figcaption class=\"wp-element-caption\">Caf\u00e9 con leche<\/figcaption><\/figure>\n<\/div>\n\n<div class=\"wp-block-image\">\n<figure class=\"aligncenter size-full\"><img loading=\"lazy\" decoding=\"async\" width=\"343\" height=\"480\" src=\"https:\/\/felix.ares.fm\/wp-content\/uploads\/2025\/11\/IMG20251023100852_canna_cerveza_RE-min.jpg\" alt=\"\" class=\"wp-image-19078\" srcset=\"https:\/\/felix.ares.fm\/wp-content\/uploads\/2025\/11\/IMG20251023100852_canna_cerveza_RE-min.jpg 343w, https:\/\/felix.ares.fm\/wp-content\/uploads\/2025\/11\/IMG20251023100852_canna_cerveza_RE-min-214x300.jpg 214w\" sizes=\"auto, (max-width: 343px) 100vw, 343px\" \/><figcaption class=\"wp-element-caption\">Ca\u00f1a de cerveza<\/figcaption><\/figure>\n<\/div>\n\n\n<p>Y despu\u00e9s vinieron nuestros \u00abpitufos\u00bb.<\/p>\n\n\n\n<figure class=\"wp-block-image size-full\"><img loading=\"lazy\" decoding=\"async\" width=\"640\" height=\"289\" src=\"https:\/\/felix.ares.fm\/wp-content\/uploads\/2025\/11\/IMG20251028104559_pitufo_serranito_BB-min.jpg\" alt=\"\" class=\"wp-image-19081\" srcset=\"https:\/\/felix.ares.fm\/wp-content\/uploads\/2025\/11\/IMG20251028104559_pitufo_serranito_BB-min.jpg 640w, https:\/\/felix.ares.fm\/wp-content\/uploads\/2025\/11\/IMG20251028104559_pitufo_serranito_BB-min-300x135.jpg 300w\" sizes=\"auto, (max-width: 640px) 100vw, 640px\" \/><figcaption class=\"wp-element-caption\">Pitufo serranito<\/figcaption><\/figure>\n\n\n\n<p>\u00bfY qu\u00e9 es un serranito? A ver si soy capaz de describirlo. Una barrita de pan, reci\u00e9n hecho, que dentro tiene, jam\u00f3n serrano, una loncha de cerdo asado, pimiento, aguacate y algo m\u00e1s que no soy capaz de identificar.<\/p>\n\n\n\n<figure class=\"wp-block-image size-full\"><img loading=\"lazy\" decoding=\"async\" width=\"640\" height=\"289\" src=\"https:\/\/felix.ares.fm\/wp-content\/uploads\/2025\/11\/IMG20251023101524_ILU-min.jpg\" alt=\"\" class=\"wp-image-19082\" srcset=\"https:\/\/felix.ares.fm\/wp-content\/uploads\/2025\/11\/IMG20251023101524_ILU-min.jpg 640w, https:\/\/felix.ares.fm\/wp-content\/uploads\/2025\/11\/IMG20251023101524_ILU-min-300x135.jpg 300w\" sizes=\"auto, (max-width: 640px) 100vw, 640px\" \/><figcaption class=\"wp-element-caption\">Interior del serranito<\/figcaption><\/figure>\n\n\n\n<figure class=\"wp-block-image size-full\"><img loading=\"lazy\" decoding=\"async\" width=\"640\" height=\"289\" src=\"https:\/\/felix.ares.fm\/wp-content\/uploads\/2025\/11\/IMG20251028104610_pitufo_serranito_BB-min.jpg\" alt=\"\" class=\"wp-image-19083\" srcset=\"https:\/\/felix.ares.fm\/wp-content\/uploads\/2025\/11\/IMG20251028104610_pitufo_serranito_BB-min.jpg 640w, https:\/\/felix.ares.fm\/wp-content\/uploads\/2025\/11\/IMG20251028104610_pitufo_serranito_BB-min-300x135.jpg 300w\" sizes=\"auto, (max-width: 640px) 100vw, 640px\" \/><figcaption class=\"wp-element-caption\">Detalles del serranito<\/figcaption><\/figure>\n\n\n\n<figure class=\"wp-block-image size-full\"><img loading=\"lazy\" decoding=\"async\" width=\"640\" height=\"360\" src=\"https:\/\/felix.ares.fm\/wp-content\/uploads\/2025\/11\/IMG20251028104614_pitufo_serranito_cerdo_BB_RE-min.jpg\" alt=\"\" class=\"wp-image-19084\" srcset=\"https:\/\/felix.ares.fm\/wp-content\/uploads\/2025\/11\/IMG20251028104614_pitufo_serranito_cerdo_BB_RE-min.jpg 640w, https:\/\/felix.ares.fm\/wp-content\/uploads\/2025\/11\/IMG20251028104614_pitufo_serranito_cerdo_BB_RE-min-300x169.jpg 300w\" sizes=\"auto, (max-width: 640px) 100vw, 640px\" \/><figcaption class=\"wp-element-caption\">Interior del serranito. El verde del pimieto asado destaca considerablemente<\/figcaption><\/figure>\n\n\n\n<p>Se ve que el pan tiene una salsa: aguacate.<\/p>\n\n\n\n<p>Recuerdo las primeras veces que fui a Am\u00e9rica y vi que era muy normal que el pan lo recubrieran con <strong>palta<\/strong>. Tuve que preguntar qu\u00e9 era aquello de palta. Me dijeron que aguacate.<\/p>\n\n\n\n<figure class=\"wp-block-image size-full\"><img loading=\"lazy\" decoding=\"async\" width=\"640\" height=\"289\" src=\"https:\/\/felix.ares.fm\/wp-content\/uploads\/2025\/11\/IMG20251028104620_detalle_pitufo_serranito_palta_ILU-min.jpg\" alt=\"\" class=\"wp-image-19085\" srcset=\"https:\/\/felix.ares.fm\/wp-content\/uploads\/2025\/11\/IMG20251028104620_detalle_pitufo_serranito_palta_ILU-min.jpg 640w, https:\/\/felix.ares.fm\/wp-content\/uploads\/2025\/11\/IMG20251028104620_detalle_pitufo_serranito_palta_ILU-min-300x135.jpg 300w\" sizes=\"auto, (max-width: 640px) 100vw, 640px\" \/><figcaption class=\"wp-element-caption\">Jam\u00f3n serrano, y la salsa verde es palta<\/figcaption><\/figure>\n\n\n\n<h3 class=\"wp-block-heading\">Atenci\u00f3n<\/h3>\n\n\n\n<p>Nos atendi\u00f3 una camarera que, si no interpret\u00e9 mal su acento, era hispanoamericana. Perm\u00edtanme que no use la que yo considero est\u00fapida palabra: \u00ablatina\u00bb. \u00abAm\u00e9rica Latina\u00bb proviene del siglo XIX, de Michel Chevalier, quien en 1830 propuso la alianza entre los pueblos americanos de habla espa\u00f1ola y portuguesa. \u00abHispana y portuguesa\u00bb, \u00e9l pens\u00f3 que esas dos comunidades ling\u00fc\u00edsticas las un\u00eda la palabra \u00ablatina\u00bb. En mi opini\u00f3n, una estupidez. La palabra que une espa\u00f1ol y portugu\u00e9s es \u00abIberia\u00bb. Iberoamericana&#8230; Pero en el caso que nos ocupa, se trata de personas que hablan espa\u00f1ol, ergo: hispanoamericanos. Cada d\u00eda me fastidia m\u00e1s la palabra \u00ablatino\u00bb. Para mi \u00ablatino\u00bb es el italiano, el espa\u00f1ol, el franc\u00e9s e incluso el rumano. Pero dif\u00edcilmente la Am\u00e9rica hispana y Portuguesa.<\/p>\n\n\n\n<p>Lo que no me cabe la menor duda es que la atenci\u00f3n fue excelente.<\/p>\n\n\n\n<p>Gracias<\/p>\n\n\n\n<p>Se me olvidaba que el Gran Caf\u00e9 tiene una terraza muy agradable.<\/p>\n\n\n\n<figure class=\"wp-block-image size-full\"><img loading=\"lazy\" decoding=\"async\" width=\"640\" height=\"289\" src=\"https:\/\/felix.ares.fm\/wp-content\/uploads\/2025\/11\/IMG20251023103627_terraza_ILU-min.jpg\" alt=\"\" class=\"wp-image-19086\" srcset=\"https:\/\/felix.ares.fm\/wp-content\/uploads\/2025\/11\/IMG20251023103627_terraza_ILU-min.jpg 640w, https:\/\/felix.ares.fm\/wp-content\/uploads\/2025\/11\/IMG20251023103627_terraza_ILU-min-300x135.jpg 300w\" sizes=\"auto, (max-width: 640px) 100vw, 640px\" \/><figcaption class=\"wp-element-caption\">La terraza del Gran Caf\u00e9<\/figcaption><\/figure>\n\n\n\n<p><strong>Se me olvidaba<\/strong><\/p>\n\n\n\n<p>En la cafeter\u00eda \u00abGran Caf\u00e9\u00bb tambi\u00e9n hay men\u00fa del d\u00eda por 12\u20ac:<\/p>\n\n\n<div class=\"wp-block-image\">\n<figure class=\"aligncenter size-full\"><img loading=\"lazy\" decoding=\"async\" width=\"338\" height=\"480\" src=\"https:\/\/felix.ares.fm\/wp-content\/uploads\/2025\/11\/IMG20251023103540_ILU-min.jpg\" alt=\"\" class=\"wp-image-19089\" srcset=\"https:\/\/felix.ares.fm\/wp-content\/uploads\/2025\/11\/IMG20251023103540_ILU-min.jpg 338w, https:\/\/felix.ares.fm\/wp-content\/uploads\/2025\/11\/IMG20251023103540_ILU-min-211x300.jpg 211w\" sizes=\"auto, (max-width: 338px) 100vw, 338px\" \/><figcaption class=\"wp-element-caption\">Men\u00fa del d\u00eda. 12\u20ac.<\/figcaption><\/figure>\n<\/div>\n\n\n<p>No lo he probado, pero me han entrado las ganas de probarlo. Alg\u00fan d\u00eda ir\u00e9.<\/p>\n\n\n\n<p>Nada m\u00e1s por hoy.<\/p>\n\n\n\n<p>Un fuerte abrazo y hasta la pr\u00f3xima entrada.<\/p>\n\n\n\n<p>Sin duda, volver\u00e9 a este bar en donde me atendieron amablemente y cuyos serranitos estaban para \u00abchuparse los dedos\u00bb.<\/p>\n\n\n\n<p><strong>Ubicaci\u00f3n<\/strong><\/p>\n\n\n\n<p>Camino de las ca\u00f1adas. No he encontrado el n\u00famero, pero a foto de Street Maps, donde se muestra tanto la rotonda con el letrero de Mijas Las Lagunas, Costa y el Gran Caf\u00e9, nos deja muy claro que es muy cerca de la rotonda.<\/p>\n\n\n\n<figure class=\"wp-block-image size-full\"><img loading=\"lazy\" decoding=\"async\" width=\"595\" height=\"480\" src=\"https:\/\/felix.ares.fm\/wp-content\/uploads\/2025\/11\/IMG20251023103552_REILU-min.jpg\" alt=\"\" class=\"wp-image-19092\" srcset=\"https:\/\/felix.ares.fm\/wp-content\/uploads\/2025\/11\/IMG20251023103552_REILU-min.jpg 595w, https:\/\/felix.ares.fm\/wp-content\/uploads\/2025\/11\/IMG20251023103552_REILU-min-300x242.jpg 300w\" sizes=\"auto, (max-width: 595px) 100vw, 595px\" \/><figcaption class=\"wp-element-caption\">El Grand Caf\u00e9 est\u00e1 en el Camino de las Ca\u00f1adas.<\/figcaption><\/figure>\n\n\n\n<h3 class=\"wp-block-heading\">Vuelta en Navidad<\/h3>\n\n\n\n<p>Durante las cercan\u00edas de Navidad hemos vuelto un par de veces. Nuestra sensaci\u00f3n sigue siendo la misma: atenci\u00f3n excelente, y unos serranitos inigualables. La mayor diferencia est\u00e1 en que el local est\u00e1 decorado con motivos navide\u00f1os.<\/p>\n\n\n\n<p>Por ejemplo, un lazo rojo:<\/p>\n\n\n<div class=\"wp-block-image\">\n<figure class=\"aligncenter size-full\"><img loading=\"lazy\" decoding=\"async\" width=\"217\" height=\"480\" src=\"https:\/\/felix.ares.fm\/wp-content\/uploads\/2025\/11\/lazo_navidennoBB.jpeg\" alt=\"\" class=\"wp-image-19255\" srcset=\"https:\/\/felix.ares.fm\/wp-content\/uploads\/2025\/11\/lazo_navidennoBB.jpeg 217w, https:\/\/felix.ares.fm\/wp-content\/uploads\/2025\/11\/lazo_navidennoBB-136x300.jpeg 136w\" sizes=\"auto, (max-width: 217px) 100vw, 217px\" \/><figcaption class=\"wp-element-caption\">Decoraci\u00f3n navide\u00f1a.<\/figcaption><\/figure>\n<\/div>\n\n\n<p>Tambi\u00e9n hay un Pap\u00e1 Noel &#8211;\u00bfo tendr\u00eda que decir Santa Claus?<\/p>\n\n\n<div class=\"wp-block-image\">\n<figure class=\"aligncenter size-full\"><img loading=\"lazy\" decoding=\"async\" width=\"217\" height=\"480\" src=\"https:\/\/felix.ares.fm\/wp-content\/uploads\/2025\/11\/IMG20251222185111_munneco_papa_noel-1.jpg\" alt=\"\" class=\"wp-image-19258\" srcset=\"https:\/\/felix.ares.fm\/wp-content\/uploads\/2025\/11\/IMG20251222185111_munneco_papa_noel-1.jpg 217w, https:\/\/felix.ares.fm\/wp-content\/uploads\/2025\/11\/IMG20251222185111_munneco_papa_noel-1-136x300.jpg 136w\" sizes=\"auto, (max-width: 217px) 100vw, 217px\" \/><figcaption class=\"wp-element-caption\">AL entrar en el Gran Caf\u00e9 nos saluda un simp\u00e1tico Santa Claus o Pap\u00e1 Noel.<\/figcaption><\/figure>\n<\/div>\n\n\n<p>El mu\u00f1eco me ha parecido simp\u00e1tico y he pensado en \u00e9l diciendo su famoso \u00a1hop, hop!<\/p>\n\n\n\n<iframe loading=\"lazy\" width=\"560\" height=\"315\" src=\"https:\/\/www.youtube.com\/embed\/lSkCsk2NXX8\" title=\"YouTube video player\" frameborder=\"0\" allow=\"accelerometer; autoplay; clipboard-write; encrypted-media; gyroscope; picture-in-picture; web-share\" referrerpolicy=\"strict-origin-when-cross-origin\" allowfullscreen><\/iframe>\n\n\n\n<p>En esta nueva visita al Gran Caf\u00e9 os deseo un magn\u00edfico a\u00f1o 2026.<\/p>\n\n\n\n<p><strong>NOTAS<\/strong><\/p>\n\n\n\n<p id=\"1\">[1] <\/p>\n\n\n\n<hr class=\"wp-block-separator has-alpha-channel-opacity\"\/>\n\n\n\n<p><strong>Nota fotos y texto<\/strong>. Salvo las fotos que tienen un agradecimiento espec\u00edfico, como por ejemplo Wikipedia, son nuestras y las licenciamos con<\/p>\n\n\n\n<p class=\"has-text-align-center\"><a href=\"http:\/\/creativecommons.org\/licenses\/by\/3.0\/deed.es_ES\" rel=\"license\"><img decoding=\"async\" src=\"http:\/\/i.creativecommons.org\/l\/by\/3.0\/88x31.png\" alt=\"Licencia de Creative Commons\"\/><\/a><br \/><br \/><a href=\"http:\/\/felix.ares.fm\" data-type=\"link\" data-id=\"felix.ares.fm\">De tapas y otras cosas por Fuengirola<\/a>&nbsp;\u00a9 2024&nbsp;by&nbsp;F\u00e9lix Ares&nbsp;is licensed under&nbsp;CC BY-SA 4.0&nbsp;. Debe indicarse que est\u00e1 creado a partir de una obra de felix.ares.fm<\/p>\n\n\n\n<p class=\"has-text-align-center\">En esta ocasi\u00f3n he contado con la colaboraci\u00f3n de Vero.<\/p>\n\n\n\n<hr class=\"wp-block-separator has-alpha-channel-opacity\"\/>\n\n\n\n<p><strong>Contacto con nosotros<\/strong>; el motivo de que no sea una imagen clara es para evitar que los robots la descubran y nos inunden el buz\u00f3n de basura.<\/p>\n\n\n<div class=\"wp-block-image\">\n<figure class=\"aligncenter is-resized\"><a href=\"http:\/\/felix.ares.fm\/?attachment_id=7476\" rel=\"attachment wp-att-7476\"><img loading=\"lazy\" decoding=\"async\" width=\"703\" height=\"499\" src=\"http:\/\/felix.ares.fm\/wp-content\/uploads\/2016\/02\/tapas.ares_.fm_.2.jpg\" alt=\"tapas.ares.fm.2\" class=\"wp-image-7476\" style=\"width:250px;height:auto\" srcset=\"https:\/\/felix.ares.fm\/wp-content\/uploads\/2016\/02\/tapas.ares_.fm_.2.jpg 703w, https:\/\/felix.ares.fm\/wp-content\/uploads\/2016\/02\/tapas.ares_.fm_.2-300x213.jpg 300w\" sizes=\"auto, (max-width: 703px) 100vw, 703px\" \/><\/a><\/figure>\n<\/div>\n\n\n<p>O bien&nbsp;rellenar el siguiente formulario:<a href=\"https:\/\/www.youtube.com\/embed\/u1T5csbw9Ww?si=OvhAFtZnEd2otLs3\">https:\/\/www.youtube.com\/embed\/u1T5csbw9Ww?si=OvhAFtZnEd2otLs3<\/a><\/p>\n\n\n\n<p><\/p>\n","protected":false},"excerpt":{"rendered":"<p>23 de octubre de 2025 Una excelente cafeter\u00eda con unos serranitos estupendos. No he nacido en Fuengirola y, a veces, me cuesta trabajo decidir si estoy en Fuengirola o en Mijas. Al lado mismo donde est\u00e1 el anuncio de Mijas Las Lagunas, Mijas Costa, hay una cafeter\u00eda, que no es de Mijas, es de Fuengirola. &hellip; <a href=\"https:\/\/felix.ares.fm\/?p=19070\" class=\"more-link\">Seguir leyendo <span class=\"screen-reader-text\">Gran Caf\u00e9 (Fuengirola)<\/span> <span class=\"meta-nav\">&rarr;<\/span><\/a><\/p>\n","protected":false},"author":1,"featured_media":0,"comment_status":"closed","ping_status":"open","sticky":false,"template":"","format":"standard","meta":{"footnotes":""},"categories":[797],"tags":[],"class_list":["post-19070","post","type-post","status-publish","format-standard","hentry","category-fuengirola"],"_links":{"self":[{"href":"https:\/\/felix.ares.fm\/index.php?rest_route=\/wp\/v2\/posts\/19070","targetHints":{"allow":["GET"]}}],"collection":[{"href":"https:\/\/felix.ares.fm\/index.php?rest_route=\/wp\/v2\/posts"}],"about":[{"href":"https:\/\/felix.ares.fm\/index.php?rest_route=\/wp\/v2\/types\/post"}],"author":[{"embeddable":true,"href":"https:\/\/felix.ares.fm\/index.php?rest_route=\/wp\/v2\/users\/1"}],"replies":[{"embeddable":true,"href":"https:\/\/felix.ares.fm\/index.php?rest_route=%2Fwp%2Fv2%2Fcomments&post=19070"}],"version-history":[{"count":9,"href":"https:\/\/felix.ares.fm\/index.php?rest_route=\/wp\/v2\/posts\/19070\/revisions"}],"predecessor-version":[{"id":19259,"href":"https:\/\/felix.ares.fm\/index.php?rest_route=\/wp\/v2\/posts\/19070\/revisions\/19259"}],"wp:attachment":[{"href":"https:\/\/felix.ares.fm\/index.php?rest_route=%2Fwp%2Fv2%2Fmedia&parent=19070"}],"wp:term":[{"taxonomy":"category","embeddable":true,"href":"https:\/\/felix.ares.fm\/index.php?rest_route=%2Fwp%2Fv2%2Fcategories&post=19070"},{"taxonomy":"post_tag","embeddable":true,"href":"https:\/\/felix.ares.fm\/index.php?rest_route=%2Fwp%2Fv2%2Ftags&post=19070"}],"curies":[{"name":"wp","href":"https:\/\/api.w.org\/{rel}","templated":true}]}}