{"id":19013,"date":"2025-10-18T09:29:35","date_gmt":"2025-10-18T07:29:35","guid":{"rendered":"https:\/\/felix.ares.fm\/?p=19013"},"modified":"2025-10-18T09:29:46","modified_gmt":"2025-10-18T07:29:46","slug":"bar-europa-oriental-fuengirola","status":"publish","type":"post","link":"https:\/\/felix.ares.fm\/?p=19013","title":{"rendered":"Bar Europa Oriental (Fuengirola)"},"content":{"rendered":"\n<p><strong>30 de septiembre de 2025<\/strong><\/p>\n\n\n\n<p><strong>Un buen bar-restaurante con terraza para degustar comida asi\u00e1tica y espa\u00f1ola, con precios econ\u00f3micos.<\/strong><\/p>\n\n\n\n<figure class=\"wp-block-image size-full\"><img loading=\"lazy\" decoding=\"async\" width=\"640\" height=\"289\" src=\"https:\/\/felix.ares.fm\/wp-content\/uploads\/2025\/10\/IMG20250930153043_fachada_bar_Europa_Oriental-min.jpg\" alt=\"\" class=\"wp-image-19014\" srcset=\"https:\/\/felix.ares.fm\/wp-content\/uploads\/2025\/10\/IMG20250930153043_fachada_bar_Europa_Oriental-min.jpg 640w, https:\/\/felix.ares.fm\/wp-content\/uploads\/2025\/10\/IMG20250930153043_fachada_bar_Europa_Oriental-min-300x135.jpg 300w\" sizes=\"auto, (max-width: 640px) 100vw, 640px\" \/><figcaption class=\"wp-element-caption\">Fachada del bar Europa Oriental. Taper\u00eda, freidur\u00eda, plancha.<\/figcaption><\/figure>\n\n\n\n<p>El nombre del bar puede despistar. A m\u00ed me despist\u00f3, pues pens\u00e9 que iba a poder probar alg\u00fan plato de Polonia, Ucrania o Serbia, por poner algunos.<\/p>\n\n\n\n<p>Pero no. Se trata de un restaurante que tiene algunos aspectos europeos y otros orientales, es decir, de Asia. Su carta lo dejaba muy claro. En ella pod\u00edamos ver platos europeos y asi\u00e1ticos.<\/p>\n\n\n\n<figure class=\"wp-block-image size-full\"><img loading=\"lazy\" decoding=\"async\" width=\"640\" height=\"289\" src=\"https:\/\/felix.ares.fm\/wp-content\/uploads\/2025\/10\/IMG20250930164546_detalle_cartaBB-min.jpg\" alt=\"\" class=\"wp-image-19015\" srcset=\"https:\/\/felix.ares.fm\/wp-content\/uploads\/2025\/10\/IMG20250930164546_detalle_cartaBB-min.jpg 640w, https:\/\/felix.ares.fm\/wp-content\/uploads\/2025\/10\/IMG20250930164546_detalle_cartaBB-min-300x135.jpg 300w\" sizes=\"auto, (max-width: 640px) 100vw, 640px\" \/><figcaption class=\"wp-element-caption\">Detalle de la carta. Combinados.<\/figcaption><\/figure>\n\n\n\n<p>Entre los combinados podemos ver platos t\u00edpicos europeos, como Pollo a la plancha con huevos y patatas y otros con m\u00e1s sabor oriental, como Pato frito con tallarines.<\/p>\n\n\n\n<p>En ocasiones anteriores tuve la ocasi\u00f3n de probar el pato frito con tallarines y me gust\u00f3. Digo ME. Me gust\u00f3 a m\u00ed; s\u00e9 que hay muchas personas que ven la carne de pato como muy seca. A m\u00ed, bien acompa\u00f1ada de salsa, me parece muy bueno.<\/p>\n\n\n\n<p>Donde se ve claramente su \u00absabor\u00bb oriental es en el men\u00fa del d\u00eda:<\/p>\n\n\n<div class=\"wp-block-image\">\n<figure class=\"aligncenter size-full\"><img loading=\"lazy\" decoding=\"async\" width=\"277\" height=\"480\" src=\"https:\/\/felix.ares.fm\/wp-content\/uploads\/2025\/10\/1IMG20250930164136_carta_menu_del_dia-RE-BB-min.jpg\" alt=\"\" class=\"wp-image-19016\" srcset=\"https:\/\/felix.ares.fm\/wp-content\/uploads\/2025\/10\/1IMG20250930164136_carta_menu_del_dia-RE-BB-min.jpg 277w, https:\/\/felix.ares.fm\/wp-content\/uploads\/2025\/10\/1IMG20250930164136_carta_menu_del_dia-RE-BB-min-173x300.jpg 173w\" sizes=\"auto, (max-width: 277px) 100vw, 277px\" \/><figcaption class=\"wp-element-caption\">Men\u00fa del d\u00eda. 7,90\u20ac. Rollitos de primavera. Arroz tres delicias. Ternera con bamb\u00fa y setas.<\/figcaption><\/figure>\n<\/div>\n\n\n<p>Es un t\u00edpico men\u00fa de los restaurantes chinos. Dicho sea de paso, las veces que lo he comido, me ha parecido muy bien cocinado.<\/p>\n\n\n\n<p>En esta ocasi\u00f3n no quer\u00edamos comer, tan solo quer\u00edamos un aperitivo. Pedimos dos copas de vino blanco, de Rueda, con uva verdejo. Nos las sirvieron a aceitunas. Ya ven que nada asi\u00e1tico.<\/p>\n\n\n<div class=\"wp-block-image\">\n<figure class=\"aligncenter size-full\"><img loading=\"lazy\" decoding=\"async\" width=\"217\" height=\"480\" src=\"https:\/\/felix.ares.fm\/wp-content\/uploads\/2025\/10\/IMG20250930153950_copa_vino_blanco_y_aceitunasBB-min.jpg\" alt=\"\" class=\"wp-image-19017\" srcset=\"https:\/\/felix.ares.fm\/wp-content\/uploads\/2025\/10\/IMG20250930153950_copa_vino_blanco_y_aceitunasBB-min.jpg 217w, https:\/\/felix.ares.fm\/wp-content\/uploads\/2025\/10\/IMG20250930153950_copa_vino_blanco_y_aceitunasBB-min-136x300.jpg 136w\" sizes=\"auto, (max-width: 217px) 100vw, 217px\" \/><figcaption class=\"wp-element-caption\">Dos copas de vino blanco, acompa\u00f1ados de aceitunas.<\/figcaption><\/figure>\n<\/div>\n\n\n<p>Adem\u00e1s, para completar el aperitivo, pedimos una tapa de alb\u00f3ndigas y otra de calamares fritos.<\/p>\n\n\n<div class=\"wp-block-image\">\n<figure class=\"aligncenter size-full\"><img loading=\"lazy\" decoding=\"async\" width=\"217\" height=\"364\" src=\"https:\/\/felix.ares.fm\/wp-content\/uploads\/2025\/10\/1IMG20250930165242_albondigas-min.jpg\" alt=\"\" class=\"wp-image-19018\" srcset=\"https:\/\/felix.ares.fm\/wp-content\/uploads\/2025\/10\/1IMG20250930165242_albondigas-min.jpg 217w, https:\/\/felix.ares.fm\/wp-content\/uploads\/2025\/10\/1IMG20250930165242_albondigas-min-179x300.jpg 179w\" sizes=\"auto, (max-width: 217px) 100vw, 217px\" \/><figcaption class=\"wp-element-caption\">Tapa de alb\u00f3ndigas. Muy ricas.<\/figcaption><\/figure>\n<\/div>\n\n<div class=\"wp-block-image\">\n<figure class=\"aligncenter size-full\"><img loading=\"lazy\" decoding=\"async\" width=\"440\" height=\"480\" src=\"https:\/\/felix.ares.fm\/wp-content\/uploads\/2025\/10\/IMG20250930165541_tapa_calamares_rebozados_fritosGIMP.jpg\" alt=\"\" class=\"wp-image-19019\" srcset=\"https:\/\/felix.ares.fm\/wp-content\/uploads\/2025\/10\/IMG20250930165541_tapa_calamares_rebozados_fritosGIMP.jpg 440w, https:\/\/felix.ares.fm\/wp-content\/uploads\/2025\/10\/IMG20250930165541_tapa_calamares_rebozados_fritosGIMP-275x300.jpg 275w\" sizes=\"auto, (max-width: 440px) 100vw, 440px\" \/><figcaption class=\"wp-element-caption\">Tapa de calamares rebpzados y fritos. Lo que antes, llam\u00e1bamos calamares a la romana.<\/figcaption><\/figure>\n<\/div>\n\n\n<p>Lo \u00fanico que nos falta es pagar:<\/p>\n\n\n<div class=\"wp-block-image\">\n<figure class=\"aligncenter size-full\"><img loading=\"lazy\" decoding=\"async\" width=\"358\" height=\"480\" src=\"https:\/\/felix.ares.fm\/wp-content\/uploads\/2025\/10\/0IMG20250930170331_01_factura_pers.jpg\" alt=\"\" class=\"wp-image-19020\" srcset=\"https:\/\/felix.ares.fm\/wp-content\/uploads\/2025\/10\/0IMG20250930170331_01_factura_pers.jpg 358w, https:\/\/felix.ares.fm\/wp-content\/uploads\/2025\/10\/0IMG20250930170331_01_factura_pers-224x300.jpg 224w\" sizes=\"auto, (max-width: 358px) 100vw, 358px\" \/><figcaption class=\"wp-element-caption\">Factura.<\/figcaption><\/figure>\n<\/div>\n\n\n<p>Aunque en la factura diga Rioja\u2026 realmente nos sirvieron verdejo. Lo que ocurre es que tienen el mismo precio. As\u00ed que: copa de vino 2,60 \u20ac. Tapa de calamares fritos y la de alb\u00f3ndigas tienen el mismo precio: 3,50 \u20ac<\/p>\n\n\n\n<p><strong>La atenci\u00f3n del personal<\/strong><\/p>\n\n\n\n<p>Nos atendieron r\u00e1pidamente y con una sonrisa, que se agradece.<\/p>\n\n\n\n<p><strong>Ubicaci\u00f3n<\/strong><\/p>\n\n\n\n<p>Aunque est\u00e1 en una placita en el Camino de Co\u00edn, quiz\u00e1 el mejor modo de localizarlo es que dice la factura:<\/p>\n\n\n\n<p>Bar Europa Oriental<\/p>\n\n\n\n<p>C\/ Huelva. Edificio Eurobeel. n\u00ba 5. Local 2. Fuengirola.<\/p>\n\n\n\n<p><strong>Resumiendo<\/strong><\/p>\n\n\n\n<p>La terraza es muy agradable. El personal tambi\u00e9n. La cocina excelente. Y los precios baratos para el est\u00e1ndar de Fuengirola.<\/p>\n\n\n\n<p>Hemos estado varias veces, y, sin duda: volveremos.<\/p>\n\n\n\n<hr class=\"wp-block-separator has-alpha-channel-opacity\"\/>\n\n\n\n<p>Nada m\u00e1s por hoy. Hasta la pr\u00f3xima entrada.<\/p>\n\n\n\n<hr class=\"wp-block-separator has-alpha-channel-opacity\"\/>\n\n\n\n<p><strong>NOTAS<\/strong><\/p>\n\n\n\n<p id=\"3\">[1]<\/p>\n\n\n\n<hr class=\"wp-block-separator has-alpha-channel-opacity\"\/>\n\n\n\n<p><strong>Nota fotos y texto<\/strong>. Salvo las fotos que tienen un agradecimiento espec\u00edfico, como por ejemplo Wikipedia, son nuestras y las licenciamos con<\/p>\n\n\n\n<p class=\"has-text-align-center\"><a href=\"http:\/\/creativecommons.org\/licenses\/by\/3.0\/deed.es_ES\" rel=\"license\"><img decoding=\"async\" src=\"http:\/\/i.creativecommons.org\/l\/by\/3.0\/88x31.png\" alt=\"Licencia de Creative Commons\"\/><\/a><br \/><br \/><a href=\"http:\/\/felix.ares.fm\" data-type=\"link\" data-id=\"felix.ares.fm\">De tapas y otras cosas por Fuengirola<\/a>&nbsp;\u00a9 2024&nbsp;by&nbsp;F\u00e9lix Ares&nbsp;is licensed under&nbsp;CC BY-SA 4.0&nbsp;. Debe indicarse que est\u00e1 creado a partir de una obra de felix.ares.fm<\/p>\n\n\n\n<p class=\"has-text-align-center\">En esta ocasi\u00f3n he contado con la colaboraci\u00f3n de Vero.<\/p>\n\n\n\n<hr class=\"wp-block-separator has-alpha-channel-opacity\"\/>\n\n\n\n<p><strong>Contacto con nosotros<\/strong>; el motivo de que no sea una imagen clara es para evitar que los robots la descubran y nos inunden el buz\u00f3n de basura.<\/p>\n\n\n<div class=\"wp-block-image\">\n<figure class=\"aligncenter is-resized\"><a href=\"http:\/\/felix.ares.fm\/?attachment_id=7476\" rel=\"attachment wp-att-7476\"><img loading=\"lazy\" decoding=\"async\" width=\"703\" height=\"499\" src=\"http:\/\/felix.ares.fm\/wp-content\/uploads\/2016\/02\/tapas.ares_.fm_.2.jpg\" alt=\"tapas.ares.fm.2\" class=\"wp-image-7476\" style=\"width:250px;height:auto\" srcset=\"https:\/\/felix.ares.fm\/wp-content\/uploads\/2016\/02\/tapas.ares_.fm_.2.jpg 703w, https:\/\/felix.ares.fm\/wp-content\/uploads\/2016\/02\/tapas.ares_.fm_.2-300x213.jpg 300w\" sizes=\"auto, (max-width: 703px) 100vw, 703px\" \/><\/a><\/figure>\n<\/div>\n\n\n<p>O bien&nbsp;rellenar el siguiente formulario:<a href=\"https:\/\/www.youtube.com\/embed\/u1T5csbw9Ww?si=OvhAFtZnEd2otLs3\">https:\/\/www.youtube.com\/embed\/u1T5csbw9Ww?si=OvhAFtZnEd2otLs3<\/a><\/p>\n\n\n\n<p><\/p>\n","protected":false},"excerpt":{"rendered":"<p>30 de septiembre de 2025 Un buen bar-restaurante con terraza para degustar comida asi\u00e1tica y espa\u00f1ola, con precios econ\u00f3micos. El nombre del bar puede despistar. A m\u00ed me despist\u00f3, pues pens\u00e9 que iba a poder probar alg\u00fan plato de Polonia, Ucrania o Serbia, por poner algunos. Pero no. Se trata de un restaurante que tiene &hellip; <a href=\"https:\/\/felix.ares.fm\/?p=19013\" class=\"more-link\">Seguir leyendo <span class=\"screen-reader-text\">Bar Europa Oriental (Fuengirola)<\/span> <span class=\"meta-nav\">&rarr;<\/span><\/a><\/p>\n","protected":false},"author":1,"featured_media":0,"comment_status":"closed","ping_status":"open","sticky":false,"template":"","format":"standard","meta":{"footnotes":""},"categories":[509,797,249,11],"tags":[2395,2394,2396],"class_list":["post-19013","post","type-post","status-publish","format-standard","hentry","category-chino","category-fuengirola","category-restaurante-2","category-tapas","tag-comida-asiatica","tag-menu-del-dia-por-8-e","tag-tapas-andaluzas"],"_links":{"self":[{"href":"https:\/\/felix.ares.fm\/index.php?rest_route=\/wp\/v2\/posts\/19013","targetHints":{"allow":["GET"]}}],"collection":[{"href":"https:\/\/felix.ares.fm\/index.php?rest_route=\/wp\/v2\/posts"}],"about":[{"href":"https:\/\/felix.ares.fm\/index.php?rest_route=\/wp\/v2\/types\/post"}],"author":[{"embeddable":true,"href":"https:\/\/felix.ares.fm\/index.php?rest_route=\/wp\/v2\/users\/1"}],"replies":[{"embeddable":true,"href":"https:\/\/felix.ares.fm\/index.php?rest_route=%2Fwp%2Fv2%2Fcomments&post=19013"}],"version-history":[{"count":1,"href":"https:\/\/felix.ares.fm\/index.php?rest_route=\/wp\/v2\/posts\/19013\/revisions"}],"predecessor-version":[{"id":19021,"href":"https:\/\/felix.ares.fm\/index.php?rest_route=\/wp\/v2\/posts\/19013\/revisions\/19021"}],"wp:attachment":[{"href":"https:\/\/felix.ares.fm\/index.php?rest_route=%2Fwp%2Fv2%2Fmedia&parent=19013"}],"wp:term":[{"taxonomy":"category","embeddable":true,"href":"https:\/\/felix.ares.fm\/index.php?rest_route=%2Fwp%2Fv2%2Fcategories&post=19013"},{"taxonomy":"post_tag","embeddable":true,"href":"https:\/\/felix.ares.fm\/index.php?rest_route=%2Fwp%2Fv2%2Ftags&post=19013"}],"curies":[{"name":"wp","href":"https:\/\/api.w.org\/{rel}","templated":true}]}}