{"id":18949,"date":"2025-10-14T10:39:01","date_gmt":"2025-10-14T08:39:01","guid":{"rendered":"https:\/\/felix.ares.fm\/?p=18949"},"modified":"2025-10-15T06:45:10","modified_gmt":"2025-10-15T04:45:10","slug":"de-gustibus-non-est-disputandum-para-gustos-los-colores","status":"publish","type":"post","link":"https:\/\/felix.ares.fm\/?p=18949","title":{"rendered":"De gustibus non est disputandum (\u00abPara gustos, los colores\u00bb)"},"content":{"rendered":"\n<p><strong>14  de octubre de 2025<\/strong><\/p>\n\n\n\n<p>Recuerdo vagamente que no fui un mal estudiante de lat\u00edn, pero recuerdo perfectamente que ahora casi no entiendo ni una palabra de ese idioma. \u00a1Qu\u00e9 le vamos a hacer! La memoria cambia y los gustos tambi\u00e9n.<\/p>\n\n\n\n<p>En cualquier caso, la frase con la que empieza el t\u00edtulo es tan sencilla, que no hace falta recordar nada del lat\u00edn de Julio C\u00e9sar para saber que dice: \u00abSobre gustos no se discute\u00bb.<\/p>\n\n\n\n<p>Viene esto a cuento porque recientemente he discutido, en el mejor sentido de la palabra, sobre si hay vinos mejores o peores. Hay por ah\u00ed autores que son capaces de puntuar el valor de un vino. \u00bfQu\u00e9 quieren que les diga? <strong>Esas tablas me dan risa<\/strong>. Son los gustos de una persona que pueden ser totalmente diferentes a otras. \u00bfPor qu\u00e9 he de hacer caso lo que dice Pe\u00f1\u00edn<a href=\"#1\" data-type=\"internal\" data-id=\"#1\"> [1] <\/a>o Robert Parker <a href=\"#2\" data-type=\"internal\" data-id=\"#2\">[2]<\/a>?<\/p>\n\n\n\n<p>Por razones que ahora no vienen a cuento, hace a\u00f1os, el alcalde de Valladolid me invit\u00f3 a una cata de vinos de Ribera del Duero. Por entonces me gustaban los vinos tinos (m\u00e1s adelante aclarar\u00e9 lo que quiero decir). Fuimos al castillo de Pa\u00f1afiel. Y all\u00ed comenzamos una degustaci\u00f3n de tintos de la Ribera del Duero.<\/p>\n\n\n\n<p>Me sacaron los baratos, me parecieron malos. Despu\u00e9s vinieron los de precio mediano (crianzas y reservas), me parecieron muy buenos. Iban con mi paladar. Por fin, llegaron las botellas caras, aquellas como el <strong><em>Vega Sicilia<\/em><\/strong>, de m\u00e1s de 600 \u20ac la botella. No me gust\u00f3. Me supo a cuero.<\/p>\n\n\n\n<p>Reconozco que es que mi paladar no est\u00e1 habituado a esos sabores de decenas de a\u00f1os en barricas de roble.<\/p>\n\n\n\n<p>Mis preferidos fueron los de precio medio y m\u00e1s los crianza que los reserva. \u00a1Que le vamos a hacer, no tengo un paladar exquisito!<\/p>\n\n\n\n<p>Durante ese tiempo prefer\u00eda el tinto al blanco. De los blancos prefer\u00eda los \u00abvinos espumosos\u00bb (l\u00e9ase champ\u00e1n) semidulces. Los bruts me parec\u00edan amargos, los \u00abbrut nature\u00bb todav\u00eda m\u00e1s amargos. Los que me gustaban para desayunar eran los semisecos.(S\u00ed, me gustaba desayunar con cava, prosecco o champ\u00e1n en vez de caf\u00e9) (A ello me aficion\u00e9 cuando tuve que dar una conferencia en Puerto Mont, en Chile). Cada d\u00eda me gustaban m\u00e1s los italianos Prosecco. Pero deb\u00edan ser semisecos.<\/p>\n\n\n\n<p>Pero la vida nos da unas vueltas incre\u00edbles. Nada permanece. Todo cambia y si queremos disfrutar de la vida debemos aceptar que todo cambia.<\/p>\n\n\n\n<p>Todo cambia.<\/p>\n\n\n\n<p>Hace un par de a\u00f1os tuve un trombo. La pierna se me hinch\u00f3 y tuve unos dolores bastante fuertes. Me ingresaron en el hospital. Me inyectaron <strong>heparina<\/strong>, que c\u00f3mo su nombre indica se obtiene de las serpientes (herpes). La heparina disuelve los trombos.<\/p>\n\n\n\n<p>Varios d\u00edas despu\u00e9s. Me dieron el alta, pero tuve que estar seis meses inyect\u00e1ndome heparina. Bastante cara, dicho sea de paso.<\/p>\n\n\n\n<p>Varios meses despu\u00e9s, cuando el trombo se hab\u00eda quitado (al menos eso dec\u00edan los Doppler). Me dieron el alta. No ten\u00eda que seguir pinch\u00e1ndome heparina.<\/p>\n\n\n\n<p>El caso es que tras volver a la normalidad, compr\u00e9 un Ribera del Duero de los que en el pasado me hab\u00edan gustado. Me pareci\u00f3 horroroso. De hecho, desde entonces todos los vinos tintos me parecen amargos y sumamente \u00e1cidos. S\u00e9 que no es culpa del vino, sino de que mi gusto ha cambiado. Por ejemplo, ahora, hoy, prefiero un godello a un alvari\u00f1o.<\/p>\n\n\n\n<p>Un buen amigo, J. M., acaba de decirme que a \u00e9l le ha pasado algo parecido tras sesiones de quimioterapia.<\/p>\n\n\n\n<p>Pero que mi gusto haya cambiado por unas inyecciones de heparina o a mi amigo por quimioterapia, me plantea muchas preguntas. Una de ellas, si yo fuera Pe\u00f1\u00edn o Parker, antes de las inyecciones de heparina, tendr\u00eda una lista de los mejores vinos. Despu\u00e9s de la heparina, mi lista ser\u00eda totalmente diferente. Entonces: \u00bf<strong>de qu\u00e9 narices <\/strong>me sirve la opini\u00f3n de un t\u00edo en un momento concreto y con unas condiciones vitales de ese momento? Y no hablemos de los genes que nos gusten unas cosas u otras. Hay un \u00e1rbol que se suele usar porque crece r\u00e1pidamente y da una buena sobra. Se trata de la jacaranda. El \u00e1rbol cumple perfectamente sus funciones, crece r\u00e1pido y da sombra, PERO, siempre el pero, hay un 30% de personas (entre las que me incluyo) que cuando florece el \u00e1rbol huele a pis. S\u00ed, pis de gato.<\/p>\n\n\n\n<p>Si hici\u00e9ramos una lista tipo Pe\u00f1in o Parker sobre \u00e1rboles, \u00bfqu\u00e9 dir\u00edamos del jacaranda? Entre sus valores \u00abobjetivos\u00bb tendr\u00edamos baremos para la rapidez de crecimiento, la sombra que dan, y el olor. \u00bfY qu\u00e9 olor tendr\u00edan en cuenta, el del 70% que les parece un olor frutal agradable o el del 30% que les parece pis de gato?<\/p>\n\n\n\n<p>A lo que quiero llegar es a que una lista absoluta, donde dice cu\u00e1l es el mejor o el peor vino, o que son capaces de dar una escala, con un orden, <strong>es una falacia<\/strong>. No hay ni mejor ni peor vino. Hay vino que me gusta o que no me gusta. Pero es mi gusto individual, en el que intervienen infinidad de cosas, una de las primordiales, mi gen\u00e9tica. S\u00ed, a m\u00ed la jacaranda me huele a pis, y eso no es educacional. No cambia por mucho que me eduquen. Mis genes hacen que la jacaranda me huela a pis.<\/p>\n\n\n\n<p>Los que dan tablas absolutas y ponen puntuaci\u00f3n a los vinos me parecen unos charlatanes prepotentes que no tienen en cuenta ni los genes ni las circunstancias de cada uno.<\/p>\n\n\n\n<p>Tras mis inyecciones de heparina he descubierto que mis nuevos sabores rechazan los tintos y me decanto por los blancos. Y, adem\u00e1s, por los blancos secos, amargos. Me explico. Antes, mis cavas preferidos (V\u00eda de la Plata de Almendralejo) eran los semisecos. Ahora son los \u00abBrut Nature\u00bb.<\/p>\n\n\n\n<p>Ahora, la viuda de Clicquot (dig\u00e1moslo bien <em>veuve<\/em>, no viuda) me parece una melaza dulzona.<\/p>\n\n\n\n<p>En fin, que la heparina ha cambiado mis gustos y mi percepci\u00f3n del mundo de los sabores.<\/p>\n\n\n\n<p>Ahora, los verdejo del Duero, o los VInhos do douro, o vinhos verdes, del Douro, me gustan. He probado muchos y uno de los que m\u00e1s me ha gustado es este. Observen <strong>VERDE<\/strong>jos en Espa\u00f1a, vinhos<strong> VERDE<\/strong>s en Portugal.<\/p>\n\n\n<div class=\"wp-block-image\">\n<figure class=\"aligncenter size-full\"><img loading=\"lazy\" decoding=\"async\" width=\"360\" height=\"480\" src=\"https:\/\/felix.ares.fm\/wp-content\/uploads\/2025\/10\/IMG_20250927_195428-1-min.jpg\" alt=\"\" class=\"wp-image-18951\" srcset=\"https:\/\/felix.ares.fm\/wp-content\/uploads\/2025\/10\/IMG_20250927_195428-1-min.jpg 360w, https:\/\/felix.ares.fm\/wp-content\/uploads\/2025\/10\/IMG_20250927_195428-1-min-225x300.jpg 225w\" sizes=\"auto, (max-width: 360px) 100vw, 360px\" \/><figcaption class=\"wp-element-caption\">Castillo de Miraflores. Verdejo. Rueda<\/figcaption><\/figure>\n<\/div>\n\n\n<p>Al probar el \u00abCastillo de Miraflores\u00bb, verdejo, semidulce (s\u00ed, sorprendentemente, pues no me gustaba el semidulce, es semidulce) me ha gustado mucho.<\/p>\n\n\n\n<p>Esto es hoy. De hecho, he pedido media docena de botellas de esta marca. Pero eso no significa que dentro de un mes me guste otra cosa. Si yo hiciera una escala de vinos con sus puntuaciones, los vinos que estar\u00edan al principio de mi lista hace diez a\u00f1os, hoy estar\u00edan en la cola. Listas que pretenden ser rigurosas, en un mundo de gustos (<em>De gustibus non est disputandum<\/em>), es absurda, poco cient\u00edfica&#8230;<\/p>\n\n\n\n<p>En fin, que la vida da unas vueltas <strong>retorcidas<\/strong>. Creo que no debemos obsesionarnos con unos gustos. Los gustos cambian. Yal vez sea ese cambio lo que nos hace humanos.<\/p>\n\n\n\n<p>La vida tiene extra\u00f1os y retorcidos caminos.<\/p>\n\n\n\n<figure class=\"wp-block-embed is-type-video is-provider-youtube wp-block-embed-youtube wp-embed-aspect-4-3 wp-has-aspect-ratio\"><div class=\"wp-block-embed__wrapper\">\n<iframe loading=\"lazy\" title=\"The Long And Winding Road (Remastered 2009)\" width=\"604\" height=\"453\" src=\"https:\/\/www.youtube.com\/embed\/fR4HjTH_fTM?feature=oembed\" frameborder=\"0\" allow=\"accelerometer; autoplay; clipboard-write; encrypted-media; gyroscope; picture-in-picture; web-share\" referrerpolicy=\"strict-origin-when-cross-origin\" allowfullscreen><\/iframe>\n<\/div><\/figure>\n\n\n\n<p><\/p>\n\n\n\n<p>He hablado de vinos, pero algo similar podr\u00edamos hacer dos temas de discusi\u00f3n recurrentes en Espa\u00f1a: la tortilla de patatas y la paella.<\/p>\n\n\n\n<figure class=\"wp-block-image size-full\"><img loading=\"lazy\" decoding=\"async\" width=\"926\" height=\"145\" src=\"https:\/\/felix.ares.fm\/wp-content\/uploads\/2025\/10\/0tortilla-de-patatas.jpg\" alt=\"\" class=\"wp-image-18962\" srcset=\"https:\/\/felix.ares.fm\/wp-content\/uploads\/2025\/10\/0tortilla-de-patatas.jpg 926w, https:\/\/felix.ares.fm\/wp-content\/uploads\/2025\/10\/0tortilla-de-patatas-300x47.jpg 300w, https:\/\/felix.ares.fm\/wp-content\/uploads\/2025\/10\/0tortilla-de-patatas-768x120.jpg 768w\" sizes=\"auto, (max-width: 926px) 100vw, 926px\" \/><\/figure>\n\n\n\n<p>Ver<a href=\"#3\" data-type=\"internal\" data-id=\"#3\"> [3]<\/a>.<\/p>\n\n\n\n<figure class=\"wp-block-image size-full\"><img loading=\"lazy\" decoding=\"async\" width=\"640\" height=\"160\" src=\"https:\/\/felix.ares.fm\/wp-content\/uploads\/2025\/10\/0_con_patatas.jpg\" alt=\"\" class=\"wp-image-18963\" srcset=\"https:\/\/felix.ares.fm\/wp-content\/uploads\/2025\/10\/0_con_patatas.jpg 640w, https:\/\/felix.ares.fm\/wp-content\/uploads\/2025\/10\/0_con_patatas-300x75.jpg 300w\" sizes=\"auto, (max-width: 640px) 100vw, 640px\" \/><\/figure>\n\n\n\n<p>Ver<a href=\"#4\" data-type=\"internal\" data-id=\"#4\"> [4]<\/a>.<\/p>\n\n\n\n<p>Podr\u00eda seguir poniendo cientos o miles de titulares como estos. F\u00edjense que en primer caso la mejor era SIN cebolla y en el segundo caso CON CEBOLLA.<\/p>\n\n\n\n<p>Ya ven que los gustos son totalmente distintos. Hay muchas personas que prefieren la tortilla SIN y otros CON. Unas personas la quieren jugosa y otras un poco m\u00e1s seca. Otros&#8230; Cada uno de nosotros tiene sus gustos, y su momento del d\u00eda&#8230; Por lo tanto, de lo \u00abla mejor\u00bb me parece rid\u00edculo, aunque comprendo que decir la verdad: \u00abla mejor para este jurado y en este momento\u00bb, es un poco largo.<\/p>\n\n\n\n<p>Lo que me cabe duda es que cada una de ellas ser\u00e1 muy buena para el grupo de personas a las que les gusta ese tipo de tortillas. Me explico, la sin cebolla ser\u00e1 muy buena para los sin-cebollistas, y bastante mala para los con-cebollistas y viceversa.<\/p>\n\n\n\n<p>Es decir, una vez m\u00e1s lo que reivindico que no existe \u00abel mejor vino\u00bb o la \u00abmejor tortilla\u00bb. Cada uno de nosotros tiene unos genes, un bagaje cultural, unos recuerdos, unas vivencias&#8230; y todo eso influye en si nos gusta o no. No hay un \u00abmejor\u00bb absoluto. Si me gusta es bueno, si no me gusta, es malo.<\/p>\n\n\n\n<p>Recuerdo un amigo, al que le encanta un cierto Champ\u00e1n porque fue el que tom\u00f3 cuando sali\u00f3 por primera vez con la que hoy es su esposa y eso no tiene nada que ver con la uva, la crianza, el a\u00f1o de recogida y nada por el estilo.<\/p>\n\n\n\n<p>Concluyendo: <em>De gustibus non est disputandum<\/em>.<\/p>\n\n\n\n<p>Un abrazo.<\/p>\n\n\n\n<hr class=\"wp-block-separator has-alpha-channel-opacity\"\/>\n\n\n\n<p><strong>NOTAS<\/strong><\/p>\n\n\n\n<p id=\"1\">[1] Gu\u00eda Pe\u00f1in. <a href=\"https:\/\/guiapenin.wine\/\">https:\/\/guiapenin.wine\/<\/a><\/p>\n\n\n\n<p id=\"2\">[2] Robert Parker.  <a href=\"https:\/\/www.robertparker.com\/\">https:\/\/www.robertparker.com\/<\/a><\/p>\n\n\n\n<p id=\"3\">[3] Mart\u00ednez, Natalia. <em>La mejor tortilla de patatas de Espa\u00f1a se hace en Madrid: sin cebolla, poco cuajada y 4\u20ac el pincho<\/em>. El Mundo 5 de octubre de 2025. <a href=\"https:\/\/www.elespanol.com\/cocinillas\/actualidad-gastronomica\/20251005\/mejor-tortilla-patatas-espana-hace-madrid-sin-cebolla-cuajada-pincho\/1003743940236_0.html\">La mejor tortilla de patatas de Espa\u00f1a se hace en Madrid: sin cebolla, poco cuajada y 4\u20ac el pincho<\/a><\/p>\n\n\n\n<p id=\"4\">[4] <a href=\"https:\/\/www.traveler.es\/autor\/redaccion-conde-nast-traveler\">Redacci\u00f3n Cond\u00e9 Nast Traveler<\/a>. <em>La mejor tortilla de patatas de Espa\u00f1a se come en Santander (y con mucha cebolla)<\/em>. Cond\u00e9 Nast Traveler. 3 de octubre de 2023. <a href=\"https:\/\/www.traveler.es\/articulos\/mejor-tortilla-de-patatas-espana-canadio-santander\">https:\/\/www.traveler.es\/articulos\/mejor-tortilla-de-patatas-espana-canadio-santander<\/a><\/p>\n\n\n\n<p><\/p>\n\n\n\n<hr class=\"wp-block-separator has-alpha-channel-opacity\"\/>\n\n\n\n<p><strong>Nota fotos y texto<\/strong>. Salvo las fotos que tienen un agradecimiento espec\u00edfico, como por ejemplo Wikipedia, son nuestras y las licenciamos con<\/p>\n\n\n\n<p class=\"has-text-align-center\"><a href=\"http:\/\/creativecommons.org\/licenses\/by\/3.0\/deed.es_ES\" rel=\"license\"><img decoding=\"async\" src=\"http:\/\/i.creativecommons.org\/l\/by\/3.0\/88x31.png\" alt=\"Licencia de Creative Commons\"\/><\/a><br \/><br \/><a href=\"http:\/\/felix.ares.fm\" data-type=\"link\" data-id=\"felix.ares.fm\">De tapas y otras cosas por Fuengirola<\/a>&nbsp;\u00a9 2024&nbsp;by&nbsp;F\u00e9lix Ares&nbsp;is licensed under&nbsp;CC BY-SA 4.0&nbsp;. Debe indicarse que est\u00e1 creado a partir de una obra de felix.ares.fm<\/p>\n\n\n\n<p class=\"has-text-align-center\">En esta ocasi\u00f3n he contado con la colaboraci\u00f3n de Vero.<\/p>\n\n\n\n<hr class=\"wp-block-separator has-alpha-channel-opacity\"\/>\n\n\n\n<p><strong>Contacto con nosotros<\/strong>; el motivo de que no sea una imagen clara es para evitar que los robots la descubran y nos inunden el buz\u00f3n de basura.<\/p>\n\n\n<div class=\"wp-block-image\">\n<figure class=\"aligncenter is-resized\"><a href=\"http:\/\/felix.ares.fm\/?attachment_id=7476\" rel=\"attachment wp-att-7476\"><img loading=\"lazy\" decoding=\"async\" width=\"703\" height=\"499\" src=\"http:\/\/felix.ares.fm\/wp-content\/uploads\/2016\/02\/tapas.ares_.fm_.2.jpg\" alt=\"tapas.ares.fm.2\" class=\"wp-image-7476\" style=\"width:250px;height:auto\" srcset=\"https:\/\/felix.ares.fm\/wp-content\/uploads\/2016\/02\/tapas.ares_.fm_.2.jpg 703w, https:\/\/felix.ares.fm\/wp-content\/uploads\/2016\/02\/tapas.ares_.fm_.2-300x213.jpg 300w\" sizes=\"auto, (max-width: 703px) 100vw, 703px\" \/><\/a><\/figure>\n<\/div>\n\n\n<p>O bien&nbsp;rellenar el siguiente formulario:<a href=\"https:\/\/www.youtube.com\/embed\/u1T5csbw9Ww?si=OvhAFtZnEd2otLs3\">https:\/\/www.youtube.com\/embed\/u1T5csbw9Ww?si=OvhAFtZnEd2otLs3<\/a><\/p>\n\n\n\n<p><\/p>\n","protected":false},"excerpt":{"rendered":"<p>14 de octubre de 2025 Recuerdo vagamente que no fui un mal estudiante de lat\u00edn, pero recuerdo perfectamente que ahora casi no entiendo ni una palabra de ese idioma. \u00a1Qu\u00e9 le vamos a hacer! La memoria cambia y los gustos tambi\u00e9n. En cualquier caso, la frase con la que empieza el t\u00edtulo es tan sencilla, &hellip; <a href=\"https:\/\/felix.ares.fm\/?p=18949\" class=\"more-link\">Seguir leyendo <span class=\"screen-reader-text\">De gustibus non est disputandum (\u00abPara gustos, los colores\u00bb)<\/span> <span class=\"meta-nav\">&rarr;<\/span><\/a><\/p>\n","protected":false},"author":1,"featured_media":0,"comment_status":"closed","ping_status":"open","sticky":false,"template":"","format":"standard","meta":{"footnotes":""},"categories":[2363],"tags":[2364,2367,2366,2365],"class_list":["post-18949","post","type-post","status-publish","format-standard","hentry","category-verdejo","tag-de-gustibus-non-est-disputandum","tag-las-mejores-tortillas-de-patatas-y-otros-mitos","tag-los-mejores-vinos-y-otras-falacias","tag-para-gustos-los-colores"],"_links":{"self":[{"href":"https:\/\/felix.ares.fm\/index.php?rest_route=\/wp\/v2\/posts\/18949","targetHints":{"allow":["GET"]}}],"collection":[{"href":"https:\/\/felix.ares.fm\/index.php?rest_route=\/wp\/v2\/posts"}],"about":[{"href":"https:\/\/felix.ares.fm\/index.php?rest_route=\/wp\/v2\/types\/post"}],"author":[{"embeddable":true,"href":"https:\/\/felix.ares.fm\/index.php?rest_route=\/wp\/v2\/users\/1"}],"replies":[{"embeddable":true,"href":"https:\/\/felix.ares.fm\/index.php?rest_route=%2Fwp%2Fv2%2Fcomments&post=18949"}],"version-history":[{"count":8,"href":"https:\/\/felix.ares.fm\/index.php?rest_route=\/wp\/v2\/posts\/18949\/revisions"}],"predecessor-version":[{"id":18964,"href":"https:\/\/felix.ares.fm\/index.php?rest_route=\/wp\/v2\/posts\/18949\/revisions\/18964"}],"wp:attachment":[{"href":"https:\/\/felix.ares.fm\/index.php?rest_route=%2Fwp%2Fv2%2Fmedia&parent=18949"}],"wp:term":[{"taxonomy":"category","embeddable":true,"href":"https:\/\/felix.ares.fm\/index.php?rest_route=%2Fwp%2Fv2%2Fcategories&post=18949"},{"taxonomy":"post_tag","embeddable":true,"href":"https:\/\/felix.ares.fm\/index.php?rest_route=%2Fwp%2Fv2%2Ftags&post=18949"}],"curies":[{"name":"wp","href":"https:\/\/api.w.org\/{rel}","templated":true}]}}