{"id":18943,"date":"2025-10-05T19:56:18","date_gmt":"2025-10-05T17:56:18","guid":{"rendered":"https:\/\/felix.ares.fm\/?p=18943"},"modified":"2025-10-05T19:56:43","modified_gmt":"2025-10-05T17:56:43","slug":"luz-terahercio","status":"publish","type":"post","link":"https:\/\/felix.ares.fm\/?p=18943","title":{"rendered":"Luz terahercio"},"content":{"rendered":"\n<p><strong>5  de octubre de 2025<\/strong><\/p>\n\n\n\n<p>Durante el a\u00f1o 2012 participaba en una tertulia de car\u00e1cter t\u00e9cnico-cient\u00edfico en Onda Cero de Guip\u00fazcoa.<\/p>\n\n\n\n<p>Aquel a\u00f1o se produjeron algunos avances significativos en la llamada \u00abluz Terahercio\u00bb.<\/p>\n\n\n\n<p>\u00abLuz\u00bb puede ser un t\u00e9rmino confuso. La luz es una onda electromagn\u00e9tica (como lo es la radio, los rayos X, o la radiaci\u00f3n de calor \u2014infrarroja\u2014, \u2026).<\/p>\n\n\n\n<p>Muchas veces, para ahorrar palabras, a veces, llamamos luz a todas las ondas electromagn\u00e9ticas. En ese caso, la \u00abluz\u00bb podr\u00edamos representarla as\u00ed:<\/p>\n\n\n\n<figure class=\"wp-block-image size-full\"><img loading=\"lazy\" decoding=\"async\" width=\"700\" height=\"400\" src=\"https:\/\/felix.ares.fm\/wp-content\/uploads\/2025\/09\/0espectro_tera-min.jpg\" alt=\"\" class=\"wp-image-18945\" srcset=\"https:\/\/felix.ares.fm\/wp-content\/uploads\/2025\/09\/0espectro_tera-min.jpg 700w, https:\/\/felix.ares.fm\/wp-content\/uploads\/2025\/09\/0espectro_tera-min-300x171.jpg 300w\" sizes=\"auto, (max-width: 700px) 100vw, 700px\" \/><figcaption class=\"wp-element-caption\">Este dibujo est\u00e1 basado en el que asparece en Wikipedia <a href=\"#1\" data-type=\"internal\" data-id=\"#1\">[1]<\/a>. El autor es Crates. Original version in English by Inductiveload &#8211; Translation from English version, Dominio p\u00fablico, https:\/\/commons.wikimedia.org\/w\/index.php?curid=3573497<\/figcaption><\/figure>\n\n\n\n<p>Lo que se llama \u00abradiaci\u00f3n Terahercio\u00bb o \u00abluz Terahercio\u00bb, tambi\u00e9n llamada \u00abrayos T\u00bb, se refiere el rango de frecuencias electromagn\u00e9tico comprendido entre las microondas y el infrarrojo lejano. Concretamente entre<\/p>\n\n\n\n<figure class=\"wp-block-table\"><table class=\"has-fixed-layout\"><tbody><tr><th class=\"has-text-align-center\" data-align=\"center\">Rango de frecuencia<\/th><td class=\"has-text-align-center\" data-align=\"center\">300 GHz a 3 THz<\/td><\/tr><tr><th class=\"has-text-align-center\" data-align=\"center\">Rango de Longitud de onda<\/th><td class=\"has-text-align-center\" data-align=\"center\">1 mm a 100&nbsp;<a href=\"https:\/\/es.wikipedia.org\/wiki\/Micr%C3%B3metro_(unidad_de_longitud)\">\u03bcm<\/a><\/td><\/tr><\/tbody><\/table><\/figure>\n\n\n\n<p>Hay muchas cosas por las que esta \u00abluz\u00bb es interesante. La primera que quiero destacar es que NO ES IONIZANTE. Las radiaciones ionizantes, como puede ser la luz ultravioleta del sol, pueden originar tumores cancer\u00edgenos de piel. La \u00abluz\u00bb terahercio est\u00e1 por debajo, es decir, es menos energ\u00e9tica, no produce mutaciones en los genes: no es cancer\u00edgena.<\/p>\n\n\n\n<p>Hay muchas posibilidades de uso de esta \u00abluz\u00bb, por ejemplo, en un aeropuerto ver si una persona, bajo su ropa, lleva armas o no. Eso se puede hacer por rayos X. Pero los rayos X son ionizantes; es decir, si hay una exposici\u00f3n demasiado larga puede producir mutaciones en los genes que lleven a un c\u00e1ncer. No es habitual, pues los rayos X de los aeropuertos u hospitalarios son de una potencia muy baja. Pero es mucho mejor hacerlo con una luz no ionizante. Y eso es lo que hace la luz terahercio, que permite ver lo que debajo de los vestidos sin ser ionizante.<\/p>\n\n\n\n<p>Una de las aplicaciones m\u00e1s interesantes de la luz terahercio es que a alumbrar con ella la piel, los c\u00e1nceres de piel adquieren otro color. Aunque con luz normal no se vieran.<\/p>\n\n\n\n<p>Otra aplicaci\u00f3n curiosa es que se puede usar para ver las im\u00e1genes debajo de una pintura antigua o murales, sin perjudicarlos.<\/p>\n\n\n\n<p>Hasta los a\u00f1os 90 esta luz era muy dif\u00edcil de obtener, lo que la hac\u00eda escasa, muy voluminosos y cara. Hoy es much\u00edsimo m\u00e1s barato y los hay portables.<\/p>\n\n\n\n<p>Puede ser una luz muy interesante para muchos campos.<\/p>\n\n\n\n<hr class=\"wp-block-separator has-alpha-channel-opacity\"\/>\n\n\n\n<p><strong>NOTAS<\/strong><\/p>\n\n\n\n<p id=\"1\">[1] Wikipedia. Entrada: <em>Espectro electromagn\u00e9tico<\/em>. <a href=\"https:\/\/es.wikipedia.org\/wiki\/Espectro_electromagn%C3%A9tico\">https:\/\/es.wikipedia.org\/wiki\/Espectro_electromagn%C3%A9tico<\/a> [Consultado 5 de octubre de 2025]<\/p>\n\n\n\n<hr class=\"wp-block-separator has-alpha-channel-opacity\"\/>\n\n\n\n<p><strong>Nota fotos y texto<\/strong>. Salvo las fotos que tienen un agradecimiento espec\u00edfico, como por ejemplo Wikipedia, son nuestras y las licenciamos con<\/p>\n\n\n\n<p class=\"has-text-align-center\"><a href=\"http:\/\/creativecommons.org\/licenses\/by\/3.0\/deed.es_ES\" rel=\"license\"><img decoding=\"async\" src=\"http:\/\/i.creativecommons.org\/l\/by\/3.0\/88x31.png\" alt=\"Licencia de Creative Commons\"\/><\/a><br \/><br \/><a href=\"http:\/\/felix.ares.fm\" data-type=\"link\" data-id=\"felix.ares.fm\">De tapas y otras cosas por Fuengirola<\/a>&nbsp;\u00a9 2024&nbsp;by&nbsp;F\u00e9lix Ares&nbsp;is licensed under&nbsp;CC BY-SA 4.0&nbsp;. Debe indicarse que est\u00e1 creado a partir de una obra de felix.ares.fm<\/p>\n\n\n\n<p class=\"has-text-align-center\">En esta ocasi\u00f3n he contado con la colaboraci\u00f3n de Vero.<\/p>\n\n\n\n<hr class=\"wp-block-separator has-alpha-channel-opacity\"\/>\n\n\n\n<p><strong>Contacto con nosotros<\/strong>; el motivo de que no sea una imagen clara es para evitar que los robots la descubran y nos inunden el buz\u00f3n de basura.<\/p>\n\n\n<div class=\"wp-block-image\">\n<figure class=\"aligncenter is-resized\"><a href=\"http:\/\/felix.ares.fm\/?attachment_id=7476\" rel=\"attachment wp-att-7476\"><img loading=\"lazy\" decoding=\"async\" width=\"703\" height=\"499\" src=\"http:\/\/felix.ares.fm\/wp-content\/uploads\/2016\/02\/tapas.ares_.fm_.2.jpg\" alt=\"tapas.ares.fm.2\" class=\"wp-image-7476\" style=\"width:250px;height:auto\" srcset=\"https:\/\/felix.ares.fm\/wp-content\/uploads\/2016\/02\/tapas.ares_.fm_.2.jpg 703w, https:\/\/felix.ares.fm\/wp-content\/uploads\/2016\/02\/tapas.ares_.fm_.2-300x213.jpg 300w\" sizes=\"auto, (max-width: 703px) 100vw, 703px\" \/><\/a><\/figure>\n<\/div>\n\n\n<p>O bien&nbsp;rellenar el siguiente formulario:<a href=\"https:\/\/www.youtube.com\/embed\/u1T5csbw9Ww?si=OvhAFtZnEd2otLs3\">https:\/\/www.youtube.com\/embed\/u1T5csbw9Ww?si=OvhAFtZnEd2otLs3<\/a><\/p>\n\n\n\n<p><\/p>\n","protected":false},"excerpt":{"rendered":"<p>5 de octubre de 2025 Durante el a\u00f1o 2012 participaba en una tertulia de car\u00e1cter t\u00e9cnico-cient\u00edfico en Onda Cero de Guip\u00fazcoa. Aquel a\u00f1o se produjeron algunos avances significativos en la llamada \u00abluz Terahercio\u00bb. \u00abLuz\u00bb puede ser un t\u00e9rmino confuso. La luz es una onda electromagn\u00e9tica (como lo es la radio, los rayos X, o la &hellip; <a href=\"https:\/\/felix.ares.fm\/?p=18943\" class=\"more-link\">Seguir leyendo <span class=\"screen-reader-text\">Luz terahercio<\/span> <span class=\"meta-nav\">&rarr;<\/span><\/a><\/p>\n","protected":false},"author":1,"featured_media":0,"comment_status":"closed","ping_status":"open","sticky":false,"template":"","format":"standard","meta":{"footnotes":""},"categories":[2357,2350],"tags":[2362,2359,2360,2361],"class_list":["post-18943","post","type-post","status-publish","format-standard","hentry","category-curiosi","category-curiosidades","tag-detecta-canceres-de-piel","tag-luz-terahercio","tag-radiacion-terahercio","tag-rayos-t"],"_links":{"self":[{"href":"https:\/\/felix.ares.fm\/index.php?rest_route=\/wp\/v2\/posts\/18943","targetHints":{"allow":["GET"]}}],"collection":[{"href":"https:\/\/felix.ares.fm\/index.php?rest_route=\/wp\/v2\/posts"}],"about":[{"href":"https:\/\/felix.ares.fm\/index.php?rest_route=\/wp\/v2\/types\/post"}],"author":[{"embeddable":true,"href":"https:\/\/felix.ares.fm\/index.php?rest_route=\/wp\/v2\/users\/1"}],"replies":[{"embeddable":true,"href":"https:\/\/felix.ares.fm\/index.php?rest_route=%2Fwp%2Fv2%2Fcomments&post=18943"}],"version-history":[{"count":2,"href":"https:\/\/felix.ares.fm\/index.php?rest_route=\/wp\/v2\/posts\/18943\/revisions"}],"predecessor-version":[{"id":18947,"href":"https:\/\/felix.ares.fm\/index.php?rest_route=\/wp\/v2\/posts\/18943\/revisions\/18947"}],"wp:attachment":[{"href":"https:\/\/felix.ares.fm\/index.php?rest_route=%2Fwp%2Fv2%2Fmedia&parent=18943"}],"wp:term":[{"taxonomy":"category","embeddable":true,"href":"https:\/\/felix.ares.fm\/index.php?rest_route=%2Fwp%2Fv2%2Fcategories&post=18943"},{"taxonomy":"post_tag","embeddable":true,"href":"https:\/\/felix.ares.fm\/index.php?rest_route=%2Fwp%2Fv2%2Ftags&post=18943"}],"curies":[{"name":"wp","href":"https:\/\/api.w.org\/{rel}","templated":true}]}}