{"id":18920,"date":"2025-09-28T09:11:05","date_gmt":"2025-09-28T07:11:05","guid":{"rendered":"https:\/\/felix.ares.fm\/?p=18920"},"modified":"2025-09-28T09:11:07","modified_gmt":"2025-09-28T07:11:07","slug":"tapon-abre-facil","status":"publish","type":"post","link":"https:\/\/felix.ares.fm\/?p=18920","title":{"rendered":"Tap\u00f3n abre-f\u00e1cil"},"content":{"rendered":"\n<p><strong>27  de septiembre de 2025<\/strong><\/p>\n\n\n\n<p>Muchas veces compr\u00f3 en el supermercado productos que est\u00e1n envasados en botes de cristal con tapa met\u00e1lica. Normalmente, poder abrirlas no es sencillo. Es toda una odisea.<\/p>\n\n\n\n<p>Veamos algo tan sencillo como el bote de salsa carbonara de El Corte Ingl\u00e9s.<\/p>\n\n\n<div class=\"wp-block-image\">\n<figure class=\"aligncenter size-full\"><img loading=\"lazy\" decoding=\"async\" width=\"352\" height=\"480\" src=\"https:\/\/felix.ares.fm\/wp-content\/uploads\/2025\/09\/0IMG20250928080650_tapa_bote_cristal_2-min.jpg\" alt=\"\" class=\"wp-image-18936\" srcset=\"https:\/\/felix.ares.fm\/wp-content\/uploads\/2025\/09\/0IMG20250928080650_tapa_bote_cristal_2-min.jpg 352w, https:\/\/felix.ares.fm\/wp-content\/uploads\/2025\/09\/0IMG20250928080650_tapa_bote_cristal_2-min-220x300.jpg 220w\" sizes=\"auto, (max-width: 352px) 100vw, 352px\" \/><figcaption class=\"wp-element-caption\">Frasco de cristal con tapa met\u00e1lica.<\/figcaption><\/figure>\n<\/div>\n\n\n<p>Intent\u00e9 abrirla con las manos y no puede hacerlo. La tapa se pegaba tanto al frasco que mis manos no tuvieron fuerza suficiente para hacerlo girar.<\/p>\n\n\n\n<p>A veces recurro a manejar una herramienta espec\u00edfica para ello.<\/p>\n\n\n<div class=\"wp-block-image\">\n<figure class=\"aligncenter size-full\"><img loading=\"lazy\" decoding=\"async\" width=\"296\" height=\"480\" src=\"https:\/\/felix.ares.fm\/wp-content\/uploads\/2025\/09\/0IMG20250927083048_herramienta_recortada-min-1.jpg\" alt=\"\" class=\"wp-image-18928\" srcset=\"https:\/\/felix.ares.fm\/wp-content\/uploads\/2025\/09\/0IMG20250927083048_herramienta_recortada-min-1.jpg 296w, https:\/\/felix.ares.fm\/wp-content\/uploads\/2025\/09\/0IMG20250927083048_herramienta_recortada-min-1-185x300.jpg 185w\" sizes=\"auto, (max-width: 296px) 100vw, 296px\" \/><figcaption class=\"wp-element-caption\">M\u00e1quina para abrir tapas de frascos de cristal.<\/figcaption><\/figure>\n<\/div>\n\n\n<p>La maquinita de arriba se ajusta a la tapa y se puede hacer girar. Como lo hacemos desde cierta distancia al centro la fuerza aumenta, ya saben lo de la palanca de Arqu\u00edmedes <a href=\"#1\" data-type=\"internal\" data-id=\"#1\">[1]<\/a>.<\/p>\n\n\n\n<p><\/p>\n\n\n\n<figure class=\"wp-block-image size-full\"><img loading=\"lazy\" decoding=\"async\" width=\"639\" height=\"480\" src=\"https:\/\/felix.ares.fm\/wp-content\/uploads\/2025\/09\/0IMG20250927090154-min.jpg\" alt=\"\" class=\"wp-image-18931\" srcset=\"https:\/\/felix.ares.fm\/wp-content\/uploads\/2025\/09\/0IMG20250927090154-min.jpg 639w, https:\/\/felix.ares.fm\/wp-content\/uploads\/2025\/09\/0IMG20250927090154-min-300x225.jpg 300w\" sizes=\"auto, (max-width: 639px) 100vw, 639px\" \/><figcaption class=\"wp-element-caption\">M\u00e1quina abre-tapas- Obs\u00e9rvese que la distancia entre la tapa y donde se produce la fuerza es bastante grande. Es decir, funciona como una palanca.<\/figcaption><\/figure>\n\n\n\n<figure class=\"wp-block-image size-full\"><img loading=\"lazy\" decoding=\"async\" width=\"639\" height=\"480\" src=\"https:\/\/felix.ares.fm\/wp-content\/uploads\/2025\/09\/0IMG20250927090158-min.jpg\" alt=\"\" class=\"wp-image-18932\" srcset=\"https:\/\/felix.ares.fm\/wp-content\/uploads\/2025\/09\/0IMG20250927090158-min.jpg 639w, https:\/\/felix.ares.fm\/wp-content\/uploads\/2025\/09\/0IMG20250927090158-min-300x225.jpg 300w\" sizes=\"auto, (max-width: 639px) 100vw, 639px\" \/><figcaption class=\"wp-element-caption\">Detalle de c\u00f3mo se una la m\u00e1quina de abrir tapas a la tapa.<\/figcaption><\/figure>\n\n\n\n<p>A veces esa maquinita resuelve el problema, pero no siempre. Hay muchas ocasiones en las que la m\u00e1quina resbala en la tapa y no logro hacerla funcionar.<\/p>\n\n\n\n<p>Y entonces tengo que recurrir a la ciencia que hay detr\u00e1s de la dificultad de abrir las tapas, para entenderlo.<\/p>\n\n\n\n<p>Empecemos por el principio.<strong> \u00bfPor qu\u00e9 es tan dif\u00edcil abrir la tapa del frasco de cristal?<\/strong><\/p>\n\n\n\n<p>Normalmente, los frascos se cierran en un ambiente con baja presi\u00f3n (a veces lo llaman vac\u00edo), digamos que un vac\u00edo parcial. Eso hace que al ponerlo en el entorno de una atm\u00f3sfera normal, en el interior se manifiesta como una baja presi\u00f3n, que hace que la tapa \u00abse pegue\u00bb al frasco de cristal.<\/p>\n\n\n\n<p>Para poder abrir la tapa, por lo dicho m\u00e1s arriba, puede consistir en algo tan sencillo como permitir que entre aire al interior del frasco y con ello se igualan la baja presi\u00f3n del interior con la alta del exterior. <strong>\u00bfY c\u00f3mo lo hago?<\/strong><\/p>\n\n\n\n<p>Lo primero que se nos ocurre (y a m\u00ed me ocurri\u00f3) fue buscar un agujero entre la tapa y el cristal donde pudiera meter un cuchillo. Al hacer fuerza con el cuchillo, entr\u00f3 en el cristal el aire del exterior. PERO, si la punta del cuchillo es muy d\u00e9bil (como me pas\u00f3 a m\u00ed) dicha punta se rompe, cuchillo a la basura. Tuve que buscar algo que no fuera tan fino y que resistiera el hacer palanca entre cristal y metal. Lo logr\u00e9 muy bien con una cuchara con mango bastante grueso y resistente.<\/p>\n\n\n<div class=\"wp-block-image\">\n<figure class=\"aligncenter size-full\"><img loading=\"lazy\" decoding=\"async\" width=\"640\" height=\"289\" src=\"https:\/\/felix.ares.fm\/wp-content\/uploads\/2025\/09\/0IMG20250928075452-min.jpg\" alt=\"\" class=\"wp-image-18937\" srcset=\"https:\/\/felix.ares.fm\/wp-content\/uploads\/2025\/09\/0IMG20250928075452-min.jpg 640w, https:\/\/felix.ares.fm\/wp-content\/uploads\/2025\/09\/0IMG20250928075452-min-300x135.jpg 300w\" sizes=\"auto, (max-width: 640px) 100vw, 640px\" \/><figcaption class=\"wp-element-caption\">Introdiuciendo mago de cuchara entre cristal y tapa met\u00e1lica.<\/figcaption><\/figure>\n<\/div>\n\n\n<p>Una vez que entra el aire, las dos presiones se igualan y ya se puede abrir sin problema.<\/p>\n\n\n\n<p>Hace poco fui a Mercadona y compr\u00e9 un frasco de cristal con tapa. Nada especial. Creo recordar que eran algunos encurtidos, pero me llamo la atenci\u00f3n el tap\u00f3n, pon\u00eda claramente abre-f\u00e1cil.<\/p>\n\n\n<div class=\"wp-block-image\">\n<figure class=\"aligncenter size-full\"><img loading=\"lazy\" decoding=\"async\" width=\"326\" height=\"480\" src=\"https:\/\/felix.ares.fm\/wp-content\/uploads\/2025\/09\/0IMG20250913191205_tapa_abre-facil_1-min.jpg\" alt=\"\" class=\"wp-image-18938\" srcset=\"https:\/\/felix.ares.fm\/wp-content\/uploads\/2025\/09\/0IMG20250913191205_tapa_abre-facil_1-min.jpg 326w, https:\/\/felix.ares.fm\/wp-content\/uploads\/2025\/09\/0IMG20250913191205_tapa_abre-facil_1-min-204x300.jpg 204w\" sizes=\"auto, (max-width: 326px) 100vw, 326px\" \/><figcaption class=\"wp-element-caption\">Tapa abre-f\u00e1cil.<\/figcaption><\/figure>\n<\/div>\n\n<div class=\"wp-block-image\">\n<figure class=\"aligncenter size-full\"><img loading=\"lazy\" decoding=\"async\" width=\"608\" height=\"480\" src=\"https:\/\/felix.ares.fm\/wp-content\/uploads\/2025\/09\/0IMG20250913191211_tapa_abre-facil-min.jpg\" alt=\"\" class=\"wp-image-18939\" srcset=\"https:\/\/felix.ares.fm\/wp-content\/uploads\/2025\/09\/0IMG20250913191211_tapa_abre-facil-min.jpg 608w, https:\/\/felix.ares.fm\/wp-content\/uploads\/2025\/09\/0IMG20250913191211_tapa_abre-facil-min-300x237.jpg 300w\" sizes=\"auto, (max-width: 608px) 100vw, 608px\" \/><figcaption class=\"wp-element-caption\">Tapa abre-f\u00e1cil<\/figcaption><\/figure>\n<\/div>\n\n\n<p>Teniendo en cuenta las dificultades habituales, me sorprendi\u00f3 lo de abre f\u00e1cil. Lo prob\u00e9. Y, efectivamente, se abri\u00f3 sin ning\u00fan problema.<\/p>\n\n\n\n<p>A continuaci\u00f3n me pregunt\u00e9 c\u00f3mo funcionaba. Y creo que he descubierto el funcionamiento. Pero que quede claro que lo que voy a decir a continuaci\u00f3n es de mi cosecha. No he encontrado en ning\u00fan sitio que lo que digo es lo correcto.<\/p>\n\n\n\n<p>Observ\u00e9 que la tapa tiene dos partes, un anillo exterior, con rosca, con la se aprieta y se cierra. Y en su interior una tapa flotante, que sube y baja. Quiz\u00e1 lo mejor sea verlo en un v\u00eddeo.<\/p>\n\n\n\n<figure class=\"wp-block-embed is-type-video is-provider-youtube wp-block-embed-youtube wp-embed-aspect-9-16 wp-has-aspect-ratio\"><div class=\"wp-block-embed__wrapper\">\n<iframe loading=\"lazy\" title=\"Funcionamiento de la tapa abref\u00e1cil\" width=\"510\" height=\"906\" src=\"https:\/\/www.youtube.com\/embed\/jBq351cUP6w?feature=oembed\" frameborder=\"0\" allow=\"accelerometer; autoplay; clipboard-write; encrypted-media; gyroscope; picture-in-picture; web-share\" referrerpolicy=\"strict-origin-when-cross-origin\" allowfullscreen><\/iframe>\n<\/div><\/figure>\n\n\n\n<p><\/p>\n\n\n\n<p>Probablemente, el funcionamiento es como sigue. El frasco se envasa al vac\u00edo. La tapa interior se pega al frasco de cristal debido a la diferencia de presiones. Cuando yo hago girar el anillo para abrirlo no hay problemas, pues el anillo no est\u00e1 pegado al frasco por la presi\u00f3n atmosf\u00e9rica. <\/p>\n\n\n\n<p>Al levantar, se mueve muy f\u00e1cilmente la tapa interior y al hacerlo entra aire y se igualan las presiones.<\/p>\n\n\n\n<p>Siempre me maravillan las soluciones sencillas. \u00bfSaben lo que pienso de este interesant\u00edsimo invento?<strong> \u00bf\u00bf\u00bf\u00bf\u00bfC\u00f3mo no se me ocurri\u00f3 a m\u00ed????<\/strong><\/p>\n\n\n\n<p><\/p>\n\n\n\n<hr class=\"wp-block-separator has-alpha-channel-opacity\"\/>\n\n\n\n<p><strong>NOTAS<\/strong><\/p>\n\n\n\n<p id=\"1\">[1] Wikipedia. Entrada: <em>Palanca<\/em>. <a href=\"https:\/\/es.wikipedia.org\/wiki\/Palanca#:~:text=Ley%20de%20la%20palanca:%E2%80%8B,potencia%20y%20brazo%20de%20resistencia.\">https:\/\/es.wikipedia.org\/wiki\/Palanca#:~:text=Ley%20de%20la%20palanca:%E2%80%8B,potencia%20y%20brazo%20de%20resistencia.<\/a> [Consultado 27 de septiembre de 2025]<\/p>\n\n\n\n<hr class=\"wp-block-separator has-alpha-channel-opacity\"\/>\n\n\n\n<p><strong>Nota fotos y texto<\/strong>. Salvo las fotos que tienen un agradecimiento espec\u00edfico, como por ejemplo Wikipedia, son nuestras y las licenciamos con<\/p>\n\n\n\n<p class=\"has-text-align-center\"><a href=\"http:\/\/creativecommons.org\/licenses\/by\/3.0\/deed.es_ES\" rel=\"license\"><img decoding=\"async\" src=\"http:\/\/i.creativecommons.org\/l\/by\/3.0\/88x31.png\" alt=\"Licencia de Creative Commons\"\/><\/a><br \/><br \/><a href=\"http:\/\/felix.ares.fm\" data-type=\"link\" data-id=\"felix.ares.fm\">De tapas y otras cosas por Fuengirola<\/a>&nbsp;\u00a9 2024&nbsp;by&nbsp;F\u00e9lix Ares&nbsp;is licensed under&nbsp;CC BY-SA 4.0&nbsp;. Debe indicarse que est\u00e1 creado a partir de una obra de felix.ares.fm<\/p>\n\n\n\n<p class=\"has-text-align-center\">En esta ocasi\u00f3n he contado con la colaboraci\u00f3n de Vero.<\/p>\n\n\n\n<hr class=\"wp-block-separator has-alpha-channel-opacity\"\/>\n\n\n\n<p><strong>Contacto con nosotros<\/strong>; el motivo de que no sea una imagen clara es para evitar que los robots la descubran y nos inunden el buz\u00f3n de basura.<\/p>\n\n\n<div class=\"wp-block-image\">\n<figure class=\"aligncenter is-resized\"><a href=\"http:\/\/felix.ares.fm\/?attachment_id=7476\" rel=\"attachment wp-att-7476\"><img loading=\"lazy\" decoding=\"async\" width=\"703\" height=\"499\" src=\"http:\/\/felix.ares.fm\/wp-content\/uploads\/2016\/02\/tapas.ares_.fm_.2.jpg\" alt=\"tapas.ares.fm.2\" class=\"wp-image-7476\" style=\"width:250px;height:auto\" srcset=\"https:\/\/felix.ares.fm\/wp-content\/uploads\/2016\/02\/tapas.ares_.fm_.2.jpg 703w, https:\/\/felix.ares.fm\/wp-content\/uploads\/2016\/02\/tapas.ares_.fm_.2-300x213.jpg 300w\" sizes=\"auto, (max-width: 703px) 100vw, 703px\" \/><\/a><\/figure>\n<\/div>\n\n\n<p>O bien&nbsp;rellenar el siguiente formulario:<a href=\"https:\/\/www.youtube.com\/embed\/u1T5csbw9Ww?si=OvhAFtZnEd2otLs3\">https:\/\/www.youtube.com\/embed\/u1T5csbw9Ww?si=OvhAFtZnEd2otLs3<\/a><\/p>\n\n\n\n<p><\/p>\n","protected":false},"excerpt":{"rendered":"<p>27 de septiembre de 2025 Muchas veces compr\u00f3 en el supermercado productos que est\u00e1n envasados en botes de cristal con tapa met\u00e1lica. Normalmente, poder abrirlas no es sencillo. Es toda una odisea. Veamos algo tan sencillo como el bote de salsa carbonara de El Corte Ingl\u00e9s. Intent\u00e9 abrirla con las manos y no puede hacerlo. &hellip; <a href=\"https:\/\/felix.ares.fm\/?p=18920\" class=\"more-link\">Seguir leyendo <span class=\"screen-reader-text\">Tap\u00f3n abre-f\u00e1cil<\/span> <span class=\"meta-nav\">&rarr;<\/span><\/a><\/p>\n","protected":false},"author":1,"featured_media":0,"comment_status":"closed","ping_status":"open","sticky":false,"template":"","format":"standard","meta":{"footnotes":""},"categories":[2357,797],"tags":[2358],"class_list":["post-18920","post","type-post","status-publish","format-standard","hentry","category-curiosi","category-fuengirola","tag-tapon-abre-facil"],"_links":{"self":[{"href":"https:\/\/felix.ares.fm\/index.php?rest_route=\/wp\/v2\/posts\/18920","targetHints":{"allow":["GET"]}}],"collection":[{"href":"https:\/\/felix.ares.fm\/index.php?rest_route=\/wp\/v2\/posts"}],"about":[{"href":"https:\/\/felix.ares.fm\/index.php?rest_route=\/wp\/v2\/types\/post"}],"author":[{"embeddable":true,"href":"https:\/\/felix.ares.fm\/index.php?rest_route=\/wp\/v2\/users\/1"}],"replies":[{"embeddable":true,"href":"https:\/\/felix.ares.fm\/index.php?rest_route=%2Fwp%2Fv2%2Fcomments&post=18920"}],"version-history":[{"count":8,"href":"https:\/\/felix.ares.fm\/index.php?rest_route=\/wp\/v2\/posts\/18920\/revisions"}],"predecessor-version":[{"id":18941,"href":"https:\/\/felix.ares.fm\/index.php?rest_route=\/wp\/v2\/posts\/18920\/revisions\/18941"}],"wp:attachment":[{"href":"https:\/\/felix.ares.fm\/index.php?rest_route=%2Fwp%2Fv2%2Fmedia&parent=18920"}],"wp:term":[{"taxonomy":"category","embeddable":true,"href":"https:\/\/felix.ares.fm\/index.php?rest_route=%2Fwp%2Fv2%2Fcategories&post=18920"},{"taxonomy":"post_tag","embeddable":true,"href":"https:\/\/felix.ares.fm\/index.php?rest_route=%2Fwp%2Fv2%2Ftags&post=18920"}],"curies":[{"name":"wp","href":"https:\/\/api.w.org\/{rel}","templated":true}]}}