{"id":18729,"date":"2025-07-10T10:13:51","date_gmt":"2025-07-10T08:13:51","guid":{"rendered":"https:\/\/felix.ares.fm\/?p=18729"},"modified":"2025-07-10T10:13:51","modified_gmt":"2025-07-10T08:13:51","slug":"restaurante-los-pucheros-de-piedrabuena-ciudad-real","status":"publish","type":"post","link":"https:\/\/felix.ares.fm\/?p=18729","title":{"rendered":"Restaurante \u00abLos Pucheros\u00bb de Piedrabuena (Ciudad Real)."},"content":{"rendered":"\n<p><strong>3 de mayo de 2025<\/strong><\/p>\n\n\n\n<p><strong>Los primeros d\u00edas de mayo fuimos en una excursi\u00f3n organizada por Juan Alcaraz. Como siempre muy bien organizada. Nuestro primer destino fue Ciudad Real, donde hicimos noche. Al d\u00eda siguiente fuimos a visitar \u00abPuy du fou\u00bb. Al d\u00eda siguiente nos fuimos a Piedra buena a ver sus famosas \u00abCruces de flores y mayos\u00bb. Y al mediod\u00eda fuimos a comer al restaurante \u00abLos Pucheros\u00bb de Piedrabuena. Y al d\u00eda siguiente&#8230; esa es otra historia.<\/strong><\/p>\n\n\n\n<p>Nuestra visita a Puy du fou est\u00e1 aqu\u00ed: <a href=\"https:\/\/felix.ares.fm\/?p=18676\">Un viaje \u00e9pico por la historia: mi experiencia en Puy du Fou Espa\u00f1a (Toledo). | De tapas y otras cosas por Fuengirola<\/a><\/p>\n\n\n\n<p>En cuanto a las \u00abCruces de Flores y mayos\u00bb ya estuvimos el a\u00f1o pasado y habl\u00e9 de ello en este blog. Este a\u00f1o las cruces han sido distintas. Tengo que decir que se han superado. Pero me ha parecido que volver a hacer una entrada sobre las preciosas Cruces de mayo de Piedrabuena ser\u00eda reiterativo. Simplemente, se\u00f1alo que nuestra visita del a\u00f1o pasado est\u00e1 en esta entrada: <a href=\"https:\/\/felix.ares.fm\/?p=16202\">Viaje a la provincia de Ciudad Real. (14): Las Cruces florales de Piedrabuena (Ciudad Real). | De tapas y otras cosas por Fuengirola<\/a><\/p>\n\n\n\n<p>Una de las novedades de este a\u00f1o ha sido nuestra comida en el restaurante de Piedrabuena llamado: \u00abLos Pucheros\u00bb. Adelanto que fue un sitio excelente. Excelente trato y excelente comida. Muy buena elecci\u00f3n, gracias Alcaraz.<\/p>\n\n\n<div class=\"wp-block-image\">\n<figure class=\"aligncenter size-full\"><img loading=\"lazy\" decoding=\"async\" width=\"217\" height=\"480\" src=\"https:\/\/felix.ares.fm\/wp-content\/uploads\/2025\/07\/IMG20250503132858_anuncio_asador_los_pucheros-min.jpg\" alt=\"\" class=\"wp-image-18732\" srcset=\"https:\/\/felix.ares.fm\/wp-content\/uploads\/2025\/07\/IMG20250503132858_anuncio_asador_los_pucheros-min.jpg 217w, https:\/\/felix.ares.fm\/wp-content\/uploads\/2025\/07\/IMG20250503132858_anuncio_asador_los_pucheros-min-136x300.jpg 136w\" sizes=\"auto, (max-width: 217px) 100vw, 217px\" \/><figcaption class=\"wp-element-caption\">Anuncio de carretera que se\u00f1ala donde est\u00e1 el asador Los Pucheros.<\/figcaption><\/figure>\n<\/div>\n\n\n<figure class=\"wp-block-image size-full\"><img loading=\"lazy\" decoding=\"async\" width=\"640\" height=\"289\" src=\"https:\/\/felix.ares.fm\/wp-content\/uploads\/2025\/07\/IMG20250503132948_entrada_asador_los_pucheros-min.jpg\" alt=\"\" class=\"wp-image-18733\" srcset=\"https:\/\/felix.ares.fm\/wp-content\/uploads\/2025\/07\/IMG20250503132948_entrada_asador_los_pucheros-min.jpg 640w, https:\/\/felix.ares.fm\/wp-content\/uploads\/2025\/07\/IMG20250503132948_entrada_asador_los_pucheros-min-300x135.jpg 300w\" sizes=\"auto, (max-width: 640px) 100vw, 640px\" \/><figcaption class=\"wp-element-caption\">Entrada la asador Los Pucheros.<\/figcaption><\/figure>\n\n\n<div class=\"wp-block-image\">\n<figure class=\"aligncenter size-full\"><img loading=\"lazy\" decoding=\"async\" width=\"217\" height=\"480\" src=\"https:\/\/felix.ares.fm\/wp-content\/uploads\/2025\/07\/IMG20250503133111_mesas_reservadas-min.jpg\" alt=\"\" class=\"wp-image-18734\" srcset=\"https:\/\/felix.ares.fm\/wp-content\/uploads\/2025\/07\/IMG20250503133111_mesas_reservadas-min.jpg 217w, https:\/\/felix.ares.fm\/wp-content\/uploads\/2025\/07\/IMG20250503133111_mesas_reservadas-min-136x300.jpg 136w\" sizes=\"auto, (max-width: 217px) 100vw, 217px\" \/><figcaption class=\"wp-element-caption\">Esta es una de las mesas que teniamos reservada.<\/figcaption><\/figure>\n<\/div>\n\n\n<p>En la mesa ya estaban preparadas botellas de gua y de vino.<\/p>\n\n\n\n<figure class=\"wp-block-gallery has-nested-images columns-default is-cropped wp-block-gallery-1 is-layout-flex wp-block-gallery-is-layout-flex\">\n<figure class=\"wp-block-image size-large\"><img loading=\"lazy\" decoding=\"async\" width=\"217\" height=\"480\" data-id=\"18735\" src=\"https:\/\/felix.ares.fm\/wp-content\/uploads\/2025\/07\/IMG20250503133311_agua_de_mondariz-min.jpg\" alt=\"\" class=\"wp-image-18735\" srcset=\"https:\/\/felix.ares.fm\/wp-content\/uploads\/2025\/07\/IMG20250503133311_agua_de_mondariz-min.jpg 217w, https:\/\/felix.ares.fm\/wp-content\/uploads\/2025\/07\/IMG20250503133311_agua_de_mondariz-min-136x300.jpg 136w\" sizes=\"auto, (max-width: 217px) 100vw, 217px\" \/><figcaption class=\"wp-element-caption\">Agua de Mondariz<\/figcaption><\/figure>\n\n\n\n<figure class=\"wp-block-image size-large\"><img loading=\"lazy\" decoding=\"async\" width=\"217\" height=\"480\" data-id=\"18736\" src=\"https:\/\/felix.ares.fm\/wp-content\/uploads\/2025\/07\/IMG20250503135728_vino_casa_albali-min.jpg\" alt=\"\" class=\"wp-image-18736\" srcset=\"https:\/\/felix.ares.fm\/wp-content\/uploads\/2025\/07\/IMG20250503135728_vino_casa_albali-min.jpg 217w, https:\/\/felix.ares.fm\/wp-content\/uploads\/2025\/07\/IMG20250503135728_vino_casa_albali-min-136x300.jpg 136w\" sizes=\"auto, (max-width: 217px) 100vw, 217px\" \/><figcaption class=\"wp-element-caption\">Vino casa Albal\u00ed, con varietales Airen y Verdejo.<\/figcaption><\/figure>\n<\/figure>\n\n\n\n<p>Ni que decir tiene que el vino era de mesa. No era maravilloso, pero no estaba mal.<\/p>\n\n\n\n<p>En la mesa ten\u00edamos muchas copas y una hoja con el men\u00fa.<\/p>\n\n\n\n<figure class=\"wp-block-gallery has-nested-images columns-default is-cropped wp-block-gallery-2 is-layout-flex wp-block-gallery-is-layout-flex\">\n<figure class=\"wp-block-image size-large\"><img loading=\"lazy\" decoding=\"async\" width=\"217\" height=\"480\" data-id=\"18738\" src=\"https:\/\/felix.ares.fm\/wp-content\/uploads\/2025\/07\/IMG20250503133317_copas_de_cristal-min.jpg\" alt=\"\" class=\"wp-image-18738\" srcset=\"https:\/\/felix.ares.fm\/wp-content\/uploads\/2025\/07\/IMG20250503133317_copas_de_cristal-min.jpg 217w, https:\/\/felix.ares.fm\/wp-content\/uploads\/2025\/07\/IMG20250503133317_copas_de_cristal-min-136x300.jpg 136w\" sizes=\"auto, (max-width: 217px) 100vw, 217px\" \/><figcaption class=\"wp-element-caption\">Las copas en la mesa.<\/figcaption><\/figure>\n\n\n\n<figure class=\"wp-block-image size-large\"><img loading=\"lazy\" decoding=\"async\" width=\"217\" height=\"480\" data-id=\"18737\" src=\"https:\/\/felix.ares.fm\/wp-content\/uploads\/2025\/07\/IMG20250503133423_el_men_que_teniamos-min.jpg\" alt=\"\" class=\"wp-image-18737\" srcset=\"https:\/\/felix.ares.fm\/wp-content\/uploads\/2025\/07\/IMG20250503133423_el_men_que_teniamos-min.jpg 217w, https:\/\/felix.ares.fm\/wp-content\/uploads\/2025\/07\/IMG20250503133423_el_men_que_teniamos-min-136x300.jpg 136w\" sizes=\"auto, (max-width: 217px) 100vw, 217px\" \/><figcaption class=\"wp-element-caption\">El men\u00fa.<\/figcaption><\/figure>\n<\/figure>\n\n\n\n<p>Me gusto mucho la decoraci\u00f3n del local. Tal vez con la excepci\u00f3n del pavo real que daba pena, pero no nos adelantemos.<\/p>\n\n\n\n<p>En los techos hab\u00eda l\u00e1mparas que me gustaron. Si no me confundo (y me confundo muchas veces) se trata de tiestos puestos patas abajo. El resultado me ha parecido sumamente interesante. Y los soportes de madera me gustan.<\/p>\n\n\n\n<figure class=\"wp-block-image size-full\"><img loading=\"lazy\" decoding=\"async\" width=\"640\" height=\"289\" src=\"https:\/\/felix.ares.fm\/wp-content\/uploads\/2025\/07\/IMG20250503133525_decoracion_comedor_lamparas-min.jpg\" alt=\"\" class=\"wp-image-18740\" srcset=\"https:\/\/felix.ares.fm\/wp-content\/uploads\/2025\/07\/IMG20250503133525_decoracion_comedor_lamparas-min.jpg 640w, https:\/\/felix.ares.fm\/wp-content\/uploads\/2025\/07\/IMG20250503133525_decoracion_comedor_lamparas-min-300x135.jpg 300w\" sizes=\"auto, (max-width: 640px) 100vw, 640px\" \/><figcaption class=\"wp-element-caption\">L\u00e1mparas decorativas; viejas macetas de cer\u00e1mica.<\/figcaption><\/figure>\n\n\n\n<p>En las paredes tambi\u00e9n hay cabezas de ciervo disecadas. Son buenos ejemplares.<\/p>\n\n\n\n<figure class=\"wp-block-image size-full\"><img loading=\"lazy\" decoding=\"async\" width=\"640\" height=\"289\" src=\"https:\/\/felix.ares.fm\/wp-content\/uploads\/2025\/07\/IMG20250503133932_cabezas_de_ciervo-min.jpg\" alt=\"\" class=\"wp-image-18741\" srcset=\"https:\/\/felix.ares.fm\/wp-content\/uploads\/2025\/07\/IMG20250503133932_cabezas_de_ciervo-min.jpg 640w, https:\/\/felix.ares.fm\/wp-content\/uploads\/2025\/07\/IMG20250503133932_cabezas_de_ciervo-min-300x135.jpg 300w\" sizes=\"auto, (max-width: 640px) 100vw, 640px\" \/><figcaption class=\"wp-element-caption\">Cabezas dsecadas de ciervos.<\/figcaption><\/figure>\n\n\n\n<p>Es muy probable que si el restaurante se hiciera hoy es posible que eliminaran las cabezas de ciervo. La sensibilidad hacia los animales est\u00e1 cambiando. Pero visto en su momento, me parece buena decoraci\u00f3n.<strong> He dicho, en su momento<\/strong>.<\/p>\n\n\n\n<p>A la izquierda puede verse un pavo real. El tiempo ha sido cruel \u00e9l. La cola, en vez de un espl\u00e9ndido abanico de colores, parece una escoba usada.<\/p>\n\n\n\n<figure class=\"wp-block-image size-full\"><img loading=\"lazy\" decoding=\"async\" width=\"640\" height=\"289\" src=\"https:\/\/felix.ares.fm\/wp-content\/uploads\/2025\/07\/IMG20250503134009_pavo_real-min.jpg\" alt=\"\" class=\"wp-image-18742\" srcset=\"https:\/\/felix.ares.fm\/wp-content\/uploads\/2025\/07\/IMG20250503134009_pavo_real-min.jpg 640w, https:\/\/felix.ares.fm\/wp-content\/uploads\/2025\/07\/IMG20250503134009_pavo_real-min-300x135.jpg 300w\" sizes=\"auto, (max-width: 640px) 100vw, 640px\" \/><figcaption class=\"wp-element-caption\">Ciervos y pavo real.<\/figcaption><\/figure>\n\n\n\n<p>Mi primer plato fue la paella.<\/p>\n\n\n<div class=\"wp-block-image\">\n<figure class=\"aligncenter size-full\"><img loading=\"lazy\" decoding=\"async\" width=\"217\" height=\"480\" src=\"https:\/\/felix.ares.fm\/wp-content\/uploads\/2025\/07\/IMG20250503140020_paella-min.jpg\" alt=\"\" class=\"wp-image-18743\" srcset=\"https:\/\/felix.ares.fm\/wp-content\/uploads\/2025\/07\/IMG20250503140020_paella-min.jpg 217w, https:\/\/felix.ares.fm\/wp-content\/uploads\/2025\/07\/IMG20250503140020_paella-min-136x300.jpg 136w\" sizes=\"auto, (max-width: 217px) 100vw, 217px\" \/><figcaption class=\"wp-element-caption\">Paella.<\/figcaption><\/figure>\n<\/div>\n\n\n<p>Me atrever\u00eda a decir que la paella era excelente seg\u00fan los c\u00e1nones, pero A M\u00cd (gusto personal) casi siempre las paellas \u00abal punto\u00bb me parecen que tienen un arroz poco cocido. Me parece un poco crudo. Pero que conste que es mi percepci\u00f3n. Por lo dem\u00e1s, la paella magn\u00edfica.<\/p>\n\n\n\n<p>Como segundo plato hab\u00eda varias cosas para elegir. Mi esposa eligi\u00f3 merluza en salsa. Yo prefer\u00ed el combinado de chuleta de cerdo y secreto.<\/p>\n\n\n\n<figure class=\"wp-block-image size-full\"><img loading=\"lazy\" decoding=\"async\" width=\"639\" height=\"480\" src=\"https:\/\/felix.ares.fm\/wp-content\/uploads\/2025\/07\/IMG20250503143200_merluza_en_salsa-min.jpg\" alt=\"\" class=\"wp-image-18744\" srcset=\"https:\/\/felix.ares.fm\/wp-content\/uploads\/2025\/07\/IMG20250503143200_merluza_en_salsa-min.jpg 639w, https:\/\/felix.ares.fm\/wp-content\/uploads\/2025\/07\/IMG20250503143200_merluza_en_salsa-min-300x225.jpg 300w\" sizes=\"auto, (max-width: 639px) 100vw, 639px\" \/><figcaption class=\"wp-element-caption\">Merluza en salsa.<\/figcaption><\/figure>\n\n\n<div class=\"wp-block-image\">\n<figure class=\"aligncenter size-full\"><img loading=\"lazy\" decoding=\"async\" width=\"360\" height=\"480\" src=\"https:\/\/felix.ares.fm\/wp-content\/uploads\/2025\/07\/IMG20250503142535_combinado_chuleta_cerdo_y_secreto-min.jpg\" alt=\"\" class=\"wp-image-18745\" srcset=\"https:\/\/felix.ares.fm\/wp-content\/uploads\/2025\/07\/IMG20250503142535_combinado_chuleta_cerdo_y_secreto-min.jpg 360w, https:\/\/felix.ares.fm\/wp-content\/uploads\/2025\/07\/IMG20250503142535_combinado_chuleta_cerdo_y_secreto-min-225x300.jpg 225w\" sizes=\"auto, (max-width: 360px) 100vw, 360px\" \/><figcaption class=\"wp-element-caption\">Combinado de chuleta de cerdo y secreto.<\/figcaption><\/figure>\n<\/div>\n\n\n<p>Llegamos al postre. No recuerdo lo que ped\u00ed, pero s\u00ed s\u00e9 que hab\u00eda helado, y algo que se tomaba con miel (\u00bftal vez cuajada?).<\/p>\n\n\n\n<figure class=\"wp-block-gallery has-nested-images columns-default is-cropped wp-block-gallery-3 is-layout-flex wp-block-gallery-is-layout-flex\">\n<figure class=\"wp-block-image size-large\"><img loading=\"lazy\" decoding=\"async\" width=\"217\" height=\"480\" data-id=\"18746\" src=\"https:\/\/felix.ares.fm\/wp-content\/uploads\/2025\/07\/IMG20250503151557_postre_del_dia_probable_arroz_con_leche-min.jpg\" alt=\"\" class=\"wp-image-18746\" srcset=\"https:\/\/felix.ares.fm\/wp-content\/uploads\/2025\/07\/IMG20250503151557_postre_del_dia_probable_arroz_con_leche-min.jpg 217w, https:\/\/felix.ares.fm\/wp-content\/uploads\/2025\/07\/IMG20250503151557_postre_del_dia_probable_arroz_con_leche-min-136x300.jpg 136w\" sizes=\"auto, (max-width: 217px) 100vw, 217px\" \/><\/figure>\n\n\n\n<figure class=\"wp-block-image size-large\"><img loading=\"lazy\" decoding=\"async\" width=\"217\" height=\"480\" data-id=\"18747\" src=\"https:\/\/felix.ares.fm\/wp-content\/uploads\/2025\/07\/IMG20250503151600_miel_de_flores-min.jpg\" alt=\"\" class=\"wp-image-18747\" srcset=\"https:\/\/felix.ares.fm\/wp-content\/uploads\/2025\/07\/IMG20250503151600_miel_de_flores-min.jpg 217w, https:\/\/felix.ares.fm\/wp-content\/uploads\/2025\/07\/IMG20250503151600_miel_de_flores-min-136x300.jpg 136w\" sizes=\"auto, (max-width: 217px) 100vw, 217px\" \/><\/figure>\n<\/figure>\n\n\n\n<figure class=\"wp-block-image size-full\"><img loading=\"lazy\" decoding=\"async\" width=\"640\" height=\"289\" src=\"https:\/\/felix.ares.fm\/wp-content\/uploads\/2025\/07\/IMG20250503151607_cucurucho_de_helado-min.jpg\" alt=\"\" class=\"wp-image-18748\" srcset=\"https:\/\/felix.ares.fm\/wp-content\/uploads\/2025\/07\/IMG20250503151607_cucurucho_de_helado-min.jpg 640w, https:\/\/felix.ares.fm\/wp-content\/uploads\/2025\/07\/IMG20250503151607_cucurucho_de_helado-min-300x135.jpg 300w\" sizes=\"auto, (max-width: 640px) 100vw, 640px\" \/><figcaption class=\"wp-element-caption\">Cono de helado.<\/figcaption><\/figure>\n\n\n\n<p>Hubo un detalle que me gust\u00f3, los cocineros trabajaban tras una cristalera, pero a la vista. Es un detalle de transparencia. Varios a\u00f1os he recorrido Francia de hotel Campanile en hotel Campanile. Es una cadena que me gusta por varias razones. Una es que siempre tiene excelentes lugares de aparcamiento. Otra que tiene fant\u00e1sticos men\u00fas del d\u00eda con productos regionales y a buen precio. Y otra: que cocinan a la vista. Ninguna trampa. En \u00abLos Pucheros\u00bb tambi\u00e9n cocinan a la vista. Un detalle de transparencia que me gusta.<\/p>\n\n\n\n<figure class=\"wp-block-image size-full\"><img loading=\"lazy\" decoding=\"async\" width=\"640\" height=\"289\" src=\"https:\/\/felix.ares.fm\/wp-content\/uploads\/2025\/07\/IMG20250503153207_cocineros-min.jpg\" alt=\"\" class=\"wp-image-18749\" srcset=\"https:\/\/felix.ares.fm\/wp-content\/uploads\/2025\/07\/IMG20250503153207_cocineros-min.jpg 640w, https:\/\/felix.ares.fm\/wp-content\/uploads\/2025\/07\/IMG20250503153207_cocineros-min-300x135.jpg 300w\" sizes=\"auto, (max-width: 640px) 100vw, 640px\" \/><figcaption class=\"wp-element-caption\">Cocineros en su trabajo.<\/figcaption><\/figure>\n\n\n\n<p>La conclusi\u00f3n final es que es un lugar que me ha gustado. Si alguna vez vuelvo por Piedrabuena. Y espero hacerlo en mayo del a\u00f1o que viene, creo que \u00abLos pucheros\u00bb ser\u00e1 un sitio a tener en cuenta. Lamento no haber probado su buey.<\/p>\n\n\n\n<figure class=\"wp-block-image size-full\"><img loading=\"lazy\" decoding=\"async\" width=\"640\" height=\"289\" src=\"https:\/\/felix.ares.fm\/wp-content\/uploads\/2025\/07\/IMG20250503153628_ganaderia_propia_de_bueyes_restaurante_los_pucheros-min.jpg\" alt=\"\" class=\"wp-image-18750\" srcset=\"https:\/\/felix.ares.fm\/wp-content\/uploads\/2025\/07\/IMG20250503153628_ganaderia_propia_de_bueyes_restaurante_los_pucheros-min.jpg 640w, https:\/\/felix.ares.fm\/wp-content\/uploads\/2025\/07\/IMG20250503153628_ganaderia_propia_de_bueyes_restaurante_los_pucheros-min-300x135.jpg 300w\" sizes=\"auto, (max-width: 640px) 100vw, 640px\" \/><figcaption class=\"wp-element-caption\">Los pucheros tienen ganaderia propia de bueyes.<\/figcaption><\/figure>\n\n\n\n<p><strong>Concluyendo<\/strong><\/p>\n\n\n\n<p>Trato notable. Comida de calidad. Me lo apunto para repetir.<\/p>\n\n\n\n<p><strong>Ubicaci\u00f3n<\/strong><\/p>\n\n\n\n<p>Carretera N-430 KM 276. BAJO, 13100 Piedrabuena Espa\u00f1a<\/p>\n\n\n\n<p>Tel\u00e9fono: 926 69 70 39<\/p>\n\n\n\n<hr class=\"wp-block-separator has-alpha-channel-opacity\"\/>\n\n\n\n<h3 class=\"wp-block-heading\"><strong>Notas<\/strong>.<\/h3>\n\n\n\n<p id=\"1\">[1]<\/p>\n\n\n\n<hr class=\"wp-block-separator has-alpha-channel-opacity\"\/>\n\n\n\n<p><strong>Nota fotos y texto<\/strong>. Salvo las fotos que tienen un agradecimiento espec\u00edfico, como por ejemplo Wikipedia, son nuestras y las licenciamos con<\/p>\n\n\n\n<p class=\"has-text-align-center\"><a href=\"http:\/\/creativecommons.org\/licenses\/by\/3.0\/deed.es_ES\" rel=\"license\"><img decoding=\"async\" src=\"http:\/\/i.creativecommons.org\/l\/by\/3.0\/88x31.png\" alt=\"Licencia de Creative Commons\"\/><\/a><br \/><br \/><a href=\"http:\/\/felix.ares.fm\" data-type=\"link\" data-id=\"felix.ares.fm\">De tapas y otras cosas por Fuengirola<\/a>&nbsp;\u00a9 2024&nbsp;by&nbsp;F\u00e9lix Ares&nbsp;is licensed under&nbsp;CC BY-SA 4.0&nbsp;. Debe indicarse que est\u00e1 creado a partir de una obra de felix.ares.fm<\/p>\n\n\n\n<p class=\"has-text-align-center\">En esta ocasi\u00f3n he contado con la colaboraci\u00f3n de Vero.<\/p>\n\n\n\n<hr class=\"wp-block-separator has-alpha-channel-opacity\"\/>\n\n\n\n<p><strong>Contacto con nosotros<\/strong>; el motivo de que no sea una imagen clara es para evitar que los robots la descubran y nos inunden el buz\u00f3n de basura.<\/p>\n\n\n<div class=\"wp-block-image\">\n<figure class=\"aligncenter is-resized\"><a href=\"http:\/\/felix.ares.fm\/?attachment_id=7476\" rel=\"attachment wp-att-7476\"><img loading=\"lazy\" decoding=\"async\" width=\"703\" height=\"499\" src=\"http:\/\/felix.ares.fm\/wp-content\/uploads\/2016\/02\/tapas.ares_.fm_.2.jpg\" alt=\"tapas.ares.fm.2\" class=\"wp-image-7476\" style=\"width:250px;height:auto\" srcset=\"https:\/\/felix.ares.fm\/wp-content\/uploads\/2016\/02\/tapas.ares_.fm_.2.jpg 703w, https:\/\/felix.ares.fm\/wp-content\/uploads\/2016\/02\/tapas.ares_.fm_.2-300x213.jpg 300w\" sizes=\"auto, (max-width: 703px) 100vw, 703px\" \/><\/a><\/figure>\n<\/div>\n\n\n<p>O bien&nbsp;rellenar el siguiente formulario:<\/p>\n\n\n\n<p><a href=\"https:\/\/felix.ares.fm\/?p=8005\">[contact_bank form_id=1 show_title=true show_desc=true<\/a>]<\/p>\n","protected":false},"excerpt":{"rendered":"<p>3 de mayo de 2025 Los primeros d\u00edas de mayo fuimos en una excursi\u00f3n organizada por Juan Alcaraz. Como siempre muy bien organizada. Nuestro primer destino fue Ciudad Real, donde hicimos noche. Al d\u00eda siguiente fuimos a visitar \u00abPuy du fou\u00bb. Al d\u00eda siguiente nos fuimos a Piedra buena a ver sus famosas \u00abCruces de &hellip; <a href=\"https:\/\/felix.ares.fm\/?p=18729\" class=\"more-link\">Seguir leyendo <span class=\"screen-reader-text\">Restaurante \u00abLos Pucheros\u00bb de Piedrabuena (Ciudad Real).<\/span> <span class=\"meta-nav\">&rarr;<\/span><\/a><\/p>\n","protected":false},"author":1,"featured_media":0,"comment_status":"closed","ping_status":"open","sticky":false,"template":"","format":"standard","meta":{"footnotes":""},"categories":[1005,1781],"tags":[2300],"class_list":["post-18729","post","type-post","status-publish","format-standard","hentry","category-ciudad-real","category-piedrabuena","tag-asador-de-carnes-de-buey"],"_links":{"self":[{"href":"https:\/\/felix.ares.fm\/index.php?rest_route=\/wp\/v2\/posts\/18729","targetHints":{"allow":["GET"]}}],"collection":[{"href":"https:\/\/felix.ares.fm\/index.php?rest_route=\/wp\/v2\/posts"}],"about":[{"href":"https:\/\/felix.ares.fm\/index.php?rest_route=\/wp\/v2\/types\/post"}],"author":[{"embeddable":true,"href":"https:\/\/felix.ares.fm\/index.php?rest_route=\/wp\/v2\/users\/1"}],"replies":[{"embeddable":true,"href":"https:\/\/felix.ares.fm\/index.php?rest_route=%2Fwp%2Fv2%2Fcomments&post=18729"}],"version-history":[{"count":4,"href":"https:\/\/felix.ares.fm\/index.php?rest_route=\/wp\/v2\/posts\/18729\/revisions"}],"predecessor-version":[{"id":18751,"href":"https:\/\/felix.ares.fm\/index.php?rest_route=\/wp\/v2\/posts\/18729\/revisions\/18751"}],"wp:attachment":[{"href":"https:\/\/felix.ares.fm\/index.php?rest_route=%2Fwp%2Fv2%2Fmedia&parent=18729"}],"wp:term":[{"taxonomy":"category","embeddable":true,"href":"https:\/\/felix.ares.fm\/index.php?rest_route=%2Fwp%2Fv2%2Fcategories&post=18729"},{"taxonomy":"post_tag","embeddable":true,"href":"https:\/\/felix.ares.fm\/index.php?rest_route=%2Fwp%2Fv2%2Ftags&post=18729"}],"curies":[{"name":"wp","href":"https:\/\/api.w.org\/{rel}","templated":true}]}}