{"id":18667,"date":"2025-07-06T08:04:25","date_gmt":"2025-07-06T06:04:25","guid":{"rendered":"https:\/\/felix.ares.fm\/?p=18667"},"modified":"2025-07-06T08:04:26","modified_gmt":"2025-07-06T06:04:26","slug":"bar-horoscopo-ciudad-real","status":"publish","type":"post","link":"https:\/\/felix.ares.fm\/?p=18667","title":{"rendered":"Bar Hor\u00f3scopo (Ciudad Real)."},"content":{"rendered":"\n<p><strong>1 de mayo de 2025<\/strong><\/p>\n\n\n\n<p>El 1 de mayo est\u00e1bamos en el hotel Guadiana de Ciudad Real y quisimos ir a tomar un aperitivo en alg\u00fan bar cercano. Paseamos al tunt\u00fan, sin rumbo fijo, y nos encontramos con el bar el Hor\u00f3scopo.<\/p>\n\n\n\n<p>Buscamos en internet alguna referencia y las que encontramos no fueron demasiado halag\u00fce\u00f1as, no obstante entramos. La primera sensaci\u00f3n es que se trata de lugar poco iluminado, lo que puede dar mala sensaci\u00f3n, aunque, por otra parte, tambi\u00e9n podr\u00eda interpretarse como que tiene un sabor cl\u00e1sico, al que, sin duda, contribuye las paredes con ladrillo cara vista y las mesas de un color oscuro.<\/p>\n\n\n\n<figure class=\"wp-block-image size-full\"><img loading=\"lazy\" decoding=\"async\" width=\"640\" height=\"289\" src=\"https:\/\/felix.ares.fm\/wp-content\/uploads\/2025\/06\/IMG20250501203536_bar_horoscopo_ciudad_rea-min.jpg\" alt=\"\" class=\"wp-image-18669\" srcset=\"https:\/\/felix.ares.fm\/wp-content\/uploads\/2025\/06\/IMG20250501203536_bar_horoscopo_ciudad_rea-min.jpg 640w, https:\/\/felix.ares.fm\/wp-content\/uploads\/2025\/06\/IMG20250501203536_bar_horoscopo_ciudad_rea-min-300x135.jpg 300w\" sizes=\"auto, (max-width: 640px) 100vw, 640px\" \/><figcaption class=\"wp-element-caption\">Interior del bar Hor\u00f3scopo (Ciudad Real).<\/figcaption><\/figure>\n\n\n\n<figure class=\"wp-block-image size-full\"><img loading=\"lazy\" decoding=\"async\" width=\"640\" height=\"289\" src=\"https:\/\/felix.ares.fm\/wp-content\/uploads\/2025\/06\/IMG20250502085433-min.jpg\" alt=\"\" class=\"wp-image-18670\" srcset=\"https:\/\/felix.ares.fm\/wp-content\/uploads\/2025\/06\/IMG20250502085433-min.jpg 640w, https:\/\/felix.ares.fm\/wp-content\/uploads\/2025\/06\/IMG20250502085433-min-300x135.jpg 300w\" sizes=\"auto, (max-width: 640px) 100vw, 640px\" \/><figcaption class=\"wp-element-caption\">Otra imagen del interior.<\/figcaption><\/figure>\n\n\n\n<p>A mi esta est\u00e9tica no me desagrada, me recuerdo tiempos ya pasados, pero muy agradables.<\/p>\n\n\n\n<p>Tal vez, esas cajas de cervezas de la izquierda puedan dar una sensaci\u00f3n de desorden. Digo \u00abtal vez\u00bb. Por mi parte, lo que pienso es que en alg\u00fan sitio tienen que ponerlo.<\/p>\n\n\n\n<p>Si se fijan en la columna del centro hay un cartel\u00f3n con tapas. Algunas sumamente interesantes.<\/p>\n\n\n\n<p>Entramos y nos sentamos al lado de un pirograbado en madera donde se dan los datos del bar-cafeter\u00eda-restaurante.<\/p>\n\n\n<div class=\"wp-block-image\">\n<figure class=\"aligncenter size-full\"><img loading=\"lazy\" decoding=\"async\" width=\"216\" height=\"480\" src=\"https:\/\/felix.ares.fm\/wp-content\/uploads\/2025\/06\/IMG20250501203547_bar_horoscopo_ciudad_real_curv.jpg\" alt=\"\" class=\"wp-image-18671\" srcset=\"https:\/\/felix.ares.fm\/wp-content\/uploads\/2025\/06\/IMG20250501203547_bar_horoscopo_ciudad_real_curv.jpg 216w, https:\/\/felix.ares.fm\/wp-content\/uploads\/2025\/06\/IMG20250501203547_bar_horoscopo_ciudad_real_curv-135x300.jpg 135w\" sizes=\"auto, (max-width: 216px) 100vw, 216px\" \/><figcaption class=\"wp-element-caption\">Cartel que anuncia lo que es el bar-cafeteria-restaurante Hor\u00f3scopo.<\/figcaption><\/figure>\n<\/div>\n\n\n<p>Nada m\u00e1s sentarnos nos atendi\u00f3 una camarera. Lo hizo r\u00e1pidamente y con una sonrisa. Pedimos dos vinos blancos y nos dio a elegir qu\u00e9 tapas quer\u00edamos. Pedimos unas patatas a lo pobre, t\u00edpicas de ciudad real, y un huevo escalfado que, en el men\u00fa, ten\u00eda muy buena pinta.<\/p>\n\n\n\n<figure class=\"wp-block-gallery has-nested-images columns-default is-cropped wp-block-gallery-1 is-layout-flex wp-block-gallery-is-layout-flex\">\n<figure class=\"wp-block-image size-large\"><img loading=\"lazy\" decoding=\"async\" width=\"217\" height=\"480\" data-id=\"18673\" src=\"https:\/\/felix.ares.fm\/wp-content\/uploads\/2025\/06\/IMG20250501203939_tapa_con_bebida_bar_horoscopo_ciudad_real_patatas_a_lo_pobre-min.jpg\" alt=\"\" class=\"wp-image-18673\" srcset=\"https:\/\/felix.ares.fm\/wp-content\/uploads\/2025\/06\/IMG20250501203939_tapa_con_bebida_bar_horoscopo_ciudad_real_patatas_a_lo_pobre-min.jpg 217w, https:\/\/felix.ares.fm\/wp-content\/uploads\/2025\/06\/IMG20250501203939_tapa_con_bebida_bar_horoscopo_ciudad_real_patatas_a_lo_pobre-min-136x300.jpg 136w\" sizes=\"auto, (max-width: 217px) 100vw, 217px\" \/><figcaption class=\"wp-element-caption\">Patatas a lo pobre.<\/figcaption><\/figure>\n\n\n\n<figure class=\"wp-block-image size-large\"><img loading=\"lazy\" decoding=\"async\" width=\"217\" height=\"480\" data-id=\"18672\" src=\"https:\/\/felix.ares.fm\/wp-content\/uploads\/2025\/06\/IMG20250501203943_bar_horoscopo_ciudad_real_heuevo_escalfado_con_jamon_iberico-min.jpg\" alt=\"\" class=\"wp-image-18672\" srcset=\"https:\/\/felix.ares.fm\/wp-content\/uploads\/2025\/06\/IMG20250501203943_bar_horoscopo_ciudad_real_heuevo_escalfado_con_jamon_iberico-min.jpg 217w, https:\/\/felix.ares.fm\/wp-content\/uploads\/2025\/06\/IMG20250501203943_bar_horoscopo_ciudad_real_heuevo_escalfado_con_jamon_iberico-min-136x300.jpg 136w\" sizes=\"auto, (max-width: 217px) 100vw, 217px\" \/><figcaption class=\"wp-element-caption\">Huevo escalfado con jam\u00f3n serrano.<\/figcaption><\/figure>\n<\/figure>\n\n\n\n<p>Para mi gusto, la atenci\u00f3n fue muy correcta.<\/p>\n\n\n<div class=\"wp-block-image\">\n<figure class=\"aligncenter size-full\"><img loading=\"lazy\" decoding=\"async\" width=\"422\" height=\"480\" src=\"https:\/\/felix.ares.fm\/wp-content\/uploads\/2025\/06\/0IMG20250501205059_factura_bebida_mas_tapa_RE.jpg\" alt=\"\" class=\"wp-image-18674\" srcset=\"https:\/\/felix.ares.fm\/wp-content\/uploads\/2025\/06\/0IMG20250501205059_factura_bebida_mas_tapa_RE.jpg 422w, https:\/\/felix.ares.fm\/wp-content\/uploads\/2025\/06\/0IMG20250501205059_factura_bebida_mas_tapa_RE-264x300.jpg 264w\" sizes=\"auto, (max-width: 422px) 100vw, 422px\" \/><figcaption class=\"wp-element-caption\">Factura.<\/figcaption><\/figure>\n<\/div>\n\n\n<p>Al d\u00eda siguiente sal\u00edamos de viaje y quer\u00edamos llevar unos bocadillos, por si nos entraba hambre. Se lo explicamos a la camarera y nos dijo que ella estaba desde las 7 de la ma\u00f1ana y que nos preparar\u00eda lo que quisi\u00e9ramos. Como \u00edbamos a comerlo varias horas m\u00e1s tarde, nos aconsejo una tortilla francesa que mantendr\u00eda el bocadillo jugoso y que dentro de la tortilla nos pondr\u00eda lo que m\u00e1s nos gustase. <\/p>\n\n\n\n<p>Efectivamente, a la 7 de la ma\u00f1ana la se\u00f1ora, cuyo nombre lamento no recordar, nos prepar\u00f3 unos bocatas de tortilla francesa rellena de cosas que estaban estupendos.<\/p>\n\n\n\n<p>Nuestra experiencia en este establecimiento fue muy buena. <\/p>\n\n\n\n<p>Para que vean los precios: los dos vinos blanco verdejo y las dos tapas: 6 \u20ac<\/p>\n\n\n\n<p><strong>Ubicaci\u00f3n<\/strong><\/p>\n\n\n\n<p>Calle Morer\u00eda 21.<\/p>\n\n\n\n<p>Tel\u00e9fono: 926210329<\/p>\n\n\n\n<p><\/p>\n\n\n\n<h3 class=\"wp-block-heading\"><strong>Notas<\/strong>.<\/h3>\n\n\n\n<p id=\"1\">[1] <\/p>\n\n\n\n<hr class=\"wp-block-separator has-alpha-channel-opacity\"\/>\n\n\n\n<p><strong>Nota fotos y texto<\/strong>. Salvo las fotos que tienen un agradecimiento espec\u00edfico, como por ejemplo Wikipedia, son nuestras y las licenciamos con<\/p>\n\n\n\n<p class=\"has-text-align-center\"><a href=\"http:\/\/creativecommons.org\/licenses\/by\/3.0\/deed.es_ES\" rel=\"license\"><img decoding=\"async\" src=\"http:\/\/i.creativecommons.org\/l\/by\/3.0\/88x31.png\" alt=\"Licencia de Creative Commons\"\/><\/a><br \/><br \/><a href=\"http:\/\/felix.ares.fm\" data-type=\"link\" data-id=\"felix.ares.fm\">De tapas y otras cosas por Fuengirola<\/a>&nbsp;\u00a9 2024&nbsp;by&nbsp;F\u00e9lix Ares&nbsp;is licensed under&nbsp;CC BY-SA 4.0&nbsp;. Debe indicarse que est\u00e1 creado a partir de una obra de felix.ares.fm<\/p>\n\n\n\n<p class=\"has-text-align-center\">En esta ocasi\u00f3n he contado con la colaboraci\u00f3n de Vero.<\/p>\n\n\n\n<hr class=\"wp-block-separator has-alpha-channel-opacity\"\/>\n\n\n\n<p><strong>Contacto con nosotros<\/strong>; el motivo de que no sea una imagen clara es para evitar que los robots la descubran y nos inunden el buz\u00f3n de basura.<\/p>\n\n\n<div class=\"wp-block-image\">\n<figure class=\"aligncenter is-resized\"><a href=\"http:\/\/felix.ares.fm\/?attachment_id=7476\" rel=\"attachment wp-att-7476\"><img loading=\"lazy\" decoding=\"async\" width=\"703\" height=\"499\" src=\"http:\/\/felix.ares.fm\/wp-content\/uploads\/2016\/02\/tapas.ares_.fm_.2.jpg\" alt=\"tapas.ares.fm.2\" class=\"wp-image-7476\" style=\"width:250px;height:auto\" srcset=\"https:\/\/felix.ares.fm\/wp-content\/uploads\/2016\/02\/tapas.ares_.fm_.2.jpg 703w, https:\/\/felix.ares.fm\/wp-content\/uploads\/2016\/02\/tapas.ares_.fm_.2-300x213.jpg 300w\" sizes=\"auto, (max-width: 703px) 100vw, 703px\" \/><\/a><\/figure>\n<\/div>\n\n\n<p>O bien&nbsp;rellenar el siguiente formulario:<\/p>\n\n\n\n<p><a href=\"https:\/\/felix.ares.fm\/?p=8005\">[contact_bank form_id=1 show_title=true show_desc=true<\/a>]<\/p>\n","protected":false},"excerpt":{"rendered":"<p>1 de mayo de 2025 El 1 de mayo est\u00e1bamos en el hotel Guadiana de Ciudad Real y quisimos ir a tomar un aperitivo en alg\u00fan bar cercano. Paseamos al tunt\u00fan, sin rumbo fijo, y nos encontramos con el bar el Hor\u00f3scopo. Buscamos en internet alguna referencia y las que encontramos no fueron demasiado halag\u00fce\u00f1as, &hellip; <a href=\"https:\/\/felix.ares.fm\/?p=18667\" class=\"more-link\">Seguir leyendo <span class=\"screen-reader-text\">Bar Hor\u00f3scopo (Ciudad Real).<\/span> <span class=\"meta-nav\">&rarr;<\/span><\/a><\/p>\n","protected":false},"author":1,"featured_media":0,"comment_status":"closed","ping_status":"open","sticky":false,"template":"","format":"standard","meta":{"footnotes":""},"categories":[1005],"tags":[],"class_list":["post-18667","post","type-post","status-publish","format-standard","hentry","category-ciudad-real"],"_links":{"self":[{"href":"https:\/\/felix.ares.fm\/index.php?rest_route=\/wp\/v2\/posts\/18667","targetHints":{"allow":["GET"]}}],"collection":[{"href":"https:\/\/felix.ares.fm\/index.php?rest_route=\/wp\/v2\/posts"}],"about":[{"href":"https:\/\/felix.ares.fm\/index.php?rest_route=\/wp\/v2\/types\/post"}],"author":[{"embeddable":true,"href":"https:\/\/felix.ares.fm\/index.php?rest_route=\/wp\/v2\/users\/1"}],"replies":[{"embeddable":true,"href":"https:\/\/felix.ares.fm\/index.php?rest_route=%2Fwp%2Fv2%2Fcomments&post=18667"}],"version-history":[{"count":2,"href":"https:\/\/felix.ares.fm\/index.php?rest_route=\/wp\/v2\/posts\/18667\/revisions"}],"predecessor-version":[{"id":18675,"href":"https:\/\/felix.ares.fm\/index.php?rest_route=\/wp\/v2\/posts\/18667\/revisions\/18675"}],"wp:attachment":[{"href":"https:\/\/felix.ares.fm\/index.php?rest_route=%2Fwp%2Fv2%2Fmedia&parent=18667"}],"wp:term":[{"taxonomy":"category","embeddable":true,"href":"https:\/\/felix.ares.fm\/index.php?rest_route=%2Fwp%2Fv2%2Fcategories&post=18667"},{"taxonomy":"post_tag","embeddable":true,"href":"https:\/\/felix.ares.fm\/index.php?rest_route=%2Fwp%2Fv2%2Ftags&post=18667"}],"curies":[{"name":"wp","href":"https:\/\/api.w.org\/{rel}","templated":true}]}}